{"id":51503,"date":"2023-09-23T17:45:35","date_gmt":"2023-09-23T17:45:35","guid":{"rendered":"https:\/\/www.africa-press.net\/cameroun\/politique\/noso-un-grand-defi-lance-aux-ambaboys"},"modified":"2023-09-23T18:13:30","modified_gmt":"2023-09-23T18:13:30","slug":"noso-un-grand-defi-lance-aux-ambaboys","status":"publish","type":"post","link":"https:\/\/www.africa-press.net\/cameroun\/toutes-les-actualites\/noso-un-grand-defi-lance-aux-ambaboys","title":{"rendered":"NOSO : un grand d\u00e9fi lanc\u00e9 aux Ambaboys"},"content":{"rendered":"<p><span style=\"color: #ff6600\"><strong>Africa-Press &#8211; Cameroun. <\/strong><\/span>Des transporteurs reprennent leurs activite\u0301s malgre\u0301 la menace des se\u0301paratistes<\/p>\n<p>Mardi dernier, la majorite\u0301 des compagnies de transports ope\u0301rant de Bamenda a arre\u0302te\u0301 leurs activite\u0301s.<\/p>\n<p>Sept promoteurs des agences de voyage interurbain de transport de passagers ont signe\u0301 le 19 septembre dernier, une de\u0301claration commune annonc\u0327ant la reprise de leurs activite\u0301s. \u00ab Suite a\u0300 certaines publications sur les me\u0301dias sociaux appelant les agences de transport a\u0300 des dysfonctionnements ces derniers jours, nous, promoteurs des agences de transport interurbain de la re\u0301gion du Nord-Ouest, avons aujourd\u2019hui 19 septembre 2023, convenu a\u0300 l\u2019unanimite\u0301 de poursuivre nos activite\u0301s quotidiennes normales pour assurer la libre circulation de la population de la re\u0301gion et de leurs marchandises vers et depuis Bamenda sans aucune crainte de qui que ce soit \u00bb, peut-on lire dans le document. Mardi 19 septembre, la majorite\u0301 des compagnies de transports ope\u0301rant de Bamenda a arre\u0302te\u0301 leurs activite\u0301s apre\u0300s des informations sur les menaces des combattants se\u0301paratistes.<\/p>\n<p>Des passagers arrive\u0301s ce jour-la\u0300 n\u2019ont pas pu effectuer leur de\u0301placement. \u00ab Nous avertissons fermement les auteurs de ces actes diaboliques de ne pas s\u2019approcher de nos agences, de nos bus, de nos passagers, etc. \u00bb, re\u0301agissent ces promoteurs. En rappel, depuis 2017 et le de\u0301but de la guerre se\u0301paratiste dans les re\u0301gions du Nord-Ouest et du Sud-Ouest du Cameroun, les se\u0301paratistes ont plusieurs fois essaye\u0301 d\u2019isoler lesdites re\u0301gions du reste du pays. Les attaques sur les bus plusieurs fois enregistre\u0301es participent de cette strate\u0301gie. Idem pour l\u2019ope\u0301ration \u00ab Lockdown \u00bb durant lesquelles les se\u0301paratistes menacent tous ceux qui poursuivent leurs activite\u0301s.<\/p>\n<p><strong>Pour plus d&rsquo;informations et d&rsquo;analyses sur la <a href=\"https:\/\/www.africa-press.net\/cameroun\">Cameroun<\/a>, suivez <a href=\"https:\/\/www.africa-press.net\/\">Africa-Press<\/a><\/strong><\/p>\n","protected":false},"excerpt":{"rendered":"<p>Africa-Press &#8211; Cameroun. Des transporteurs reprennent leurs activite\u0301s malgre\u0301 la menace des se\u0301paratistes Mardi dernier, la majorite\u0301 des compagnies de transports ope\u0301rant de Bamenda a arre\u0302te\u0301 leurs activite\u0301s. Sept promoteurs des agences de voyage interurbain de transport de passagers ont signe\u0301 le 19 septembre dernier, une de\u0301claration commune annonc\u0327ant la reprise de leurs activite\u0301s. \u00ab [&hellip;]<\/p>\n","protected":false},"author":82,"featured_media":51501,"comment_status":"open","ping_status":"closed","sticky":false,"template":"","format":"standard","meta":{"footnotes":""},"categories":[21,10],"tags":[36,50,49],"class_list":["post-51503","post","type-post","status-publish","format-standard","has-post-thumbnail","hentry","category-communaute","category-toutes-les-actualites","tag-africa-press","tag-africa-press-cameroun","tag-cameroun"],"yoast_head":"<!-- This site is optimized with the Yoast SEO Premium plugin v26.1 (Yoast SEO v27.0) - https:\/\/yoast.com\/product\/yoast-seo-premium-wordpress\/ -->\n<title>NOSO : un grand d\u00e9fi lanc\u00e9 aux Ambaboys - Cameroun<\/title>\n<meta name=\"description\" content=\"Des transporteurs reprennent leurs activite\u0301s malgre\u0301 la menace des se\u0301paratistes Mardi dernier, la majorite\u0301 des compa ...\" \/>\n<meta name=\"robots\" content=\"index, follow, max-snippet:-1, max-image-preview:large, max-video-preview:-1\" \/>\n<link rel=\"canonical\" href=\"https:\/\/www.africa-press.net\/cameroun\/toutes-les-actualites\/noso-un-grand-defi-lance-aux-ambaboys\" \/>\n<meta property=\"og:locale\" content=\"fr_FR\" \/>\n<meta property=\"og:type\" content=\"article\" \/>\n<meta property=\"og:title\" content=\"NOSO : un grand d\u00e9fi lanc\u00e9 aux Ambaboys\" \/>\n<meta property=\"og:description\" content=\"Des transporteurs reprennent leurs activite\u0301s malgre\u0301 la menace des se\u0301paratistes Mardi dernier, la majorite\u0301 des compa ...\" \/>\n<meta property=\"og:url\" content=\"https:\/\/www.africa-press.net\/cameroun\/toutes-les-actualites\/noso-un-grand-defi-lance-aux-ambaboys\" \/>\n<meta property=\"og:site_name\" content=\"Cameroun\" \/>\n<meta property=\"article:published_time\" content=\"2023-09-23T17:45:35+00:00\" \/>\n<meta property=\"article:modified_time\" content=\"2023-09-23T18:13:30+00:00\" \/>\n<meta property=\"og:image\" content=\"https:\/\/static.africa-press.net\/cameroun\/sites\/57\/2023\/09\/sm_1695479978.257002.jpg\" \/>\n\t<meta property=\"og:image:width\" content=\"720\" \/>\n\t<meta property=\"og:image:height\" content=\"356\" \/>\n\t<meta property=\"og:image:type\" content=\"image\/jpeg\" \/>\n<meta name=\"author\" content=\"cfeditorfr\" \/>\n<meta name=\"twitter:card\" content=\"summary_large_image\" \/>\n<meta name=\"twitter:label1\" content=\"\u00c9crit par\" \/>\n\t<meta name=\"twitter:data1\" content=\"cfeditorfr\" \/>\n\t<meta name=\"twitter:label2\" content=\"Dur\u00e9e de lecture estim\u00e9e\" \/>\n\t<meta name=\"twitter:data2\" content=\"2 minutes\" \/>\n<script type=\"application\/ld+json\" class=\"yoast-schema-graph\">{\"@context\":\"https:\/\/schema.org\",\"@graph\":[{\"@type\":\"Article\",\"@id\":\"https:\/\/www.africa-press.net\/cameroun\/toutes-les-actualites\/noso-un-grand-defi-lance-aux-ambaboys#article\",\"isPartOf\":{\"@id\":\"https:\/\/www.africa-press.net\/cameroun\/toutes-les-actualites\/noso-un-grand-defi-lance-aux-ambaboys\"},\"author\":{\"name\":\"cfeditorfr\",\"@id\":\"https:\/\/www.africa-press.net\/cameroun\/#\/schema\/person\/2b1cf3cd81a31e3cd26889ca66d677f1\"},\"headline\":\"NOSO : un grand d\u00e9fi lanc\u00e9 aux Ambaboys\",\"datePublished\":\"2023-09-23T17:45:35+00:00\",\"dateModified\":\"2023-09-23T18:13:30+00:00\",\"mainEntityOfPage\":{\"@id\":\"https:\/\/www.africa-press.net\/cameroun\/toutes-les-actualites\/noso-un-grand-defi-lance-aux-ambaboys\"},\"wordCount\":305,\"commentCount\":0,\"image\":{\"@id\":\"https:\/\/www.africa-press.net\/cameroun\/toutes-les-actualites\/noso-un-grand-defi-lance-aux-ambaboys#primaryimage\"},\"thumbnailUrl\":\"https:\/\/static.africa-press.net\/cameroun\/sites\/57\/2023\/09\/sm_1695479978.257002.jpg\",\"keywords\":[\"Africa Press\",\"Africa Press-Cameroun\",\"Cameroun\"],\"articleSection\":[\"Communaut\u00e9\",\"Toutes les actualit\u00e9s\"],\"inLanguage\":\"fr-FR\",\"potentialAction\":[{\"@type\":\"CommentAction\",\"name\":\"Comment\",\"target\":[\"https:\/\/www.africa-press.net\/cameroun\/toutes-les-actualites\/noso-un-grand-defi-lance-aux-ambaboys#respond\"]}]},{\"@type\":\"WebPage\",\"@id\":\"https:\/\/www.africa-press.net\/cameroun\/toutes-les-actualites\/noso-un-grand-defi-lance-aux-ambaboys\",\"url\":\"https:\/\/www.africa-press.net\/cameroun\/toutes-les-actualites\/noso-un-grand-defi-lance-aux-ambaboys\",\"name\":\"NOSO : un grand d\u00e9fi lanc\u00e9 aux Ambaboys - Cameroun\",\"isPartOf\":{\"@id\":\"https:\/\/www.africa-press.net\/cameroun\/#website\"},\"primaryImageOfPage\":{\"@id\":\"https:\/\/www.africa-press.net\/cameroun\/toutes-les-actualites\/noso-un-grand-defi-lance-aux-ambaboys#primaryimage\"},\"image\":{\"@id\":\"https:\/\/www.africa-press.net\/cameroun\/toutes-les-actualites\/noso-un-grand-defi-lance-aux-ambaboys#primaryimage\"},\"thumbnailUrl\":\"https:\/\/static.africa-press.net\/cameroun\/sites\/57\/2023\/09\/sm_1695479978.257002.jpg\",\"datePublished\":\"2023-09-23T17:45:35+00:00\",\"dateModified\":\"2023-09-23T18:13:30+00:00\",\"author\":{\"@id\":\"https:\/\/www.africa-press.net\/cameroun\/#\/schema\/person\/2b1cf3cd81a31e3cd26889ca66d677f1\"},\"description\":\"Des transporteurs reprennent leurs activite\u0301s malgre\u0301 la menace des se\u0301paratistes Mardi dernier, la majorite\u0301 des compa ...\",\"breadcrumb\":{\"@id\":\"https:\/\/www.africa-press.net\/cameroun\/toutes-les-actualites\/noso-un-grand-defi-lance-aux-ambaboys#breadcrumb\"},\"inLanguage\":\"fr-FR\",\"potentialAction\":[{\"@type\":\"ReadAction\",\"target\":[\"https:\/\/www.africa-press.net\/cameroun\/toutes-les-actualites\/noso-un-grand-defi-lance-aux-ambaboys\"]}]},{\"@type\":\"ImageObject\",\"inLanguage\":\"fr-FR\",\"@id\":\"https:\/\/www.africa-press.net\/cameroun\/toutes-les-actualites\/noso-un-grand-defi-lance-aux-ambaboys#primaryimage\",\"url\":\"https:\/\/static.africa-press.net\/cameroun\/sites\/57\/2023\/09\/sm_1695479978.257002.jpg\",\"contentUrl\":\"https:\/\/static.africa-press.net\/cameroun\/sites\/57\/2023\/09\/sm_1695479978.257002.jpg\",\"width\":720,\"height\":356,\"caption\":\"NOSO : un grand d\u00e9fi lanc\u00e9 aux Ambaboys\"},{\"@type\":\"BreadcrumbList\",\"@id\":\"https:\/\/www.africa-press.net\/cameroun\/toutes-les-actualites\/noso-un-grand-defi-lance-aux-ambaboys#breadcrumb\",\"itemListElement\":[{\"@type\":\"ListItem\",\"position\":1,\"name\":\"Accueil\",\"item\":\"https:\/\/www.africa-press.net\/cameroun\/\"},{\"@type\":\"ListItem\",\"position\":2,\"name\":\"NOSO : un grand d\u00e9fi lanc\u00e9 aux Ambaboys\"}]},{\"@type\":\"WebSite\",\"@id\":\"https:\/\/www.africa-press.net\/cameroun\/#website\",\"url\":\"https:\/\/www.africa-press.net\/cameroun\/\",\"name\":\"Cameroun\",\"description\":\"Just another Africa News Agency Sites site\",\"potentialAction\":[{\"@type\":\"SearchAction\",\"target\":{\"@type\":\"EntryPoint\",\"urlTemplate\":\"https:\/\/www.africa-press.net\/cameroun\/?s={search_term_string}\"},\"query-input\":{\"@type\":\"PropertyValueSpecification\",\"valueRequired\":true,\"valueName\":\"search_term_string\"}}],\"inLanguage\":\"fr-FR\"},{\"@type\":\"Person\",\"@id\":\"https:\/\/www.africa-press.net\/cameroun\/#\/schema\/person\/2b1cf3cd81a31e3cd26889ca66d677f1\",\"name\":\"cfeditorfr\"}]}<\/script>\n<!-- \/ Yoast SEO Premium plugin. -->","yoast_head_json":{"title":"NOSO : un grand d\u00e9fi lanc\u00e9 aux Ambaboys - Cameroun","description":"Des transporteurs reprennent leurs activite\u0301s malgre\u0301 la menace des se\u0301paratistes Mardi dernier, la majorite\u0301 des compa ...","robots":{"index":"index","follow":"follow","max-snippet":"max-snippet:-1","max-image-preview":"max-image-preview:large","max-video-preview":"max-video-preview:-1"},"canonical":"https:\/\/www.africa-press.net\/cameroun\/toutes-les-actualites\/noso-un-grand-defi-lance-aux-ambaboys","og_locale":"fr_FR","og_type":"article","og_title":"NOSO : un grand d\u00e9fi lanc\u00e9 aux Ambaboys","og_description":"Des transporteurs reprennent leurs activite\u0301s malgre\u0301 la menace des se\u0301paratistes Mardi dernier, la majorite\u0301 des compa ...","og_url":"https:\/\/www.africa-press.net\/cameroun\/toutes-les-actualites\/noso-un-grand-defi-lance-aux-ambaboys","og_site_name":"Cameroun","article_published_time":"2023-09-23T17:45:35+00:00","article_modified_time":"2023-09-23T18:13:30+00:00","og_image":[{"width":720,"height":356,"url":"https:\/\/static.africa-press.net\/cameroun\/sites\/57\/2023\/09\/sm_1695479978.257002.jpg","type":"image\/jpeg"}],"author":"cfeditorfr","twitter_card":"summary_large_image","twitter_misc":{"\u00c9crit par":"cfeditorfr","Dur\u00e9e de lecture estim\u00e9e":"2 minutes"},"schema":{"@context":"https:\/\/schema.org","@graph":[{"@type":"Article","@id":"https:\/\/www.africa-press.net\/cameroun\/toutes-les-actualites\/noso-un-grand-defi-lance-aux-ambaboys#article","isPartOf":{"@id":"https:\/\/www.africa-press.net\/cameroun\/toutes-les-actualites\/noso-un-grand-defi-lance-aux-ambaboys"},"author":{"name":"cfeditorfr","@id":"https:\/\/www.africa-press.net\/cameroun\/#\/schema\/person\/2b1cf3cd81a31e3cd26889ca66d677f1"},"headline":"NOSO : un grand d\u00e9fi lanc\u00e9 aux Ambaboys","datePublished":"2023-09-23T17:45:35+00:00","dateModified":"2023-09-23T18:13:30+00:00","mainEntityOfPage":{"@id":"https:\/\/www.africa-press.net\/cameroun\/toutes-les-actualites\/noso-un-grand-defi-lance-aux-ambaboys"},"wordCount":305,"commentCount":0,"image":{"@id":"https:\/\/www.africa-press.net\/cameroun\/toutes-les-actualites\/noso-un-grand-defi-lance-aux-ambaboys#primaryimage"},"thumbnailUrl":"https:\/\/static.africa-press.net\/cameroun\/sites\/57\/2023\/09\/sm_1695479978.257002.jpg","keywords":["Africa Press","Africa Press-Cameroun","Cameroun"],"articleSection":["Communaut\u00e9","Toutes les actualit\u00e9s"],"inLanguage":"fr-FR","potentialAction":[{"@type":"CommentAction","name":"Comment","target":["https:\/\/www.africa-press.net\/cameroun\/toutes-les-actualites\/noso-un-grand-defi-lance-aux-ambaboys#respond"]}]},{"@type":"WebPage","@id":"https:\/\/www.africa-press.net\/cameroun\/toutes-les-actualites\/noso-un-grand-defi-lance-aux-ambaboys","url":"https:\/\/www.africa-press.net\/cameroun\/toutes-les-actualites\/noso-un-grand-defi-lance-aux-ambaboys","name":"NOSO : un grand d\u00e9fi lanc\u00e9 aux Ambaboys - Cameroun","isPartOf":{"@id":"https:\/\/www.africa-press.net\/cameroun\/#website"},"primaryImageOfPage":{"@id":"https:\/\/www.africa-press.net\/cameroun\/toutes-les-actualites\/noso-un-grand-defi-lance-aux-ambaboys#primaryimage"},"image":{"@id":"https:\/\/www.africa-press.net\/cameroun\/toutes-les-actualites\/noso-un-grand-defi-lance-aux-ambaboys#primaryimage"},"thumbnailUrl":"https:\/\/static.africa-press.net\/cameroun\/sites\/57\/2023\/09\/sm_1695479978.257002.jpg","datePublished":"2023-09-23T17:45:35+00:00","dateModified":"2023-09-23T18:13:30+00:00","author":{"@id":"https:\/\/www.africa-press.net\/cameroun\/#\/schema\/person\/2b1cf3cd81a31e3cd26889ca66d677f1"},"description":"Des transporteurs reprennent leurs activite\u0301s malgre\u0301 la menace des se\u0301paratistes Mardi dernier, la majorite\u0301 des compa ...","breadcrumb":{"@id":"https:\/\/www.africa-press.net\/cameroun\/toutes-les-actualites\/noso-un-grand-defi-lance-aux-ambaboys#breadcrumb"},"inLanguage":"fr-FR","potentialAction":[{"@type":"ReadAction","target":["https:\/\/www.africa-press.net\/cameroun\/toutes-les-actualites\/noso-un-grand-defi-lance-aux-ambaboys"]}]},{"@type":"ImageObject","inLanguage":"fr-FR","@id":"https:\/\/www.africa-press.net\/cameroun\/toutes-les-actualites\/noso-un-grand-defi-lance-aux-ambaboys#primaryimage","url":"https:\/\/static.africa-press.net\/cameroun\/sites\/57\/2023\/09\/sm_1695479978.257002.jpg","contentUrl":"https:\/\/static.africa-press.net\/cameroun\/sites\/57\/2023\/09\/sm_1695479978.257002.jpg","width":720,"height":356,"caption":"NOSO : un grand d\u00e9fi lanc\u00e9 aux Ambaboys"},{"@type":"BreadcrumbList","@id":"https:\/\/www.africa-press.net\/cameroun\/toutes-les-actualites\/noso-un-grand-defi-lance-aux-ambaboys#breadcrumb","itemListElement":[{"@type":"ListItem","position":1,"name":"Accueil","item":"https:\/\/www.africa-press.net\/cameroun\/"},{"@type":"ListItem","position":2,"name":"NOSO : un grand d\u00e9fi lanc\u00e9 aux Ambaboys"}]},{"@type":"WebSite","@id":"https:\/\/www.africa-press.net\/cameroun\/#website","url":"https:\/\/www.africa-press.net\/cameroun\/","name":"Cameroun","description":"Just another Africa News Agency Sites site","potentialAction":[{"@type":"SearchAction","target":{"@type":"EntryPoint","urlTemplate":"https:\/\/www.africa-press.net\/cameroun\/?s={search_term_string}"},"query-input":{"@type":"PropertyValueSpecification","valueRequired":true,"valueName":"search_term_string"}}],"inLanguage":"fr-FR"},{"@type":"Person","@id":"https:\/\/www.africa-press.net\/cameroun\/#\/schema\/person\/2b1cf3cd81a31e3cd26889ca66d677f1","name":"cfeditorfr"}]}},"_links":{"self":[{"href":"https:\/\/www.africa-press.net\/cameroun\/wp-json\/wp\/v2\/posts\/51503","targetHints":{"allow":["GET"]}}],"collection":[{"href":"https:\/\/www.africa-press.net\/cameroun\/wp-json\/wp\/v2\/posts"}],"about":[{"href":"https:\/\/www.africa-press.net\/cameroun\/wp-json\/wp\/v2\/types\/post"}],"author":[{"embeddable":true,"href":"https:\/\/www.africa-press.net\/cameroun\/wp-json\/wp\/v2\/users\/82"}],"replies":[{"embeddable":true,"href":"https:\/\/www.africa-press.net\/cameroun\/wp-json\/wp\/v2\/comments?post=51503"}],"version-history":[{"count":0,"href":"https:\/\/www.africa-press.net\/cameroun\/wp-json\/wp\/v2\/posts\/51503\/revisions"}],"wp:featuredmedia":[{"embeddable":true,"href":"https:\/\/www.africa-press.net\/cameroun\/wp-json\/wp\/v2\/media\/51501"}],"wp:attachment":[{"href":"https:\/\/www.africa-press.net\/cameroun\/wp-json\/wp\/v2\/media?parent=51503"}],"wp:term":[{"taxonomy":"category","embeddable":true,"href":"https:\/\/www.africa-press.net\/cameroun\/wp-json\/wp\/v2\/categories?post=51503"},{"taxonomy":"post_tag","embeddable":true,"href":"https:\/\/www.africa-press.net\/cameroun\/wp-json\/wp\/v2\/tags?post=51503"}],"curies":[{"name":"wp","href":"https:\/\/api.w.org\/{rel}","templated":true}]}}