{"id":51506,"date":"2023-09-23T17:45:41","date_gmt":"2023-09-23T17:45:41","guid":{"rendered":"https:\/\/www.africa-press.net\/cameroun\/politique\/paul-biya-malade-une-nouvelle-preuve-de-lincapacite-du-president-revele-au-grand-jour"},"modified":"2023-09-23T18:14:41","modified_gmt":"2023-09-23T18:14:41","slug":"paul-biya-malade-une-nouvelle-preuve-de-lincapacite-du-president-revele-au-grand-jour","status":"publish","type":"post","link":"https:\/\/www.africa-press.net\/cameroun\/politique\/paul-biya-malade-une-nouvelle-preuve-de-lincapacite-du-president-revele-au-grand-jour","title":{"rendered":"Paul Biya malade : une nouvelle preuve de l\u2019incapacit\u00e9 du pr\u00e9sident r\u00e9v\u00e9l\u00e9 au grand jour"},"content":{"rendered":"<p><span style=\"color: #ff6600\"><strong>Africa-Press &#8211; Cameroun. <\/strong><\/span>Dans le monde des affaires internationales, la pre\u0301sence des chefs d&rsquo;E\u0301tat aux sommets internationaux est souvent conside\u0301re\u0301e comme un signe de leur engagement envers les enjeux mondiaux. Cependant, lorsque l&rsquo;on examine l&rsquo;agenda de Paul Biya, pre\u0301sident du Cameroun, au cours de la dernie\u0300re de\u0301cennie, une tendance surprenante se dessine : une absence fre\u0301quente aux rassemblements internationaux. C\u2019est le sens d\u2019un nouveau dossier bien fouille\u0301 et inte\u0301ressant de Jeune Afrique.<\/p>\n<p>Selon une enque\u0302te mene\u0301e par Jeune Afrique, en analysant les comptes-rendus officiels des visites a\u0300 l&rsquo;e\u0301tranger du pre\u0301sident depuis 2014, il est clair que Paul Biya privile\u0301gie la parcimonie en matie\u0300re de participation a\u0300 ces rassemblements internationaux. En particulier, son absence aux Nations unies est notable. Le pre\u0301sident n&rsquo;a assiste\u0301 qu&rsquo;a\u0300 deux reprises a\u0300 l&rsquo;Assemble\u0301e ge\u0301ne\u0301rale annuelle de l&rsquo;ONU en septembre, en 2016 et 2017. Cela signifie qu&rsquo;il a de\u0301le\u0301gue\u0301 a\u0300 ses ministres des Relations exte\u0301rieures le soin de prendre la parole a\u0300 la tribune de l&rsquo;ONU au nom du Cameroun pendant 80 % de la dernie\u0300re de\u0301cennie.<\/p>\n<p>Me\u0302me lorsque Paul Biya a re\u0301cemment voyage\u0301 outre-Atlantique, c&rsquo;e\u0301tait pour le sommet E\u0301tats-Unis-Afrique de de\u0301cembre 2022, ou\u0300 il a e\u0301te\u0301 rec\u0327u a\u0300 la Maison-Blanche par le pre\u0301sident ame\u0301ricain Joe Biden. Cependant, aucune autre activite\u0301 ame\u0301ricaine ne figure dans son agenda officiel au cours de la dernie\u0300re de\u0301cennie.<\/p>\n<p>Le bilan du pre\u0301sident camerounais en ce qui concerne le sommet de l&rsquo;Union africaine est tout aussi marquant, voire plus. Au cours des dix dernie\u0300res anne\u0301es, il n&rsquo;a jamais assiste\u0301 a\u0300 ce rassemblement annuel a\u0300 Addis-Abeba, en E\u0301thiopie. Sa pre\u0301sence s&rsquo;est limite\u0301e a\u0300 quelques exceptions, notamment sa participation au sommet entre l&rsquo;UA et l&rsquo;Union europe\u0301enne a\u0300 Bruxelles en 2014 et a\u0300 Abidjan en 2017. En 2017, il a e\u0301galement assiste\u0301 a\u0300 deux autres re\u0301unions internationales, axe\u0301es sur la se\u0301curite\u0301 re\u0301gionale au Nigeria et avec la Communaute\u0301 e\u0301conomique et mone\u0301taire d&rsquo;Afrique centrale a\u0300 N&rsquo;Djamena.<\/p>\n<p>En dehors de ces rares apparitions, Paul Biya a largement favorise\u0301 les pays francophones. Il a participe\u0301 au sommet de l&rsquo;Organisation internationale de la Francophonie (OIF) a\u0300 Dakar en 2014. De plus, il s&rsquo;est rendu a\u0300 Paris a\u0300 trois reprises au cours de la dernie\u0300re de\u0301cennie, notamment pour des confe\u0301rences sur le climat en 2015 et 2017, ainsi que sur la finance internationale en 2023.<\/p>\n<p>L&rsquo;absence fre\u0301quente de Paul Biya aux sommets internationaux soule\u0300ve des questions sur son engagement envers les enjeux mondiaux et sur la manie\u0300re dont le Cameroun est repre\u0301sente\u0301 sur la sce\u0300ne internationale. Alors que de nombreux chefs d&rsquo;E\u0301tat conside\u0300rent ces rassemblements comme une opportunite\u0301 de participer aux discussions mondiales et de promouvoir les inte\u0301re\u0302ts de leur pays, Paul Biya semble avoir choisi une approche diffe\u0301rente, laissant ses ministres jouer un ro\u0302le pre\u0301dominant dans la diplomatie internationale.<\/p>\n<p><strong>Pour plus d&rsquo;informations et d&rsquo;analyses sur la <a href=\"https:\/\/www.africa-press.net\/cameroun\">Cameroun<\/a>, suivez <a href=\"https:\/\/www.africa-press.net\/\">Africa-Press<\/a><\/strong><\/p>\n","protected":false},"excerpt":{"rendered":"<p>Africa-Press &#8211; Cameroun. Dans le monde des affaires internationales, la pre\u0301sence des chefs d&rsquo;E\u0301tat aux sommets internationaux est souvent conside\u0301re\u0301e comme un signe de leur engagement envers les enjeux mondiaux. Cependant, lorsque l&rsquo;on examine l&rsquo;agenda de Paul Biya, pre\u0301sident du Cameroun, au cours de la dernie\u0300re de\u0301cennie, une tendance surprenante se dessine : une absence [&hellip;]<\/p>\n","protected":false},"author":82,"featured_media":51504,"comment_status":"open","ping_status":"closed","sticky":false,"template":"","format":"standard","meta":{"footnotes":""},"categories":[2,10],"tags":[36,50,49],"class_list":["post-51506","post","type-post","status-publish","format-standard","has-post-thumbnail","hentry","category-politique","category-toutes-les-actualites","tag-africa-press","tag-africa-press-cameroun","tag-cameroun"],"yoast_head":"<!-- This site is optimized with the Yoast SEO Premium plugin v26.1 (Yoast SEO v27.0) - https:\/\/yoast.com\/product\/yoast-seo-premium-wordpress\/ -->\n<title>Paul Biya malade : une nouvelle preuve de l\u2019incapacit\u00e9 du pr\u00e9sident r\u00e9v\u00e9l\u00e9 au grand jour - Cameroun<\/title>\n<meta name=\"description\" content=\"Dans le monde des affaires internationales, la pre\u0301sence des chefs d&#039;E\u0301tat aux sommets internationaux est souvent consid ...\" \/>\n<meta name=\"robots\" content=\"index, follow, max-snippet:-1, max-image-preview:large, max-video-preview:-1\" \/>\n<link rel=\"canonical\" href=\"https:\/\/www.africa-press.net\/cameroun\/politique\/paul-biya-malade-une-nouvelle-preuve-de-lincapacite-du-president-revele-au-grand-jour\" \/>\n<meta property=\"og:locale\" content=\"fr_FR\" \/>\n<meta property=\"og:type\" content=\"article\" \/>\n<meta property=\"og:title\" content=\"Paul Biya malade : une nouvelle preuve de l\u2019incapacit\u00e9 du pr\u00e9sident r\u00e9v\u00e9l\u00e9 au grand jour\" \/>\n<meta property=\"og:description\" content=\"Dans le monde des affaires internationales, la pre\u0301sence des chefs d&#039;E\u0301tat aux sommets internationaux est souvent consid ...\" \/>\n<meta property=\"og:url\" content=\"https:\/\/www.africa-press.net\/cameroun\/politique\/paul-biya-malade-une-nouvelle-preuve-de-lincapacite-du-president-revele-au-grand-jour\" \/>\n<meta property=\"og:site_name\" content=\"Cameroun\" \/>\n<meta property=\"article:published_time\" content=\"2023-09-23T17:45:41+00:00\" \/>\n<meta property=\"article:modified_time\" content=\"2023-09-23T18:14:41+00:00\" \/>\n<meta property=\"og:image\" content=\"https:\/\/static.africa-press.net\/cameroun\/sites\/57\/2023\/09\/sm_1695480027.971446.jpg\" \/>\n\t<meta property=\"og:image:width\" content=\"720\" \/>\n\t<meta property=\"og:image:height\" content=\"360\" \/>\n\t<meta property=\"og:image:type\" content=\"image\/jpeg\" \/>\n<meta name=\"author\" content=\"cfeditorfr\" \/>\n<meta name=\"twitter:card\" content=\"summary_large_image\" \/>\n<meta name=\"twitter:label1\" content=\"\u00c9crit par\" \/>\n\t<meta name=\"twitter:data1\" content=\"cfeditorfr\" \/>\n\t<meta name=\"twitter:label2\" content=\"Dur\u00e9e de lecture estim\u00e9e\" \/>\n\t<meta name=\"twitter:data2\" content=\"3 minutes\" \/>\n<script type=\"application\/ld+json\" class=\"yoast-schema-graph\">{\"@context\":\"https:\/\/schema.org\",\"@graph\":[{\"@type\":\"Article\",\"@id\":\"https:\/\/www.africa-press.net\/cameroun\/politique\/paul-biya-malade-une-nouvelle-preuve-de-lincapacite-du-president-revele-au-grand-jour#article\",\"isPartOf\":{\"@id\":\"https:\/\/www.africa-press.net\/cameroun\/politique\/paul-biya-malade-une-nouvelle-preuve-de-lincapacite-du-president-revele-au-grand-jour\"},\"author\":{\"name\":\"cfeditorfr\",\"@id\":\"https:\/\/www.africa-press.net\/cameroun\/#\/schema\/person\/2b1cf3cd81a31e3cd26889ca66d677f1\"},\"headline\":\"Paul Biya malade : une nouvelle preuve de l\u2019incapacit\u00e9 du pr\u00e9sident r\u00e9v\u00e9l\u00e9 au grand jour\",\"datePublished\":\"2023-09-23T17:45:41+00:00\",\"dateModified\":\"2023-09-23T18:14:41+00:00\",\"mainEntityOfPage\":{\"@id\":\"https:\/\/www.africa-press.net\/cameroun\/politique\/paul-biya-malade-une-nouvelle-preuve-de-lincapacite-du-president-revele-au-grand-jour\"},\"wordCount\":555,\"commentCount\":0,\"image\":{\"@id\":\"https:\/\/www.africa-press.net\/cameroun\/politique\/paul-biya-malade-une-nouvelle-preuve-de-lincapacite-du-president-revele-au-grand-jour#primaryimage\"},\"thumbnailUrl\":\"https:\/\/static.africa-press.net\/cameroun\/sites\/57\/2023\/09\/sm_1695480027.971446.jpg\",\"keywords\":[\"Africa Press\",\"Africa Press-Cameroun\",\"Cameroun\"],\"articleSection\":[\"Politique\",\"Toutes les actualit\u00e9s\"],\"inLanguage\":\"fr-FR\",\"potentialAction\":[{\"@type\":\"CommentAction\",\"name\":\"Comment\",\"target\":[\"https:\/\/www.africa-press.net\/cameroun\/politique\/paul-biya-malade-une-nouvelle-preuve-de-lincapacite-du-president-revele-au-grand-jour#respond\"]}]},{\"@type\":\"WebPage\",\"@id\":\"https:\/\/www.africa-press.net\/cameroun\/politique\/paul-biya-malade-une-nouvelle-preuve-de-lincapacite-du-president-revele-au-grand-jour\",\"url\":\"https:\/\/www.africa-press.net\/cameroun\/politique\/paul-biya-malade-une-nouvelle-preuve-de-lincapacite-du-president-revele-au-grand-jour\",\"name\":\"Paul Biya malade : une nouvelle preuve de l\u2019incapacit\u00e9 du pr\u00e9sident r\u00e9v\u00e9l\u00e9 au grand jour - Cameroun\",\"isPartOf\":{\"@id\":\"https:\/\/www.africa-press.net\/cameroun\/#website\"},\"primaryImageOfPage\":{\"@id\":\"https:\/\/www.africa-press.net\/cameroun\/politique\/paul-biya-malade-une-nouvelle-preuve-de-lincapacite-du-president-revele-au-grand-jour#primaryimage\"},\"image\":{\"@id\":\"https:\/\/www.africa-press.net\/cameroun\/politique\/paul-biya-malade-une-nouvelle-preuve-de-lincapacite-du-president-revele-au-grand-jour#primaryimage\"},\"thumbnailUrl\":\"https:\/\/static.africa-press.net\/cameroun\/sites\/57\/2023\/09\/sm_1695480027.971446.jpg\",\"datePublished\":\"2023-09-23T17:45:41+00:00\",\"dateModified\":\"2023-09-23T18:14:41+00:00\",\"author\":{\"@id\":\"https:\/\/www.africa-press.net\/cameroun\/#\/schema\/person\/2b1cf3cd81a31e3cd26889ca66d677f1\"},\"description\":\"Dans le monde des affaires internationales, la pre\u0301sence des chefs d'E\u0301tat aux sommets internationaux est souvent consid ...\",\"breadcrumb\":{\"@id\":\"https:\/\/www.africa-press.net\/cameroun\/politique\/paul-biya-malade-une-nouvelle-preuve-de-lincapacite-du-president-revele-au-grand-jour#breadcrumb\"},\"inLanguage\":\"fr-FR\",\"potentialAction\":[{\"@type\":\"ReadAction\",\"target\":[\"https:\/\/www.africa-press.net\/cameroun\/politique\/paul-biya-malade-une-nouvelle-preuve-de-lincapacite-du-president-revele-au-grand-jour\"]}]},{\"@type\":\"ImageObject\",\"inLanguage\":\"fr-FR\",\"@id\":\"https:\/\/www.africa-press.net\/cameroun\/politique\/paul-biya-malade-une-nouvelle-preuve-de-lincapacite-du-president-revele-au-grand-jour#primaryimage\",\"url\":\"https:\/\/static.africa-press.net\/cameroun\/sites\/57\/2023\/09\/sm_1695480027.971446.jpg\",\"contentUrl\":\"https:\/\/static.africa-press.net\/cameroun\/sites\/57\/2023\/09\/sm_1695480027.971446.jpg\",\"width\":720,\"height\":360,\"caption\":\"Paul Biya malade : une nouvelle preuve de l\u2019incapacit\u00e9 du pr\u00e9sident r\u00e9v\u00e9l\u00e9 au grand jour\"},{\"@type\":\"BreadcrumbList\",\"@id\":\"https:\/\/www.africa-press.net\/cameroun\/politique\/paul-biya-malade-une-nouvelle-preuve-de-lincapacite-du-president-revele-au-grand-jour#breadcrumb\",\"itemListElement\":[{\"@type\":\"ListItem\",\"position\":1,\"name\":\"Accueil\",\"item\":\"https:\/\/www.africa-press.net\/cameroun\/\"},{\"@type\":\"ListItem\",\"position\":2,\"name\":\"Paul Biya malade : une nouvelle preuve de l\u2019incapacit\u00e9 du pr\u00e9sident r\u00e9v\u00e9l\u00e9 au grand jour\"}]},{\"@type\":\"WebSite\",\"@id\":\"https:\/\/www.africa-press.net\/cameroun\/#website\",\"url\":\"https:\/\/www.africa-press.net\/cameroun\/\",\"name\":\"Cameroun\",\"description\":\"Just another Africa News Agency Sites site\",\"potentialAction\":[{\"@type\":\"SearchAction\",\"target\":{\"@type\":\"EntryPoint\",\"urlTemplate\":\"https:\/\/www.africa-press.net\/cameroun\/?s={search_term_string}\"},\"query-input\":{\"@type\":\"PropertyValueSpecification\",\"valueRequired\":true,\"valueName\":\"search_term_string\"}}],\"inLanguage\":\"fr-FR\"},{\"@type\":\"Person\",\"@id\":\"https:\/\/www.africa-press.net\/cameroun\/#\/schema\/person\/2b1cf3cd81a31e3cd26889ca66d677f1\",\"name\":\"cfeditorfr\"}]}<\/script>\n<!-- \/ Yoast SEO Premium plugin. -->","yoast_head_json":{"title":"Paul Biya malade : une nouvelle preuve de l\u2019incapacit\u00e9 du pr\u00e9sident r\u00e9v\u00e9l\u00e9 au grand jour - Cameroun","description":"Dans le monde des affaires internationales, la pre\u0301sence des chefs d'E\u0301tat aux sommets internationaux est souvent consid ...","robots":{"index":"index","follow":"follow","max-snippet":"max-snippet:-1","max-image-preview":"max-image-preview:large","max-video-preview":"max-video-preview:-1"},"canonical":"https:\/\/www.africa-press.net\/cameroun\/politique\/paul-biya-malade-une-nouvelle-preuve-de-lincapacite-du-president-revele-au-grand-jour","og_locale":"fr_FR","og_type":"article","og_title":"Paul Biya malade : une nouvelle preuve de l\u2019incapacit\u00e9 du pr\u00e9sident r\u00e9v\u00e9l\u00e9 au grand jour","og_description":"Dans le monde des affaires internationales, la pre\u0301sence des chefs d'E\u0301tat aux sommets internationaux est souvent consid ...","og_url":"https:\/\/www.africa-press.net\/cameroun\/politique\/paul-biya-malade-une-nouvelle-preuve-de-lincapacite-du-president-revele-au-grand-jour","og_site_name":"Cameroun","article_published_time":"2023-09-23T17:45:41+00:00","article_modified_time":"2023-09-23T18:14:41+00:00","og_image":[{"width":720,"height":360,"url":"https:\/\/static.africa-press.net\/cameroun\/sites\/57\/2023\/09\/sm_1695480027.971446.jpg","type":"image\/jpeg"}],"author":"cfeditorfr","twitter_card":"summary_large_image","twitter_misc":{"\u00c9crit par":"cfeditorfr","Dur\u00e9e de lecture estim\u00e9e":"3 minutes"},"schema":{"@context":"https:\/\/schema.org","@graph":[{"@type":"Article","@id":"https:\/\/www.africa-press.net\/cameroun\/politique\/paul-biya-malade-une-nouvelle-preuve-de-lincapacite-du-president-revele-au-grand-jour#article","isPartOf":{"@id":"https:\/\/www.africa-press.net\/cameroun\/politique\/paul-biya-malade-une-nouvelle-preuve-de-lincapacite-du-president-revele-au-grand-jour"},"author":{"name":"cfeditorfr","@id":"https:\/\/www.africa-press.net\/cameroun\/#\/schema\/person\/2b1cf3cd81a31e3cd26889ca66d677f1"},"headline":"Paul Biya malade : une nouvelle preuve de l\u2019incapacit\u00e9 du pr\u00e9sident r\u00e9v\u00e9l\u00e9 au grand jour","datePublished":"2023-09-23T17:45:41+00:00","dateModified":"2023-09-23T18:14:41+00:00","mainEntityOfPage":{"@id":"https:\/\/www.africa-press.net\/cameroun\/politique\/paul-biya-malade-une-nouvelle-preuve-de-lincapacite-du-president-revele-au-grand-jour"},"wordCount":555,"commentCount":0,"image":{"@id":"https:\/\/www.africa-press.net\/cameroun\/politique\/paul-biya-malade-une-nouvelle-preuve-de-lincapacite-du-president-revele-au-grand-jour#primaryimage"},"thumbnailUrl":"https:\/\/static.africa-press.net\/cameroun\/sites\/57\/2023\/09\/sm_1695480027.971446.jpg","keywords":["Africa Press","Africa Press-Cameroun","Cameroun"],"articleSection":["Politique","Toutes les actualit\u00e9s"],"inLanguage":"fr-FR","potentialAction":[{"@type":"CommentAction","name":"Comment","target":["https:\/\/www.africa-press.net\/cameroun\/politique\/paul-biya-malade-une-nouvelle-preuve-de-lincapacite-du-president-revele-au-grand-jour#respond"]}]},{"@type":"WebPage","@id":"https:\/\/www.africa-press.net\/cameroun\/politique\/paul-biya-malade-une-nouvelle-preuve-de-lincapacite-du-president-revele-au-grand-jour","url":"https:\/\/www.africa-press.net\/cameroun\/politique\/paul-biya-malade-une-nouvelle-preuve-de-lincapacite-du-president-revele-au-grand-jour","name":"Paul Biya malade : une nouvelle preuve de l\u2019incapacit\u00e9 du pr\u00e9sident r\u00e9v\u00e9l\u00e9 au grand jour - Cameroun","isPartOf":{"@id":"https:\/\/www.africa-press.net\/cameroun\/#website"},"primaryImageOfPage":{"@id":"https:\/\/www.africa-press.net\/cameroun\/politique\/paul-biya-malade-une-nouvelle-preuve-de-lincapacite-du-president-revele-au-grand-jour#primaryimage"},"image":{"@id":"https:\/\/www.africa-press.net\/cameroun\/politique\/paul-biya-malade-une-nouvelle-preuve-de-lincapacite-du-president-revele-au-grand-jour#primaryimage"},"thumbnailUrl":"https:\/\/static.africa-press.net\/cameroun\/sites\/57\/2023\/09\/sm_1695480027.971446.jpg","datePublished":"2023-09-23T17:45:41+00:00","dateModified":"2023-09-23T18:14:41+00:00","author":{"@id":"https:\/\/www.africa-press.net\/cameroun\/#\/schema\/person\/2b1cf3cd81a31e3cd26889ca66d677f1"},"description":"Dans le monde des affaires internationales, la pre\u0301sence des chefs d'E\u0301tat aux sommets internationaux est souvent consid ...","breadcrumb":{"@id":"https:\/\/www.africa-press.net\/cameroun\/politique\/paul-biya-malade-une-nouvelle-preuve-de-lincapacite-du-president-revele-au-grand-jour#breadcrumb"},"inLanguage":"fr-FR","potentialAction":[{"@type":"ReadAction","target":["https:\/\/www.africa-press.net\/cameroun\/politique\/paul-biya-malade-une-nouvelle-preuve-de-lincapacite-du-president-revele-au-grand-jour"]}]},{"@type":"ImageObject","inLanguage":"fr-FR","@id":"https:\/\/www.africa-press.net\/cameroun\/politique\/paul-biya-malade-une-nouvelle-preuve-de-lincapacite-du-president-revele-au-grand-jour#primaryimage","url":"https:\/\/static.africa-press.net\/cameroun\/sites\/57\/2023\/09\/sm_1695480027.971446.jpg","contentUrl":"https:\/\/static.africa-press.net\/cameroun\/sites\/57\/2023\/09\/sm_1695480027.971446.jpg","width":720,"height":360,"caption":"Paul Biya malade : une nouvelle preuve de l\u2019incapacit\u00e9 du pr\u00e9sident r\u00e9v\u00e9l\u00e9 au grand jour"},{"@type":"BreadcrumbList","@id":"https:\/\/www.africa-press.net\/cameroun\/politique\/paul-biya-malade-une-nouvelle-preuve-de-lincapacite-du-president-revele-au-grand-jour#breadcrumb","itemListElement":[{"@type":"ListItem","position":1,"name":"Accueil","item":"https:\/\/www.africa-press.net\/cameroun\/"},{"@type":"ListItem","position":2,"name":"Paul Biya malade : une nouvelle preuve de l\u2019incapacit\u00e9 du pr\u00e9sident r\u00e9v\u00e9l\u00e9 au grand jour"}]},{"@type":"WebSite","@id":"https:\/\/www.africa-press.net\/cameroun\/#website","url":"https:\/\/www.africa-press.net\/cameroun\/","name":"Cameroun","description":"Just another Africa News Agency Sites site","potentialAction":[{"@type":"SearchAction","target":{"@type":"EntryPoint","urlTemplate":"https:\/\/www.africa-press.net\/cameroun\/?s={search_term_string}"},"query-input":{"@type":"PropertyValueSpecification","valueRequired":true,"valueName":"search_term_string"}}],"inLanguage":"fr-FR"},{"@type":"Person","@id":"https:\/\/www.africa-press.net\/cameroun\/#\/schema\/person\/2b1cf3cd81a31e3cd26889ca66d677f1","name":"cfeditorfr"}]}},"_links":{"self":[{"href":"https:\/\/www.africa-press.net\/cameroun\/wp-json\/wp\/v2\/posts\/51506","targetHints":{"allow":["GET"]}}],"collection":[{"href":"https:\/\/www.africa-press.net\/cameroun\/wp-json\/wp\/v2\/posts"}],"about":[{"href":"https:\/\/www.africa-press.net\/cameroun\/wp-json\/wp\/v2\/types\/post"}],"author":[{"embeddable":true,"href":"https:\/\/www.africa-press.net\/cameroun\/wp-json\/wp\/v2\/users\/82"}],"replies":[{"embeddable":true,"href":"https:\/\/www.africa-press.net\/cameroun\/wp-json\/wp\/v2\/comments?post=51506"}],"version-history":[{"count":0,"href":"https:\/\/www.africa-press.net\/cameroun\/wp-json\/wp\/v2\/posts\/51506\/revisions"}],"wp:featuredmedia":[{"embeddable":true,"href":"https:\/\/www.africa-press.net\/cameroun\/wp-json\/wp\/v2\/media\/51504"}],"wp:attachment":[{"href":"https:\/\/www.africa-press.net\/cameroun\/wp-json\/wp\/v2\/media?parent=51506"}],"wp:term":[{"taxonomy":"category","embeddable":true,"href":"https:\/\/www.africa-press.net\/cameroun\/wp-json\/wp\/v2\/categories?post=51506"},{"taxonomy":"post_tag","embeddable":true,"href":"https:\/\/www.africa-press.net\/cameroun\/wp-json\/wp\/v2\/tags?post=51506"}],"curies":[{"name":"wp","href":"https:\/\/api.w.org\/{rel}","templated":true}]}}