{"id":51508,"date":"2023-09-23T17:45:48","date_gmt":"2023-09-23T17:45:48","guid":{"rendered":"https:\/\/www.africa-press.net\/cameroun\/politique\/cameroun-larmee-abat-le-dangereux-general-rk"},"modified":"2023-09-23T18:15:32","modified_gmt":"2023-09-23T18:15:32","slug":"cameroun-larmee-abat-le-dangereux-general-rk","status":"publish","type":"post","link":"https:\/\/www.africa-press.net\/cameroun\/toutes-les-actualites\/cameroun-larmee-abat-le-dangereux-general-rk","title":{"rendered":"Cameroun : l\u2019arm\u00e9e abat le dangereux \u2018General RK\u2019"},"content":{"rendered":"<p><span style=\"color: #ff6600\"><strong>Africa-Press &#8211; Cameroun. <\/strong><\/span>Les jours passent et l&rsquo;arme\u0301e camerounaise e\u0301limine un a\u0300 un les terroristes autoproclame\u0301s ge\u0301ne\u0301raux dans les re\u0301gions du Nord-Ouest et du Sud-Ouest du Cameroun. Ces bandits arme\u0301s se\u0300ment la terreur dans les re\u0301gions anglophones du Cameroun enlevant et assassinant femmes, enfants et vieillards sans distinction. Des sources proches de l\u2019arme\u0301e camerounaise, un de ces terroristes de\u0301nomme\u0301 General RK ainsi que ses lieutenants ont e\u0301te\u0301 battus ce jour a\u0300 Fundong dans la re\u0301gion du Nord-ouest. CamerounWeb vous propose le profil trouble de l\u2019homme qui se pre\u0301sente comme un leader se\u0301paratiste.<\/p>\n<p>La biographie<\/p>\n<p>Apre\u0300s son master a\u0300 l\u2019Universite\u0301 de Buea, RK s\u2019est engage\u0301 dans l\u2019enseignement en tant que prof des lyce\u0301es.<\/p>\n<p>C\u2019est en 2016 que le prof RK de\u0301pose la craie et prend la kalachnikov pour combattre l\u2019arme\u0301e camerounaise<\/p>\n<p>Il comprend parfaitement le proble\u0300me anglophone depuis sa gene\u0300se ayant e\u0301te\u0301 acteur dans le domaine de l\u2019e\u0301ducation, une des sources du conflit.<\/p>\n<p>Lors d\u2019une de ses vide\u0301os avec ses hommes, il appelle l\u2019ONU a\u0300 intervenir pour contraindre le re\u0301gime de Biya a\u0300 respecter l\u2019article 1608 signe\u0301 en 1961 (de\u0301colonisation comple\u0300te du southern Cameroon).<\/p>\n<p>Il a appele\u0301 toute la population du southern Cameroon \/ Ambazonia a\u0300 garder leurs enfants a\u0300 la maison, en septembre jusqu&rsquo;a\u0300 ce que l&rsquo;environnement soit propice a\u0300 la scolarisation.<\/p>\n<p>Il a e\u0301galement mentionne\u0301 que l&rsquo;e\u0301ducation est un droit fondamental pour tous les enfants, mais que cela ne peut e\u0302tre pratique\u0301 que lorsque la paix et la se\u0301re\u0301nite\u0301 re\u0301gnera et cela est impossible tant que les l\u2019arme\u0301e camerounaise sera sur son territoire<\/p>\n<p>Voici pourquoi plus de 3000 camerounais sont morts depuis 2016.<\/p>\n<p>Les Bulu sont sataniques mais l\u2019histoire retiendra et la vengeance sera implacable.<\/p>\n<p>En attendant \u00ab Prof RK \u00bb et ses hommes continuent la re\u0301sistance arme\u0301e contre la sauvagerie Bulu.<\/p>\n<p><strong>Pour plus d&rsquo;informations et d&rsquo;analyses sur la <a href=\"https:\/\/www.africa-press.net\/cameroun\">Cameroun<\/a>, suivez <a href=\"https:\/\/www.africa-press.net\/\">Africa-Press<\/a><\/strong><\/p>\n","protected":false},"excerpt":{"rendered":"<p>Africa-Press &#8211; Cameroun. Les jours passent et l&rsquo;arme\u0301e camerounaise e\u0301limine un a\u0300 un les terroristes autoproclame\u0301s ge\u0301ne\u0301raux dans les re\u0301gions du Nord-Ouest et du Sud-Ouest du Cameroun. Ces bandits arme\u0301s se\u0300ment la terreur dans les re\u0301gions anglophones du Cameroun enlevant et assassinant femmes, enfants et vieillards sans distinction. Des sources proches de l\u2019arme\u0301e camerounaise, un [&hellip;]<\/p>\n","protected":false},"author":82,"featured_media":51507,"comment_status":"open","ping_status":"closed","sticky":false,"template":"","format":"standard","meta":{"footnotes":""},"categories":[21,10],"tags":[36,50,49],"class_list":["post-51508","post","type-post","status-publish","format-standard","has-post-thumbnail","hentry","category-communaute","category-toutes-les-actualites","tag-africa-press","tag-africa-press-cameroun","tag-cameroun"],"yoast_head":"<!-- This site is optimized with the Yoast SEO Premium plugin v26.1 (Yoast SEO v27.0) - https:\/\/yoast.com\/product\/yoast-seo-premium-wordpress\/ -->\n<title>Cameroun : l\u2019arm\u00e9e abat le dangereux \u2018General RK\u2019 - Cameroun<\/title>\n<meta name=\"description\" content=\"Les jours passent et l&#039;arme\u0301e camerounaise e\u0301limine un a\u0300 un les terroristes autoproclame\u0301s ge\u0301ne\u0301raux dans les re\u0301gions ...\" \/>\n<meta name=\"robots\" content=\"index, follow, max-snippet:-1, max-image-preview:large, max-video-preview:-1\" \/>\n<link rel=\"canonical\" href=\"https:\/\/www.africa-press.net\/cameroun\/toutes-les-actualites\/cameroun-larmee-abat-le-dangereux-general-rk\" \/>\n<meta property=\"og:locale\" content=\"fr_FR\" \/>\n<meta property=\"og:type\" content=\"article\" \/>\n<meta property=\"og:title\" content=\"Cameroun : l\u2019arm\u00e9e abat le dangereux \u2018General RK\u2019\" \/>\n<meta property=\"og:description\" content=\"Les jours passent et l&#039;arme\u0301e camerounaise e\u0301limine un a\u0300 un les terroristes autoproclame\u0301s ge\u0301ne\u0301raux dans les re\u0301gions ...\" \/>\n<meta property=\"og:url\" content=\"https:\/\/www.africa-press.net\/cameroun\/toutes-les-actualites\/cameroun-larmee-abat-le-dangereux-general-rk\" \/>\n<meta property=\"og:site_name\" content=\"Cameroun\" \/>\n<meta property=\"article:published_time\" content=\"2023-09-23T17:45:48+00:00\" \/>\n<meta property=\"article:modified_time\" content=\"2023-09-23T18:15:32+00:00\" \/>\n<meta property=\"og:image\" content=\"https:\/\/static.africa-press.net\/cameroun\/sites\/57\/2023\/09\/sm_1695480073.150011.jpg\" \/>\n\t<meta property=\"og:image:width\" content=\"720\" \/>\n\t<meta property=\"og:image:height\" content=\"399\" \/>\n\t<meta property=\"og:image:type\" content=\"image\/jpeg\" \/>\n<meta name=\"author\" content=\"cfeditorfr\" \/>\n<meta name=\"twitter:card\" content=\"summary_large_image\" \/>\n<meta name=\"twitter:label1\" content=\"\u00c9crit par\" \/>\n\t<meta name=\"twitter:data1\" content=\"cfeditorfr\" \/>\n\t<meta name=\"twitter:label2\" content=\"Dur\u00e9e de lecture estim\u00e9e\" \/>\n\t<meta name=\"twitter:data2\" content=\"2 minutes\" \/>\n<script type=\"application\/ld+json\" class=\"yoast-schema-graph\">{\"@context\":\"https:\/\/schema.org\",\"@graph\":[{\"@type\":\"Article\",\"@id\":\"https:\/\/www.africa-press.net\/cameroun\/toutes-les-actualites\/cameroun-larmee-abat-le-dangereux-general-rk#article\",\"isPartOf\":{\"@id\":\"https:\/\/www.africa-press.net\/cameroun\/toutes-les-actualites\/cameroun-larmee-abat-le-dangereux-general-rk\"},\"author\":{\"name\":\"cfeditorfr\",\"@id\":\"https:\/\/www.africa-press.net\/cameroun\/#\/schema\/person\/2b1cf3cd81a31e3cd26889ca66d677f1\"},\"headline\":\"Cameroun : l\u2019arm\u00e9e abat le dangereux \u2018General RK\u2019\",\"datePublished\":\"2023-09-23T17:45:48+00:00\",\"dateModified\":\"2023-09-23T18:15:32+00:00\",\"mainEntityOfPage\":{\"@id\":\"https:\/\/www.africa-press.net\/cameroun\/toutes-les-actualites\/cameroun-larmee-abat-le-dangereux-general-rk\"},\"wordCount\":359,\"commentCount\":0,\"image\":{\"@id\":\"https:\/\/www.africa-press.net\/cameroun\/toutes-les-actualites\/cameroun-larmee-abat-le-dangereux-general-rk#primaryimage\"},\"thumbnailUrl\":\"https:\/\/static.africa-press.net\/cameroun\/sites\/57\/2023\/09\/sm_1695480073.150011.jpg\",\"keywords\":[\"Africa Press\",\"Africa Press-Cameroun\",\"Cameroun\"],\"articleSection\":[\"Communaut\u00e9\",\"Toutes les actualit\u00e9s\"],\"inLanguage\":\"fr-FR\",\"potentialAction\":[{\"@type\":\"CommentAction\",\"name\":\"Comment\",\"target\":[\"https:\/\/www.africa-press.net\/cameroun\/toutes-les-actualites\/cameroun-larmee-abat-le-dangereux-general-rk#respond\"]}]},{\"@type\":\"WebPage\",\"@id\":\"https:\/\/www.africa-press.net\/cameroun\/toutes-les-actualites\/cameroun-larmee-abat-le-dangereux-general-rk\",\"url\":\"https:\/\/www.africa-press.net\/cameroun\/toutes-les-actualites\/cameroun-larmee-abat-le-dangereux-general-rk\",\"name\":\"Cameroun : l\u2019arm\u00e9e abat le dangereux \u2018General RK\u2019 - Cameroun\",\"isPartOf\":{\"@id\":\"https:\/\/www.africa-press.net\/cameroun\/#website\"},\"primaryImageOfPage\":{\"@id\":\"https:\/\/www.africa-press.net\/cameroun\/toutes-les-actualites\/cameroun-larmee-abat-le-dangereux-general-rk#primaryimage\"},\"image\":{\"@id\":\"https:\/\/www.africa-press.net\/cameroun\/toutes-les-actualites\/cameroun-larmee-abat-le-dangereux-general-rk#primaryimage\"},\"thumbnailUrl\":\"https:\/\/static.africa-press.net\/cameroun\/sites\/57\/2023\/09\/sm_1695480073.150011.jpg\",\"datePublished\":\"2023-09-23T17:45:48+00:00\",\"dateModified\":\"2023-09-23T18:15:32+00:00\",\"author\":{\"@id\":\"https:\/\/www.africa-press.net\/cameroun\/#\/schema\/person\/2b1cf3cd81a31e3cd26889ca66d677f1\"},\"description\":\"Les jours passent et l'arme\u0301e camerounaise e\u0301limine un a\u0300 un les terroristes autoproclame\u0301s ge\u0301ne\u0301raux dans les re\u0301gions ...\",\"breadcrumb\":{\"@id\":\"https:\/\/www.africa-press.net\/cameroun\/toutes-les-actualites\/cameroun-larmee-abat-le-dangereux-general-rk#breadcrumb\"},\"inLanguage\":\"fr-FR\",\"potentialAction\":[{\"@type\":\"ReadAction\",\"target\":[\"https:\/\/www.africa-press.net\/cameroun\/toutes-les-actualites\/cameroun-larmee-abat-le-dangereux-general-rk\"]}]},{\"@type\":\"ImageObject\",\"inLanguage\":\"fr-FR\",\"@id\":\"https:\/\/www.africa-press.net\/cameroun\/toutes-les-actualites\/cameroun-larmee-abat-le-dangereux-general-rk#primaryimage\",\"url\":\"https:\/\/static.africa-press.net\/cameroun\/sites\/57\/2023\/09\/sm_1695480073.150011.jpg\",\"contentUrl\":\"https:\/\/static.africa-press.net\/cameroun\/sites\/57\/2023\/09\/sm_1695480073.150011.jpg\",\"width\":720,\"height\":399,\"caption\":\"Cameroun : l\u2019arm\u00e9e abat le dangereux \u2018General RK\u2019\"},{\"@type\":\"BreadcrumbList\",\"@id\":\"https:\/\/www.africa-press.net\/cameroun\/toutes-les-actualites\/cameroun-larmee-abat-le-dangereux-general-rk#breadcrumb\",\"itemListElement\":[{\"@type\":\"ListItem\",\"position\":1,\"name\":\"Accueil\",\"item\":\"https:\/\/www.africa-press.net\/cameroun\/\"},{\"@type\":\"ListItem\",\"position\":2,\"name\":\"Cameroun : l\u2019arm\u00e9e abat le dangereux \u2018General RK\u2019\"}]},{\"@type\":\"WebSite\",\"@id\":\"https:\/\/www.africa-press.net\/cameroun\/#website\",\"url\":\"https:\/\/www.africa-press.net\/cameroun\/\",\"name\":\"Cameroun\",\"description\":\"Just another Africa News Agency Sites site\",\"potentialAction\":[{\"@type\":\"SearchAction\",\"target\":{\"@type\":\"EntryPoint\",\"urlTemplate\":\"https:\/\/www.africa-press.net\/cameroun\/?s={search_term_string}\"},\"query-input\":{\"@type\":\"PropertyValueSpecification\",\"valueRequired\":true,\"valueName\":\"search_term_string\"}}],\"inLanguage\":\"fr-FR\"},{\"@type\":\"Person\",\"@id\":\"https:\/\/www.africa-press.net\/cameroun\/#\/schema\/person\/2b1cf3cd81a31e3cd26889ca66d677f1\",\"name\":\"cfeditorfr\"}]}<\/script>\n<!-- \/ Yoast SEO Premium plugin. -->","yoast_head_json":{"title":"Cameroun : l\u2019arm\u00e9e abat le dangereux \u2018General RK\u2019 - Cameroun","description":"Les jours passent et l'arme\u0301e camerounaise e\u0301limine un a\u0300 un les terroristes autoproclame\u0301s ge\u0301ne\u0301raux dans les re\u0301gions ...","robots":{"index":"index","follow":"follow","max-snippet":"max-snippet:-1","max-image-preview":"max-image-preview:large","max-video-preview":"max-video-preview:-1"},"canonical":"https:\/\/www.africa-press.net\/cameroun\/toutes-les-actualites\/cameroun-larmee-abat-le-dangereux-general-rk","og_locale":"fr_FR","og_type":"article","og_title":"Cameroun : l\u2019arm\u00e9e abat le dangereux \u2018General RK\u2019","og_description":"Les jours passent et l'arme\u0301e camerounaise e\u0301limine un a\u0300 un les terroristes autoproclame\u0301s ge\u0301ne\u0301raux dans les re\u0301gions ...","og_url":"https:\/\/www.africa-press.net\/cameroun\/toutes-les-actualites\/cameroun-larmee-abat-le-dangereux-general-rk","og_site_name":"Cameroun","article_published_time":"2023-09-23T17:45:48+00:00","article_modified_time":"2023-09-23T18:15:32+00:00","og_image":[{"width":720,"height":399,"url":"https:\/\/static.africa-press.net\/cameroun\/sites\/57\/2023\/09\/sm_1695480073.150011.jpg","type":"image\/jpeg"}],"author":"cfeditorfr","twitter_card":"summary_large_image","twitter_misc":{"\u00c9crit par":"cfeditorfr","Dur\u00e9e de lecture estim\u00e9e":"2 minutes"},"schema":{"@context":"https:\/\/schema.org","@graph":[{"@type":"Article","@id":"https:\/\/www.africa-press.net\/cameroun\/toutes-les-actualites\/cameroun-larmee-abat-le-dangereux-general-rk#article","isPartOf":{"@id":"https:\/\/www.africa-press.net\/cameroun\/toutes-les-actualites\/cameroun-larmee-abat-le-dangereux-general-rk"},"author":{"name":"cfeditorfr","@id":"https:\/\/www.africa-press.net\/cameroun\/#\/schema\/person\/2b1cf3cd81a31e3cd26889ca66d677f1"},"headline":"Cameroun : l\u2019arm\u00e9e abat le dangereux \u2018General RK\u2019","datePublished":"2023-09-23T17:45:48+00:00","dateModified":"2023-09-23T18:15:32+00:00","mainEntityOfPage":{"@id":"https:\/\/www.africa-press.net\/cameroun\/toutes-les-actualites\/cameroun-larmee-abat-le-dangereux-general-rk"},"wordCount":359,"commentCount":0,"image":{"@id":"https:\/\/www.africa-press.net\/cameroun\/toutes-les-actualites\/cameroun-larmee-abat-le-dangereux-general-rk#primaryimage"},"thumbnailUrl":"https:\/\/static.africa-press.net\/cameroun\/sites\/57\/2023\/09\/sm_1695480073.150011.jpg","keywords":["Africa Press","Africa Press-Cameroun","Cameroun"],"articleSection":["Communaut\u00e9","Toutes les actualit\u00e9s"],"inLanguage":"fr-FR","potentialAction":[{"@type":"CommentAction","name":"Comment","target":["https:\/\/www.africa-press.net\/cameroun\/toutes-les-actualites\/cameroun-larmee-abat-le-dangereux-general-rk#respond"]}]},{"@type":"WebPage","@id":"https:\/\/www.africa-press.net\/cameroun\/toutes-les-actualites\/cameroun-larmee-abat-le-dangereux-general-rk","url":"https:\/\/www.africa-press.net\/cameroun\/toutes-les-actualites\/cameroun-larmee-abat-le-dangereux-general-rk","name":"Cameroun : l\u2019arm\u00e9e abat le dangereux \u2018General RK\u2019 - Cameroun","isPartOf":{"@id":"https:\/\/www.africa-press.net\/cameroun\/#website"},"primaryImageOfPage":{"@id":"https:\/\/www.africa-press.net\/cameroun\/toutes-les-actualites\/cameroun-larmee-abat-le-dangereux-general-rk#primaryimage"},"image":{"@id":"https:\/\/www.africa-press.net\/cameroun\/toutes-les-actualites\/cameroun-larmee-abat-le-dangereux-general-rk#primaryimage"},"thumbnailUrl":"https:\/\/static.africa-press.net\/cameroun\/sites\/57\/2023\/09\/sm_1695480073.150011.jpg","datePublished":"2023-09-23T17:45:48+00:00","dateModified":"2023-09-23T18:15:32+00:00","author":{"@id":"https:\/\/www.africa-press.net\/cameroun\/#\/schema\/person\/2b1cf3cd81a31e3cd26889ca66d677f1"},"description":"Les jours passent et l'arme\u0301e camerounaise e\u0301limine un a\u0300 un les terroristes autoproclame\u0301s ge\u0301ne\u0301raux dans les re\u0301gions ...","breadcrumb":{"@id":"https:\/\/www.africa-press.net\/cameroun\/toutes-les-actualites\/cameroun-larmee-abat-le-dangereux-general-rk#breadcrumb"},"inLanguage":"fr-FR","potentialAction":[{"@type":"ReadAction","target":["https:\/\/www.africa-press.net\/cameroun\/toutes-les-actualites\/cameroun-larmee-abat-le-dangereux-general-rk"]}]},{"@type":"ImageObject","inLanguage":"fr-FR","@id":"https:\/\/www.africa-press.net\/cameroun\/toutes-les-actualites\/cameroun-larmee-abat-le-dangereux-general-rk#primaryimage","url":"https:\/\/static.africa-press.net\/cameroun\/sites\/57\/2023\/09\/sm_1695480073.150011.jpg","contentUrl":"https:\/\/static.africa-press.net\/cameroun\/sites\/57\/2023\/09\/sm_1695480073.150011.jpg","width":720,"height":399,"caption":"Cameroun : l\u2019arm\u00e9e abat le dangereux \u2018General RK\u2019"},{"@type":"BreadcrumbList","@id":"https:\/\/www.africa-press.net\/cameroun\/toutes-les-actualites\/cameroun-larmee-abat-le-dangereux-general-rk#breadcrumb","itemListElement":[{"@type":"ListItem","position":1,"name":"Accueil","item":"https:\/\/www.africa-press.net\/cameroun\/"},{"@type":"ListItem","position":2,"name":"Cameroun : l\u2019arm\u00e9e abat le dangereux \u2018General RK\u2019"}]},{"@type":"WebSite","@id":"https:\/\/www.africa-press.net\/cameroun\/#website","url":"https:\/\/www.africa-press.net\/cameroun\/","name":"Cameroun","description":"Just another Africa News Agency Sites site","potentialAction":[{"@type":"SearchAction","target":{"@type":"EntryPoint","urlTemplate":"https:\/\/www.africa-press.net\/cameroun\/?s={search_term_string}"},"query-input":{"@type":"PropertyValueSpecification","valueRequired":true,"valueName":"search_term_string"}}],"inLanguage":"fr-FR"},{"@type":"Person","@id":"https:\/\/www.africa-press.net\/cameroun\/#\/schema\/person\/2b1cf3cd81a31e3cd26889ca66d677f1","name":"cfeditorfr"}]}},"_links":{"self":[{"href":"https:\/\/www.africa-press.net\/cameroun\/wp-json\/wp\/v2\/posts\/51508","targetHints":{"allow":["GET"]}}],"collection":[{"href":"https:\/\/www.africa-press.net\/cameroun\/wp-json\/wp\/v2\/posts"}],"about":[{"href":"https:\/\/www.africa-press.net\/cameroun\/wp-json\/wp\/v2\/types\/post"}],"author":[{"embeddable":true,"href":"https:\/\/www.africa-press.net\/cameroun\/wp-json\/wp\/v2\/users\/82"}],"replies":[{"embeddable":true,"href":"https:\/\/www.africa-press.net\/cameroun\/wp-json\/wp\/v2\/comments?post=51508"}],"version-history":[{"count":0,"href":"https:\/\/www.africa-press.net\/cameroun\/wp-json\/wp\/v2\/posts\/51508\/revisions"}],"wp:featuredmedia":[{"embeddable":true,"href":"https:\/\/www.africa-press.net\/cameroun\/wp-json\/wp\/v2\/media\/51507"}],"wp:attachment":[{"href":"https:\/\/www.africa-press.net\/cameroun\/wp-json\/wp\/v2\/media?parent=51508"}],"wp:term":[{"taxonomy":"category","embeddable":true,"href":"https:\/\/www.africa-press.net\/cameroun\/wp-json\/wp\/v2\/categories?post=51508"},{"taxonomy":"post_tag","embeddable":true,"href":"https:\/\/www.africa-press.net\/cameroun\/wp-json\/wp\/v2\/tags?post=51508"}],"curies":[{"name":"wp","href":"https:\/\/api.w.org\/{rel}","templated":true}]}}