{"id":51511,"date":"2023-09-23T17:45:57","date_gmt":"2023-09-23T17:45:57","guid":{"rendered":"https:\/\/www.africa-press.net\/cameroun\/politique\/cameroun-un-ancien-cadre-du-mrc-regle-ses-comptes-avec-maurice-kamto"},"modified":"2023-09-23T18:16:34","modified_gmt":"2023-09-23T18:16:34","slug":"cameroun-un-ancien-cadre-du-mrc-regle-ses-comptes-avec-maurice-kamto","status":"publish","type":"post","link":"https:\/\/www.africa-press.net\/cameroun\/politique\/cameroun-un-ancien-cadre-du-mrc-regle-ses-comptes-avec-maurice-kamto","title":{"rendered":"Cameroun : un ancien cadre du MRC r\u00e8gle ses comptes avec Maurice Kamto"},"content":{"rendered":"<p><span style=\"color: #ff6600\"><strong>Africa-Press &#8211; Cameroun. <\/strong><\/span>L&rsquo;ancien membre du Mouvement pour la Renaissance du Cameroun (MRC), Armand Noutack II, ne ma\u0302che pas ses mots dans sa re\u0301cente tribune ou\u0300 il fustige ouvertement la de\u0301cision de boycott des e\u0301lections le\u0301gislatives et municipales de fe\u0301vrier 2020 prise par le leader du MRC, Maurice Kamto. Dans cette tribune percutante, Noutack II soule\u0300ve des questions cruciales et exprime son de\u0301saccord avec la strate\u0301gie adopte\u0301e par le MRC lors de ces e\u0301lections.<\/p>\n<p>Le de\u0301but de la tribune d&rsquo;Armand Noutack II est marque\u0301 par une re\u0301flexion sur les conse\u0301quences du boycott e\u0301lectoral. Il e\u0301voque ceux qui ont e\u0301te\u0301 \u00ab\u00a0contraints de prendre la route du de\u0301sert\u00a0\u00bb, faisant allusion aux militants du MRC et aux candidats qui ont vu leurs espoirs s&rsquo;effondrer a\u0300 la suite de cette de\u0301cision.<\/p>\n<p>Noutack II exprime son impatience de lire les e\u0301ventuelles me\u0301moires du professeur Maurice Kamto, dans lesquelles il espe\u0300re que ce dernier re\u0301ve\u0301lera les \u00ab\u00a0VRAIES RAISONS\u00a0\u00bb qui ont motive\u0301 le boycott e\u0301lectoral de 2020. Il remet en question le fait que l&rsquo;on puisse boycotter des e\u0301lections pour exiger un nouveau code e\u0301lectoral et la re\u0301solution de la crise anglophone, pour ensuite retourner aux e\u0301lections en 2025 alors que rien n&rsquo;a fondamentalement change\u0301 depuis. Il souligne e\u0301galement le fait que de nombreux jeunes sont en prison, ce qui rend la de\u0301cision de retourner aux urnes \u00ab\u00a0BIZARRE\u00a0\u00bb.<\/p>\n<p>Noutack II e\u0301voque ensuite les re\u0301actions des citoyens ordinaires lors de l&rsquo;annonce du boycott e\u0301lectoral en 2020. Il raconte une sce\u0300ne ou\u0300 une femme, visiblement de\u0301sespe\u0301re\u0301e, s&rsquo;est effondre\u0301e en criant \u00ab\u00a0Kamto m&rsquo;a tue\u0301\u00a0\u00bb avant de jeter son dossier de candidature dans la rigole. Cette anecdote illustrerait le profond de\u0301sarroi ressenti par certains partisans du MRC face a\u0300 cette de\u0301cision.<\/p>\n<p>Dans un souci d&rsquo;e\u0301quite\u0301, Noutack II mentionne Mayer Foning, un membre du MRC qui a de\u0301cide\u0301 de participer aux e\u0301lections malgre\u0301 le boycott du parti. Il sugge\u0300re que si Mayer Foning e\u0301tait de\u0301ja\u0300 Maire ou conseiller municipal, il n&rsquo;aurait jamais envisage\u0301 de prendre la route du de\u0301sert.<\/p>\n<p>En conclusion, la tribune d&rsquo;Armand Noutack II met en lumie\u0300re les de\u0301saccords internes au sein du MRC et remet en question la de\u0301cision de boycott de Maurice Kamto en 2020. Elle soule\u0300ve e\u0301galement des questions cruciales sur la de\u0301mocratie et le processus e\u0301lectoral au Cameroun, tout en appelant a\u0300 la construction de nouvelles mentalite\u0301s et au respect du calendrier e\u0301lectoral.<\/p>\n<p><strong>Pour plus d&rsquo;informations et d&rsquo;analyses sur la <a href=\"https:\/\/www.africa-press.net\/cameroun\">Cameroun<\/a>, suivez <a href=\"https:\/\/www.africa-press.net\/\">Africa-Press<\/a><\/strong><\/p>\n","protected":false},"excerpt":{"rendered":"<p>Africa-Press &#8211; Cameroun. L&rsquo;ancien membre du Mouvement pour la Renaissance du Cameroun (MRC), Armand Noutack II, ne ma\u0302che pas ses mots dans sa re\u0301cente tribune ou\u0300 il fustige ouvertement la de\u0301cision de boycott des e\u0301lections le\u0301gislatives et municipales de fe\u0301vrier 2020 prise par le leader du MRC, Maurice Kamto. Dans cette tribune percutante, Noutack II [&hellip;]<\/p>\n","protected":false},"author":82,"featured_media":51510,"comment_status":"open","ping_status":"closed","sticky":false,"template":"","format":"standard","meta":{"footnotes":""},"categories":[2,10],"tags":[36,50,49],"class_list":["post-51511","post","type-post","status-publish","format-standard","has-post-thumbnail","hentry","category-politique","category-toutes-les-actualites","tag-africa-press","tag-africa-press-cameroun","tag-cameroun"],"yoast_head":"<!-- This site is optimized with the Yoast SEO Premium plugin v26.1 (Yoast SEO v27.0) - https:\/\/yoast.com\/product\/yoast-seo-premium-wordpress\/ -->\n<title>Cameroun : un ancien cadre du MRC r\u00e8gle ses comptes avec Maurice Kamto - Cameroun<\/title>\n<meta name=\"description\" content=\"L&#039;ancien membre du Mouvement pour la Renaissance du Cameroun (MRC), Armand Noutack II, ne ma\u0302che pas ses mots dans sa re ...\" \/>\n<meta name=\"robots\" content=\"index, follow, max-snippet:-1, max-image-preview:large, max-video-preview:-1\" \/>\n<link rel=\"canonical\" href=\"https:\/\/www.africa-press.net\/cameroun\/politique\/cameroun-un-ancien-cadre-du-mrc-regle-ses-comptes-avec-maurice-kamto\" \/>\n<meta property=\"og:locale\" content=\"fr_FR\" \/>\n<meta property=\"og:type\" content=\"article\" \/>\n<meta property=\"og:title\" content=\"Cameroun : un ancien cadre du MRC r\u00e8gle ses comptes avec Maurice Kamto\" \/>\n<meta property=\"og:description\" content=\"L&#039;ancien membre du Mouvement pour la Renaissance du Cameroun (MRC), Armand Noutack II, ne ma\u0302che pas ses mots dans sa re ...\" \/>\n<meta property=\"og:url\" content=\"https:\/\/www.africa-press.net\/cameroun\/politique\/cameroun-un-ancien-cadre-du-mrc-regle-ses-comptes-avec-maurice-kamto\" \/>\n<meta property=\"og:site_name\" content=\"Cameroun\" \/>\n<meta property=\"article:published_time\" content=\"2023-09-23T17:45:57+00:00\" \/>\n<meta property=\"article:modified_time\" content=\"2023-09-23T18:16:34+00:00\" \/>\n<meta property=\"og:image\" content=\"https:\/\/static.africa-press.net\/cameroun\/sites\/57\/2023\/09\/sm_1695480117.928069.jpg\" \/>\n\t<meta property=\"og:image:width\" content=\"720\" \/>\n\t<meta property=\"og:image:height\" content=\"378\" \/>\n\t<meta property=\"og:image:type\" content=\"image\/jpeg\" \/>\n<meta name=\"author\" content=\"cfeditorfr\" \/>\n<meta name=\"twitter:card\" content=\"summary_large_image\" \/>\n<meta name=\"twitter:label1\" content=\"\u00c9crit par\" \/>\n\t<meta name=\"twitter:data1\" content=\"cfeditorfr\" \/>\n\t<meta name=\"twitter:label2\" content=\"Dur\u00e9e de lecture estim\u00e9e\" \/>\n\t<meta name=\"twitter:data2\" content=\"3 minutes\" \/>\n<script type=\"application\/ld+json\" class=\"yoast-schema-graph\">{\"@context\":\"https:\/\/schema.org\",\"@graph\":[{\"@type\":\"Article\",\"@id\":\"https:\/\/www.africa-press.net\/cameroun\/politique\/cameroun-un-ancien-cadre-du-mrc-regle-ses-comptes-avec-maurice-kamto#article\",\"isPartOf\":{\"@id\":\"https:\/\/www.africa-press.net\/cameroun\/politique\/cameroun-un-ancien-cadre-du-mrc-regle-ses-comptes-avec-maurice-kamto\"},\"author\":{\"name\":\"cfeditorfr\",\"@id\":\"https:\/\/www.africa-press.net\/cameroun\/#\/schema\/person\/2b1cf3cd81a31e3cd26889ca66d677f1\"},\"headline\":\"Cameroun : un ancien cadre du MRC r\u00e8gle ses comptes avec Maurice Kamto\",\"datePublished\":\"2023-09-23T17:45:57+00:00\",\"dateModified\":\"2023-09-23T18:16:34+00:00\",\"mainEntityOfPage\":{\"@id\":\"https:\/\/www.africa-press.net\/cameroun\/politique\/cameroun-un-ancien-cadre-du-mrc-regle-ses-comptes-avec-maurice-kamto\"},\"wordCount\":475,\"commentCount\":0,\"image\":{\"@id\":\"https:\/\/www.africa-press.net\/cameroun\/politique\/cameroun-un-ancien-cadre-du-mrc-regle-ses-comptes-avec-maurice-kamto#primaryimage\"},\"thumbnailUrl\":\"https:\/\/static.africa-press.net\/cameroun\/sites\/57\/2023\/09\/sm_1695480117.928069.jpg\",\"keywords\":[\"Africa Press\",\"Africa Press-Cameroun\",\"Cameroun\"],\"articleSection\":[\"Politique\",\"Toutes les actualit\u00e9s\"],\"inLanguage\":\"fr-FR\",\"potentialAction\":[{\"@type\":\"CommentAction\",\"name\":\"Comment\",\"target\":[\"https:\/\/www.africa-press.net\/cameroun\/politique\/cameroun-un-ancien-cadre-du-mrc-regle-ses-comptes-avec-maurice-kamto#respond\"]}]},{\"@type\":\"WebPage\",\"@id\":\"https:\/\/www.africa-press.net\/cameroun\/politique\/cameroun-un-ancien-cadre-du-mrc-regle-ses-comptes-avec-maurice-kamto\",\"url\":\"https:\/\/www.africa-press.net\/cameroun\/politique\/cameroun-un-ancien-cadre-du-mrc-regle-ses-comptes-avec-maurice-kamto\",\"name\":\"Cameroun : un ancien cadre du MRC r\u00e8gle ses comptes avec Maurice Kamto - Cameroun\",\"isPartOf\":{\"@id\":\"https:\/\/www.africa-press.net\/cameroun\/#website\"},\"primaryImageOfPage\":{\"@id\":\"https:\/\/www.africa-press.net\/cameroun\/politique\/cameroun-un-ancien-cadre-du-mrc-regle-ses-comptes-avec-maurice-kamto#primaryimage\"},\"image\":{\"@id\":\"https:\/\/www.africa-press.net\/cameroun\/politique\/cameroun-un-ancien-cadre-du-mrc-regle-ses-comptes-avec-maurice-kamto#primaryimage\"},\"thumbnailUrl\":\"https:\/\/static.africa-press.net\/cameroun\/sites\/57\/2023\/09\/sm_1695480117.928069.jpg\",\"datePublished\":\"2023-09-23T17:45:57+00:00\",\"dateModified\":\"2023-09-23T18:16:34+00:00\",\"author\":{\"@id\":\"https:\/\/www.africa-press.net\/cameroun\/#\/schema\/person\/2b1cf3cd81a31e3cd26889ca66d677f1\"},\"description\":\"L'ancien membre du Mouvement pour la Renaissance du Cameroun (MRC), Armand Noutack II, ne ma\u0302che pas ses mots dans sa re ...\",\"breadcrumb\":{\"@id\":\"https:\/\/www.africa-press.net\/cameroun\/politique\/cameroun-un-ancien-cadre-du-mrc-regle-ses-comptes-avec-maurice-kamto#breadcrumb\"},\"inLanguage\":\"fr-FR\",\"potentialAction\":[{\"@type\":\"ReadAction\",\"target\":[\"https:\/\/www.africa-press.net\/cameroun\/politique\/cameroun-un-ancien-cadre-du-mrc-regle-ses-comptes-avec-maurice-kamto\"]}]},{\"@type\":\"ImageObject\",\"inLanguage\":\"fr-FR\",\"@id\":\"https:\/\/www.africa-press.net\/cameroun\/politique\/cameroun-un-ancien-cadre-du-mrc-regle-ses-comptes-avec-maurice-kamto#primaryimage\",\"url\":\"https:\/\/static.africa-press.net\/cameroun\/sites\/57\/2023\/09\/sm_1695480117.928069.jpg\",\"contentUrl\":\"https:\/\/static.africa-press.net\/cameroun\/sites\/57\/2023\/09\/sm_1695480117.928069.jpg\",\"width\":720,\"height\":378,\"caption\":\"Cameroun : un ancien cadre du MRC r\u00e8gle ses comptes avec Maurice Kamto\"},{\"@type\":\"BreadcrumbList\",\"@id\":\"https:\/\/www.africa-press.net\/cameroun\/politique\/cameroun-un-ancien-cadre-du-mrc-regle-ses-comptes-avec-maurice-kamto#breadcrumb\",\"itemListElement\":[{\"@type\":\"ListItem\",\"position\":1,\"name\":\"Accueil\",\"item\":\"https:\/\/www.africa-press.net\/cameroun\/\"},{\"@type\":\"ListItem\",\"position\":2,\"name\":\"Cameroun : un ancien cadre du MRC r\u00e8gle ses comptes avec Maurice Kamto\"}]},{\"@type\":\"WebSite\",\"@id\":\"https:\/\/www.africa-press.net\/cameroun\/#website\",\"url\":\"https:\/\/www.africa-press.net\/cameroun\/\",\"name\":\"Cameroun\",\"description\":\"Just another Africa News Agency Sites site\",\"potentialAction\":[{\"@type\":\"SearchAction\",\"target\":{\"@type\":\"EntryPoint\",\"urlTemplate\":\"https:\/\/www.africa-press.net\/cameroun\/?s={search_term_string}\"},\"query-input\":{\"@type\":\"PropertyValueSpecification\",\"valueRequired\":true,\"valueName\":\"search_term_string\"}}],\"inLanguage\":\"fr-FR\"},{\"@type\":\"Person\",\"@id\":\"https:\/\/www.africa-press.net\/cameroun\/#\/schema\/person\/2b1cf3cd81a31e3cd26889ca66d677f1\",\"name\":\"cfeditorfr\"}]}<\/script>\n<!-- \/ Yoast SEO Premium plugin. -->","yoast_head_json":{"title":"Cameroun : un ancien cadre du MRC r\u00e8gle ses comptes avec Maurice Kamto - Cameroun","description":"L'ancien membre du Mouvement pour la Renaissance du Cameroun (MRC), Armand Noutack II, ne ma\u0302che pas ses mots dans sa re ...","robots":{"index":"index","follow":"follow","max-snippet":"max-snippet:-1","max-image-preview":"max-image-preview:large","max-video-preview":"max-video-preview:-1"},"canonical":"https:\/\/www.africa-press.net\/cameroun\/politique\/cameroun-un-ancien-cadre-du-mrc-regle-ses-comptes-avec-maurice-kamto","og_locale":"fr_FR","og_type":"article","og_title":"Cameroun : un ancien cadre du MRC r\u00e8gle ses comptes avec Maurice Kamto","og_description":"L'ancien membre du Mouvement pour la Renaissance du Cameroun (MRC), Armand Noutack II, ne ma\u0302che pas ses mots dans sa re ...","og_url":"https:\/\/www.africa-press.net\/cameroun\/politique\/cameroun-un-ancien-cadre-du-mrc-regle-ses-comptes-avec-maurice-kamto","og_site_name":"Cameroun","article_published_time":"2023-09-23T17:45:57+00:00","article_modified_time":"2023-09-23T18:16:34+00:00","og_image":[{"width":720,"height":378,"url":"https:\/\/static.africa-press.net\/cameroun\/sites\/57\/2023\/09\/sm_1695480117.928069.jpg","type":"image\/jpeg"}],"author":"cfeditorfr","twitter_card":"summary_large_image","twitter_misc":{"\u00c9crit par":"cfeditorfr","Dur\u00e9e de lecture estim\u00e9e":"3 minutes"},"schema":{"@context":"https:\/\/schema.org","@graph":[{"@type":"Article","@id":"https:\/\/www.africa-press.net\/cameroun\/politique\/cameroun-un-ancien-cadre-du-mrc-regle-ses-comptes-avec-maurice-kamto#article","isPartOf":{"@id":"https:\/\/www.africa-press.net\/cameroun\/politique\/cameroun-un-ancien-cadre-du-mrc-regle-ses-comptes-avec-maurice-kamto"},"author":{"name":"cfeditorfr","@id":"https:\/\/www.africa-press.net\/cameroun\/#\/schema\/person\/2b1cf3cd81a31e3cd26889ca66d677f1"},"headline":"Cameroun : un ancien cadre du MRC r\u00e8gle ses comptes avec Maurice Kamto","datePublished":"2023-09-23T17:45:57+00:00","dateModified":"2023-09-23T18:16:34+00:00","mainEntityOfPage":{"@id":"https:\/\/www.africa-press.net\/cameroun\/politique\/cameroun-un-ancien-cadre-du-mrc-regle-ses-comptes-avec-maurice-kamto"},"wordCount":475,"commentCount":0,"image":{"@id":"https:\/\/www.africa-press.net\/cameroun\/politique\/cameroun-un-ancien-cadre-du-mrc-regle-ses-comptes-avec-maurice-kamto#primaryimage"},"thumbnailUrl":"https:\/\/static.africa-press.net\/cameroun\/sites\/57\/2023\/09\/sm_1695480117.928069.jpg","keywords":["Africa Press","Africa Press-Cameroun","Cameroun"],"articleSection":["Politique","Toutes les actualit\u00e9s"],"inLanguage":"fr-FR","potentialAction":[{"@type":"CommentAction","name":"Comment","target":["https:\/\/www.africa-press.net\/cameroun\/politique\/cameroun-un-ancien-cadre-du-mrc-regle-ses-comptes-avec-maurice-kamto#respond"]}]},{"@type":"WebPage","@id":"https:\/\/www.africa-press.net\/cameroun\/politique\/cameroun-un-ancien-cadre-du-mrc-regle-ses-comptes-avec-maurice-kamto","url":"https:\/\/www.africa-press.net\/cameroun\/politique\/cameroun-un-ancien-cadre-du-mrc-regle-ses-comptes-avec-maurice-kamto","name":"Cameroun : un ancien cadre du MRC r\u00e8gle ses comptes avec Maurice Kamto - Cameroun","isPartOf":{"@id":"https:\/\/www.africa-press.net\/cameroun\/#website"},"primaryImageOfPage":{"@id":"https:\/\/www.africa-press.net\/cameroun\/politique\/cameroun-un-ancien-cadre-du-mrc-regle-ses-comptes-avec-maurice-kamto#primaryimage"},"image":{"@id":"https:\/\/www.africa-press.net\/cameroun\/politique\/cameroun-un-ancien-cadre-du-mrc-regle-ses-comptes-avec-maurice-kamto#primaryimage"},"thumbnailUrl":"https:\/\/static.africa-press.net\/cameroun\/sites\/57\/2023\/09\/sm_1695480117.928069.jpg","datePublished":"2023-09-23T17:45:57+00:00","dateModified":"2023-09-23T18:16:34+00:00","author":{"@id":"https:\/\/www.africa-press.net\/cameroun\/#\/schema\/person\/2b1cf3cd81a31e3cd26889ca66d677f1"},"description":"L'ancien membre du Mouvement pour la Renaissance du Cameroun (MRC), Armand Noutack II, ne ma\u0302che pas ses mots dans sa re ...","breadcrumb":{"@id":"https:\/\/www.africa-press.net\/cameroun\/politique\/cameroun-un-ancien-cadre-du-mrc-regle-ses-comptes-avec-maurice-kamto#breadcrumb"},"inLanguage":"fr-FR","potentialAction":[{"@type":"ReadAction","target":["https:\/\/www.africa-press.net\/cameroun\/politique\/cameroun-un-ancien-cadre-du-mrc-regle-ses-comptes-avec-maurice-kamto"]}]},{"@type":"ImageObject","inLanguage":"fr-FR","@id":"https:\/\/www.africa-press.net\/cameroun\/politique\/cameroun-un-ancien-cadre-du-mrc-regle-ses-comptes-avec-maurice-kamto#primaryimage","url":"https:\/\/static.africa-press.net\/cameroun\/sites\/57\/2023\/09\/sm_1695480117.928069.jpg","contentUrl":"https:\/\/static.africa-press.net\/cameroun\/sites\/57\/2023\/09\/sm_1695480117.928069.jpg","width":720,"height":378,"caption":"Cameroun : un ancien cadre du MRC r\u00e8gle ses comptes avec Maurice Kamto"},{"@type":"BreadcrumbList","@id":"https:\/\/www.africa-press.net\/cameroun\/politique\/cameroun-un-ancien-cadre-du-mrc-regle-ses-comptes-avec-maurice-kamto#breadcrumb","itemListElement":[{"@type":"ListItem","position":1,"name":"Accueil","item":"https:\/\/www.africa-press.net\/cameroun\/"},{"@type":"ListItem","position":2,"name":"Cameroun : un ancien cadre du MRC r\u00e8gle ses comptes avec Maurice Kamto"}]},{"@type":"WebSite","@id":"https:\/\/www.africa-press.net\/cameroun\/#website","url":"https:\/\/www.africa-press.net\/cameroun\/","name":"Cameroun","description":"Just another Africa News Agency Sites site","potentialAction":[{"@type":"SearchAction","target":{"@type":"EntryPoint","urlTemplate":"https:\/\/www.africa-press.net\/cameroun\/?s={search_term_string}"},"query-input":{"@type":"PropertyValueSpecification","valueRequired":true,"valueName":"search_term_string"}}],"inLanguage":"fr-FR"},{"@type":"Person","@id":"https:\/\/www.africa-press.net\/cameroun\/#\/schema\/person\/2b1cf3cd81a31e3cd26889ca66d677f1","name":"cfeditorfr"}]}},"_links":{"self":[{"href":"https:\/\/www.africa-press.net\/cameroun\/wp-json\/wp\/v2\/posts\/51511","targetHints":{"allow":["GET"]}}],"collection":[{"href":"https:\/\/www.africa-press.net\/cameroun\/wp-json\/wp\/v2\/posts"}],"about":[{"href":"https:\/\/www.africa-press.net\/cameroun\/wp-json\/wp\/v2\/types\/post"}],"author":[{"embeddable":true,"href":"https:\/\/www.africa-press.net\/cameroun\/wp-json\/wp\/v2\/users\/82"}],"replies":[{"embeddable":true,"href":"https:\/\/www.africa-press.net\/cameroun\/wp-json\/wp\/v2\/comments?post=51511"}],"version-history":[{"count":0,"href":"https:\/\/www.africa-press.net\/cameroun\/wp-json\/wp\/v2\/posts\/51511\/revisions"}],"wp:featuredmedia":[{"embeddable":true,"href":"https:\/\/www.africa-press.net\/cameroun\/wp-json\/wp\/v2\/media\/51510"}],"wp:attachment":[{"href":"https:\/\/www.africa-press.net\/cameroun\/wp-json\/wp\/v2\/media?parent=51511"}],"wp:term":[{"taxonomy":"category","embeddable":true,"href":"https:\/\/www.africa-press.net\/cameroun\/wp-json\/wp\/v2\/categories?post=51511"},{"taxonomy":"post_tag","embeddable":true,"href":"https:\/\/www.africa-press.net\/cameroun\/wp-json\/wp\/v2\/tags?post=51511"}],"curies":[{"name":"wp","href":"https:\/\/api.w.org\/{rel}","templated":true}]}}