{"id":51514,"date":"2023-09-23T17:46:06","date_gmt":"2023-09-23T17:46:06","guid":{"rendered":"https:\/\/www.africa-press.net\/cameroun\/politique\/paul-biya-surprend-lextreme-nord"},"modified":"2023-09-23T18:17:18","modified_gmt":"2023-09-23T18:17:18","slug":"paul-biya-surprend-lextreme-nord","status":"publish","type":"post","link":"https:\/\/www.africa-press.net\/cameroun\/politique\/paul-biya-surprend-lextreme-nord","title":{"rendered":"Paul Biya surprend l\u2019Extr\u00eame Nord"},"content":{"rendered":"<p><span style=\"color: #ff6600\"><strong>Africa-Press &#8211; Cameroun. <\/strong><\/span>L\u2019offre en eau potable va doubler d\u2019ici 2025 a\u0300 Maroua<\/p>\n<p>La pose de la premie\u0300re pierre de la phase 2 du projet d\u2019alimentation du chef lieu de la re\u0301gion, mercredi dernier, permettra d\u2019augmenter la capacite\u0301 de production de 12 480 a\u0300 25 480 m3\/jour, conforme\u0301ment a\u0300 la priorite\u0301 exprime\u0301e par le pre\u0301sident de la Re\u0301publique le 31 de\u0301cembre 2022.<\/p>\n<p>L\u2019acce\u0300s de nos populations a\u0300 l\u2019eau potable demeure l\u2019une de mes principales pre\u0301occupations \u00bb, affirmait le chef de l\u2019Etat, Paul Biya, dans son discours a\u0300 la nation le 31 de\u0301cembre 2022. La traduction en acte de cette priorite\u0301 du chef de l\u2019Etat est la pose de la premie\u0300re pierre de la phase 2 du projet d\u2019alimentation en eau potable du chef lieu de la re\u0301gion de l\u2019Extre\u0302me-Nord, mercredi 20 septembre dernier a\u0300 Maroua, par le ministre de l\u2019Eau et de l\u2019Energie, Gaston Eloundou Essomba, accompagne\u0301 pour la circonstance du directeur ge\u0301ne\u0301ral de la Camwater, Blaise Moussa. Pour les habitants de Maroua, la pose de la premie\u0300re pierre de ce projet d\u2019approvisionnement en eau potable est bien la concre\u0301tisation de la pre\u0301occupation exprime\u0301e par le pre\u0301sident de la Re\u0301publique. Hier, le ministre de l\u2019Eau et de l\u2019E\u0301nergie et le directeur ge\u0301ne\u0301ral de la Camwater se sont rendu aussi a\u0300 la station de production de Mokolo pour e\u0301valuer les efforts de la Camwater dans la fourniture d\u2019eau potable aux populations de Mokolo, Kosa, Mora et Kolofata. La station de Mokolo dessert les centres de Mokolo, Kosa, Mora et Kolofata ainsi que les de\u0301partements de Mayo Tsanaga et Mayo Sava, avec environ 3 500 abonne\u0301s et une capacite\u0301 de production quotidienne de 7 070 m3 d\u2019eau. La phase 2 du projet d\u2019alimentation en eau potable de Maroua, d\u2019un cou\u0302t de 20 milliards de FCFA, permettra d\u2019augmenter la capacite\u0301 de production du chef-lieu de la re\u0301gion de l\u2019Extre\u0302me-Nord de 12 480 a\u0300 25 480 m3\/jour. Il est attendu de ces travaux qu\u2019ils permettent d\u2019e\u0301tendre le re\u0301seau de distribution dans des zones non encore alimente\u0301es. En conse\u0301quence, l\u2019acce\u0300s a\u0300 l\u2019eau potable sera ame\u0301liore\u0301 pour les 300 000 habitants que compte la ville de Maroua. Plusieurs retombe\u0301es sont attendues de la mise en service de ce projet pre\u0301vue pour 2025.<\/p>\n<p>Extension du re\u0301seau de distribution Cette re\u0301alisation contribuera par ailleurs a\u0300 renforcer la se\u0301curite\u0301 alimentaire et a\u0300 ame\u0301liorer le bien-e\u0302tre des populations de cette localite\u0301, a\u0300 travers un cha\u0302teau de 5000 m3\/j, ce qui permettra une certaine autonomie en production de la ville et une augmentation mai\u0302trise\u0301e du nombre d\u2019abonne\u0301s. Et pour favoriser l\u2019extension du re\u0301seau de distribution dans des zones jadis non alimente\u0301es, cinq forages supple\u0301mentaires sont pre\u0301vus pour un total de 13 000 m3\/jour. Il faut souligner que la ville de Maroua a un besoin urgent d\u2019ame\u0301lioration de son syste\u0300me d\u2019approvisionnement en eau potable. Les point critiques sont le manque de pompes de secours dans toutes les installations de production, un rendement du re\u0301seau de distribution d\u2019environ seulement 60 % malgre\u0301 une ressource abondante, une alimentation e\u0301lectrique instable et des transformateurs sature\u0301s, ainsi qu\u2019une couverture insuffisante du re\u0301seau dans certaines zones de la ville. Pour approvisionner l\u2019ensemble de la population en eau potable sur toute l\u2019e\u0301tendue du territoire national le Programme prioritaire quinquennal d\u2019Investissement (PPQI) pour la pe\u0301riode 2023- 2027 pre\u0301voit un investissement de 1 200 milliards de FCFA dans des projets d\u2019alimentation en eau potable et d\u2019assainissement dans tout le pays y compris la construction de nouveaux syste\u0300mes d\u2019assainissement dans les zones rurales.<\/p>\n<p><strong>Pour plus d&rsquo;informations et d&rsquo;analyses sur la <a href=\"https:\/\/www.africa-press.net\/cameroun\">Cameroun<\/a>, suivez <a href=\"https:\/\/www.africa-press.net\/\">Africa-Press<\/a><\/strong><\/p>\n","protected":false},"excerpt":{"rendered":"<p>Africa-Press &#8211; Cameroun. L\u2019offre en eau potable va doubler d\u2019ici 2025 a\u0300 Maroua La pose de la premie\u0300re pierre de la phase 2 du projet d\u2019alimentation du chef lieu de la re\u0301gion, mercredi dernier, permettra d\u2019augmenter la capacite\u0301 de production de 12 480 a\u0300 25 480 m3\/jour, conforme\u0301ment a\u0300 la priorite\u0301 exprime\u0301e par le pre\u0301sident [&hellip;]<\/p>\n","protected":false},"author":82,"featured_media":51513,"comment_status":"open","ping_status":"closed","sticky":false,"template":"","format":"standard","meta":{"footnotes":""},"categories":[2,10],"tags":[36,50,49],"class_list":["post-51514","post","type-post","status-publish","format-standard","has-post-thumbnail","hentry","category-politique","category-toutes-les-actualites","tag-africa-press","tag-africa-press-cameroun","tag-cameroun"],"yoast_head":"<!-- This site is optimized with the Yoast SEO Premium plugin v26.1 (Yoast SEO v27.0) - https:\/\/yoast.com\/product\/yoast-seo-premium-wordpress\/ -->\n<title>Paul Biya surprend l\u2019Extr\u00eame Nord - Cameroun<\/title>\n<meta name=\"description\" content=\"L\u2019offre en eau potable va doubler d\u2019ici 2025 a\u0300 Maroua La pose de la premie\u0300re pierre de la phase 2 du projet d\u2019aliment ...\" \/>\n<meta name=\"robots\" content=\"index, follow, max-snippet:-1, max-image-preview:large, max-video-preview:-1\" \/>\n<link rel=\"canonical\" href=\"https:\/\/www.africa-press.net\/cameroun\/politique\/paul-biya-surprend-lextreme-nord\" \/>\n<meta property=\"og:locale\" content=\"fr_FR\" \/>\n<meta property=\"og:type\" content=\"article\" \/>\n<meta property=\"og:title\" content=\"Paul Biya surprend l\u2019Extr\u00eame Nord\" \/>\n<meta property=\"og:description\" content=\"L\u2019offre en eau potable va doubler d\u2019ici 2025 a\u0300 Maroua La pose de la premie\u0300re pierre de la phase 2 du projet d\u2019aliment ...\" \/>\n<meta property=\"og:url\" content=\"https:\/\/www.africa-press.net\/cameroun\/politique\/paul-biya-surprend-lextreme-nord\" \/>\n<meta property=\"og:site_name\" content=\"Cameroun\" \/>\n<meta property=\"article:published_time\" content=\"2023-09-23T17:46:06+00:00\" \/>\n<meta property=\"article:modified_time\" content=\"2023-09-23T18:17:18+00:00\" \/>\n<meta property=\"og:image\" content=\"https:\/\/static.africa-press.net\/cameroun\/sites\/57\/2023\/09\/sm_1695480166.822405.jpg\" \/>\n\t<meta property=\"og:image:width\" content=\"720\" \/>\n\t<meta property=\"og:image:height\" content=\"480\" \/>\n\t<meta property=\"og:image:type\" content=\"image\/jpeg\" \/>\n<meta name=\"author\" content=\"cfeditorfr\" \/>\n<meta name=\"twitter:card\" content=\"summary_large_image\" \/>\n<meta name=\"twitter:label1\" content=\"\u00c9crit par\" \/>\n\t<meta name=\"twitter:data1\" content=\"cfeditorfr\" \/>\n\t<meta name=\"twitter:label2\" content=\"Dur\u00e9e de lecture estim\u00e9e\" \/>\n\t<meta name=\"twitter:data2\" content=\"3 minutes\" \/>\n<script type=\"application\/ld+json\" class=\"yoast-schema-graph\">{\"@context\":\"https:\/\/schema.org\",\"@graph\":[{\"@type\":\"Article\",\"@id\":\"https:\/\/www.africa-press.net\/cameroun\/politique\/paul-biya-surprend-lextreme-nord#article\",\"isPartOf\":{\"@id\":\"https:\/\/www.africa-press.net\/cameroun\/politique\/paul-biya-surprend-lextreme-nord\"},\"author\":{\"name\":\"cfeditorfr\",\"@id\":\"https:\/\/www.africa-press.net\/cameroun\/#\/schema\/person\/2b1cf3cd81a31e3cd26889ca66d677f1\"},\"headline\":\"Paul Biya surprend l\u2019Extr\u00eame Nord\",\"datePublished\":\"2023-09-23T17:46:06+00:00\",\"dateModified\":\"2023-09-23T18:17:18+00:00\",\"mainEntityOfPage\":{\"@id\":\"https:\/\/www.africa-press.net\/cameroun\/politique\/paul-biya-surprend-lextreme-nord\"},\"wordCount\":660,\"commentCount\":0,\"image\":{\"@id\":\"https:\/\/www.africa-press.net\/cameroun\/politique\/paul-biya-surprend-lextreme-nord#primaryimage\"},\"thumbnailUrl\":\"https:\/\/static.africa-press.net\/cameroun\/sites\/57\/2023\/09\/sm_1695480166.822405.jpg\",\"keywords\":[\"Africa Press\",\"Africa Press-Cameroun\",\"Cameroun\"],\"articleSection\":[\"Politique\",\"Toutes les actualit\u00e9s\"],\"inLanguage\":\"fr-FR\",\"potentialAction\":[{\"@type\":\"CommentAction\",\"name\":\"Comment\",\"target\":[\"https:\/\/www.africa-press.net\/cameroun\/politique\/paul-biya-surprend-lextreme-nord#respond\"]}]},{\"@type\":\"WebPage\",\"@id\":\"https:\/\/www.africa-press.net\/cameroun\/politique\/paul-biya-surprend-lextreme-nord\",\"url\":\"https:\/\/www.africa-press.net\/cameroun\/politique\/paul-biya-surprend-lextreme-nord\",\"name\":\"Paul Biya surprend l\u2019Extr\u00eame Nord - Cameroun\",\"isPartOf\":{\"@id\":\"https:\/\/www.africa-press.net\/cameroun\/#website\"},\"primaryImageOfPage\":{\"@id\":\"https:\/\/www.africa-press.net\/cameroun\/politique\/paul-biya-surprend-lextreme-nord#primaryimage\"},\"image\":{\"@id\":\"https:\/\/www.africa-press.net\/cameroun\/politique\/paul-biya-surprend-lextreme-nord#primaryimage\"},\"thumbnailUrl\":\"https:\/\/static.africa-press.net\/cameroun\/sites\/57\/2023\/09\/sm_1695480166.822405.jpg\",\"datePublished\":\"2023-09-23T17:46:06+00:00\",\"dateModified\":\"2023-09-23T18:17:18+00:00\",\"author\":{\"@id\":\"https:\/\/www.africa-press.net\/cameroun\/#\/schema\/person\/2b1cf3cd81a31e3cd26889ca66d677f1\"},\"description\":\"L\u2019offre en eau potable va doubler d\u2019ici 2025 a\u0300 Maroua La pose de la premie\u0300re pierre de la phase 2 du projet d\u2019aliment ...\",\"breadcrumb\":{\"@id\":\"https:\/\/www.africa-press.net\/cameroun\/politique\/paul-biya-surprend-lextreme-nord#breadcrumb\"},\"inLanguage\":\"fr-FR\",\"potentialAction\":[{\"@type\":\"ReadAction\",\"target\":[\"https:\/\/www.africa-press.net\/cameroun\/politique\/paul-biya-surprend-lextreme-nord\"]}]},{\"@type\":\"ImageObject\",\"inLanguage\":\"fr-FR\",\"@id\":\"https:\/\/www.africa-press.net\/cameroun\/politique\/paul-biya-surprend-lextreme-nord#primaryimage\",\"url\":\"https:\/\/static.africa-press.net\/cameroun\/sites\/57\/2023\/09\/sm_1695480166.822405.jpg\",\"contentUrl\":\"https:\/\/static.africa-press.net\/cameroun\/sites\/57\/2023\/09\/sm_1695480166.822405.jpg\",\"width\":720,\"height\":480,\"caption\":\"Paul Biya surprend l\u2019Extr\u00eame Nord\"},{\"@type\":\"BreadcrumbList\",\"@id\":\"https:\/\/www.africa-press.net\/cameroun\/politique\/paul-biya-surprend-lextreme-nord#breadcrumb\",\"itemListElement\":[{\"@type\":\"ListItem\",\"position\":1,\"name\":\"Accueil\",\"item\":\"https:\/\/www.africa-press.net\/cameroun\/\"},{\"@type\":\"ListItem\",\"position\":2,\"name\":\"Paul Biya surprend l\u2019Extr\u00eame Nord\"}]},{\"@type\":\"WebSite\",\"@id\":\"https:\/\/www.africa-press.net\/cameroun\/#website\",\"url\":\"https:\/\/www.africa-press.net\/cameroun\/\",\"name\":\"Cameroun\",\"description\":\"Just another Africa News Agency Sites site\",\"potentialAction\":[{\"@type\":\"SearchAction\",\"target\":{\"@type\":\"EntryPoint\",\"urlTemplate\":\"https:\/\/www.africa-press.net\/cameroun\/?s={search_term_string}\"},\"query-input\":{\"@type\":\"PropertyValueSpecification\",\"valueRequired\":true,\"valueName\":\"search_term_string\"}}],\"inLanguage\":\"fr-FR\"},{\"@type\":\"Person\",\"@id\":\"https:\/\/www.africa-press.net\/cameroun\/#\/schema\/person\/2b1cf3cd81a31e3cd26889ca66d677f1\",\"name\":\"cfeditorfr\"}]}<\/script>\n<!-- \/ Yoast SEO Premium plugin. -->","yoast_head_json":{"title":"Paul Biya surprend l\u2019Extr\u00eame Nord - Cameroun","description":"L\u2019offre en eau potable va doubler d\u2019ici 2025 a\u0300 Maroua La pose de la premie\u0300re pierre de la phase 2 du projet d\u2019aliment ...","robots":{"index":"index","follow":"follow","max-snippet":"max-snippet:-1","max-image-preview":"max-image-preview:large","max-video-preview":"max-video-preview:-1"},"canonical":"https:\/\/www.africa-press.net\/cameroun\/politique\/paul-biya-surprend-lextreme-nord","og_locale":"fr_FR","og_type":"article","og_title":"Paul Biya surprend l\u2019Extr\u00eame Nord","og_description":"L\u2019offre en eau potable va doubler d\u2019ici 2025 a\u0300 Maroua La pose de la premie\u0300re pierre de la phase 2 du projet d\u2019aliment ...","og_url":"https:\/\/www.africa-press.net\/cameroun\/politique\/paul-biya-surprend-lextreme-nord","og_site_name":"Cameroun","article_published_time":"2023-09-23T17:46:06+00:00","article_modified_time":"2023-09-23T18:17:18+00:00","og_image":[{"width":720,"height":480,"url":"https:\/\/static.africa-press.net\/cameroun\/sites\/57\/2023\/09\/sm_1695480166.822405.jpg","type":"image\/jpeg"}],"author":"cfeditorfr","twitter_card":"summary_large_image","twitter_misc":{"\u00c9crit par":"cfeditorfr","Dur\u00e9e de lecture estim\u00e9e":"3 minutes"},"schema":{"@context":"https:\/\/schema.org","@graph":[{"@type":"Article","@id":"https:\/\/www.africa-press.net\/cameroun\/politique\/paul-biya-surprend-lextreme-nord#article","isPartOf":{"@id":"https:\/\/www.africa-press.net\/cameroun\/politique\/paul-biya-surprend-lextreme-nord"},"author":{"name":"cfeditorfr","@id":"https:\/\/www.africa-press.net\/cameroun\/#\/schema\/person\/2b1cf3cd81a31e3cd26889ca66d677f1"},"headline":"Paul Biya surprend l\u2019Extr\u00eame Nord","datePublished":"2023-09-23T17:46:06+00:00","dateModified":"2023-09-23T18:17:18+00:00","mainEntityOfPage":{"@id":"https:\/\/www.africa-press.net\/cameroun\/politique\/paul-biya-surprend-lextreme-nord"},"wordCount":660,"commentCount":0,"image":{"@id":"https:\/\/www.africa-press.net\/cameroun\/politique\/paul-biya-surprend-lextreme-nord#primaryimage"},"thumbnailUrl":"https:\/\/static.africa-press.net\/cameroun\/sites\/57\/2023\/09\/sm_1695480166.822405.jpg","keywords":["Africa Press","Africa Press-Cameroun","Cameroun"],"articleSection":["Politique","Toutes les actualit\u00e9s"],"inLanguage":"fr-FR","potentialAction":[{"@type":"CommentAction","name":"Comment","target":["https:\/\/www.africa-press.net\/cameroun\/politique\/paul-biya-surprend-lextreme-nord#respond"]}]},{"@type":"WebPage","@id":"https:\/\/www.africa-press.net\/cameroun\/politique\/paul-biya-surprend-lextreme-nord","url":"https:\/\/www.africa-press.net\/cameroun\/politique\/paul-biya-surprend-lextreme-nord","name":"Paul Biya surprend l\u2019Extr\u00eame Nord - Cameroun","isPartOf":{"@id":"https:\/\/www.africa-press.net\/cameroun\/#website"},"primaryImageOfPage":{"@id":"https:\/\/www.africa-press.net\/cameroun\/politique\/paul-biya-surprend-lextreme-nord#primaryimage"},"image":{"@id":"https:\/\/www.africa-press.net\/cameroun\/politique\/paul-biya-surprend-lextreme-nord#primaryimage"},"thumbnailUrl":"https:\/\/static.africa-press.net\/cameroun\/sites\/57\/2023\/09\/sm_1695480166.822405.jpg","datePublished":"2023-09-23T17:46:06+00:00","dateModified":"2023-09-23T18:17:18+00:00","author":{"@id":"https:\/\/www.africa-press.net\/cameroun\/#\/schema\/person\/2b1cf3cd81a31e3cd26889ca66d677f1"},"description":"L\u2019offre en eau potable va doubler d\u2019ici 2025 a\u0300 Maroua La pose de la premie\u0300re pierre de la phase 2 du projet d\u2019aliment ...","breadcrumb":{"@id":"https:\/\/www.africa-press.net\/cameroun\/politique\/paul-biya-surprend-lextreme-nord#breadcrumb"},"inLanguage":"fr-FR","potentialAction":[{"@type":"ReadAction","target":["https:\/\/www.africa-press.net\/cameroun\/politique\/paul-biya-surprend-lextreme-nord"]}]},{"@type":"ImageObject","inLanguage":"fr-FR","@id":"https:\/\/www.africa-press.net\/cameroun\/politique\/paul-biya-surprend-lextreme-nord#primaryimage","url":"https:\/\/static.africa-press.net\/cameroun\/sites\/57\/2023\/09\/sm_1695480166.822405.jpg","contentUrl":"https:\/\/static.africa-press.net\/cameroun\/sites\/57\/2023\/09\/sm_1695480166.822405.jpg","width":720,"height":480,"caption":"Paul Biya surprend l\u2019Extr\u00eame Nord"},{"@type":"BreadcrumbList","@id":"https:\/\/www.africa-press.net\/cameroun\/politique\/paul-biya-surprend-lextreme-nord#breadcrumb","itemListElement":[{"@type":"ListItem","position":1,"name":"Accueil","item":"https:\/\/www.africa-press.net\/cameroun\/"},{"@type":"ListItem","position":2,"name":"Paul Biya surprend l\u2019Extr\u00eame Nord"}]},{"@type":"WebSite","@id":"https:\/\/www.africa-press.net\/cameroun\/#website","url":"https:\/\/www.africa-press.net\/cameroun\/","name":"Cameroun","description":"Just another Africa News Agency Sites site","potentialAction":[{"@type":"SearchAction","target":{"@type":"EntryPoint","urlTemplate":"https:\/\/www.africa-press.net\/cameroun\/?s={search_term_string}"},"query-input":{"@type":"PropertyValueSpecification","valueRequired":true,"valueName":"search_term_string"}}],"inLanguage":"fr-FR"},{"@type":"Person","@id":"https:\/\/www.africa-press.net\/cameroun\/#\/schema\/person\/2b1cf3cd81a31e3cd26889ca66d677f1","name":"cfeditorfr"}]}},"_links":{"self":[{"href":"https:\/\/www.africa-press.net\/cameroun\/wp-json\/wp\/v2\/posts\/51514","targetHints":{"allow":["GET"]}}],"collection":[{"href":"https:\/\/www.africa-press.net\/cameroun\/wp-json\/wp\/v2\/posts"}],"about":[{"href":"https:\/\/www.africa-press.net\/cameroun\/wp-json\/wp\/v2\/types\/post"}],"author":[{"embeddable":true,"href":"https:\/\/www.africa-press.net\/cameroun\/wp-json\/wp\/v2\/users\/82"}],"replies":[{"embeddable":true,"href":"https:\/\/www.africa-press.net\/cameroun\/wp-json\/wp\/v2\/comments?post=51514"}],"version-history":[{"count":0,"href":"https:\/\/www.africa-press.net\/cameroun\/wp-json\/wp\/v2\/posts\/51514\/revisions"}],"wp:featuredmedia":[{"embeddable":true,"href":"https:\/\/www.africa-press.net\/cameroun\/wp-json\/wp\/v2\/media\/51513"}],"wp:attachment":[{"href":"https:\/\/www.africa-press.net\/cameroun\/wp-json\/wp\/v2\/media?parent=51514"}],"wp:term":[{"taxonomy":"category","embeddable":true,"href":"https:\/\/www.africa-press.net\/cameroun\/wp-json\/wp\/v2\/categories?post=51514"},{"taxonomy":"post_tag","embeddable":true,"href":"https:\/\/www.africa-press.net\/cameroun\/wp-json\/wp\/v2\/tags?post=51514"}],"curies":[{"name":"wp","href":"https:\/\/api.w.org\/{rel}","templated":true}]}}