{"id":51521,"date":"2023-09-24T18:10:39","date_gmt":"2023-09-24T18:10:39","guid":{"rendered":"https:\/\/www.africa-press.net\/cameroun\/politique\/mrc-retour-sur-la-repression-sauvage-des-marches-pacifiques-du-22-septembre-2020"},"modified":"2023-09-24T18:38:34","modified_gmt":"2023-09-24T18:38:34","slug":"mrc-retour-sur-la-repression-sauvage-des-marches-pacifiques-du-22-septembre-2020","status":"publish","type":"post","link":"https:\/\/www.africa-press.net\/cameroun\/politique\/mrc-retour-sur-la-repression-sauvage-des-marches-pacifiques-du-22-septembre-2020","title":{"rendered":"MRC : retour sur la r\u00e9pression sauvage des marches pacifiques du 22 septembre 2020"},"content":{"rendered":"<p><span style=\"color: #ff6600\"><strong>Africa-Press &#8211; Cameroun. <\/strong><\/span>Il y a trois ans, des dizaines de militants du MRC ont e\u0301te\u0301 arre\u0302te\u0301s de manie\u0300re arbitraire, torture\u0301s, de\u0301tenus ille\u0301galement, juge\u0301s par des magistrats politiques corrompus, et condamne\u0301s a\u0300 de lourdes peines de prison. Cette affaire est marque\u0301e par une se\u0301rie de mensonges d&rsquo;E\u0301tat qui persistent malgre\u0301 les faits. Voici dix points cle\u0301s pour comprendre l&rsquo;injustice et l&rsquo;arbitraire qui touchent les militants du MRC au Cameroun :<\/p>\n<p>1. Contrairement a\u0300 ce qui a e\u0301te\u0301 affirme\u0301, le re\u0301gime camerounais ne requiert pas d&rsquo;autorisation pour les rassemblements publics, mais seulement une de\u0301claration pre\u0301alable conforme\u0301ment a\u0300 la loi.<\/p>\n<p>2. Le MRC avait du\u0302ment de\u0301clare\u0301 ses manifestations pacifiques du 22 septembre 2020, en accord avec la loi sur les re\u0301unions et les manifestations publiques.<\/p>\n<p>3. Aucune autorite\u0301 administrative n&rsquo;a le\u0301galement interdit ces manifestations.<\/p>\n<p>4. Un message-fax signe\u0301 par le MINAT, sur lequel repose la condamnation des militants, est ille\u0301gal, car il aurait du\u0302 e\u0302tre pre\u0301ce\u0301de\u0301 par un de\u0301cret pre\u0301sidentiel en cas d&rsquo;e\u0301tat d&rsquo;urgence.<\/p>\n<p>5. Plusieurs militants ont e\u0301te\u0301 arre\u0302te\u0301s avant le 22 septembre, bien avant les manifestations pacifiques.<\/p>\n<p>6. Aucun des militants n&rsquo;a e\u0301te\u0301 arre\u0302te\u0301 en flagrant de\u0301lit, et la plupart ont e\u0301te\u0301 interpelle\u0301s en dehors de toute situation de flagrant de\u0301lit.<\/p>\n<p>7. Les militants du MRC sont des civils et ne devraient pas e\u0302tre juge\u0301s par des tribunaux militaires, ce qui va a\u0300 l&rsquo;encontre des lois internationales et de la jurisprudence camerounaise.<\/p>\n<p>8. Les accusations de re\u0301volution, d&rsquo;insurrection et de terrorisme porte\u0301es contre les militants sont infonde\u0301es, car ils n&rsquo;e\u0301taient pas arme\u0301s et n&rsquo;ont pas commis d&rsquo;actes violents.<\/p>\n<p>9. Le Groupe de Travail sur la De\u0301tention Arbitraire des Nations Unies a qualifie\u0301 leur arrestation d&rsquo;arbitraire et a demande\u0301 leur libe\u0301ration imme\u0301diate et leur de\u0301dommagement.<\/p>\n<p>10. Les militants du MRC sont des otages politiques, et leur de\u0301tention est une grave injustice.<\/p>\n<p>Les auteurs de ces injustices devront en re\u0301pondre, et il est important de reconnai\u0302tre que ces militants ne sont pas en prison pour avoir commis une infraction, mais sont pluto\u0302t des otages politiques.<\/p>\n<p><strong>Pour plus d&rsquo;informations et d&rsquo;analyses sur la <a href=\"https:\/\/www.africa-press.net\/cameroun\">Cameroun<\/a>, suivez <a href=\"https:\/\/www.africa-press.net\/\">Africa-Press<\/a><\/strong><\/p>\n","protected":false},"excerpt":{"rendered":"<p>Africa-Press &#8211; Cameroun. Il y a trois ans, des dizaines de militants du MRC ont e\u0301te\u0301 arre\u0302te\u0301s de manie\u0300re arbitraire, torture\u0301s, de\u0301tenus ille\u0301galement, juge\u0301s par des magistrats politiques corrompus, et condamne\u0301s a\u0300 de lourdes peines de prison. Cette affaire est marque\u0301e par une se\u0301rie de mensonges d&rsquo;E\u0301tat qui persistent malgre\u0301 les faits. Voici dix points [&hellip;]<\/p>\n","protected":false},"author":82,"featured_media":51520,"comment_status":"open","ping_status":"closed","sticky":false,"template":"","format":"standard","meta":{"footnotes":""},"categories":[2,10],"tags":[36,50,49],"class_list":["post-51521","post","type-post","status-publish","format-standard","has-post-thumbnail","hentry","category-politique","category-toutes-les-actualites","tag-africa-press","tag-africa-press-cameroun","tag-cameroun"],"yoast_head":"<!-- This site is optimized with the Yoast SEO Premium plugin v26.1 (Yoast SEO v27.0) - https:\/\/yoast.com\/product\/yoast-seo-premium-wordpress\/ -->\n<title>MRC : retour sur la r\u00e9pression sauvage des marches pacifiques du 22 septembre 2020 - Cameroun<\/title>\n<meta name=\"description\" content=\"Il y a trois ans, des dizaines de militants du MRC ont e\u0301te\u0301 arre\u0302te\u0301s de manie\u0300re arbitraire, torture\u0301s, de\u0301tenus ille\u0301 ...\" \/>\n<meta name=\"robots\" content=\"index, follow, max-snippet:-1, max-image-preview:large, max-video-preview:-1\" \/>\n<link rel=\"canonical\" href=\"https:\/\/www.africa-press.net\/cameroun\/politique\/mrc-retour-sur-la-repression-sauvage-des-marches-pacifiques-du-22-septembre-2020\" \/>\n<meta property=\"og:locale\" content=\"fr_FR\" \/>\n<meta property=\"og:type\" content=\"article\" \/>\n<meta property=\"og:title\" content=\"MRC : retour sur la r\u00e9pression sauvage des marches pacifiques du 22 septembre 2020\" \/>\n<meta property=\"og:description\" content=\"Il y a trois ans, des dizaines de militants du MRC ont e\u0301te\u0301 arre\u0302te\u0301s de manie\u0300re arbitraire, torture\u0301s, de\u0301tenus ille\u0301 ...\" \/>\n<meta property=\"og:url\" content=\"https:\/\/www.africa-press.net\/cameroun\/politique\/mrc-retour-sur-la-repression-sauvage-des-marches-pacifiques-du-22-septembre-2020\" \/>\n<meta property=\"og:site_name\" content=\"Cameroun\" \/>\n<meta property=\"article:published_time\" content=\"2023-09-24T18:10:39+00:00\" \/>\n<meta property=\"article:modified_time\" content=\"2023-09-24T18:38:34+00:00\" \/>\n<meta property=\"og:image\" content=\"https:\/\/static.africa-press.net\/cameroun\/sites\/57\/2023\/09\/sm_1695567996.203518.jpg\" \/>\n\t<meta property=\"og:image:width\" content=\"720\" \/>\n\t<meta property=\"og:image:height\" content=\"498\" \/>\n\t<meta property=\"og:image:type\" content=\"image\/jpeg\" \/>\n<meta name=\"author\" content=\"cfeditorfr\" \/>\n<meta name=\"twitter:card\" content=\"summary_large_image\" \/>\n<meta name=\"twitter:label1\" content=\"\u00c9crit par\" \/>\n\t<meta name=\"twitter:data1\" content=\"cfeditorfr\" \/>\n\t<meta name=\"twitter:label2\" content=\"Dur\u00e9e de lecture estim\u00e9e\" \/>\n\t<meta name=\"twitter:data2\" content=\"2 minutes\" \/>\n<script type=\"application\/ld+json\" class=\"yoast-schema-graph\">{\"@context\":\"https:\/\/schema.org\",\"@graph\":[{\"@type\":\"Article\",\"@id\":\"https:\/\/www.africa-press.net\/cameroun\/politique\/mrc-retour-sur-la-repression-sauvage-des-marches-pacifiques-du-22-septembre-2020#article\",\"isPartOf\":{\"@id\":\"https:\/\/www.africa-press.net\/cameroun\/politique\/mrc-retour-sur-la-repression-sauvage-des-marches-pacifiques-du-22-septembre-2020\"},\"author\":{\"name\":\"cfeditorfr\",\"@id\":\"https:\/\/www.africa-press.net\/cameroun\/#\/schema\/person\/2b1cf3cd81a31e3cd26889ca66d677f1\"},\"headline\":\"MRC : retour sur la r\u00e9pression sauvage des marches pacifiques du 22 septembre 2020\",\"datePublished\":\"2023-09-24T18:10:39+00:00\",\"dateModified\":\"2023-09-24T18:38:34+00:00\",\"mainEntityOfPage\":{\"@id\":\"https:\/\/www.africa-press.net\/cameroun\/politique\/mrc-retour-sur-la-repression-sauvage-des-marches-pacifiques-du-22-septembre-2020\"},\"wordCount\":410,\"commentCount\":0,\"image\":{\"@id\":\"https:\/\/www.africa-press.net\/cameroun\/politique\/mrc-retour-sur-la-repression-sauvage-des-marches-pacifiques-du-22-septembre-2020#primaryimage\"},\"thumbnailUrl\":\"https:\/\/static.africa-press.net\/cameroun\/sites\/57\/2023\/09\/sm_1695567996.203518.jpg\",\"keywords\":[\"Africa Press\",\"Africa Press-Cameroun\",\"Cameroun\"],\"articleSection\":[\"Politique\",\"Toutes les actualit\u00e9s\"],\"inLanguage\":\"fr-FR\",\"potentialAction\":[{\"@type\":\"CommentAction\",\"name\":\"Comment\",\"target\":[\"https:\/\/www.africa-press.net\/cameroun\/politique\/mrc-retour-sur-la-repression-sauvage-des-marches-pacifiques-du-22-septembre-2020#respond\"]}]},{\"@type\":\"WebPage\",\"@id\":\"https:\/\/www.africa-press.net\/cameroun\/politique\/mrc-retour-sur-la-repression-sauvage-des-marches-pacifiques-du-22-septembre-2020\",\"url\":\"https:\/\/www.africa-press.net\/cameroun\/politique\/mrc-retour-sur-la-repression-sauvage-des-marches-pacifiques-du-22-septembre-2020\",\"name\":\"MRC : retour sur la r\u00e9pression sauvage des marches pacifiques du 22 septembre 2020 - Cameroun\",\"isPartOf\":{\"@id\":\"https:\/\/www.africa-press.net\/cameroun\/#website\"},\"primaryImageOfPage\":{\"@id\":\"https:\/\/www.africa-press.net\/cameroun\/politique\/mrc-retour-sur-la-repression-sauvage-des-marches-pacifiques-du-22-septembre-2020#primaryimage\"},\"image\":{\"@id\":\"https:\/\/www.africa-press.net\/cameroun\/politique\/mrc-retour-sur-la-repression-sauvage-des-marches-pacifiques-du-22-septembre-2020#primaryimage\"},\"thumbnailUrl\":\"https:\/\/static.africa-press.net\/cameroun\/sites\/57\/2023\/09\/sm_1695567996.203518.jpg\",\"datePublished\":\"2023-09-24T18:10:39+00:00\",\"dateModified\":\"2023-09-24T18:38:34+00:00\",\"author\":{\"@id\":\"https:\/\/www.africa-press.net\/cameroun\/#\/schema\/person\/2b1cf3cd81a31e3cd26889ca66d677f1\"},\"description\":\"Il y a trois ans, des dizaines de militants du MRC ont e\u0301te\u0301 arre\u0302te\u0301s de manie\u0300re arbitraire, torture\u0301s, de\u0301tenus ille\u0301 ...\",\"breadcrumb\":{\"@id\":\"https:\/\/www.africa-press.net\/cameroun\/politique\/mrc-retour-sur-la-repression-sauvage-des-marches-pacifiques-du-22-septembre-2020#breadcrumb\"},\"inLanguage\":\"fr-FR\",\"potentialAction\":[{\"@type\":\"ReadAction\",\"target\":[\"https:\/\/www.africa-press.net\/cameroun\/politique\/mrc-retour-sur-la-repression-sauvage-des-marches-pacifiques-du-22-septembre-2020\"]}]},{\"@type\":\"ImageObject\",\"inLanguage\":\"fr-FR\",\"@id\":\"https:\/\/www.africa-press.net\/cameroun\/politique\/mrc-retour-sur-la-repression-sauvage-des-marches-pacifiques-du-22-septembre-2020#primaryimage\",\"url\":\"https:\/\/static.africa-press.net\/cameroun\/sites\/57\/2023\/09\/sm_1695567996.203518.jpg\",\"contentUrl\":\"https:\/\/static.africa-press.net\/cameroun\/sites\/57\/2023\/09\/sm_1695567996.203518.jpg\",\"width\":720,\"height\":498,\"caption\":\"MRC : retour sur la r\u00e9pression sauvage des marches pacifiques du 22 septembre 2020\"},{\"@type\":\"BreadcrumbList\",\"@id\":\"https:\/\/www.africa-press.net\/cameroun\/politique\/mrc-retour-sur-la-repression-sauvage-des-marches-pacifiques-du-22-septembre-2020#breadcrumb\",\"itemListElement\":[{\"@type\":\"ListItem\",\"position\":1,\"name\":\"Accueil\",\"item\":\"https:\/\/www.africa-press.net\/cameroun\/\"},{\"@type\":\"ListItem\",\"position\":2,\"name\":\"MRC : retour sur la r\u00e9pression sauvage des marches pacifiques du 22 septembre 2020\"}]},{\"@type\":\"WebSite\",\"@id\":\"https:\/\/www.africa-press.net\/cameroun\/#website\",\"url\":\"https:\/\/www.africa-press.net\/cameroun\/\",\"name\":\"Cameroun\",\"description\":\"Just another Africa News Agency Sites site\",\"potentialAction\":[{\"@type\":\"SearchAction\",\"target\":{\"@type\":\"EntryPoint\",\"urlTemplate\":\"https:\/\/www.africa-press.net\/cameroun\/?s={search_term_string}\"},\"query-input\":{\"@type\":\"PropertyValueSpecification\",\"valueRequired\":true,\"valueName\":\"search_term_string\"}}],\"inLanguage\":\"fr-FR\"},{\"@type\":\"Person\",\"@id\":\"https:\/\/www.africa-press.net\/cameroun\/#\/schema\/person\/2b1cf3cd81a31e3cd26889ca66d677f1\",\"name\":\"cfeditorfr\"}]}<\/script>\n<!-- \/ Yoast SEO Premium plugin. -->","yoast_head_json":{"title":"MRC : retour sur la r\u00e9pression sauvage des marches pacifiques du 22 septembre 2020 - Cameroun","description":"Il y a trois ans, des dizaines de militants du MRC ont e\u0301te\u0301 arre\u0302te\u0301s de manie\u0300re arbitraire, torture\u0301s, de\u0301tenus ille\u0301 ...","robots":{"index":"index","follow":"follow","max-snippet":"max-snippet:-1","max-image-preview":"max-image-preview:large","max-video-preview":"max-video-preview:-1"},"canonical":"https:\/\/www.africa-press.net\/cameroun\/politique\/mrc-retour-sur-la-repression-sauvage-des-marches-pacifiques-du-22-septembre-2020","og_locale":"fr_FR","og_type":"article","og_title":"MRC : retour sur la r\u00e9pression sauvage des marches pacifiques du 22 septembre 2020","og_description":"Il y a trois ans, des dizaines de militants du MRC ont e\u0301te\u0301 arre\u0302te\u0301s de manie\u0300re arbitraire, torture\u0301s, de\u0301tenus ille\u0301 ...","og_url":"https:\/\/www.africa-press.net\/cameroun\/politique\/mrc-retour-sur-la-repression-sauvage-des-marches-pacifiques-du-22-septembre-2020","og_site_name":"Cameroun","article_published_time":"2023-09-24T18:10:39+00:00","article_modified_time":"2023-09-24T18:38:34+00:00","og_image":[{"width":720,"height":498,"url":"https:\/\/static.africa-press.net\/cameroun\/sites\/57\/2023\/09\/sm_1695567996.203518.jpg","type":"image\/jpeg"}],"author":"cfeditorfr","twitter_card":"summary_large_image","twitter_misc":{"\u00c9crit par":"cfeditorfr","Dur\u00e9e de lecture estim\u00e9e":"2 minutes"},"schema":{"@context":"https:\/\/schema.org","@graph":[{"@type":"Article","@id":"https:\/\/www.africa-press.net\/cameroun\/politique\/mrc-retour-sur-la-repression-sauvage-des-marches-pacifiques-du-22-septembre-2020#article","isPartOf":{"@id":"https:\/\/www.africa-press.net\/cameroun\/politique\/mrc-retour-sur-la-repression-sauvage-des-marches-pacifiques-du-22-septembre-2020"},"author":{"name":"cfeditorfr","@id":"https:\/\/www.africa-press.net\/cameroun\/#\/schema\/person\/2b1cf3cd81a31e3cd26889ca66d677f1"},"headline":"MRC : retour sur la r\u00e9pression sauvage des marches pacifiques du 22 septembre 2020","datePublished":"2023-09-24T18:10:39+00:00","dateModified":"2023-09-24T18:38:34+00:00","mainEntityOfPage":{"@id":"https:\/\/www.africa-press.net\/cameroun\/politique\/mrc-retour-sur-la-repression-sauvage-des-marches-pacifiques-du-22-septembre-2020"},"wordCount":410,"commentCount":0,"image":{"@id":"https:\/\/www.africa-press.net\/cameroun\/politique\/mrc-retour-sur-la-repression-sauvage-des-marches-pacifiques-du-22-septembre-2020#primaryimage"},"thumbnailUrl":"https:\/\/static.africa-press.net\/cameroun\/sites\/57\/2023\/09\/sm_1695567996.203518.jpg","keywords":["Africa Press","Africa Press-Cameroun","Cameroun"],"articleSection":["Politique","Toutes les actualit\u00e9s"],"inLanguage":"fr-FR","potentialAction":[{"@type":"CommentAction","name":"Comment","target":["https:\/\/www.africa-press.net\/cameroun\/politique\/mrc-retour-sur-la-repression-sauvage-des-marches-pacifiques-du-22-septembre-2020#respond"]}]},{"@type":"WebPage","@id":"https:\/\/www.africa-press.net\/cameroun\/politique\/mrc-retour-sur-la-repression-sauvage-des-marches-pacifiques-du-22-septembre-2020","url":"https:\/\/www.africa-press.net\/cameroun\/politique\/mrc-retour-sur-la-repression-sauvage-des-marches-pacifiques-du-22-septembre-2020","name":"MRC : retour sur la r\u00e9pression sauvage des marches pacifiques du 22 septembre 2020 - Cameroun","isPartOf":{"@id":"https:\/\/www.africa-press.net\/cameroun\/#website"},"primaryImageOfPage":{"@id":"https:\/\/www.africa-press.net\/cameroun\/politique\/mrc-retour-sur-la-repression-sauvage-des-marches-pacifiques-du-22-septembre-2020#primaryimage"},"image":{"@id":"https:\/\/www.africa-press.net\/cameroun\/politique\/mrc-retour-sur-la-repression-sauvage-des-marches-pacifiques-du-22-septembre-2020#primaryimage"},"thumbnailUrl":"https:\/\/static.africa-press.net\/cameroun\/sites\/57\/2023\/09\/sm_1695567996.203518.jpg","datePublished":"2023-09-24T18:10:39+00:00","dateModified":"2023-09-24T18:38:34+00:00","author":{"@id":"https:\/\/www.africa-press.net\/cameroun\/#\/schema\/person\/2b1cf3cd81a31e3cd26889ca66d677f1"},"description":"Il y a trois ans, des dizaines de militants du MRC ont e\u0301te\u0301 arre\u0302te\u0301s de manie\u0300re arbitraire, torture\u0301s, de\u0301tenus ille\u0301 ...","breadcrumb":{"@id":"https:\/\/www.africa-press.net\/cameroun\/politique\/mrc-retour-sur-la-repression-sauvage-des-marches-pacifiques-du-22-septembre-2020#breadcrumb"},"inLanguage":"fr-FR","potentialAction":[{"@type":"ReadAction","target":["https:\/\/www.africa-press.net\/cameroun\/politique\/mrc-retour-sur-la-repression-sauvage-des-marches-pacifiques-du-22-septembre-2020"]}]},{"@type":"ImageObject","inLanguage":"fr-FR","@id":"https:\/\/www.africa-press.net\/cameroun\/politique\/mrc-retour-sur-la-repression-sauvage-des-marches-pacifiques-du-22-septembre-2020#primaryimage","url":"https:\/\/static.africa-press.net\/cameroun\/sites\/57\/2023\/09\/sm_1695567996.203518.jpg","contentUrl":"https:\/\/static.africa-press.net\/cameroun\/sites\/57\/2023\/09\/sm_1695567996.203518.jpg","width":720,"height":498,"caption":"MRC : retour sur la r\u00e9pression sauvage des marches pacifiques du 22 septembre 2020"},{"@type":"BreadcrumbList","@id":"https:\/\/www.africa-press.net\/cameroun\/politique\/mrc-retour-sur-la-repression-sauvage-des-marches-pacifiques-du-22-septembre-2020#breadcrumb","itemListElement":[{"@type":"ListItem","position":1,"name":"Accueil","item":"https:\/\/www.africa-press.net\/cameroun\/"},{"@type":"ListItem","position":2,"name":"MRC : retour sur la r\u00e9pression sauvage des marches pacifiques du 22 septembre 2020"}]},{"@type":"WebSite","@id":"https:\/\/www.africa-press.net\/cameroun\/#website","url":"https:\/\/www.africa-press.net\/cameroun\/","name":"Cameroun","description":"Just another Africa News Agency Sites site","potentialAction":[{"@type":"SearchAction","target":{"@type":"EntryPoint","urlTemplate":"https:\/\/www.africa-press.net\/cameroun\/?s={search_term_string}"},"query-input":{"@type":"PropertyValueSpecification","valueRequired":true,"valueName":"search_term_string"}}],"inLanguage":"fr-FR"},{"@type":"Person","@id":"https:\/\/www.africa-press.net\/cameroun\/#\/schema\/person\/2b1cf3cd81a31e3cd26889ca66d677f1","name":"cfeditorfr"}]}},"_links":{"self":[{"href":"https:\/\/www.africa-press.net\/cameroun\/wp-json\/wp\/v2\/posts\/51521","targetHints":{"allow":["GET"]}}],"collection":[{"href":"https:\/\/www.africa-press.net\/cameroun\/wp-json\/wp\/v2\/posts"}],"about":[{"href":"https:\/\/www.africa-press.net\/cameroun\/wp-json\/wp\/v2\/types\/post"}],"author":[{"embeddable":true,"href":"https:\/\/www.africa-press.net\/cameroun\/wp-json\/wp\/v2\/users\/82"}],"replies":[{"embeddable":true,"href":"https:\/\/www.africa-press.net\/cameroun\/wp-json\/wp\/v2\/comments?post=51521"}],"version-history":[{"count":0,"href":"https:\/\/www.africa-press.net\/cameroun\/wp-json\/wp\/v2\/posts\/51521\/revisions"}],"wp:featuredmedia":[{"embeddable":true,"href":"https:\/\/www.africa-press.net\/cameroun\/wp-json\/wp\/v2\/media\/51520"}],"wp:attachment":[{"href":"https:\/\/www.africa-press.net\/cameroun\/wp-json\/wp\/v2\/media?parent=51521"}],"wp:term":[{"taxonomy":"category","embeddable":true,"href":"https:\/\/www.africa-press.net\/cameroun\/wp-json\/wp\/v2\/categories?post=51521"},{"taxonomy":"post_tag","embeddable":true,"href":"https:\/\/www.africa-press.net\/cameroun\/wp-json\/wp\/v2\/tags?post=51521"}],"curies":[{"name":"wp","href":"https:\/\/api.w.org\/{rel}","templated":true}]}}