{"id":51531,"date":"2023-09-24T18:14:30","date_gmt":"2023-09-24T18:14:30","guid":{"rendered":"https:\/\/www.africa-press.net\/cameroun\/politique\/depenses-excessives-les-privileges-de-paul-biya-et-ses-amis-le-cameroun-noye"},"modified":"2023-09-24T18:41:37","modified_gmt":"2023-09-24T18:41:37","slug":"depenses-excessives-les-privileges-de-paul-biya-et-ses-amis-le-cameroun-noye","status":"publish","type":"post","link":"https:\/\/www.africa-press.net\/cameroun\/politique\/depenses-excessives-les-privileges-de-paul-biya-et-ses-amis-le-cameroun-noye","title":{"rendered":"D\u00e9penses excessives : les privil\u00e8ges de Paul Biya et ses amis ; le Cameroun noy\u00e9"},"content":{"rendered":"<p><span style=\"color: #ff6600\"><strong>Africa-Press &#8211; Cameroun. <\/strong><\/span>Le Cameroun, comme de nombreux pays africains, est aux prises avec d&rsquo;importants de\u0301fis socio-e\u0301conomiques, en particulier dans le domaine de l&rsquo;e\u0301ducation. Tandis que les enseignants se battent depuis des de\u0301cennies pour des salaires de\u0301cents, des promotions et de meilleures conditions de travail, le gouvernement, sous la pre\u0301sidence de Paul Biya, est re\u0301gulie\u0300rement critique\u0301 pour ses de\u0301penses excessives et son extravagance.<\/p>\n<p>En juin dernier, la re\u0301ve\u0301lation qu&rsquo;Ayang Luc, le pre\u0301sident du Conseil e\u0301conomique et social du Cameroun, avait demande\u0301 un montant de 2 milliards de francs CFA (environ 3,4 millions de dollars) pour la construction d&rsquo;une partie de sa re\u0301sidence a choque\u0301 l&rsquo;opinion publique. Malgre\u0301 les protestations et les critiques, il semble que les autorite\u0301s restent insensibles aux pre\u0301occupations de la population.<\/p>\n<p>Re\u0301cemment, la Socie\u0301te\u0301 Ge\u0301ne\u0301rale de Construction SARL a obtenu le marche\u0301 de construction de cette re\u0301sidence pour un montant de 1,7 milliard de francs CFA, a\u0300 peine moins que les 2 milliards initialement demande\u0301s. Cette nouvelle tendance sugge\u0300re que les responsables politiques continuent de vider les caisses de l&rsquo;E\u0301tat a\u0300 des fins personnelles, ignorant les besoins urgents de la population.<\/p>\n<p>Il est crucial de noter qu&rsquo;Ayang Luc est pre\u0301sident du Conseil e\u0301conomique et social depuis pre\u0300s de 40 ans. Auparavant, il a e\u0301te\u0301 Premier Ministre du Cameroun en 1983-1984. Ses demandes de financement public pour sa re\u0301sidence prive\u0301e soule\u0300vent des questions sur la responsabilite\u0301 et la transparence dans l&rsquo;utilisation des ressources de l&rsquo;E\u0301tat.<\/p>\n<p>Le Conseil e\u0301conomique et social, une institution cense\u0301e garantir une e\u0301conomie solide et pre\u0301venir les tensions sociales, est largement me\u0301connu du public camerounais. Ses dernie\u0300res sessions datent de 1986, et il n&rsquo;a pas apporte\u0301 de contribution significative a\u0300 la re\u0301solution des proble\u0300mes majeurs auxquels le pays est confronte\u0301, notamment la crise anglophone, la crise des enseignants, la crise e\u0301conomique et la crise se\u0301curitaire, entre autres.<\/p>\n<p>De plus, le Conseil e\u0301conomique et social a de\u0301pense\u0301 des milliards de francs CFA pour construire son propre sie\u0300ge a\u0300 Yaounde\u0301, sans que cela se traduise par des re\u0301sultats tangibles.<\/p>\n<p>Pendant que la population camerounaise endure de nombreuses difficulte\u0301s, y compris des enle\u0300vements et des assassinats, certains hauts fonctionnaires continuent d&rsquo;exiger des financements publics pour leurs projets personnels, suscitant l&rsquo;indignation ge\u0301ne\u0301rale.<\/p>\n<p>Cette situation met en e\u0301vidence la ne\u0301cessite\u0301 d&rsquo;une gestion responsable des finances publiques et de la redevabilite\u0301 de la part des dirigeants camerounais. Les de\u0301penses excessives et les demandes de financements publics pour des projets personnels sont perc\u0327ues comme une insulte envers les enseignants, les travailleurs et la population en ge\u0301ne\u0301ral, qui luttent pour des conditions de vie dignes et une e\u0301ducation de qualite\u0301. La question de la transparence et de la responsabilite\u0301 continue de peser sur le gouvernement camerounais, qui doit re\u0301pondre aux pre\u0301occupations le\u0301gitimes de la population.<\/p>\n<p><strong>Pour plus d&rsquo;informations et d&rsquo;analyses sur la <a href=\"https:\/\/www.africa-press.net\/cameroun\">Cameroun<\/a>, suivez <a href=\"https:\/\/www.africa-press.net\/\">Africa-Press<\/a><\/strong><\/p>\n","protected":false},"excerpt":{"rendered":"<p>Africa-Press &#8211; Cameroun. Le Cameroun, comme de nombreux pays africains, est aux prises avec d&rsquo;importants de\u0301fis socio-e\u0301conomiques, en particulier dans le domaine de l&rsquo;e\u0301ducation. Tandis que les enseignants se battent depuis des de\u0301cennies pour des salaires de\u0301cents, des promotions et de meilleures conditions de travail, le gouvernement, sous la pre\u0301sidence de Paul Biya, est re\u0301gulie\u0300rement [&hellip;]<\/p>\n","protected":false},"author":82,"featured_media":51529,"comment_status":"open","ping_status":"closed","sticky":false,"template":"","format":"standard","meta":{"footnotes":""},"categories":[2,10],"tags":[36,50,49],"class_list":["post-51531","post","type-post","status-publish","format-standard","has-post-thumbnail","hentry","category-politique","category-toutes-les-actualites","tag-africa-press","tag-africa-press-cameroun","tag-cameroun"],"yoast_head":"<!-- This site is optimized with the Yoast SEO Premium plugin v26.1 (Yoast SEO v27.0) - https:\/\/yoast.com\/product\/yoast-seo-premium-wordpress\/ -->\n<title>D\u00e9penses excessives : les privil\u00e8ges de Paul Biya et ses amis ; le Cameroun noy\u00e9 - Cameroun<\/title>\n<meta name=\"description\" content=\"Le Cameroun, comme de nombreux pays africains, est aux prises avec d&#039;importants de\u0301fis socio-e\u0301conomiques, en particulie ...\" \/>\n<meta name=\"robots\" content=\"index, follow, max-snippet:-1, max-image-preview:large, max-video-preview:-1\" \/>\n<link rel=\"canonical\" href=\"https:\/\/www.africa-press.net\/cameroun\/politique\/depenses-excessives-les-privileges-de-paul-biya-et-ses-amis-le-cameroun-noye\" \/>\n<meta property=\"og:locale\" content=\"fr_FR\" \/>\n<meta property=\"og:type\" content=\"article\" \/>\n<meta property=\"og:title\" content=\"D\u00e9penses excessives : les privil\u00e8ges de Paul Biya et ses amis ; le Cameroun noy\u00e9\" \/>\n<meta property=\"og:description\" content=\"Le Cameroun, comme de nombreux pays africains, est aux prises avec d&#039;importants de\u0301fis socio-e\u0301conomiques, en particulie ...\" \/>\n<meta property=\"og:url\" content=\"https:\/\/www.africa-press.net\/cameroun\/politique\/depenses-excessives-les-privileges-de-paul-biya-et-ses-amis-le-cameroun-noye\" \/>\n<meta property=\"og:site_name\" content=\"Cameroun\" \/>\n<meta property=\"article:published_time\" content=\"2023-09-24T18:14:30+00:00\" \/>\n<meta property=\"article:modified_time\" content=\"2023-09-24T18:41:37+00:00\" \/>\n<meta property=\"og:image\" content=\"https:\/\/static.africa-press.net\/cameroun\/sites\/57\/2023\/09\/sm_1695568136.618496.jpg\" \/>\n\t<meta property=\"og:image:width\" content=\"720\" \/>\n\t<meta property=\"og:image:height\" content=\"480\" \/>\n\t<meta property=\"og:image:type\" content=\"image\/jpeg\" \/>\n<meta name=\"author\" content=\"cfeditorfr\" \/>\n<meta name=\"twitter:card\" content=\"summary_large_image\" \/>\n<meta name=\"twitter:label1\" content=\"\u00c9crit par\" \/>\n\t<meta name=\"twitter:data1\" content=\"cfeditorfr\" \/>\n\t<meta name=\"twitter:label2\" content=\"Dur\u00e9e de lecture estim\u00e9e\" \/>\n\t<meta name=\"twitter:data2\" content=\"3 minutes\" \/>\n<script type=\"application\/ld+json\" class=\"yoast-schema-graph\">{\"@context\":\"https:\/\/schema.org\",\"@graph\":[{\"@type\":\"Article\",\"@id\":\"https:\/\/www.africa-press.net\/cameroun\/politique\/depenses-excessives-les-privileges-de-paul-biya-et-ses-amis-le-cameroun-noye#article\",\"isPartOf\":{\"@id\":\"https:\/\/www.africa-press.net\/cameroun\/politique\/depenses-excessives-les-privileges-de-paul-biya-et-ses-amis-le-cameroun-noye\"},\"author\":{\"name\":\"cfeditorfr\",\"@id\":\"https:\/\/www.africa-press.net\/cameroun\/#\/schema\/person\/2b1cf3cd81a31e3cd26889ca66d677f1\"},\"headline\":\"D\u00e9penses excessives : les privil\u00e8ges de Paul Biya et ses amis ; le Cameroun noy\u00e9\",\"datePublished\":\"2023-09-24T18:14:30+00:00\",\"dateModified\":\"2023-09-24T18:41:37+00:00\",\"mainEntityOfPage\":{\"@id\":\"https:\/\/www.africa-press.net\/cameroun\/politique\/depenses-excessives-les-privileges-de-paul-biya-et-ses-amis-le-cameroun-noye\"},\"wordCount\":546,\"commentCount\":0,\"image\":{\"@id\":\"https:\/\/www.africa-press.net\/cameroun\/politique\/depenses-excessives-les-privileges-de-paul-biya-et-ses-amis-le-cameroun-noye#primaryimage\"},\"thumbnailUrl\":\"https:\/\/static.africa-press.net\/cameroun\/sites\/57\/2023\/09\/sm_1695568136.618496.jpg\",\"keywords\":[\"Africa Press\",\"Africa Press-Cameroun\",\"Cameroun\"],\"articleSection\":[\"Politique\",\"Toutes les actualit\u00e9s\"],\"inLanguage\":\"fr-FR\",\"potentialAction\":[{\"@type\":\"CommentAction\",\"name\":\"Comment\",\"target\":[\"https:\/\/www.africa-press.net\/cameroun\/politique\/depenses-excessives-les-privileges-de-paul-biya-et-ses-amis-le-cameroun-noye#respond\"]}]},{\"@type\":\"WebPage\",\"@id\":\"https:\/\/www.africa-press.net\/cameroun\/politique\/depenses-excessives-les-privileges-de-paul-biya-et-ses-amis-le-cameroun-noye\",\"url\":\"https:\/\/www.africa-press.net\/cameroun\/politique\/depenses-excessives-les-privileges-de-paul-biya-et-ses-amis-le-cameroun-noye\",\"name\":\"D\u00e9penses excessives : les privil\u00e8ges de Paul Biya et ses amis ; le Cameroun noy\u00e9 - Cameroun\",\"isPartOf\":{\"@id\":\"https:\/\/www.africa-press.net\/cameroun\/#website\"},\"primaryImageOfPage\":{\"@id\":\"https:\/\/www.africa-press.net\/cameroun\/politique\/depenses-excessives-les-privileges-de-paul-biya-et-ses-amis-le-cameroun-noye#primaryimage\"},\"image\":{\"@id\":\"https:\/\/www.africa-press.net\/cameroun\/politique\/depenses-excessives-les-privileges-de-paul-biya-et-ses-amis-le-cameroun-noye#primaryimage\"},\"thumbnailUrl\":\"https:\/\/static.africa-press.net\/cameroun\/sites\/57\/2023\/09\/sm_1695568136.618496.jpg\",\"datePublished\":\"2023-09-24T18:14:30+00:00\",\"dateModified\":\"2023-09-24T18:41:37+00:00\",\"author\":{\"@id\":\"https:\/\/www.africa-press.net\/cameroun\/#\/schema\/person\/2b1cf3cd81a31e3cd26889ca66d677f1\"},\"description\":\"Le Cameroun, comme de nombreux pays africains, est aux prises avec d'importants de\u0301fis socio-e\u0301conomiques, en particulie ...\",\"breadcrumb\":{\"@id\":\"https:\/\/www.africa-press.net\/cameroun\/politique\/depenses-excessives-les-privileges-de-paul-biya-et-ses-amis-le-cameroun-noye#breadcrumb\"},\"inLanguage\":\"fr-FR\",\"potentialAction\":[{\"@type\":\"ReadAction\",\"target\":[\"https:\/\/www.africa-press.net\/cameroun\/politique\/depenses-excessives-les-privileges-de-paul-biya-et-ses-amis-le-cameroun-noye\"]}]},{\"@type\":\"ImageObject\",\"inLanguage\":\"fr-FR\",\"@id\":\"https:\/\/www.africa-press.net\/cameroun\/politique\/depenses-excessives-les-privileges-de-paul-biya-et-ses-amis-le-cameroun-noye#primaryimage\",\"url\":\"https:\/\/static.africa-press.net\/cameroun\/sites\/57\/2023\/09\/sm_1695568136.618496.jpg\",\"contentUrl\":\"https:\/\/static.africa-press.net\/cameroun\/sites\/57\/2023\/09\/sm_1695568136.618496.jpg\",\"width\":720,\"height\":480,\"caption\":\"D\u00e9penses excessives : les privil\u00e8ges de Paul Biya et ses amis ; le Cameroun noy\u00e9\"},{\"@type\":\"BreadcrumbList\",\"@id\":\"https:\/\/www.africa-press.net\/cameroun\/politique\/depenses-excessives-les-privileges-de-paul-biya-et-ses-amis-le-cameroun-noye#breadcrumb\",\"itemListElement\":[{\"@type\":\"ListItem\",\"position\":1,\"name\":\"Accueil\",\"item\":\"https:\/\/www.africa-press.net\/cameroun\/\"},{\"@type\":\"ListItem\",\"position\":2,\"name\":\"D\u00e9penses excessives : les privil\u00e8ges de Paul Biya et ses amis ; le Cameroun noy\u00e9\"}]},{\"@type\":\"WebSite\",\"@id\":\"https:\/\/www.africa-press.net\/cameroun\/#website\",\"url\":\"https:\/\/www.africa-press.net\/cameroun\/\",\"name\":\"Cameroun\",\"description\":\"Just another Africa News Agency Sites site\",\"potentialAction\":[{\"@type\":\"SearchAction\",\"target\":{\"@type\":\"EntryPoint\",\"urlTemplate\":\"https:\/\/www.africa-press.net\/cameroun\/?s={search_term_string}\"},\"query-input\":{\"@type\":\"PropertyValueSpecification\",\"valueRequired\":true,\"valueName\":\"search_term_string\"}}],\"inLanguage\":\"fr-FR\"},{\"@type\":\"Person\",\"@id\":\"https:\/\/www.africa-press.net\/cameroun\/#\/schema\/person\/2b1cf3cd81a31e3cd26889ca66d677f1\",\"name\":\"cfeditorfr\"}]}<\/script>\n<!-- \/ Yoast SEO Premium plugin. -->","yoast_head_json":{"title":"D\u00e9penses excessives : les privil\u00e8ges de Paul Biya et ses amis ; le Cameroun noy\u00e9 - Cameroun","description":"Le Cameroun, comme de nombreux pays africains, est aux prises avec d'importants de\u0301fis socio-e\u0301conomiques, en particulie ...","robots":{"index":"index","follow":"follow","max-snippet":"max-snippet:-1","max-image-preview":"max-image-preview:large","max-video-preview":"max-video-preview:-1"},"canonical":"https:\/\/www.africa-press.net\/cameroun\/politique\/depenses-excessives-les-privileges-de-paul-biya-et-ses-amis-le-cameroun-noye","og_locale":"fr_FR","og_type":"article","og_title":"D\u00e9penses excessives : les privil\u00e8ges de Paul Biya et ses amis ; le Cameroun noy\u00e9","og_description":"Le Cameroun, comme de nombreux pays africains, est aux prises avec d'importants de\u0301fis socio-e\u0301conomiques, en particulie ...","og_url":"https:\/\/www.africa-press.net\/cameroun\/politique\/depenses-excessives-les-privileges-de-paul-biya-et-ses-amis-le-cameroun-noye","og_site_name":"Cameroun","article_published_time":"2023-09-24T18:14:30+00:00","article_modified_time":"2023-09-24T18:41:37+00:00","og_image":[{"width":720,"height":480,"url":"https:\/\/static.africa-press.net\/cameroun\/sites\/57\/2023\/09\/sm_1695568136.618496.jpg","type":"image\/jpeg"}],"author":"cfeditorfr","twitter_card":"summary_large_image","twitter_misc":{"\u00c9crit par":"cfeditorfr","Dur\u00e9e de lecture estim\u00e9e":"3 minutes"},"schema":{"@context":"https:\/\/schema.org","@graph":[{"@type":"Article","@id":"https:\/\/www.africa-press.net\/cameroun\/politique\/depenses-excessives-les-privileges-de-paul-biya-et-ses-amis-le-cameroun-noye#article","isPartOf":{"@id":"https:\/\/www.africa-press.net\/cameroun\/politique\/depenses-excessives-les-privileges-de-paul-biya-et-ses-amis-le-cameroun-noye"},"author":{"name":"cfeditorfr","@id":"https:\/\/www.africa-press.net\/cameroun\/#\/schema\/person\/2b1cf3cd81a31e3cd26889ca66d677f1"},"headline":"D\u00e9penses excessives : les privil\u00e8ges de Paul Biya et ses amis ; le Cameroun noy\u00e9","datePublished":"2023-09-24T18:14:30+00:00","dateModified":"2023-09-24T18:41:37+00:00","mainEntityOfPage":{"@id":"https:\/\/www.africa-press.net\/cameroun\/politique\/depenses-excessives-les-privileges-de-paul-biya-et-ses-amis-le-cameroun-noye"},"wordCount":546,"commentCount":0,"image":{"@id":"https:\/\/www.africa-press.net\/cameroun\/politique\/depenses-excessives-les-privileges-de-paul-biya-et-ses-amis-le-cameroun-noye#primaryimage"},"thumbnailUrl":"https:\/\/static.africa-press.net\/cameroun\/sites\/57\/2023\/09\/sm_1695568136.618496.jpg","keywords":["Africa Press","Africa Press-Cameroun","Cameroun"],"articleSection":["Politique","Toutes les actualit\u00e9s"],"inLanguage":"fr-FR","potentialAction":[{"@type":"CommentAction","name":"Comment","target":["https:\/\/www.africa-press.net\/cameroun\/politique\/depenses-excessives-les-privileges-de-paul-biya-et-ses-amis-le-cameroun-noye#respond"]}]},{"@type":"WebPage","@id":"https:\/\/www.africa-press.net\/cameroun\/politique\/depenses-excessives-les-privileges-de-paul-biya-et-ses-amis-le-cameroun-noye","url":"https:\/\/www.africa-press.net\/cameroun\/politique\/depenses-excessives-les-privileges-de-paul-biya-et-ses-amis-le-cameroun-noye","name":"D\u00e9penses excessives : les privil\u00e8ges de Paul Biya et ses amis ; le Cameroun noy\u00e9 - Cameroun","isPartOf":{"@id":"https:\/\/www.africa-press.net\/cameroun\/#website"},"primaryImageOfPage":{"@id":"https:\/\/www.africa-press.net\/cameroun\/politique\/depenses-excessives-les-privileges-de-paul-biya-et-ses-amis-le-cameroun-noye#primaryimage"},"image":{"@id":"https:\/\/www.africa-press.net\/cameroun\/politique\/depenses-excessives-les-privileges-de-paul-biya-et-ses-amis-le-cameroun-noye#primaryimage"},"thumbnailUrl":"https:\/\/static.africa-press.net\/cameroun\/sites\/57\/2023\/09\/sm_1695568136.618496.jpg","datePublished":"2023-09-24T18:14:30+00:00","dateModified":"2023-09-24T18:41:37+00:00","author":{"@id":"https:\/\/www.africa-press.net\/cameroun\/#\/schema\/person\/2b1cf3cd81a31e3cd26889ca66d677f1"},"description":"Le Cameroun, comme de nombreux pays africains, est aux prises avec d'importants de\u0301fis socio-e\u0301conomiques, en particulie ...","breadcrumb":{"@id":"https:\/\/www.africa-press.net\/cameroun\/politique\/depenses-excessives-les-privileges-de-paul-biya-et-ses-amis-le-cameroun-noye#breadcrumb"},"inLanguage":"fr-FR","potentialAction":[{"@type":"ReadAction","target":["https:\/\/www.africa-press.net\/cameroun\/politique\/depenses-excessives-les-privileges-de-paul-biya-et-ses-amis-le-cameroun-noye"]}]},{"@type":"ImageObject","inLanguage":"fr-FR","@id":"https:\/\/www.africa-press.net\/cameroun\/politique\/depenses-excessives-les-privileges-de-paul-biya-et-ses-amis-le-cameroun-noye#primaryimage","url":"https:\/\/static.africa-press.net\/cameroun\/sites\/57\/2023\/09\/sm_1695568136.618496.jpg","contentUrl":"https:\/\/static.africa-press.net\/cameroun\/sites\/57\/2023\/09\/sm_1695568136.618496.jpg","width":720,"height":480,"caption":"D\u00e9penses excessives : les privil\u00e8ges de Paul Biya et ses amis ; le Cameroun noy\u00e9"},{"@type":"BreadcrumbList","@id":"https:\/\/www.africa-press.net\/cameroun\/politique\/depenses-excessives-les-privileges-de-paul-biya-et-ses-amis-le-cameroun-noye#breadcrumb","itemListElement":[{"@type":"ListItem","position":1,"name":"Accueil","item":"https:\/\/www.africa-press.net\/cameroun\/"},{"@type":"ListItem","position":2,"name":"D\u00e9penses excessives : les privil\u00e8ges de Paul Biya et ses amis ; le Cameroun noy\u00e9"}]},{"@type":"WebSite","@id":"https:\/\/www.africa-press.net\/cameroun\/#website","url":"https:\/\/www.africa-press.net\/cameroun\/","name":"Cameroun","description":"Just another Africa News Agency Sites site","potentialAction":[{"@type":"SearchAction","target":{"@type":"EntryPoint","urlTemplate":"https:\/\/www.africa-press.net\/cameroun\/?s={search_term_string}"},"query-input":{"@type":"PropertyValueSpecification","valueRequired":true,"valueName":"search_term_string"}}],"inLanguage":"fr-FR"},{"@type":"Person","@id":"https:\/\/www.africa-press.net\/cameroun\/#\/schema\/person\/2b1cf3cd81a31e3cd26889ca66d677f1","name":"cfeditorfr"}]}},"_links":{"self":[{"href":"https:\/\/www.africa-press.net\/cameroun\/wp-json\/wp\/v2\/posts\/51531","targetHints":{"allow":["GET"]}}],"collection":[{"href":"https:\/\/www.africa-press.net\/cameroun\/wp-json\/wp\/v2\/posts"}],"about":[{"href":"https:\/\/www.africa-press.net\/cameroun\/wp-json\/wp\/v2\/types\/post"}],"author":[{"embeddable":true,"href":"https:\/\/www.africa-press.net\/cameroun\/wp-json\/wp\/v2\/users\/82"}],"replies":[{"embeddable":true,"href":"https:\/\/www.africa-press.net\/cameroun\/wp-json\/wp\/v2\/comments?post=51531"}],"version-history":[{"count":0,"href":"https:\/\/www.africa-press.net\/cameroun\/wp-json\/wp\/v2\/posts\/51531\/revisions"}],"wp:featuredmedia":[{"embeddable":true,"href":"https:\/\/www.africa-press.net\/cameroun\/wp-json\/wp\/v2\/media\/51529"}],"wp:attachment":[{"href":"https:\/\/www.africa-press.net\/cameroun\/wp-json\/wp\/v2\/media?parent=51531"}],"wp:term":[{"taxonomy":"category","embeddable":true,"href":"https:\/\/www.africa-press.net\/cameroun\/wp-json\/wp\/v2\/categories?post=51531"},{"taxonomy":"post_tag","embeddable":true,"href":"https:\/\/www.africa-press.net\/cameroun\/wp-json\/wp\/v2\/tags?post=51531"}],"curies":[{"name":"wp","href":"https:\/\/api.w.org\/{rel}","templated":true}]}}