{"id":51533,"date":"2023-09-24T18:15:00","date_gmt":"2023-09-24T18:15:00","guid":{"rendered":"https:\/\/www.africa-press.net\/cameroun\/politique\/necrologie-la-presse-camerounaise-en-deuil-un-celebre-journaliste-decede-ce-samedi"},"modified":"2023-09-24T18:42:15","modified_gmt":"2023-09-24T18:42:15","slug":"necrologie-la-presse-camerounaise-en-deuil-un-celebre-journaliste-decede-ce-samedi","status":"publish","type":"post","link":"https:\/\/www.africa-press.net\/cameroun\/toutes-les-actualites\/necrologie-la-presse-camerounaise-en-deuil-un-celebre-journaliste-decede-ce-samedi","title":{"rendered":"N\u00e9crologie : la presse camerounaise en deuil ; un c\u00e9l\u00e8bre journaliste d\u00e9c\u00e9d\u00e9 ce samedi"},"content":{"rendered":"<p><span style=\"color: #ff6600\"><strong>Africa-Press &#8211; Cameroun. <\/strong><\/span>La presse camerounaise est endeuille\u0301e par la perte d&rsquo;Alain Njipou, grand reporter e\u0301me\u0301rite au quotidien Le Messager. Ce ve\u0301te\u0301ran du journalisme camerounais a tragiquement succombe\u0301 a\u0300 une longue bataille contre l&rsquo;insuffisance re\u0301nale le samedi 23 septembre 2023, a\u0300 l&rsquo;a\u0302ge de 48 ans. Alain Njipou e\u0301tait un visage bien connu dans le paysage me\u0301diatique camerounais, et son de\u0301ce\u0300s laisse un vide important dans la profession.<\/p>\n<p>Alain Njipou e\u0301tait base\u0301 a\u0300 Douala, la capitale e\u0301conomique du Cameroun, ou\u0300 il exerc\u0327ait son me\u0301tier avec passion et de\u0301vouement. Son flair journalistique et son engagement envers le me\u0301tier l&rsquo;ont distingue\u0301 comme l&rsquo;un des grands reporters du pays. Malheureusement, une insuffisance re\u0301nale contre laquelle il se battait depuis un certain temps a finalement eu raison de lui.<\/p>\n<p>Quatre jours seulement avant son de\u0301ce\u0300s, Alain Njipou avait couvert l&rsquo;activite\u0301 lie\u0301e a\u0300 la rentre\u0301e du Redhac (Re\u0301seau des de\u0301fenseurs des droits humains en Afrique centrale) a\u0300 Douala. Son engagement a\u0300 rester actif dans le domaine du journalisme e\u0301tait inde\u0301niable, me\u0302me en de\u0301pit de sa maladie.<\/p>\n<p>Alain Njipou e\u0301tait e\u0301galement un visage familier sur les e\u0301crans de te\u0301le\u0301vision, ou\u0300 il participait re\u0301gulie\u0300rement a\u0300 l&rsquo;e\u0301mission E\u0301quinoxe Soir sur E\u0301quinoxe Tv. Son expertise, sa voix e\u0301loquente et son de\u0301vouement a\u0300 informer le public ont contribue\u0301 a\u0300 sa renomme\u0301e dans le monde des me\u0301dias.<\/p>\n<p>Le de\u0301ce\u0300s soudain d&rsquo;Alain Njipou laisse un grand vide dans la presse camerounaise, et il sera longtemps rappele\u0301 pour ses reportages perspicaces et son de\u0301vouement inde\u0301fectible a\u0300 la profession.<\/p>\n<p>En ces moments difficiles, nos pense\u0301es et nos condole\u0301ances vont a\u0300 sa famille, a\u0300 ses amis, a\u0300 ses colle\u0300gues journalistes et a\u0300 tous ceux qui ont eu le privile\u0300ge de le connai\u0302tre. Qu&rsquo;il repose en paix.<\/p>\n<p><strong>Pour plus d&rsquo;informations et d&rsquo;analyses sur la <a href=\"https:\/\/www.africa-press.net\/cameroun\">Cameroun<\/a>, suivez <a href=\"https:\/\/www.africa-press.net\/\">Africa-Press<\/a><\/strong><\/p>\n","protected":false},"excerpt":{"rendered":"<p>Africa-Press &#8211; Cameroun. La presse camerounaise est endeuille\u0301e par la perte d&rsquo;Alain Njipou, grand reporter e\u0301me\u0301rite au quotidien Le Messager. Ce ve\u0301te\u0301ran du journalisme camerounais a tragiquement succombe\u0301 a\u0300 une longue bataille contre l&rsquo;insuffisance re\u0301nale le samedi 23 septembre 2023, a\u0300 l&rsquo;a\u0302ge de 48 ans. Alain Njipou e\u0301tait un visage bien connu dans le paysage [&hellip;]<\/p>\n","protected":false},"author":82,"featured_media":51532,"comment_status":"open","ping_status":"closed","sticky":false,"template":"","format":"standard","meta":{"footnotes":""},"categories":[21,10],"tags":[36,50,49],"class_list":["post-51533","post","type-post","status-publish","format-standard","has-post-thumbnail","hentry","category-communaute","category-toutes-les-actualites","tag-africa-press","tag-africa-press-cameroun","tag-cameroun"],"yoast_head":"<!-- This site is optimized with the Yoast SEO Premium plugin v26.1 (Yoast SEO v27.0) - https:\/\/yoast.com\/product\/yoast-seo-premium-wordpress\/ -->\n<title>N\u00e9crologie : la presse camerounaise en deuil ; un c\u00e9l\u00e8bre journaliste d\u00e9c\u00e9d\u00e9 ce samedi - Cameroun<\/title>\n<meta name=\"description\" content=\"La presse camerounaise est endeuille\u0301e par la perte d&#039;Alain Njipou, grand reporter e\u0301me\u0301rite au quotidien Le Messager. C ...\" \/>\n<meta name=\"robots\" content=\"index, follow, max-snippet:-1, max-image-preview:large, max-video-preview:-1\" \/>\n<link rel=\"canonical\" href=\"https:\/\/www.africa-press.net\/cameroun\/toutes-les-actualites\/necrologie-la-presse-camerounaise-en-deuil-un-celebre-journaliste-decede-ce-samedi\" \/>\n<meta property=\"og:locale\" content=\"fr_FR\" \/>\n<meta property=\"og:type\" content=\"article\" \/>\n<meta property=\"og:title\" content=\"N\u00e9crologie : la presse camerounaise en deuil ; un c\u00e9l\u00e8bre journaliste d\u00e9c\u00e9d\u00e9 ce samedi\" \/>\n<meta property=\"og:description\" content=\"La presse camerounaise est endeuille\u0301e par la perte d&#039;Alain Njipou, grand reporter e\u0301me\u0301rite au quotidien Le Messager. C ...\" \/>\n<meta property=\"og:url\" content=\"https:\/\/www.africa-press.net\/cameroun\/toutes-les-actualites\/necrologie-la-presse-camerounaise-en-deuil-un-celebre-journaliste-decede-ce-samedi\" \/>\n<meta property=\"og:site_name\" content=\"Cameroun\" \/>\n<meta property=\"article:published_time\" content=\"2023-09-24T18:15:00+00:00\" \/>\n<meta property=\"article:modified_time\" content=\"2023-09-24T18:42:15+00:00\" \/>\n<meta property=\"og:image\" content=\"https:\/\/static.africa-press.net\/cameroun\/sites\/57\/2023\/09\/sm_1695568172.132749.jpg\" \/>\n\t<meta property=\"og:image:width\" content=\"720\" \/>\n\t<meta property=\"og:image:height\" content=\"540\" \/>\n\t<meta property=\"og:image:type\" content=\"image\/jpeg\" \/>\n<meta name=\"author\" content=\"cfeditorfr\" \/>\n<meta name=\"twitter:card\" content=\"summary_large_image\" \/>\n<meta name=\"twitter:label1\" content=\"\u00c9crit par\" \/>\n\t<meta name=\"twitter:data1\" content=\"cfeditorfr\" \/>\n\t<meta name=\"twitter:label2\" content=\"Dur\u00e9e de lecture estim\u00e9e\" \/>\n\t<meta name=\"twitter:data2\" content=\"2 minutes\" \/>\n<script type=\"application\/ld+json\" class=\"yoast-schema-graph\">{\"@context\":\"https:\/\/schema.org\",\"@graph\":[{\"@type\":\"Article\",\"@id\":\"https:\/\/www.africa-press.net\/cameroun\/toutes-les-actualites\/necrologie-la-presse-camerounaise-en-deuil-un-celebre-journaliste-decede-ce-samedi#article\",\"isPartOf\":{\"@id\":\"https:\/\/www.africa-press.net\/cameroun\/toutes-les-actualites\/necrologie-la-presse-camerounaise-en-deuil-un-celebre-journaliste-decede-ce-samedi\"},\"author\":{\"name\":\"cfeditorfr\",\"@id\":\"https:\/\/www.africa-press.net\/cameroun\/#\/schema\/person\/2b1cf3cd81a31e3cd26889ca66d677f1\"},\"headline\":\"N\u00e9crologie : la presse camerounaise en deuil ; un c\u00e9l\u00e8bre journaliste d\u00e9c\u00e9d\u00e9 ce samedi\",\"datePublished\":\"2023-09-24T18:15:00+00:00\",\"dateModified\":\"2023-09-24T18:42:15+00:00\",\"mainEntityOfPage\":{\"@id\":\"https:\/\/www.africa-press.net\/cameroun\/toutes-les-actualites\/necrologie-la-presse-camerounaise-en-deuil-un-celebre-journaliste-decede-ce-samedi\"},\"wordCount\":366,\"commentCount\":0,\"image\":{\"@id\":\"https:\/\/www.africa-press.net\/cameroun\/toutes-les-actualites\/necrologie-la-presse-camerounaise-en-deuil-un-celebre-journaliste-decede-ce-samedi#primaryimage\"},\"thumbnailUrl\":\"https:\/\/static.africa-press.net\/cameroun\/sites\/57\/2023\/09\/sm_1695568172.132749.jpg\",\"keywords\":[\"Africa Press\",\"Africa Press-Cameroun\",\"Cameroun\"],\"articleSection\":[\"Communaut\u00e9\",\"Toutes les actualit\u00e9s\"],\"inLanguage\":\"fr-FR\",\"potentialAction\":[{\"@type\":\"CommentAction\",\"name\":\"Comment\",\"target\":[\"https:\/\/www.africa-press.net\/cameroun\/toutes-les-actualites\/necrologie-la-presse-camerounaise-en-deuil-un-celebre-journaliste-decede-ce-samedi#respond\"]}]},{\"@type\":\"WebPage\",\"@id\":\"https:\/\/www.africa-press.net\/cameroun\/toutes-les-actualites\/necrologie-la-presse-camerounaise-en-deuil-un-celebre-journaliste-decede-ce-samedi\",\"url\":\"https:\/\/www.africa-press.net\/cameroun\/toutes-les-actualites\/necrologie-la-presse-camerounaise-en-deuil-un-celebre-journaliste-decede-ce-samedi\",\"name\":\"N\u00e9crologie : la presse camerounaise en deuil ; un c\u00e9l\u00e8bre journaliste d\u00e9c\u00e9d\u00e9 ce samedi - Cameroun\",\"isPartOf\":{\"@id\":\"https:\/\/www.africa-press.net\/cameroun\/#website\"},\"primaryImageOfPage\":{\"@id\":\"https:\/\/www.africa-press.net\/cameroun\/toutes-les-actualites\/necrologie-la-presse-camerounaise-en-deuil-un-celebre-journaliste-decede-ce-samedi#primaryimage\"},\"image\":{\"@id\":\"https:\/\/www.africa-press.net\/cameroun\/toutes-les-actualites\/necrologie-la-presse-camerounaise-en-deuil-un-celebre-journaliste-decede-ce-samedi#primaryimage\"},\"thumbnailUrl\":\"https:\/\/static.africa-press.net\/cameroun\/sites\/57\/2023\/09\/sm_1695568172.132749.jpg\",\"datePublished\":\"2023-09-24T18:15:00+00:00\",\"dateModified\":\"2023-09-24T18:42:15+00:00\",\"author\":{\"@id\":\"https:\/\/www.africa-press.net\/cameroun\/#\/schema\/person\/2b1cf3cd81a31e3cd26889ca66d677f1\"},\"description\":\"La presse camerounaise est endeuille\u0301e par la perte d'Alain Njipou, grand reporter e\u0301me\u0301rite au quotidien Le Messager. C ...\",\"breadcrumb\":{\"@id\":\"https:\/\/www.africa-press.net\/cameroun\/toutes-les-actualites\/necrologie-la-presse-camerounaise-en-deuil-un-celebre-journaliste-decede-ce-samedi#breadcrumb\"},\"inLanguage\":\"fr-FR\",\"potentialAction\":[{\"@type\":\"ReadAction\",\"target\":[\"https:\/\/www.africa-press.net\/cameroun\/toutes-les-actualites\/necrologie-la-presse-camerounaise-en-deuil-un-celebre-journaliste-decede-ce-samedi\"]}]},{\"@type\":\"ImageObject\",\"inLanguage\":\"fr-FR\",\"@id\":\"https:\/\/www.africa-press.net\/cameroun\/toutes-les-actualites\/necrologie-la-presse-camerounaise-en-deuil-un-celebre-journaliste-decede-ce-samedi#primaryimage\",\"url\":\"https:\/\/static.africa-press.net\/cameroun\/sites\/57\/2023\/09\/sm_1695568172.132749.jpg\",\"contentUrl\":\"https:\/\/static.africa-press.net\/cameroun\/sites\/57\/2023\/09\/sm_1695568172.132749.jpg\",\"width\":720,\"height\":540,\"caption\":\"N\u00e9crologie : la presse camerounaise en deuil ; un c\u00e9l\u00e8bre journaliste d\u00e9c\u00e9d\u00e9 ce samedi\"},{\"@type\":\"BreadcrumbList\",\"@id\":\"https:\/\/www.africa-press.net\/cameroun\/toutes-les-actualites\/necrologie-la-presse-camerounaise-en-deuil-un-celebre-journaliste-decede-ce-samedi#breadcrumb\",\"itemListElement\":[{\"@type\":\"ListItem\",\"position\":1,\"name\":\"Accueil\",\"item\":\"https:\/\/www.africa-press.net\/cameroun\/\"},{\"@type\":\"ListItem\",\"position\":2,\"name\":\"N\u00e9crologie : la presse camerounaise en deuil ; un c\u00e9l\u00e8bre journaliste d\u00e9c\u00e9d\u00e9 ce samedi\"}]},{\"@type\":\"WebSite\",\"@id\":\"https:\/\/www.africa-press.net\/cameroun\/#website\",\"url\":\"https:\/\/www.africa-press.net\/cameroun\/\",\"name\":\"Cameroun\",\"description\":\"Just another Africa News Agency Sites site\",\"potentialAction\":[{\"@type\":\"SearchAction\",\"target\":{\"@type\":\"EntryPoint\",\"urlTemplate\":\"https:\/\/www.africa-press.net\/cameroun\/?s={search_term_string}\"},\"query-input\":{\"@type\":\"PropertyValueSpecification\",\"valueRequired\":true,\"valueName\":\"search_term_string\"}}],\"inLanguage\":\"fr-FR\"},{\"@type\":\"Person\",\"@id\":\"https:\/\/www.africa-press.net\/cameroun\/#\/schema\/person\/2b1cf3cd81a31e3cd26889ca66d677f1\",\"name\":\"cfeditorfr\"}]}<\/script>\n<!-- \/ Yoast SEO Premium plugin. -->","yoast_head_json":{"title":"N\u00e9crologie : la presse camerounaise en deuil ; un c\u00e9l\u00e8bre journaliste d\u00e9c\u00e9d\u00e9 ce samedi - Cameroun","description":"La presse camerounaise est endeuille\u0301e par la perte d'Alain Njipou, grand reporter e\u0301me\u0301rite au quotidien Le Messager. C ...","robots":{"index":"index","follow":"follow","max-snippet":"max-snippet:-1","max-image-preview":"max-image-preview:large","max-video-preview":"max-video-preview:-1"},"canonical":"https:\/\/www.africa-press.net\/cameroun\/toutes-les-actualites\/necrologie-la-presse-camerounaise-en-deuil-un-celebre-journaliste-decede-ce-samedi","og_locale":"fr_FR","og_type":"article","og_title":"N\u00e9crologie : la presse camerounaise en deuil ; un c\u00e9l\u00e8bre journaliste d\u00e9c\u00e9d\u00e9 ce samedi","og_description":"La presse camerounaise est endeuille\u0301e par la perte d'Alain Njipou, grand reporter e\u0301me\u0301rite au quotidien Le Messager. C ...","og_url":"https:\/\/www.africa-press.net\/cameroun\/toutes-les-actualites\/necrologie-la-presse-camerounaise-en-deuil-un-celebre-journaliste-decede-ce-samedi","og_site_name":"Cameroun","article_published_time":"2023-09-24T18:15:00+00:00","article_modified_time":"2023-09-24T18:42:15+00:00","og_image":[{"width":720,"height":540,"url":"https:\/\/static.africa-press.net\/cameroun\/sites\/57\/2023\/09\/sm_1695568172.132749.jpg","type":"image\/jpeg"}],"author":"cfeditorfr","twitter_card":"summary_large_image","twitter_misc":{"\u00c9crit par":"cfeditorfr","Dur\u00e9e de lecture estim\u00e9e":"2 minutes"},"schema":{"@context":"https:\/\/schema.org","@graph":[{"@type":"Article","@id":"https:\/\/www.africa-press.net\/cameroun\/toutes-les-actualites\/necrologie-la-presse-camerounaise-en-deuil-un-celebre-journaliste-decede-ce-samedi#article","isPartOf":{"@id":"https:\/\/www.africa-press.net\/cameroun\/toutes-les-actualites\/necrologie-la-presse-camerounaise-en-deuil-un-celebre-journaliste-decede-ce-samedi"},"author":{"name":"cfeditorfr","@id":"https:\/\/www.africa-press.net\/cameroun\/#\/schema\/person\/2b1cf3cd81a31e3cd26889ca66d677f1"},"headline":"N\u00e9crologie : la presse camerounaise en deuil ; un c\u00e9l\u00e8bre journaliste d\u00e9c\u00e9d\u00e9 ce samedi","datePublished":"2023-09-24T18:15:00+00:00","dateModified":"2023-09-24T18:42:15+00:00","mainEntityOfPage":{"@id":"https:\/\/www.africa-press.net\/cameroun\/toutes-les-actualites\/necrologie-la-presse-camerounaise-en-deuil-un-celebre-journaliste-decede-ce-samedi"},"wordCount":366,"commentCount":0,"image":{"@id":"https:\/\/www.africa-press.net\/cameroun\/toutes-les-actualites\/necrologie-la-presse-camerounaise-en-deuil-un-celebre-journaliste-decede-ce-samedi#primaryimage"},"thumbnailUrl":"https:\/\/static.africa-press.net\/cameroun\/sites\/57\/2023\/09\/sm_1695568172.132749.jpg","keywords":["Africa Press","Africa Press-Cameroun","Cameroun"],"articleSection":["Communaut\u00e9","Toutes les actualit\u00e9s"],"inLanguage":"fr-FR","potentialAction":[{"@type":"CommentAction","name":"Comment","target":["https:\/\/www.africa-press.net\/cameroun\/toutes-les-actualites\/necrologie-la-presse-camerounaise-en-deuil-un-celebre-journaliste-decede-ce-samedi#respond"]}]},{"@type":"WebPage","@id":"https:\/\/www.africa-press.net\/cameroun\/toutes-les-actualites\/necrologie-la-presse-camerounaise-en-deuil-un-celebre-journaliste-decede-ce-samedi","url":"https:\/\/www.africa-press.net\/cameroun\/toutes-les-actualites\/necrologie-la-presse-camerounaise-en-deuil-un-celebre-journaliste-decede-ce-samedi","name":"N\u00e9crologie : la presse camerounaise en deuil ; un c\u00e9l\u00e8bre journaliste d\u00e9c\u00e9d\u00e9 ce samedi - Cameroun","isPartOf":{"@id":"https:\/\/www.africa-press.net\/cameroun\/#website"},"primaryImageOfPage":{"@id":"https:\/\/www.africa-press.net\/cameroun\/toutes-les-actualites\/necrologie-la-presse-camerounaise-en-deuil-un-celebre-journaliste-decede-ce-samedi#primaryimage"},"image":{"@id":"https:\/\/www.africa-press.net\/cameroun\/toutes-les-actualites\/necrologie-la-presse-camerounaise-en-deuil-un-celebre-journaliste-decede-ce-samedi#primaryimage"},"thumbnailUrl":"https:\/\/static.africa-press.net\/cameroun\/sites\/57\/2023\/09\/sm_1695568172.132749.jpg","datePublished":"2023-09-24T18:15:00+00:00","dateModified":"2023-09-24T18:42:15+00:00","author":{"@id":"https:\/\/www.africa-press.net\/cameroun\/#\/schema\/person\/2b1cf3cd81a31e3cd26889ca66d677f1"},"description":"La presse camerounaise est endeuille\u0301e par la perte d'Alain Njipou, grand reporter e\u0301me\u0301rite au quotidien Le Messager. C ...","breadcrumb":{"@id":"https:\/\/www.africa-press.net\/cameroun\/toutes-les-actualites\/necrologie-la-presse-camerounaise-en-deuil-un-celebre-journaliste-decede-ce-samedi#breadcrumb"},"inLanguage":"fr-FR","potentialAction":[{"@type":"ReadAction","target":["https:\/\/www.africa-press.net\/cameroun\/toutes-les-actualites\/necrologie-la-presse-camerounaise-en-deuil-un-celebre-journaliste-decede-ce-samedi"]}]},{"@type":"ImageObject","inLanguage":"fr-FR","@id":"https:\/\/www.africa-press.net\/cameroun\/toutes-les-actualites\/necrologie-la-presse-camerounaise-en-deuil-un-celebre-journaliste-decede-ce-samedi#primaryimage","url":"https:\/\/static.africa-press.net\/cameroun\/sites\/57\/2023\/09\/sm_1695568172.132749.jpg","contentUrl":"https:\/\/static.africa-press.net\/cameroun\/sites\/57\/2023\/09\/sm_1695568172.132749.jpg","width":720,"height":540,"caption":"N\u00e9crologie : la presse camerounaise en deuil ; un c\u00e9l\u00e8bre journaliste d\u00e9c\u00e9d\u00e9 ce samedi"},{"@type":"BreadcrumbList","@id":"https:\/\/www.africa-press.net\/cameroun\/toutes-les-actualites\/necrologie-la-presse-camerounaise-en-deuil-un-celebre-journaliste-decede-ce-samedi#breadcrumb","itemListElement":[{"@type":"ListItem","position":1,"name":"Accueil","item":"https:\/\/www.africa-press.net\/cameroun\/"},{"@type":"ListItem","position":2,"name":"N\u00e9crologie : la presse camerounaise en deuil ; un c\u00e9l\u00e8bre journaliste d\u00e9c\u00e9d\u00e9 ce samedi"}]},{"@type":"WebSite","@id":"https:\/\/www.africa-press.net\/cameroun\/#website","url":"https:\/\/www.africa-press.net\/cameroun\/","name":"Cameroun","description":"Just another Africa News Agency Sites site","potentialAction":[{"@type":"SearchAction","target":{"@type":"EntryPoint","urlTemplate":"https:\/\/www.africa-press.net\/cameroun\/?s={search_term_string}"},"query-input":{"@type":"PropertyValueSpecification","valueRequired":true,"valueName":"search_term_string"}}],"inLanguage":"fr-FR"},{"@type":"Person","@id":"https:\/\/www.africa-press.net\/cameroun\/#\/schema\/person\/2b1cf3cd81a31e3cd26889ca66d677f1","name":"cfeditorfr"}]}},"_links":{"self":[{"href":"https:\/\/www.africa-press.net\/cameroun\/wp-json\/wp\/v2\/posts\/51533","targetHints":{"allow":["GET"]}}],"collection":[{"href":"https:\/\/www.africa-press.net\/cameroun\/wp-json\/wp\/v2\/posts"}],"about":[{"href":"https:\/\/www.africa-press.net\/cameroun\/wp-json\/wp\/v2\/types\/post"}],"author":[{"embeddable":true,"href":"https:\/\/www.africa-press.net\/cameroun\/wp-json\/wp\/v2\/users\/82"}],"replies":[{"embeddable":true,"href":"https:\/\/www.africa-press.net\/cameroun\/wp-json\/wp\/v2\/comments?post=51533"}],"version-history":[{"count":0,"href":"https:\/\/www.africa-press.net\/cameroun\/wp-json\/wp\/v2\/posts\/51533\/revisions"}],"wp:featuredmedia":[{"embeddable":true,"href":"https:\/\/www.africa-press.net\/cameroun\/wp-json\/wp\/v2\/media\/51532"}],"wp:attachment":[{"href":"https:\/\/www.africa-press.net\/cameroun\/wp-json\/wp\/v2\/media?parent=51533"}],"wp:term":[{"taxonomy":"category","embeddable":true,"href":"https:\/\/www.africa-press.net\/cameroun\/wp-json\/wp\/v2\/categories?post=51533"},{"taxonomy":"post_tag","embeddable":true,"href":"https:\/\/www.africa-press.net\/cameroun\/wp-json\/wp\/v2\/tags?post=51533"}],"curies":[{"name":"wp","href":"https:\/\/api.w.org\/{rel}","templated":true}]}}