{"id":51536,"date":"2023-09-24T18:15:22","date_gmt":"2023-09-24T18:15:22","guid":{"rendered":"https:\/\/www.africa-press.net\/cameroun\/politique\/frappes-de-larmee-debandade-chez-les-leaders-separatistes-du-noso"},"modified":"2023-09-24T18:42:49","modified_gmt":"2023-09-24T18:42:49","slug":"frappes-de-larmee-debandade-chez-les-leaders-separatistes-du-noso","status":"publish","type":"post","link":"https:\/\/www.africa-press.net\/cameroun\/toutes-les-actualites\/frappes-de-larmee-debandade-chez-les-leaders-separatistes-du-noso","title":{"rendered":"Frappes de l\u2019arm\u00e9e : d\u00e9bandade chez les leaders s\u00e9paratistes du NOSO"},"content":{"rendered":"<p><span style=\"color: #ff6600\"><strong>Africa-Press &#8211; Cameroun. <\/strong><\/span>Les mauvaises nouvelles s\u2019enchainent pour les groupes arme\u0301s se\u0301paratistes qui se\u0300ment la terreur dans les re\u0301gions du Nord-Ouest et du Sud-Ouest. Quelques jours apre\u0300s la neutralisation du sulfureux ge\u0301ne\u0301ral Bitter Kola et ses hommes dans la re\u0301gion du Sud-Ouest, c\u2019est le tour du Ge\u0301ne\u0301ral RK et ses lieutenants de subir la foudre des militaires camerounais.<\/p>\n<p>La se\u0301rie de deuils dans la Re\u0301publique virtuelle de l\u2019Ambazonie cre\u0301e des tensions au sein de la diaspora. Certains soutiens de ces groupes arme\u0301s de\u0301noncent les commentaires qui n\u2019honorent pas la me\u0301moire de leurs combattants. C\u2019est le cas de Mark Bareta. Sur son compte X (ancien Twitter), il appelle la communaute\u0301 ambazonienne re\u0301sidant dans la diaspora a\u0300 respecter la me\u0301moire des combattants se\u0301paratistes tombe\u0301s.<\/p>\n<p>\u00ab Lorsqu&rsquo;un combattant tombe, peu importe ce qu&rsquo;il a fait, peu importe les erreurs qu&rsquo;il a commises, peu importe le groupe sous lequel il a combattu et s&rsquo;est identifie\u0301, ceux d&rsquo;entre nous qui sont dans la diaspora ne devraient JAMAIS ce\u0301le\u0301brer sa mort ou e\u0301crire des histoires qui le de\u0301daignent a\u0300 cause de notre groupisme. Le fait que ces he\u0301ros aient pris des armes pour de\u0301fendre leur patrie est le plus grand honneur qu&rsquo;ils aient donne\u0301 a\u0300 l&rsquo;Ambazonie et que Dieu continue a\u0300 prote\u0301ger ceux qui sont encore en vie jusqu&rsquo;a\u0300 Buea \u00bb, explique-t-il.<\/p>\n<p>Financer la guerre<\/p>\n<p>Certains Camerounais de la diaspora ont e\u0301te\u0301 re\u0301gulie\u0300rement accuse\u0301s par le re\u0301gime Biya de financer la guerre dans les re\u0301gions du Nord-Ouest et du Sud-Ouest. La justice ame\u0301ricaine avait d\u2019ailleurs ouvert une enque\u0302te contre plusieurs leaders se\u0301paratistes. Cela ne de\u0301courage pas pour autant Bark Bareta.<\/p>\n<p>Dans sa publication, il invite la diaspora a\u0300 intensifier le financement de la guerre. \u00ab Ces messieurs et ces dames ont volontairement pris les armes pour de\u0301fendre leur patrie. Ceux d&rsquo;entre nous qui font partie de la diaspora ont la chance que la re\u0301volution les ait rencontre\u0301s ici, nous apportons notre propre contribution, et le plus que nous puissions faire est de financer la guerre et de frapper aux portes de la diplomatie. Nous avons encore du retard a\u0300 rattraper \u00bb, a-t-il de\u0301clare\u0301.<\/p>\n<p><strong>Pour plus d&rsquo;informations et d&rsquo;analyses sur la <a href=\"https:\/\/www.africa-press.net\/cameroun\">Cameroun<\/a>, suivez <a href=\"https:\/\/www.africa-press.net\/\">Africa-Press<\/a><\/strong><\/p>\n","protected":false},"excerpt":{"rendered":"<p>Africa-Press &#8211; Cameroun. Les mauvaises nouvelles s\u2019enchainent pour les groupes arme\u0301s se\u0301paratistes qui se\u0300ment la terreur dans les re\u0301gions du Nord-Ouest et du Sud-Ouest. Quelques jours apre\u0300s la neutralisation du sulfureux ge\u0301ne\u0301ral Bitter Kola et ses hommes dans la re\u0301gion du Sud-Ouest, c\u2019est le tour du Ge\u0301ne\u0301ral RK et ses lieutenants de subir la foudre [&hellip;]<\/p>\n","protected":false},"author":82,"featured_media":51535,"comment_status":"open","ping_status":"closed","sticky":false,"template":"","format":"standard","meta":{"footnotes":""},"categories":[21,10],"tags":[36,50,49],"class_list":["post-51536","post","type-post","status-publish","format-standard","has-post-thumbnail","hentry","category-communaute","category-toutes-les-actualites","tag-africa-press","tag-africa-press-cameroun","tag-cameroun"],"yoast_head":"<!-- This site is optimized with the Yoast SEO Premium plugin v26.1 (Yoast SEO v27.0) - https:\/\/yoast.com\/product\/yoast-seo-premium-wordpress\/ -->\n<title>Frappes de l\u2019arm\u00e9e : d\u00e9bandade chez les leaders s\u00e9paratistes du NOSO - Cameroun<\/title>\n<meta name=\"description\" content=\"Les mauvaises nouvelles s\u2019enchainent pour les groupes arme\u0301s se\u0301paratistes qui se\u0300ment la terreur dans les re\u0301gions du N ...\" \/>\n<meta name=\"robots\" content=\"index, follow, max-snippet:-1, max-image-preview:large, max-video-preview:-1\" \/>\n<link rel=\"canonical\" href=\"https:\/\/www.africa-press.net\/cameroun\/toutes-les-actualites\/frappes-de-larmee-debandade-chez-les-leaders-separatistes-du-noso\" \/>\n<meta property=\"og:locale\" content=\"fr_FR\" \/>\n<meta property=\"og:type\" content=\"article\" \/>\n<meta property=\"og:title\" content=\"Frappes de l\u2019arm\u00e9e : d\u00e9bandade chez les leaders s\u00e9paratistes du NOSO\" \/>\n<meta property=\"og:description\" content=\"Les mauvaises nouvelles s\u2019enchainent pour les groupes arme\u0301s se\u0301paratistes qui se\u0300ment la terreur dans les re\u0301gions du N ...\" \/>\n<meta property=\"og:url\" content=\"https:\/\/www.africa-press.net\/cameroun\/toutes-les-actualites\/frappes-de-larmee-debandade-chez-les-leaders-separatistes-du-noso\" \/>\n<meta property=\"og:site_name\" content=\"Cameroun\" \/>\n<meta property=\"article:published_time\" content=\"2023-09-24T18:15:22+00:00\" \/>\n<meta property=\"article:modified_time\" content=\"2023-09-24T18:42:49+00:00\" \/>\n<meta property=\"og:image\" content=\"https:\/\/static.africa-press.net\/cameroun\/sites\/57\/2023\/09\/sm_1695568210.733432.jpg\" \/>\n\t<meta property=\"og:image:width\" content=\"720\" \/>\n\t<meta property=\"og:image:height\" content=\"540\" \/>\n\t<meta property=\"og:image:type\" content=\"image\/jpeg\" \/>\n<meta name=\"author\" content=\"cfeditorfr\" \/>\n<meta name=\"twitter:card\" content=\"summary_large_image\" \/>\n<meta name=\"twitter:label1\" content=\"\u00c9crit par\" \/>\n\t<meta name=\"twitter:data1\" content=\"cfeditorfr\" \/>\n\t<meta name=\"twitter:label2\" content=\"Dur\u00e9e de lecture estim\u00e9e\" \/>\n\t<meta name=\"twitter:data2\" content=\"2 minutes\" \/>\n<script type=\"application\/ld+json\" class=\"yoast-schema-graph\">{\"@context\":\"https:\/\/schema.org\",\"@graph\":[{\"@type\":\"Article\",\"@id\":\"https:\/\/www.africa-press.net\/cameroun\/toutes-les-actualites\/frappes-de-larmee-debandade-chez-les-leaders-separatistes-du-noso#article\",\"isPartOf\":{\"@id\":\"https:\/\/www.africa-press.net\/cameroun\/toutes-les-actualites\/frappes-de-larmee-debandade-chez-les-leaders-separatistes-du-noso\"},\"author\":{\"name\":\"cfeditorfr\",\"@id\":\"https:\/\/www.africa-press.net\/cameroun\/#\/schema\/person\/2b1cf3cd81a31e3cd26889ca66d677f1\"},\"headline\":\"Frappes de l\u2019arm\u00e9e : d\u00e9bandade chez les leaders s\u00e9paratistes du NOSO\",\"datePublished\":\"2023-09-24T18:15:22+00:00\",\"dateModified\":\"2023-09-24T18:42:49+00:00\",\"mainEntityOfPage\":{\"@id\":\"https:\/\/www.africa-press.net\/cameroun\/toutes-les-actualites\/frappes-de-larmee-debandade-chez-les-leaders-separatistes-du-noso\"},\"wordCount\":425,\"commentCount\":0,\"image\":{\"@id\":\"https:\/\/www.africa-press.net\/cameroun\/toutes-les-actualites\/frappes-de-larmee-debandade-chez-les-leaders-separatistes-du-noso#primaryimage\"},\"thumbnailUrl\":\"https:\/\/static.africa-press.net\/cameroun\/sites\/57\/2023\/09\/sm_1695568210.733432.jpg\",\"keywords\":[\"Africa Press\",\"Africa Press-Cameroun\",\"Cameroun\"],\"articleSection\":[\"Communaut\u00e9\",\"Toutes les actualit\u00e9s\"],\"inLanguage\":\"fr-FR\",\"potentialAction\":[{\"@type\":\"CommentAction\",\"name\":\"Comment\",\"target\":[\"https:\/\/www.africa-press.net\/cameroun\/toutes-les-actualites\/frappes-de-larmee-debandade-chez-les-leaders-separatistes-du-noso#respond\"]}]},{\"@type\":\"WebPage\",\"@id\":\"https:\/\/www.africa-press.net\/cameroun\/toutes-les-actualites\/frappes-de-larmee-debandade-chez-les-leaders-separatistes-du-noso\",\"url\":\"https:\/\/www.africa-press.net\/cameroun\/toutes-les-actualites\/frappes-de-larmee-debandade-chez-les-leaders-separatistes-du-noso\",\"name\":\"Frappes de l\u2019arm\u00e9e : d\u00e9bandade chez les leaders s\u00e9paratistes du NOSO - Cameroun\",\"isPartOf\":{\"@id\":\"https:\/\/www.africa-press.net\/cameroun\/#website\"},\"primaryImageOfPage\":{\"@id\":\"https:\/\/www.africa-press.net\/cameroun\/toutes-les-actualites\/frappes-de-larmee-debandade-chez-les-leaders-separatistes-du-noso#primaryimage\"},\"image\":{\"@id\":\"https:\/\/www.africa-press.net\/cameroun\/toutes-les-actualites\/frappes-de-larmee-debandade-chez-les-leaders-separatistes-du-noso#primaryimage\"},\"thumbnailUrl\":\"https:\/\/static.africa-press.net\/cameroun\/sites\/57\/2023\/09\/sm_1695568210.733432.jpg\",\"datePublished\":\"2023-09-24T18:15:22+00:00\",\"dateModified\":\"2023-09-24T18:42:49+00:00\",\"author\":{\"@id\":\"https:\/\/www.africa-press.net\/cameroun\/#\/schema\/person\/2b1cf3cd81a31e3cd26889ca66d677f1\"},\"description\":\"Les mauvaises nouvelles s\u2019enchainent pour les groupes arme\u0301s se\u0301paratistes qui se\u0300ment la terreur dans les re\u0301gions du N ...\",\"breadcrumb\":{\"@id\":\"https:\/\/www.africa-press.net\/cameroun\/toutes-les-actualites\/frappes-de-larmee-debandade-chez-les-leaders-separatistes-du-noso#breadcrumb\"},\"inLanguage\":\"fr-FR\",\"potentialAction\":[{\"@type\":\"ReadAction\",\"target\":[\"https:\/\/www.africa-press.net\/cameroun\/toutes-les-actualites\/frappes-de-larmee-debandade-chez-les-leaders-separatistes-du-noso\"]}]},{\"@type\":\"ImageObject\",\"inLanguage\":\"fr-FR\",\"@id\":\"https:\/\/www.africa-press.net\/cameroun\/toutes-les-actualites\/frappes-de-larmee-debandade-chez-les-leaders-separatistes-du-noso#primaryimage\",\"url\":\"https:\/\/static.africa-press.net\/cameroun\/sites\/57\/2023\/09\/sm_1695568210.733432.jpg\",\"contentUrl\":\"https:\/\/static.africa-press.net\/cameroun\/sites\/57\/2023\/09\/sm_1695568210.733432.jpg\",\"width\":720,\"height\":540,\"caption\":\"Frappes de l\u2019arm\u00e9e : d\u00e9bandade chez les leaders s\u00e9paratistes du NOSO\"},{\"@type\":\"BreadcrumbList\",\"@id\":\"https:\/\/www.africa-press.net\/cameroun\/toutes-les-actualites\/frappes-de-larmee-debandade-chez-les-leaders-separatistes-du-noso#breadcrumb\",\"itemListElement\":[{\"@type\":\"ListItem\",\"position\":1,\"name\":\"Accueil\",\"item\":\"https:\/\/www.africa-press.net\/cameroun\/\"},{\"@type\":\"ListItem\",\"position\":2,\"name\":\"Frappes de l\u2019arm\u00e9e : d\u00e9bandade chez les leaders s\u00e9paratistes du NOSO\"}]},{\"@type\":\"WebSite\",\"@id\":\"https:\/\/www.africa-press.net\/cameroun\/#website\",\"url\":\"https:\/\/www.africa-press.net\/cameroun\/\",\"name\":\"Cameroun\",\"description\":\"Just another Africa News Agency Sites site\",\"potentialAction\":[{\"@type\":\"SearchAction\",\"target\":{\"@type\":\"EntryPoint\",\"urlTemplate\":\"https:\/\/www.africa-press.net\/cameroun\/?s={search_term_string}\"},\"query-input\":{\"@type\":\"PropertyValueSpecification\",\"valueRequired\":true,\"valueName\":\"search_term_string\"}}],\"inLanguage\":\"fr-FR\"},{\"@type\":\"Person\",\"@id\":\"https:\/\/www.africa-press.net\/cameroun\/#\/schema\/person\/2b1cf3cd81a31e3cd26889ca66d677f1\",\"name\":\"cfeditorfr\"}]}<\/script>\n<!-- \/ Yoast SEO Premium plugin. -->","yoast_head_json":{"title":"Frappes de l\u2019arm\u00e9e : d\u00e9bandade chez les leaders s\u00e9paratistes du NOSO - Cameroun","description":"Les mauvaises nouvelles s\u2019enchainent pour les groupes arme\u0301s se\u0301paratistes qui se\u0300ment la terreur dans les re\u0301gions du N ...","robots":{"index":"index","follow":"follow","max-snippet":"max-snippet:-1","max-image-preview":"max-image-preview:large","max-video-preview":"max-video-preview:-1"},"canonical":"https:\/\/www.africa-press.net\/cameroun\/toutes-les-actualites\/frappes-de-larmee-debandade-chez-les-leaders-separatistes-du-noso","og_locale":"fr_FR","og_type":"article","og_title":"Frappes de l\u2019arm\u00e9e : d\u00e9bandade chez les leaders s\u00e9paratistes du NOSO","og_description":"Les mauvaises nouvelles s\u2019enchainent pour les groupes arme\u0301s se\u0301paratistes qui se\u0300ment la terreur dans les re\u0301gions du N ...","og_url":"https:\/\/www.africa-press.net\/cameroun\/toutes-les-actualites\/frappes-de-larmee-debandade-chez-les-leaders-separatistes-du-noso","og_site_name":"Cameroun","article_published_time":"2023-09-24T18:15:22+00:00","article_modified_time":"2023-09-24T18:42:49+00:00","og_image":[{"width":720,"height":540,"url":"https:\/\/static.africa-press.net\/cameroun\/sites\/57\/2023\/09\/sm_1695568210.733432.jpg","type":"image\/jpeg"}],"author":"cfeditorfr","twitter_card":"summary_large_image","twitter_misc":{"\u00c9crit par":"cfeditorfr","Dur\u00e9e de lecture estim\u00e9e":"2 minutes"},"schema":{"@context":"https:\/\/schema.org","@graph":[{"@type":"Article","@id":"https:\/\/www.africa-press.net\/cameroun\/toutes-les-actualites\/frappes-de-larmee-debandade-chez-les-leaders-separatistes-du-noso#article","isPartOf":{"@id":"https:\/\/www.africa-press.net\/cameroun\/toutes-les-actualites\/frappes-de-larmee-debandade-chez-les-leaders-separatistes-du-noso"},"author":{"name":"cfeditorfr","@id":"https:\/\/www.africa-press.net\/cameroun\/#\/schema\/person\/2b1cf3cd81a31e3cd26889ca66d677f1"},"headline":"Frappes de l\u2019arm\u00e9e : d\u00e9bandade chez les leaders s\u00e9paratistes du NOSO","datePublished":"2023-09-24T18:15:22+00:00","dateModified":"2023-09-24T18:42:49+00:00","mainEntityOfPage":{"@id":"https:\/\/www.africa-press.net\/cameroun\/toutes-les-actualites\/frappes-de-larmee-debandade-chez-les-leaders-separatistes-du-noso"},"wordCount":425,"commentCount":0,"image":{"@id":"https:\/\/www.africa-press.net\/cameroun\/toutes-les-actualites\/frappes-de-larmee-debandade-chez-les-leaders-separatistes-du-noso#primaryimage"},"thumbnailUrl":"https:\/\/static.africa-press.net\/cameroun\/sites\/57\/2023\/09\/sm_1695568210.733432.jpg","keywords":["Africa Press","Africa Press-Cameroun","Cameroun"],"articleSection":["Communaut\u00e9","Toutes les actualit\u00e9s"],"inLanguage":"fr-FR","potentialAction":[{"@type":"CommentAction","name":"Comment","target":["https:\/\/www.africa-press.net\/cameroun\/toutes-les-actualites\/frappes-de-larmee-debandade-chez-les-leaders-separatistes-du-noso#respond"]}]},{"@type":"WebPage","@id":"https:\/\/www.africa-press.net\/cameroun\/toutes-les-actualites\/frappes-de-larmee-debandade-chez-les-leaders-separatistes-du-noso","url":"https:\/\/www.africa-press.net\/cameroun\/toutes-les-actualites\/frappes-de-larmee-debandade-chez-les-leaders-separatistes-du-noso","name":"Frappes de l\u2019arm\u00e9e : d\u00e9bandade chez les leaders s\u00e9paratistes du NOSO - Cameroun","isPartOf":{"@id":"https:\/\/www.africa-press.net\/cameroun\/#website"},"primaryImageOfPage":{"@id":"https:\/\/www.africa-press.net\/cameroun\/toutes-les-actualites\/frappes-de-larmee-debandade-chez-les-leaders-separatistes-du-noso#primaryimage"},"image":{"@id":"https:\/\/www.africa-press.net\/cameroun\/toutes-les-actualites\/frappes-de-larmee-debandade-chez-les-leaders-separatistes-du-noso#primaryimage"},"thumbnailUrl":"https:\/\/static.africa-press.net\/cameroun\/sites\/57\/2023\/09\/sm_1695568210.733432.jpg","datePublished":"2023-09-24T18:15:22+00:00","dateModified":"2023-09-24T18:42:49+00:00","author":{"@id":"https:\/\/www.africa-press.net\/cameroun\/#\/schema\/person\/2b1cf3cd81a31e3cd26889ca66d677f1"},"description":"Les mauvaises nouvelles s\u2019enchainent pour les groupes arme\u0301s se\u0301paratistes qui se\u0300ment la terreur dans les re\u0301gions du N ...","breadcrumb":{"@id":"https:\/\/www.africa-press.net\/cameroun\/toutes-les-actualites\/frappes-de-larmee-debandade-chez-les-leaders-separatistes-du-noso#breadcrumb"},"inLanguage":"fr-FR","potentialAction":[{"@type":"ReadAction","target":["https:\/\/www.africa-press.net\/cameroun\/toutes-les-actualites\/frappes-de-larmee-debandade-chez-les-leaders-separatistes-du-noso"]}]},{"@type":"ImageObject","inLanguage":"fr-FR","@id":"https:\/\/www.africa-press.net\/cameroun\/toutes-les-actualites\/frappes-de-larmee-debandade-chez-les-leaders-separatistes-du-noso#primaryimage","url":"https:\/\/static.africa-press.net\/cameroun\/sites\/57\/2023\/09\/sm_1695568210.733432.jpg","contentUrl":"https:\/\/static.africa-press.net\/cameroun\/sites\/57\/2023\/09\/sm_1695568210.733432.jpg","width":720,"height":540,"caption":"Frappes de l\u2019arm\u00e9e : d\u00e9bandade chez les leaders s\u00e9paratistes du NOSO"},{"@type":"BreadcrumbList","@id":"https:\/\/www.africa-press.net\/cameroun\/toutes-les-actualites\/frappes-de-larmee-debandade-chez-les-leaders-separatistes-du-noso#breadcrumb","itemListElement":[{"@type":"ListItem","position":1,"name":"Accueil","item":"https:\/\/www.africa-press.net\/cameroun\/"},{"@type":"ListItem","position":2,"name":"Frappes de l\u2019arm\u00e9e : d\u00e9bandade chez les leaders s\u00e9paratistes du NOSO"}]},{"@type":"WebSite","@id":"https:\/\/www.africa-press.net\/cameroun\/#website","url":"https:\/\/www.africa-press.net\/cameroun\/","name":"Cameroun","description":"Just another Africa News Agency Sites site","potentialAction":[{"@type":"SearchAction","target":{"@type":"EntryPoint","urlTemplate":"https:\/\/www.africa-press.net\/cameroun\/?s={search_term_string}"},"query-input":{"@type":"PropertyValueSpecification","valueRequired":true,"valueName":"search_term_string"}}],"inLanguage":"fr-FR"},{"@type":"Person","@id":"https:\/\/www.africa-press.net\/cameroun\/#\/schema\/person\/2b1cf3cd81a31e3cd26889ca66d677f1","name":"cfeditorfr"}]}},"_links":{"self":[{"href":"https:\/\/www.africa-press.net\/cameroun\/wp-json\/wp\/v2\/posts\/51536","targetHints":{"allow":["GET"]}}],"collection":[{"href":"https:\/\/www.africa-press.net\/cameroun\/wp-json\/wp\/v2\/posts"}],"about":[{"href":"https:\/\/www.africa-press.net\/cameroun\/wp-json\/wp\/v2\/types\/post"}],"author":[{"embeddable":true,"href":"https:\/\/www.africa-press.net\/cameroun\/wp-json\/wp\/v2\/users\/82"}],"replies":[{"embeddable":true,"href":"https:\/\/www.africa-press.net\/cameroun\/wp-json\/wp\/v2\/comments?post=51536"}],"version-history":[{"count":0,"href":"https:\/\/www.africa-press.net\/cameroun\/wp-json\/wp\/v2\/posts\/51536\/revisions"}],"wp:featuredmedia":[{"embeddable":true,"href":"https:\/\/www.africa-press.net\/cameroun\/wp-json\/wp\/v2\/media\/51535"}],"wp:attachment":[{"href":"https:\/\/www.africa-press.net\/cameroun\/wp-json\/wp\/v2\/media?parent=51536"}],"wp:term":[{"taxonomy":"category","embeddable":true,"href":"https:\/\/www.africa-press.net\/cameroun\/wp-json\/wp\/v2\/categories?post=51536"},{"taxonomy":"post_tag","embeddable":true,"href":"https:\/\/www.africa-press.net\/cameroun\/wp-json\/wp\/v2\/tags?post=51536"}],"curies":[{"name":"wp","href":"https:\/\/api.w.org\/{rel}","templated":true}]}}