{"id":51542,"date":"2023-09-24T18:15:38","date_gmt":"2023-09-24T18:15:38","guid":{"rendered":"https:\/\/www.africa-press.net\/cameroun\/politique\/cest-signe-paul-biya-a-porte-son-choix-sur-joseph-dion-ngute"},"modified":"2023-09-24T18:44:11","modified_gmt":"2023-09-24T18:44:11","slug":"cest-signe-paul-biya-a-porte-son-choix-sur-joseph-dion-ngute","status":"publish","type":"post","link":"https:\/\/www.africa-press.net\/cameroun\/politique\/cest-signe-paul-biya-a-porte-son-choix-sur-joseph-dion-ngute","title":{"rendered":"C\u2019est sign\u00e9 : Paul Biya a port\u00e9 son choix sur Joseph DION NGUTE"},"content":{"rendered":"<p><span style=\"color: #ff6600\"><strong>Africa-Press &#8211; Cameroun. <\/strong><\/span>Dans un communique\u0301 officiel , il a e\u0301te\u0301 annonce\u0301 que le Premier Ministre, Chef du Gouvernement, Chief Dr Joseph DION NGUTE, pre\u0301sidera les activite\u0301s marquant la clo\u0302ture de la 62e\u0300me e\u0301dition de la Saison Sportive au Cameroun. Cet e\u0301ve\u0301nement sera couple\u0301 avec la finale tre\u0300s attendue de la Coupe du Cameroun de Football 2023, qui opposera le Fovu Club de Baham au PWD de Bamenda. Toutefois, cette annonce ne fait qu&rsquo;amplifier les spe\u0301culations concernant la sante\u0301 du Pre\u0301sident de la Re\u0301publique, Son Excellence Paul BIYA.<\/p>\n<p>Depuis plusieurs anne\u0301es, la sante\u0301 du Pre\u0301sident Paul Biya est au centre des pre\u0301occupations, et sa pre\u0301sence lors d&rsquo;e\u0301ve\u0301nements publics est de plus en plus rare. La de\u0301cision de le remplacer par le Premier Ministre pour pre\u0301sider cette finale sportive majeure soule\u0300ve des questions sur sa capacite\u0301 a\u0300 remplir ses fonctions pre\u0301sidentielles.<\/p>\n<p>Le Pre\u0301sident Paul Biya, au pouvoir depuis 1982, est l&rsquo;un des dirigeants les plus anciens d&rsquo;Afrique et du monde. Au fil des ans, il a e\u0301te\u0301 confronte\u0301 a\u0300 des proble\u0300mes de sante\u0301 qui ont suscite\u0301 des inquie\u0301tudes quant a\u0300 sa capacite\u0301 a\u0300 diriger le pays de manie\u0300re efficace. Sa rarete\u0301 lors des apparitions publiques et des e\u0301ve\u0301nements officiels a alimente\u0301 les spe\u0301culations sur son e\u0301tat de sante\u0301 et son aptitude a\u0300 gouverner.<\/p>\n<p>L&rsquo;annonce de sa non-participation a\u0300 la finale de la Coupe du Cameroun de Football 2023 ne fait que renforcer les inquie\u0301tudes concernant la transparence du gouvernement en ce qui concerne l&rsquo;e\u0301tat de sante\u0301 du Pre\u0301sident. La sante\u0301 d&rsquo;un chef d&rsquo;E\u0301tat est une question importante pour tout pays, et le peuple camerounais me\u0301rite d&rsquo;e\u0302tre tenu informe\u0301 de manie\u0300re transparente et honne\u0302te sur l&rsquo;e\u0301tat de sante\u0301 de leur Pre\u0301sident.<\/p>\n<p>Alors que le Premier Ministre pre\u0301sidera la finale de la Coupe du Cameroun en l&rsquo;absence du Pre\u0301sident, de nombreuses questions restent sans re\u0301ponse. Le Cameroun est confronte\u0301 a\u0300 des de\u0301fis importants, notamment sur le plan e\u0301conomique, se\u0301curitaire et politique. Une communication ouverte sur la sante\u0301 et la capacite\u0301 du Pre\u0301sident a\u0300 diriger le pays est essentielle pour garantir la stabilite\u0301 et la confiance du peuple camerounais dans le gouvernement.<\/p>\n<p>Il reste a\u0300 voir si le Pre\u0301sident Paul Biya fera des apparitions publiques dans un avenir proche pour dissiper les inquie\u0301tudes concernant son e\u0301tat de sante\u0301 et sa capacite\u0301 a\u0300 diriger le pays. Jusque-la\u0300, le Cameroun continue de suivre de pre\u0300s l&rsquo;e\u0301volution de la situation politique et de la sante\u0301 de son leader vieillissant.<\/p>\n<p><strong>Pour plus d&rsquo;informations et d&rsquo;analyses sur la <a href=\"https:\/\/www.africa-press.net\/cameroun\">Cameroun<\/a>, suivez <a href=\"https:\/\/www.africa-press.net\/\">Africa-Press<\/a><\/strong><\/p>\n","protected":false},"excerpt":{"rendered":"<p>Africa-Press &#8211; Cameroun. Dans un communique\u0301 officiel , il a e\u0301te\u0301 annonce\u0301 que le Premier Ministre, Chef du Gouvernement, Chief Dr Joseph DION NGUTE, pre\u0301sidera les activite\u0301s marquant la clo\u0302ture de la 62e\u0300me e\u0301dition de la Saison Sportive au Cameroun. Cet e\u0301ve\u0301nement sera couple\u0301 avec la finale tre\u0300s attendue de la Coupe du Cameroun de [&hellip;]<\/p>\n","protected":false},"author":82,"featured_media":51540,"comment_status":"open","ping_status":"closed","sticky":false,"template":"","format":"standard","meta":{"footnotes":""},"categories":[2,10],"tags":[36,50,49],"class_list":["post-51542","post","type-post","status-publish","format-standard","has-post-thumbnail","hentry","category-politique","category-toutes-les-actualites","tag-africa-press","tag-africa-press-cameroun","tag-cameroun"],"yoast_head":"<!-- This site is optimized with the Yoast SEO Premium plugin v26.1 (Yoast SEO v27.0) - https:\/\/yoast.com\/product\/yoast-seo-premium-wordpress\/ -->\n<title>C\u2019est sign\u00e9 : Paul Biya a port\u00e9 son choix sur Joseph DION NGUTE - Cameroun<\/title>\n<meta name=\"description\" content=\"Dans un communique\u0301 officiel , il a e\u0301te\u0301 annonce\u0301 que le Premier Ministre, Chef du Gouvernement, Chief Dr Joseph DION N ...\" \/>\n<meta name=\"robots\" content=\"index, follow, max-snippet:-1, max-image-preview:large, max-video-preview:-1\" \/>\n<link rel=\"canonical\" href=\"https:\/\/www.africa-press.net\/cameroun\/politique\/cest-signe-paul-biya-a-porte-son-choix-sur-joseph-dion-ngute\" \/>\n<meta property=\"og:locale\" content=\"fr_FR\" \/>\n<meta property=\"og:type\" content=\"article\" \/>\n<meta property=\"og:title\" content=\"C\u2019est sign\u00e9 : Paul Biya a port\u00e9 son choix sur Joseph DION NGUTE\" \/>\n<meta property=\"og:description\" content=\"Dans un communique\u0301 officiel , il a e\u0301te\u0301 annonce\u0301 que le Premier Ministre, Chef du Gouvernement, Chief Dr Joseph DION N ...\" \/>\n<meta property=\"og:url\" content=\"https:\/\/www.africa-press.net\/cameroun\/politique\/cest-signe-paul-biya-a-porte-son-choix-sur-joseph-dion-ngute\" \/>\n<meta property=\"og:site_name\" content=\"Cameroun\" \/>\n<meta property=\"article:published_time\" content=\"2023-09-24T18:15:38+00:00\" \/>\n<meta property=\"article:modified_time\" content=\"2023-09-24T18:44:11+00:00\" \/>\n<meta property=\"og:image\" content=\"https:\/\/static.africa-press.net\/cameroun\/sites\/57\/2023\/09\/sm_1695568295.279701.jpg\" \/>\n\t<meta property=\"og:image:width\" content=\"720\" \/>\n\t<meta property=\"og:image:height\" content=\"382\" \/>\n\t<meta property=\"og:image:type\" content=\"image\/jpeg\" \/>\n<meta name=\"author\" content=\"cfeditorfr\" \/>\n<meta name=\"twitter:card\" content=\"summary_large_image\" \/>\n<meta name=\"twitter:label1\" content=\"\u00c9crit par\" \/>\n\t<meta name=\"twitter:data1\" content=\"cfeditorfr\" \/>\n\t<meta name=\"twitter:label2\" content=\"Dur\u00e9e de lecture estim\u00e9e\" \/>\n\t<meta name=\"twitter:data2\" content=\"3 minutes\" \/>\n<script type=\"application\/ld+json\" class=\"yoast-schema-graph\">{\"@context\":\"https:\/\/schema.org\",\"@graph\":[{\"@type\":\"Article\",\"@id\":\"https:\/\/www.africa-press.net\/cameroun\/politique\/cest-signe-paul-biya-a-porte-son-choix-sur-joseph-dion-ngute#article\",\"isPartOf\":{\"@id\":\"https:\/\/www.africa-press.net\/cameroun\/politique\/cest-signe-paul-biya-a-porte-son-choix-sur-joseph-dion-ngute\"},\"author\":{\"name\":\"cfeditorfr\",\"@id\":\"https:\/\/www.africa-press.net\/cameroun\/#\/schema\/person\/2b1cf3cd81a31e3cd26889ca66d677f1\"},\"headline\":\"C\u2019est sign\u00e9 : Paul Biya a port\u00e9 son choix sur Joseph DION NGUTE\",\"datePublished\":\"2023-09-24T18:15:38+00:00\",\"dateModified\":\"2023-09-24T18:44:11+00:00\",\"mainEntityOfPage\":{\"@id\":\"https:\/\/www.africa-press.net\/cameroun\/politique\/cest-signe-paul-biya-a-porte-son-choix-sur-joseph-dion-ngute\"},\"wordCount\":488,\"commentCount\":0,\"image\":{\"@id\":\"https:\/\/www.africa-press.net\/cameroun\/politique\/cest-signe-paul-biya-a-porte-son-choix-sur-joseph-dion-ngute#primaryimage\"},\"thumbnailUrl\":\"https:\/\/static.africa-press.net\/cameroun\/sites\/57\/2023\/09\/sm_1695568295.279701.jpg\",\"keywords\":[\"Africa Press\",\"Africa Press-Cameroun\",\"Cameroun\"],\"articleSection\":[\"Politique\",\"Toutes les actualit\u00e9s\"],\"inLanguage\":\"fr-FR\",\"potentialAction\":[{\"@type\":\"CommentAction\",\"name\":\"Comment\",\"target\":[\"https:\/\/www.africa-press.net\/cameroun\/politique\/cest-signe-paul-biya-a-porte-son-choix-sur-joseph-dion-ngute#respond\"]}]},{\"@type\":\"WebPage\",\"@id\":\"https:\/\/www.africa-press.net\/cameroun\/politique\/cest-signe-paul-biya-a-porte-son-choix-sur-joseph-dion-ngute\",\"url\":\"https:\/\/www.africa-press.net\/cameroun\/politique\/cest-signe-paul-biya-a-porte-son-choix-sur-joseph-dion-ngute\",\"name\":\"C\u2019est sign\u00e9 : Paul Biya a port\u00e9 son choix sur Joseph DION NGUTE - Cameroun\",\"isPartOf\":{\"@id\":\"https:\/\/www.africa-press.net\/cameroun\/#website\"},\"primaryImageOfPage\":{\"@id\":\"https:\/\/www.africa-press.net\/cameroun\/politique\/cest-signe-paul-biya-a-porte-son-choix-sur-joseph-dion-ngute#primaryimage\"},\"image\":{\"@id\":\"https:\/\/www.africa-press.net\/cameroun\/politique\/cest-signe-paul-biya-a-porte-son-choix-sur-joseph-dion-ngute#primaryimage\"},\"thumbnailUrl\":\"https:\/\/static.africa-press.net\/cameroun\/sites\/57\/2023\/09\/sm_1695568295.279701.jpg\",\"datePublished\":\"2023-09-24T18:15:38+00:00\",\"dateModified\":\"2023-09-24T18:44:11+00:00\",\"author\":{\"@id\":\"https:\/\/www.africa-press.net\/cameroun\/#\/schema\/person\/2b1cf3cd81a31e3cd26889ca66d677f1\"},\"description\":\"Dans un communique\u0301 officiel , il a e\u0301te\u0301 annonce\u0301 que le Premier Ministre, Chef du Gouvernement, Chief Dr Joseph DION N ...\",\"breadcrumb\":{\"@id\":\"https:\/\/www.africa-press.net\/cameroun\/politique\/cest-signe-paul-biya-a-porte-son-choix-sur-joseph-dion-ngute#breadcrumb\"},\"inLanguage\":\"fr-FR\",\"potentialAction\":[{\"@type\":\"ReadAction\",\"target\":[\"https:\/\/www.africa-press.net\/cameroun\/politique\/cest-signe-paul-biya-a-porte-son-choix-sur-joseph-dion-ngute\"]}]},{\"@type\":\"ImageObject\",\"inLanguage\":\"fr-FR\",\"@id\":\"https:\/\/www.africa-press.net\/cameroun\/politique\/cest-signe-paul-biya-a-porte-son-choix-sur-joseph-dion-ngute#primaryimage\",\"url\":\"https:\/\/static.africa-press.net\/cameroun\/sites\/57\/2023\/09\/sm_1695568295.279701.jpg\",\"contentUrl\":\"https:\/\/static.africa-press.net\/cameroun\/sites\/57\/2023\/09\/sm_1695568295.279701.jpg\",\"width\":720,\"height\":382,\"caption\":\"C\u2019est sign\u00e9 : Paul Biya a port\u00e9 son choix sur Joseph DION NGUTE\"},{\"@type\":\"BreadcrumbList\",\"@id\":\"https:\/\/www.africa-press.net\/cameroun\/politique\/cest-signe-paul-biya-a-porte-son-choix-sur-joseph-dion-ngute#breadcrumb\",\"itemListElement\":[{\"@type\":\"ListItem\",\"position\":1,\"name\":\"Accueil\",\"item\":\"https:\/\/www.africa-press.net\/cameroun\/\"},{\"@type\":\"ListItem\",\"position\":2,\"name\":\"C\u2019est sign\u00e9 : Paul Biya a port\u00e9 son choix sur Joseph DION NGUTE\"}]},{\"@type\":\"WebSite\",\"@id\":\"https:\/\/www.africa-press.net\/cameroun\/#website\",\"url\":\"https:\/\/www.africa-press.net\/cameroun\/\",\"name\":\"Cameroun\",\"description\":\"Just another Africa News Agency Sites site\",\"potentialAction\":[{\"@type\":\"SearchAction\",\"target\":{\"@type\":\"EntryPoint\",\"urlTemplate\":\"https:\/\/www.africa-press.net\/cameroun\/?s={search_term_string}\"},\"query-input\":{\"@type\":\"PropertyValueSpecification\",\"valueRequired\":true,\"valueName\":\"search_term_string\"}}],\"inLanguage\":\"fr-FR\"},{\"@type\":\"Person\",\"@id\":\"https:\/\/www.africa-press.net\/cameroun\/#\/schema\/person\/2b1cf3cd81a31e3cd26889ca66d677f1\",\"name\":\"cfeditorfr\"}]}<\/script>\n<!-- \/ Yoast SEO Premium plugin. -->","yoast_head_json":{"title":"C\u2019est sign\u00e9 : Paul Biya a port\u00e9 son choix sur Joseph DION NGUTE - Cameroun","description":"Dans un communique\u0301 officiel , il a e\u0301te\u0301 annonce\u0301 que le Premier Ministre, Chef du Gouvernement, Chief Dr Joseph DION N ...","robots":{"index":"index","follow":"follow","max-snippet":"max-snippet:-1","max-image-preview":"max-image-preview:large","max-video-preview":"max-video-preview:-1"},"canonical":"https:\/\/www.africa-press.net\/cameroun\/politique\/cest-signe-paul-biya-a-porte-son-choix-sur-joseph-dion-ngute","og_locale":"fr_FR","og_type":"article","og_title":"C\u2019est sign\u00e9 : Paul Biya a port\u00e9 son choix sur Joseph DION NGUTE","og_description":"Dans un communique\u0301 officiel , il a e\u0301te\u0301 annonce\u0301 que le Premier Ministre, Chef du Gouvernement, Chief Dr Joseph DION N ...","og_url":"https:\/\/www.africa-press.net\/cameroun\/politique\/cest-signe-paul-biya-a-porte-son-choix-sur-joseph-dion-ngute","og_site_name":"Cameroun","article_published_time":"2023-09-24T18:15:38+00:00","article_modified_time":"2023-09-24T18:44:11+00:00","og_image":[{"width":720,"height":382,"url":"https:\/\/static.africa-press.net\/cameroun\/sites\/57\/2023\/09\/sm_1695568295.279701.jpg","type":"image\/jpeg"}],"author":"cfeditorfr","twitter_card":"summary_large_image","twitter_misc":{"\u00c9crit par":"cfeditorfr","Dur\u00e9e de lecture estim\u00e9e":"3 minutes"},"schema":{"@context":"https:\/\/schema.org","@graph":[{"@type":"Article","@id":"https:\/\/www.africa-press.net\/cameroun\/politique\/cest-signe-paul-biya-a-porte-son-choix-sur-joseph-dion-ngute#article","isPartOf":{"@id":"https:\/\/www.africa-press.net\/cameroun\/politique\/cest-signe-paul-biya-a-porte-son-choix-sur-joseph-dion-ngute"},"author":{"name":"cfeditorfr","@id":"https:\/\/www.africa-press.net\/cameroun\/#\/schema\/person\/2b1cf3cd81a31e3cd26889ca66d677f1"},"headline":"C\u2019est sign\u00e9 : Paul Biya a port\u00e9 son choix sur Joseph DION NGUTE","datePublished":"2023-09-24T18:15:38+00:00","dateModified":"2023-09-24T18:44:11+00:00","mainEntityOfPage":{"@id":"https:\/\/www.africa-press.net\/cameroun\/politique\/cest-signe-paul-biya-a-porte-son-choix-sur-joseph-dion-ngute"},"wordCount":488,"commentCount":0,"image":{"@id":"https:\/\/www.africa-press.net\/cameroun\/politique\/cest-signe-paul-biya-a-porte-son-choix-sur-joseph-dion-ngute#primaryimage"},"thumbnailUrl":"https:\/\/static.africa-press.net\/cameroun\/sites\/57\/2023\/09\/sm_1695568295.279701.jpg","keywords":["Africa Press","Africa Press-Cameroun","Cameroun"],"articleSection":["Politique","Toutes les actualit\u00e9s"],"inLanguage":"fr-FR","potentialAction":[{"@type":"CommentAction","name":"Comment","target":["https:\/\/www.africa-press.net\/cameroun\/politique\/cest-signe-paul-biya-a-porte-son-choix-sur-joseph-dion-ngute#respond"]}]},{"@type":"WebPage","@id":"https:\/\/www.africa-press.net\/cameroun\/politique\/cest-signe-paul-biya-a-porte-son-choix-sur-joseph-dion-ngute","url":"https:\/\/www.africa-press.net\/cameroun\/politique\/cest-signe-paul-biya-a-porte-son-choix-sur-joseph-dion-ngute","name":"C\u2019est sign\u00e9 : Paul Biya a port\u00e9 son choix sur Joseph DION NGUTE - Cameroun","isPartOf":{"@id":"https:\/\/www.africa-press.net\/cameroun\/#website"},"primaryImageOfPage":{"@id":"https:\/\/www.africa-press.net\/cameroun\/politique\/cest-signe-paul-biya-a-porte-son-choix-sur-joseph-dion-ngute#primaryimage"},"image":{"@id":"https:\/\/www.africa-press.net\/cameroun\/politique\/cest-signe-paul-biya-a-porte-son-choix-sur-joseph-dion-ngute#primaryimage"},"thumbnailUrl":"https:\/\/static.africa-press.net\/cameroun\/sites\/57\/2023\/09\/sm_1695568295.279701.jpg","datePublished":"2023-09-24T18:15:38+00:00","dateModified":"2023-09-24T18:44:11+00:00","author":{"@id":"https:\/\/www.africa-press.net\/cameroun\/#\/schema\/person\/2b1cf3cd81a31e3cd26889ca66d677f1"},"description":"Dans un communique\u0301 officiel , il a e\u0301te\u0301 annonce\u0301 que le Premier Ministre, Chef du Gouvernement, Chief Dr Joseph DION N ...","breadcrumb":{"@id":"https:\/\/www.africa-press.net\/cameroun\/politique\/cest-signe-paul-biya-a-porte-son-choix-sur-joseph-dion-ngute#breadcrumb"},"inLanguage":"fr-FR","potentialAction":[{"@type":"ReadAction","target":["https:\/\/www.africa-press.net\/cameroun\/politique\/cest-signe-paul-biya-a-porte-son-choix-sur-joseph-dion-ngute"]}]},{"@type":"ImageObject","inLanguage":"fr-FR","@id":"https:\/\/www.africa-press.net\/cameroun\/politique\/cest-signe-paul-biya-a-porte-son-choix-sur-joseph-dion-ngute#primaryimage","url":"https:\/\/static.africa-press.net\/cameroun\/sites\/57\/2023\/09\/sm_1695568295.279701.jpg","contentUrl":"https:\/\/static.africa-press.net\/cameroun\/sites\/57\/2023\/09\/sm_1695568295.279701.jpg","width":720,"height":382,"caption":"C\u2019est sign\u00e9 : Paul Biya a port\u00e9 son choix sur Joseph DION NGUTE"},{"@type":"BreadcrumbList","@id":"https:\/\/www.africa-press.net\/cameroun\/politique\/cest-signe-paul-biya-a-porte-son-choix-sur-joseph-dion-ngute#breadcrumb","itemListElement":[{"@type":"ListItem","position":1,"name":"Accueil","item":"https:\/\/www.africa-press.net\/cameroun\/"},{"@type":"ListItem","position":2,"name":"C\u2019est sign\u00e9 : Paul Biya a port\u00e9 son choix sur Joseph DION NGUTE"}]},{"@type":"WebSite","@id":"https:\/\/www.africa-press.net\/cameroun\/#website","url":"https:\/\/www.africa-press.net\/cameroun\/","name":"Cameroun","description":"Just another Africa News Agency Sites site","potentialAction":[{"@type":"SearchAction","target":{"@type":"EntryPoint","urlTemplate":"https:\/\/www.africa-press.net\/cameroun\/?s={search_term_string}"},"query-input":{"@type":"PropertyValueSpecification","valueRequired":true,"valueName":"search_term_string"}}],"inLanguage":"fr-FR"},{"@type":"Person","@id":"https:\/\/www.africa-press.net\/cameroun\/#\/schema\/person\/2b1cf3cd81a31e3cd26889ca66d677f1","name":"cfeditorfr"}]}},"_links":{"self":[{"href":"https:\/\/www.africa-press.net\/cameroun\/wp-json\/wp\/v2\/posts\/51542","targetHints":{"allow":["GET"]}}],"collection":[{"href":"https:\/\/www.africa-press.net\/cameroun\/wp-json\/wp\/v2\/posts"}],"about":[{"href":"https:\/\/www.africa-press.net\/cameroun\/wp-json\/wp\/v2\/types\/post"}],"author":[{"embeddable":true,"href":"https:\/\/www.africa-press.net\/cameroun\/wp-json\/wp\/v2\/users\/82"}],"replies":[{"embeddable":true,"href":"https:\/\/www.africa-press.net\/cameroun\/wp-json\/wp\/v2\/comments?post=51542"}],"version-history":[{"count":0,"href":"https:\/\/www.africa-press.net\/cameroun\/wp-json\/wp\/v2\/posts\/51542\/revisions"}],"wp:featuredmedia":[{"embeddable":true,"href":"https:\/\/www.africa-press.net\/cameroun\/wp-json\/wp\/v2\/media\/51540"}],"wp:attachment":[{"href":"https:\/\/www.africa-press.net\/cameroun\/wp-json\/wp\/v2\/media?parent=51542"}],"wp:term":[{"taxonomy":"category","embeddable":true,"href":"https:\/\/www.africa-press.net\/cameroun\/wp-json\/wp\/v2\/categories?post=51542"},{"taxonomy":"post_tag","embeddable":true,"href":"https:\/\/www.africa-press.net\/cameroun\/wp-json\/wp\/v2\/tags?post=51542"}],"curies":[{"name":"wp","href":"https:\/\/api.w.org\/{rel}","templated":true}]}}