{"id":51545,"date":"2023-09-24T18:15:50","date_gmt":"2023-09-24T18:15:50","guid":{"rendered":"https:\/\/www.africa-press.net\/cameroun\/politique\/le-cameroun-doit-eviter-le-piege-de-la-rdc"},"modified":"2023-09-24T18:44:59","modified_gmt":"2023-09-24T18:44:59","slug":"le-cameroun-doit-eviter-le-piege-de-la-rdc","status":"publish","type":"post","link":"https:\/\/www.africa-press.net\/cameroun\/politique\/le-cameroun-doit-eviter-le-piege-de-la-rdc","title":{"rendered":"&lsquo;Le Cameroun doit \u00e9viter le pi\u00e8ge de la RDC&rsquo;"},"content":{"rendered":"<p><span style=\"color: #ff6600\"><strong>Africa-Press &#8211; Cameroun. <\/strong><\/span>Selon les donne\u0301es officielles, le Cameroun serait la deuxie\u0300me re\u0301serve mondiale de rutile derrie\u0300re la Sierra Leone. Environ 3 millions de tonnes, dont 500 000 tonnes situe\u0301es a\u0300 Akonolinga.<\/p>\n<p>\u2022 Minim-Martap aurait le plus grand gisement de Bauxite au monde, en quantite\u0301 et qualite\u0301 environ 2 milliards de tonnes de bauxite. Sans oublier les re\u0301serves de bauxite a\u0300 travers le pays.<\/p>\n<p>\u2022 420 millions de carats, ce qui en ferait l\u2019un des plus grands gisements diamantife\u0300res au monde.<\/p>\n<p>\u2022 Troisie\u0300me re\u0301serve de fer au monde en jumelant Nkout et Mbalam.<\/p>\n<p>\u2022 Plus de 500 sites vierges avec des re\u0301serves encore non e\u0301value\u0301es qui se concentrent dans cinq re\u0301gions du pays, a\u0300 savoir : l\u2019Est, l\u2019Ouest, l\u2019Adamaoua, le Nord et le Centre. Les mine\u0301raux varient de l\u2019or aux terres rares, en passant par les me\u0301taux de base et l\u2019uranium.<\/p>\n<p>\u00ab Apre\u0300s cinq ans d\u2019e\u0301tudes, avec l\u2019appui de la Banque mondiale, on a mis en e\u0301vidence plus de 300 nouveaux gisements dans 5 re\u0301gions [&#8230;] Le cuivre, l\u2019or hors de la re\u0301gion de l\u2019Est, l\u2019uranium, le plomb, le zinc, en particulier les terres rares \u00bb, commentait Calistus Gentry aujourd\u2019hui ministre des mines et du de\u0301veloppement technologique par inte\u0301rim.<\/p>\n<p>Au Cameroun, soixante ans apre\u0300s les inde\u0301pendances, pays potentiellement autant riche en matie\u0300re premie\u0300re que la RDC, le secteur minier n\u2019a contribue\u0301 qu\u2019a\u0300 hauteur de 0,11% au PIB nominal, 0,01% a\u0300 l\u2019exportation et 0,21% a\u0300 l\u2019emploi. Dans un rapport publie\u0301 par Thabo Mbeki sur les flux financiers illicites (FFI) en provenance d&rsquo;Afrique, le continent perd plus de 60 milliards de FCFA chaque anne\u0301e du fait de la mauvaise gestion des industries extractives. En premie\u0300re ligne, la RDC qui depuis les inde\u0301pendances exploite son sous-sol, le pays fut classe\u0301 en 2018 selon BMI Research, le marche\u0301 minier a\u0300 plus fort taux de croissance au monde.<\/p>\n<p>Malheureusement le peuple be\u0301ne\u0301ficie tre\u0300s peu des retombe\u0301es de ces exploitations qui profitent aux multinationales occidentales, et a\u0300 une e\u0301lite politico-militaire. Le pre\u0301sident de la re\u0301publique avait annonce\u0301 le 31 De\u0301cembre 2023 le de\u0301marrage des exploitations minie\u0300res au Cameroun. Le volet se\u0301curitaire ayant e\u0301te\u0301 renforce\u0301 par la modernisation de l\u2019arme\u0301e nationale et les partenariats strate\u0301giques multiformes, le Cameroun a besoin d\u2019une mobilisation populaire en soutien aux institutions, seul garantie pour nous e\u0301viter le scenario du chaos contro\u0302le\u0301 de l\u2019Est du Congo RDC ou de la Sie\u0301ra Leone.Au Cameroun, aucune re\u0301gion n\u2019est e\u0301pargne\u0301e par l\u2019abondance en richesse naturelle. Cette richesse devra profiter soit aux chefs de guerres, soit au peuple tout entier.<\/p>\n<p><strong>Pour plus d&rsquo;informations et d&rsquo;analyses sur la <a href=\"https:\/\/www.africa-press.net\/cameroun\">Cameroun<\/a>, suivez <a href=\"https:\/\/www.africa-press.net\/\">Africa-Press<\/a><\/strong><\/p>\n","protected":false},"excerpt":{"rendered":"<p>Africa-Press &#8211; Cameroun. Selon les donne\u0301es officielles, le Cameroun serait la deuxie\u0300me re\u0301serve mondiale de rutile derrie\u0300re la Sierra Leone. Environ 3 millions de tonnes, dont 500 000 tonnes situe\u0301es a\u0300 Akonolinga. \u2022 Minim-Martap aurait le plus grand gisement de Bauxite au monde, en quantite\u0301 et qualite\u0301 environ 2 milliards de tonnes de bauxite. Sans [&hellip;]<\/p>\n","protected":false},"author":82,"featured_media":51543,"comment_status":"open","ping_status":"closed","sticky":false,"template":"","format":"standard","meta":{"footnotes":""},"categories":[2,10],"tags":[36,50,49],"class_list":["post-51545","post","type-post","status-publish","format-standard","has-post-thumbnail","hentry","category-politique","category-toutes-les-actualites","tag-africa-press","tag-africa-press-cameroun","tag-cameroun"],"yoast_head":"<!-- This site is optimized with the Yoast SEO Premium plugin v26.1 (Yoast SEO v27.0) - https:\/\/yoast.com\/product\/yoast-seo-premium-wordpress\/ -->\n<title>&#039;Le Cameroun doit \u00e9viter le pi\u00e8ge de la RDC&#039; - Cameroun<\/title>\n<meta name=\"description\" content=\"Selon les donne\u0301es officielles, le Cameroun serait la deuxie\u0300me re\u0301serve mondiale de rutile derrie\u0300re la Sierra Leone. E ...\" \/>\n<meta name=\"robots\" content=\"index, follow, max-snippet:-1, max-image-preview:large, max-video-preview:-1\" \/>\n<link rel=\"canonical\" href=\"https:\/\/www.africa-press.net\/cameroun\/politique\/le-cameroun-doit-eviter-le-piege-de-la-rdc\" \/>\n<meta property=\"og:locale\" content=\"fr_FR\" \/>\n<meta property=\"og:type\" content=\"article\" \/>\n<meta property=\"og:title\" content=\"&#039;Le Cameroun doit \u00e9viter le pi\u00e8ge de la RDC&#039;\" \/>\n<meta property=\"og:description\" content=\"Selon les donne\u0301es officielles, le Cameroun serait la deuxie\u0300me re\u0301serve mondiale de rutile derrie\u0300re la Sierra Leone. E ...\" \/>\n<meta property=\"og:url\" content=\"https:\/\/www.africa-press.net\/cameroun\/politique\/le-cameroun-doit-eviter-le-piege-de-la-rdc\" \/>\n<meta property=\"og:site_name\" content=\"Cameroun\" \/>\n<meta property=\"article:published_time\" content=\"2023-09-24T18:15:50+00:00\" \/>\n<meta property=\"article:modified_time\" content=\"2023-09-24T18:44:59+00:00\" \/>\n<meta property=\"og:image\" content=\"https:\/\/static.africa-press.net\/cameroun\/sites\/57\/2023\/09\/sm_1695568322.561743.jpg\" \/>\n\t<meta property=\"og:image:width\" content=\"720\" \/>\n\t<meta property=\"og:image:height\" content=\"477\" \/>\n\t<meta property=\"og:image:type\" content=\"image\/jpeg\" \/>\n<meta name=\"author\" content=\"cfeditorfr\" \/>\n<meta name=\"twitter:card\" content=\"summary_large_image\" \/>\n<meta name=\"twitter:label1\" content=\"\u00c9crit par\" \/>\n\t<meta name=\"twitter:data1\" content=\"cfeditorfr\" \/>\n\t<meta name=\"twitter:label2\" content=\"Dur\u00e9e de lecture estim\u00e9e\" \/>\n\t<meta name=\"twitter:data2\" content=\"3 minutes\" \/>\n<script type=\"application\/ld+json\" class=\"yoast-schema-graph\">{\"@context\":\"https:\/\/schema.org\",\"@graph\":[{\"@type\":\"Article\",\"@id\":\"https:\/\/www.africa-press.net\/cameroun\/politique\/le-cameroun-doit-eviter-le-piege-de-la-rdc#article\",\"isPartOf\":{\"@id\":\"https:\/\/www.africa-press.net\/cameroun\/politique\/le-cameroun-doit-eviter-le-piege-de-la-rdc\"},\"author\":{\"name\":\"cfeditorfr\",\"@id\":\"https:\/\/www.africa-press.net\/cameroun\/#\/schema\/person\/2b1cf3cd81a31e3cd26889ca66d677f1\"},\"headline\":\"&lsquo;Le Cameroun doit \u00e9viter le pi\u00e8ge de la RDC&rsquo;\",\"datePublished\":\"2023-09-24T18:15:50+00:00\",\"dateModified\":\"2023-09-24T18:44:59+00:00\",\"mainEntityOfPage\":{\"@id\":\"https:\/\/www.africa-press.net\/cameroun\/politique\/le-cameroun-doit-eviter-le-piege-de-la-rdc\"},\"wordCount\":485,\"commentCount\":0,\"image\":{\"@id\":\"https:\/\/www.africa-press.net\/cameroun\/politique\/le-cameroun-doit-eviter-le-piege-de-la-rdc#primaryimage\"},\"thumbnailUrl\":\"https:\/\/static.africa-press.net\/cameroun\/sites\/57\/2023\/09\/sm_1695568322.561743.jpg\",\"keywords\":[\"Africa Press\",\"Africa Press-Cameroun\",\"Cameroun\"],\"articleSection\":[\"Politique\",\"Toutes les actualit\u00e9s\"],\"inLanguage\":\"fr-FR\",\"potentialAction\":[{\"@type\":\"CommentAction\",\"name\":\"Comment\",\"target\":[\"https:\/\/www.africa-press.net\/cameroun\/politique\/le-cameroun-doit-eviter-le-piege-de-la-rdc#respond\"]}]},{\"@type\":\"WebPage\",\"@id\":\"https:\/\/www.africa-press.net\/cameroun\/politique\/le-cameroun-doit-eviter-le-piege-de-la-rdc\",\"url\":\"https:\/\/www.africa-press.net\/cameroun\/politique\/le-cameroun-doit-eviter-le-piege-de-la-rdc\",\"name\":\"'Le Cameroun doit \u00e9viter le pi\u00e8ge de la RDC' - Cameroun\",\"isPartOf\":{\"@id\":\"https:\/\/www.africa-press.net\/cameroun\/#website\"},\"primaryImageOfPage\":{\"@id\":\"https:\/\/www.africa-press.net\/cameroun\/politique\/le-cameroun-doit-eviter-le-piege-de-la-rdc#primaryimage\"},\"image\":{\"@id\":\"https:\/\/www.africa-press.net\/cameroun\/politique\/le-cameroun-doit-eviter-le-piege-de-la-rdc#primaryimage\"},\"thumbnailUrl\":\"https:\/\/static.africa-press.net\/cameroun\/sites\/57\/2023\/09\/sm_1695568322.561743.jpg\",\"datePublished\":\"2023-09-24T18:15:50+00:00\",\"dateModified\":\"2023-09-24T18:44:59+00:00\",\"author\":{\"@id\":\"https:\/\/www.africa-press.net\/cameroun\/#\/schema\/person\/2b1cf3cd81a31e3cd26889ca66d677f1\"},\"description\":\"Selon les donne\u0301es officielles, le Cameroun serait la deuxie\u0300me re\u0301serve mondiale de rutile derrie\u0300re la Sierra Leone. E ...\",\"breadcrumb\":{\"@id\":\"https:\/\/www.africa-press.net\/cameroun\/politique\/le-cameroun-doit-eviter-le-piege-de-la-rdc#breadcrumb\"},\"inLanguage\":\"fr-FR\",\"potentialAction\":[{\"@type\":\"ReadAction\",\"target\":[\"https:\/\/www.africa-press.net\/cameroun\/politique\/le-cameroun-doit-eviter-le-piege-de-la-rdc\"]}]},{\"@type\":\"ImageObject\",\"inLanguage\":\"fr-FR\",\"@id\":\"https:\/\/www.africa-press.net\/cameroun\/politique\/le-cameroun-doit-eviter-le-piege-de-la-rdc#primaryimage\",\"url\":\"https:\/\/static.africa-press.net\/cameroun\/sites\/57\/2023\/09\/sm_1695568322.561743.jpg\",\"contentUrl\":\"https:\/\/static.africa-press.net\/cameroun\/sites\/57\/2023\/09\/sm_1695568322.561743.jpg\",\"width\":720,\"height\":477,\"caption\":\"'Le Cameroun doit \u00e9viter le pi\u00e8ge de la RDC'\"},{\"@type\":\"BreadcrumbList\",\"@id\":\"https:\/\/www.africa-press.net\/cameroun\/politique\/le-cameroun-doit-eviter-le-piege-de-la-rdc#breadcrumb\",\"itemListElement\":[{\"@type\":\"ListItem\",\"position\":1,\"name\":\"Accueil\",\"item\":\"https:\/\/www.africa-press.net\/cameroun\/\"},{\"@type\":\"ListItem\",\"position\":2,\"name\":\"&#8216;Le Cameroun doit \u00e9viter le pi\u00e8ge de la RDC&#8217;\"}]},{\"@type\":\"WebSite\",\"@id\":\"https:\/\/www.africa-press.net\/cameroun\/#website\",\"url\":\"https:\/\/www.africa-press.net\/cameroun\/\",\"name\":\"Cameroun\",\"description\":\"Just another Africa News Agency Sites site\",\"potentialAction\":[{\"@type\":\"SearchAction\",\"target\":{\"@type\":\"EntryPoint\",\"urlTemplate\":\"https:\/\/www.africa-press.net\/cameroun\/?s={search_term_string}\"},\"query-input\":{\"@type\":\"PropertyValueSpecification\",\"valueRequired\":true,\"valueName\":\"search_term_string\"}}],\"inLanguage\":\"fr-FR\"},{\"@type\":\"Person\",\"@id\":\"https:\/\/www.africa-press.net\/cameroun\/#\/schema\/person\/2b1cf3cd81a31e3cd26889ca66d677f1\",\"name\":\"cfeditorfr\"}]}<\/script>\n<!-- \/ Yoast SEO Premium plugin. -->","yoast_head_json":{"title":"'Le Cameroun doit \u00e9viter le pi\u00e8ge de la RDC' - Cameroun","description":"Selon les donne\u0301es officielles, le Cameroun serait la deuxie\u0300me re\u0301serve mondiale de rutile derrie\u0300re la Sierra Leone. E ...","robots":{"index":"index","follow":"follow","max-snippet":"max-snippet:-1","max-image-preview":"max-image-preview:large","max-video-preview":"max-video-preview:-1"},"canonical":"https:\/\/www.africa-press.net\/cameroun\/politique\/le-cameroun-doit-eviter-le-piege-de-la-rdc","og_locale":"fr_FR","og_type":"article","og_title":"'Le Cameroun doit \u00e9viter le pi\u00e8ge de la RDC'","og_description":"Selon les donne\u0301es officielles, le Cameroun serait la deuxie\u0300me re\u0301serve mondiale de rutile derrie\u0300re la Sierra Leone. E ...","og_url":"https:\/\/www.africa-press.net\/cameroun\/politique\/le-cameroun-doit-eviter-le-piege-de-la-rdc","og_site_name":"Cameroun","article_published_time":"2023-09-24T18:15:50+00:00","article_modified_time":"2023-09-24T18:44:59+00:00","og_image":[{"width":720,"height":477,"url":"https:\/\/static.africa-press.net\/cameroun\/sites\/57\/2023\/09\/sm_1695568322.561743.jpg","type":"image\/jpeg"}],"author":"cfeditorfr","twitter_card":"summary_large_image","twitter_misc":{"\u00c9crit par":"cfeditorfr","Dur\u00e9e de lecture estim\u00e9e":"3 minutes"},"schema":{"@context":"https:\/\/schema.org","@graph":[{"@type":"Article","@id":"https:\/\/www.africa-press.net\/cameroun\/politique\/le-cameroun-doit-eviter-le-piege-de-la-rdc#article","isPartOf":{"@id":"https:\/\/www.africa-press.net\/cameroun\/politique\/le-cameroun-doit-eviter-le-piege-de-la-rdc"},"author":{"name":"cfeditorfr","@id":"https:\/\/www.africa-press.net\/cameroun\/#\/schema\/person\/2b1cf3cd81a31e3cd26889ca66d677f1"},"headline":"&lsquo;Le Cameroun doit \u00e9viter le pi\u00e8ge de la RDC&rsquo;","datePublished":"2023-09-24T18:15:50+00:00","dateModified":"2023-09-24T18:44:59+00:00","mainEntityOfPage":{"@id":"https:\/\/www.africa-press.net\/cameroun\/politique\/le-cameroun-doit-eviter-le-piege-de-la-rdc"},"wordCount":485,"commentCount":0,"image":{"@id":"https:\/\/www.africa-press.net\/cameroun\/politique\/le-cameroun-doit-eviter-le-piege-de-la-rdc#primaryimage"},"thumbnailUrl":"https:\/\/static.africa-press.net\/cameroun\/sites\/57\/2023\/09\/sm_1695568322.561743.jpg","keywords":["Africa Press","Africa Press-Cameroun","Cameroun"],"articleSection":["Politique","Toutes les actualit\u00e9s"],"inLanguage":"fr-FR","potentialAction":[{"@type":"CommentAction","name":"Comment","target":["https:\/\/www.africa-press.net\/cameroun\/politique\/le-cameroun-doit-eviter-le-piege-de-la-rdc#respond"]}]},{"@type":"WebPage","@id":"https:\/\/www.africa-press.net\/cameroun\/politique\/le-cameroun-doit-eviter-le-piege-de-la-rdc","url":"https:\/\/www.africa-press.net\/cameroun\/politique\/le-cameroun-doit-eviter-le-piege-de-la-rdc","name":"'Le Cameroun doit \u00e9viter le pi\u00e8ge de la RDC' - Cameroun","isPartOf":{"@id":"https:\/\/www.africa-press.net\/cameroun\/#website"},"primaryImageOfPage":{"@id":"https:\/\/www.africa-press.net\/cameroun\/politique\/le-cameroun-doit-eviter-le-piege-de-la-rdc#primaryimage"},"image":{"@id":"https:\/\/www.africa-press.net\/cameroun\/politique\/le-cameroun-doit-eviter-le-piege-de-la-rdc#primaryimage"},"thumbnailUrl":"https:\/\/static.africa-press.net\/cameroun\/sites\/57\/2023\/09\/sm_1695568322.561743.jpg","datePublished":"2023-09-24T18:15:50+00:00","dateModified":"2023-09-24T18:44:59+00:00","author":{"@id":"https:\/\/www.africa-press.net\/cameroun\/#\/schema\/person\/2b1cf3cd81a31e3cd26889ca66d677f1"},"description":"Selon les donne\u0301es officielles, le Cameroun serait la deuxie\u0300me re\u0301serve mondiale de rutile derrie\u0300re la Sierra Leone. E ...","breadcrumb":{"@id":"https:\/\/www.africa-press.net\/cameroun\/politique\/le-cameroun-doit-eviter-le-piege-de-la-rdc#breadcrumb"},"inLanguage":"fr-FR","potentialAction":[{"@type":"ReadAction","target":["https:\/\/www.africa-press.net\/cameroun\/politique\/le-cameroun-doit-eviter-le-piege-de-la-rdc"]}]},{"@type":"ImageObject","inLanguage":"fr-FR","@id":"https:\/\/www.africa-press.net\/cameroun\/politique\/le-cameroun-doit-eviter-le-piege-de-la-rdc#primaryimage","url":"https:\/\/static.africa-press.net\/cameroun\/sites\/57\/2023\/09\/sm_1695568322.561743.jpg","contentUrl":"https:\/\/static.africa-press.net\/cameroun\/sites\/57\/2023\/09\/sm_1695568322.561743.jpg","width":720,"height":477,"caption":"'Le Cameroun doit \u00e9viter le pi\u00e8ge de la RDC'"},{"@type":"BreadcrumbList","@id":"https:\/\/www.africa-press.net\/cameroun\/politique\/le-cameroun-doit-eviter-le-piege-de-la-rdc#breadcrumb","itemListElement":[{"@type":"ListItem","position":1,"name":"Accueil","item":"https:\/\/www.africa-press.net\/cameroun\/"},{"@type":"ListItem","position":2,"name":"&#8216;Le Cameroun doit \u00e9viter le pi\u00e8ge de la RDC&#8217;"}]},{"@type":"WebSite","@id":"https:\/\/www.africa-press.net\/cameroun\/#website","url":"https:\/\/www.africa-press.net\/cameroun\/","name":"Cameroun","description":"Just another Africa News Agency Sites site","potentialAction":[{"@type":"SearchAction","target":{"@type":"EntryPoint","urlTemplate":"https:\/\/www.africa-press.net\/cameroun\/?s={search_term_string}"},"query-input":{"@type":"PropertyValueSpecification","valueRequired":true,"valueName":"search_term_string"}}],"inLanguage":"fr-FR"},{"@type":"Person","@id":"https:\/\/www.africa-press.net\/cameroun\/#\/schema\/person\/2b1cf3cd81a31e3cd26889ca66d677f1","name":"cfeditorfr"}]}},"_links":{"self":[{"href":"https:\/\/www.africa-press.net\/cameroun\/wp-json\/wp\/v2\/posts\/51545","targetHints":{"allow":["GET"]}}],"collection":[{"href":"https:\/\/www.africa-press.net\/cameroun\/wp-json\/wp\/v2\/posts"}],"about":[{"href":"https:\/\/www.africa-press.net\/cameroun\/wp-json\/wp\/v2\/types\/post"}],"author":[{"embeddable":true,"href":"https:\/\/www.africa-press.net\/cameroun\/wp-json\/wp\/v2\/users\/82"}],"replies":[{"embeddable":true,"href":"https:\/\/www.africa-press.net\/cameroun\/wp-json\/wp\/v2\/comments?post=51545"}],"version-history":[{"count":0,"href":"https:\/\/www.africa-press.net\/cameroun\/wp-json\/wp\/v2\/posts\/51545\/revisions"}],"wp:featuredmedia":[{"embeddable":true,"href":"https:\/\/www.africa-press.net\/cameroun\/wp-json\/wp\/v2\/media\/51543"}],"wp:attachment":[{"href":"https:\/\/www.africa-press.net\/cameroun\/wp-json\/wp\/v2\/media?parent=51545"}],"wp:term":[{"taxonomy":"category","embeddable":true,"href":"https:\/\/www.africa-press.net\/cameroun\/wp-json\/wp\/v2\/categories?post=51545"},{"taxonomy":"post_tag","embeddable":true,"href":"https:\/\/www.africa-press.net\/cameroun\/wp-json\/wp\/v2\/tags?post=51545"}],"curies":[{"name":"wp","href":"https:\/\/api.w.org\/{rel}","templated":true}]}}