{"id":51547,"date":"2023-09-24T18:15:58","date_gmt":"2023-09-24T18:15:58","guid":{"rendered":"https:\/\/www.africa-press.net\/cameroun\/politique\/paul-biya-candidat-en-2025-un-important-message-adresse-a-etoudi-elimbi-lobe-vide-son-sac"},"modified":"2023-09-24T18:45:58","modified_gmt":"2023-09-24T18:45:58","slug":"paul-biya-candidat-en-2025-un-important-message-adresse-a-etoudi-elimbi-lobe-vide-son-sac","status":"publish","type":"post","link":"https:\/\/www.africa-press.net\/cameroun\/politique\/paul-biya-candidat-en-2025-un-important-message-adresse-a-etoudi-elimbi-lobe-vide-son-sac","title":{"rendered":"Paul Biya candidat en 2025 : un important message adress\u00e9 \u00e0 Etoudi, Elimbi Lobe vide son sac"},"content":{"rendered":"<p><span style=\"color: #ff6600\"><strong>Africa-Press &#8211; Cameroun. <\/strong><\/span>Dans une de\u0301claration audacieuse faite lors de son apparition dans l&rsquo;e\u0301mission \u00ab\u00a0LIBRE EXPRESSION\u00a0\u00bb sur Info Tv, Elimbi Lobe a appele\u0301 le pre\u0301sident camerounais, Paul Biya, a\u0300 ne pas se repre\u0301senter aux prochaines e\u0301lections pre\u0301sidentielles. Lobe a exprime\u0301 sa conviction que Biya, qui est au pouvoir depuis des de\u0301cennies, est fatigue\u0301 et qu&rsquo;il est temps pour lui de suivre l&rsquo;exemple de son pre\u0301de\u0301cesseur, Ahmadou Ahidjo, en permettant une alternance au sein de la pre\u0301sidence.<\/p>\n<p>Lobe a de\u0301clare\u0301 : \u00ab\u00a0Monsieur Biya, ne vous repre\u0301sentez pas. Vous e\u0302tes de\u0301ja\u0300 fatigue\u0301. Faites la rotation comme Ahidjo vous l&rsquo;a apprise. Donnez le pouvoir aux anglophones (&#8230;) Un mouvement de soutien a\u0300 une candidature anglophone est en train de se structurer du Cameroun a\u0300 l&rsquo;e\u0301tranger et j&rsquo;en fais partie. La stabilite\u0301 du Cameroun passe par l&rsquo;arrive\u0301e d&rsquo;un anglophone a\u0300 la te\u0302te du pays.\u00a0\u00bb<\/p>\n<p>L&rsquo;appel d&rsquo;Elimbi Lobe refle\u0300te une pre\u0301occupation croissante au Cameroun concernant la ne\u0301cessite\u0301 d&rsquo;une rotation du pouvoir et de la repre\u0301sentation des anglophones au plus haut niveau de l&rsquo;E\u0301tat. Les revendications des anglophones pour une meilleure repre\u0301sentation politique et une plus grande e\u0301quite\u0301 ont conduit a\u0300 des tensions ces dernie\u0300res anne\u0301es, et certains estiment que la nomination d&rsquo;un anglophone a\u0300 la pre\u0301sidence pourrait contribuer a\u0300 apaiser ces tensions et a\u0300 promouvoir l&rsquo;unite\u0301 nationale.<\/p>\n<p>Le mouvement de soutien a\u0300 une candidature anglophone dont Lobe fait partie te\u0301moigne de l&rsquo;inte\u0301re\u0302t grandissant pour une telle alternative politique. Il vise a\u0300 rassembler des Camerounais, tant a\u0300 l&rsquo;inte\u0301rieur du pays qu&rsquo;a\u0300 l&rsquo;e\u0301tranger, qui partagent la vision d&rsquo;une gouvernance plus inclusive et e\u0301quilibre\u0301e.<\/p>\n<p>La question de la stabilite\u0301 du Cameroun est centrale dans ce de\u0301bat. Alors que le pays continue de faire face a\u0300 des de\u0301fis e\u0301conomiques, politiques et sociaux, de nombreux citoyens estiment qu&rsquo;un changement de leadership pourrait apporter de nouvelles perspectives et des solutions aux proble\u0300mes auxquels le pays est confronte\u0301.<\/p>\n<p>Il convient de noter que les e\u0301lections pre\u0301sidentielles au Cameroun sont un moment crucial pour la de\u0301mocratie et la direction future du pays. Les appels en faveur d&rsquo;une candidature anglophone soulignent l&rsquo;importance de la diversite\u0301 et de la repre\u0301sentation dans le processus de\u0301mocratique, ainsi que la que\u0302te d&rsquo;une solution pacifique aux tensions re\u0301gionales.<\/p>\n<p>L&rsquo;appel d&rsquo;Elimbi Lobe est un rappel du de\u0301bat en cours sur l&rsquo;avenir politique du Cameroun et de la ne\u0301cessite\u0301 de garantir une transition politique pacifique et e\u0301quilibre\u0301e. Les prochaines e\u0301lections pre\u0301sidentielles susciteront sans aucun doute un inte\u0301re\u0302t conside\u0301rable et joueront un ro\u0302le cle\u0301 dans la de\u0301termination de la direction du pays.<\/p>\n<p><strong>Pour plus d&rsquo;informations et d&rsquo;analyses sur la <a href=\"https:\/\/www.africa-press.net\/cameroun\">Cameroun<\/a>, suivez <a href=\"https:\/\/www.africa-press.net\/\">Africa-Press<\/a><\/strong><\/p>\n","protected":false},"excerpt":{"rendered":"<p>Africa-Press &#8211; Cameroun. Dans une de\u0301claration audacieuse faite lors de son apparition dans l&rsquo;e\u0301mission \u00ab\u00a0LIBRE EXPRESSION\u00a0\u00bb sur Info Tv, Elimbi Lobe a appele\u0301 le pre\u0301sident camerounais, Paul Biya, a\u0300 ne pas se repre\u0301senter aux prochaines e\u0301lections pre\u0301sidentielles. Lobe a exprime\u0301 sa conviction que Biya, qui est au pouvoir depuis des de\u0301cennies, est fatigue\u0301 et qu&rsquo;il [&hellip;]<\/p>\n","protected":false},"author":82,"featured_media":51546,"comment_status":"open","ping_status":"closed","sticky":false,"template":"","format":"standard","meta":{"footnotes":""},"categories":[2,10],"tags":[36,50,49],"class_list":["post-51547","post","type-post","status-publish","format-standard","has-post-thumbnail","hentry","category-politique","category-toutes-les-actualites","tag-africa-press","tag-africa-press-cameroun","tag-cameroun"],"yoast_head":"<!-- This site is optimized with the Yoast SEO Premium plugin v26.1 (Yoast SEO v27.0) - https:\/\/yoast.com\/product\/yoast-seo-premium-wordpress\/ -->\n<title>Paul Biya candidat en 2025 : un important message adress\u00e9 \u00e0 Etoudi, Elimbi Lobe vide son sac - Cameroun<\/title>\n<meta name=\"description\" content=\"Dans une de\u0301claration audacieuse faite lors de son apparition dans l&#039;e\u0301mission &quot;LIBRE EXPRESSION&quot; sur Info Tv, Elimbi Lo ...\" \/>\n<meta name=\"robots\" content=\"index, follow, max-snippet:-1, max-image-preview:large, max-video-preview:-1\" \/>\n<link rel=\"canonical\" href=\"https:\/\/www.africa-press.net\/cameroun\/politique\/paul-biya-candidat-en-2025-un-important-message-adresse-a-etoudi-elimbi-lobe-vide-son-sac\" \/>\n<meta property=\"og:locale\" content=\"fr_FR\" \/>\n<meta property=\"og:type\" content=\"article\" \/>\n<meta property=\"og:title\" content=\"Paul Biya candidat en 2025 : un important message adress\u00e9 \u00e0 Etoudi, Elimbi Lobe vide son sac\" \/>\n<meta property=\"og:description\" content=\"Dans une de\u0301claration audacieuse faite lors de son apparition dans l&#039;e\u0301mission &quot;LIBRE EXPRESSION&quot; sur Info Tv, Elimbi Lo ...\" \/>\n<meta property=\"og:url\" content=\"https:\/\/www.africa-press.net\/cameroun\/politique\/paul-biya-candidat-en-2025-un-important-message-adresse-a-etoudi-elimbi-lobe-vide-son-sac\" \/>\n<meta property=\"og:site_name\" content=\"Cameroun\" \/>\n<meta property=\"article:published_time\" content=\"2023-09-24T18:15:58+00:00\" \/>\n<meta property=\"article:modified_time\" content=\"2023-09-24T18:45:58+00:00\" \/>\n<meta property=\"og:image\" content=\"https:\/\/static.africa-press.net\/cameroun\/sites\/57\/2023\/09\/sm_1695568347.982791.jpg\" \/>\n\t<meta property=\"og:image:width\" content=\"720\" \/>\n\t<meta property=\"og:image:height\" content=\"402\" \/>\n\t<meta property=\"og:image:type\" content=\"image\/jpeg\" \/>\n<meta name=\"author\" content=\"cfeditorfr\" \/>\n<meta name=\"twitter:card\" content=\"summary_large_image\" \/>\n<meta name=\"twitter:label1\" content=\"\u00c9crit par\" \/>\n\t<meta name=\"twitter:data1\" content=\"cfeditorfr\" \/>\n\t<meta name=\"twitter:label2\" content=\"Dur\u00e9e de lecture estim\u00e9e\" \/>\n\t<meta name=\"twitter:data2\" content=\"2 minutes\" \/>\n<script type=\"application\/ld+json\" class=\"yoast-schema-graph\">{\"@context\":\"https:\/\/schema.org\",\"@graph\":[{\"@type\":\"Article\",\"@id\":\"https:\/\/www.africa-press.net\/cameroun\/politique\/paul-biya-candidat-en-2025-un-important-message-adresse-a-etoudi-elimbi-lobe-vide-son-sac#article\",\"isPartOf\":{\"@id\":\"https:\/\/www.africa-press.net\/cameroun\/politique\/paul-biya-candidat-en-2025-un-important-message-adresse-a-etoudi-elimbi-lobe-vide-son-sac\"},\"author\":{\"name\":\"cfeditorfr\",\"@id\":\"https:\/\/www.africa-press.net\/cameroun\/#\/schema\/person\/2b1cf3cd81a31e3cd26889ca66d677f1\"},\"headline\":\"Paul Biya candidat en 2025 : un important message adress\u00e9 \u00e0 Etoudi, Elimbi Lobe vide son sac\",\"datePublished\":\"2023-09-24T18:15:58+00:00\",\"dateModified\":\"2023-09-24T18:45:58+00:00\",\"mainEntityOfPage\":{\"@id\":\"https:\/\/www.africa-press.net\/cameroun\/politique\/paul-biya-candidat-en-2025-un-important-message-adresse-a-etoudi-elimbi-lobe-vide-son-sac\"},\"wordCount\":516,\"commentCount\":0,\"image\":{\"@id\":\"https:\/\/www.africa-press.net\/cameroun\/politique\/paul-biya-candidat-en-2025-un-important-message-adresse-a-etoudi-elimbi-lobe-vide-son-sac#primaryimage\"},\"thumbnailUrl\":\"https:\/\/static.africa-press.net\/cameroun\/sites\/57\/2023\/09\/sm_1695568347.982791.jpg\",\"keywords\":[\"Africa Press\",\"Africa Press-Cameroun\",\"Cameroun\"],\"articleSection\":[\"Politique\",\"Toutes les actualit\u00e9s\"],\"inLanguage\":\"fr-FR\",\"potentialAction\":[{\"@type\":\"CommentAction\",\"name\":\"Comment\",\"target\":[\"https:\/\/www.africa-press.net\/cameroun\/politique\/paul-biya-candidat-en-2025-un-important-message-adresse-a-etoudi-elimbi-lobe-vide-son-sac#respond\"]}]},{\"@type\":\"WebPage\",\"@id\":\"https:\/\/www.africa-press.net\/cameroun\/politique\/paul-biya-candidat-en-2025-un-important-message-adresse-a-etoudi-elimbi-lobe-vide-son-sac\",\"url\":\"https:\/\/www.africa-press.net\/cameroun\/politique\/paul-biya-candidat-en-2025-un-important-message-adresse-a-etoudi-elimbi-lobe-vide-son-sac\",\"name\":\"Paul Biya candidat en 2025 : un important message adress\u00e9 \u00e0 Etoudi, Elimbi Lobe vide son sac - Cameroun\",\"isPartOf\":{\"@id\":\"https:\/\/www.africa-press.net\/cameroun\/#website\"},\"primaryImageOfPage\":{\"@id\":\"https:\/\/www.africa-press.net\/cameroun\/politique\/paul-biya-candidat-en-2025-un-important-message-adresse-a-etoudi-elimbi-lobe-vide-son-sac#primaryimage\"},\"image\":{\"@id\":\"https:\/\/www.africa-press.net\/cameroun\/politique\/paul-biya-candidat-en-2025-un-important-message-adresse-a-etoudi-elimbi-lobe-vide-son-sac#primaryimage\"},\"thumbnailUrl\":\"https:\/\/static.africa-press.net\/cameroun\/sites\/57\/2023\/09\/sm_1695568347.982791.jpg\",\"datePublished\":\"2023-09-24T18:15:58+00:00\",\"dateModified\":\"2023-09-24T18:45:58+00:00\",\"author\":{\"@id\":\"https:\/\/www.africa-press.net\/cameroun\/#\/schema\/person\/2b1cf3cd81a31e3cd26889ca66d677f1\"},\"description\":\"Dans une de\u0301claration audacieuse faite lors de son apparition dans l'e\u0301mission \\\"LIBRE EXPRESSION\\\" sur Info Tv, Elimbi Lo ...\",\"breadcrumb\":{\"@id\":\"https:\/\/www.africa-press.net\/cameroun\/politique\/paul-biya-candidat-en-2025-un-important-message-adresse-a-etoudi-elimbi-lobe-vide-son-sac#breadcrumb\"},\"inLanguage\":\"fr-FR\",\"potentialAction\":[{\"@type\":\"ReadAction\",\"target\":[\"https:\/\/www.africa-press.net\/cameroun\/politique\/paul-biya-candidat-en-2025-un-important-message-adresse-a-etoudi-elimbi-lobe-vide-son-sac\"]}]},{\"@type\":\"ImageObject\",\"inLanguage\":\"fr-FR\",\"@id\":\"https:\/\/www.africa-press.net\/cameroun\/politique\/paul-biya-candidat-en-2025-un-important-message-adresse-a-etoudi-elimbi-lobe-vide-son-sac#primaryimage\",\"url\":\"https:\/\/static.africa-press.net\/cameroun\/sites\/57\/2023\/09\/sm_1695568347.982791.jpg\",\"contentUrl\":\"https:\/\/static.africa-press.net\/cameroun\/sites\/57\/2023\/09\/sm_1695568347.982791.jpg\",\"width\":720,\"height\":402,\"caption\":\"Paul Biya candidat en 2025 : un important message adress\u00e9 \u00e0 Etoudi, Elimbi Lobe vide son sac\"},{\"@type\":\"BreadcrumbList\",\"@id\":\"https:\/\/www.africa-press.net\/cameroun\/politique\/paul-biya-candidat-en-2025-un-important-message-adresse-a-etoudi-elimbi-lobe-vide-son-sac#breadcrumb\",\"itemListElement\":[{\"@type\":\"ListItem\",\"position\":1,\"name\":\"Accueil\",\"item\":\"https:\/\/www.africa-press.net\/cameroun\/\"},{\"@type\":\"ListItem\",\"position\":2,\"name\":\"Paul Biya candidat en 2025 : un important message adress\u00e9 \u00e0 Etoudi, Elimbi Lobe vide son sac\"}]},{\"@type\":\"WebSite\",\"@id\":\"https:\/\/www.africa-press.net\/cameroun\/#website\",\"url\":\"https:\/\/www.africa-press.net\/cameroun\/\",\"name\":\"Cameroun\",\"description\":\"Just another Africa News Agency Sites site\",\"potentialAction\":[{\"@type\":\"SearchAction\",\"target\":{\"@type\":\"EntryPoint\",\"urlTemplate\":\"https:\/\/www.africa-press.net\/cameroun\/?s={search_term_string}\"},\"query-input\":{\"@type\":\"PropertyValueSpecification\",\"valueRequired\":true,\"valueName\":\"search_term_string\"}}],\"inLanguage\":\"fr-FR\"},{\"@type\":\"Person\",\"@id\":\"https:\/\/www.africa-press.net\/cameroun\/#\/schema\/person\/2b1cf3cd81a31e3cd26889ca66d677f1\",\"name\":\"cfeditorfr\"}]}<\/script>\n<!-- \/ Yoast SEO Premium plugin. -->","yoast_head_json":{"title":"Paul Biya candidat en 2025 : un important message adress\u00e9 \u00e0 Etoudi, Elimbi Lobe vide son sac - Cameroun","description":"Dans une de\u0301claration audacieuse faite lors de son apparition dans l'e\u0301mission \"LIBRE EXPRESSION\" sur Info Tv, Elimbi Lo ...","robots":{"index":"index","follow":"follow","max-snippet":"max-snippet:-1","max-image-preview":"max-image-preview:large","max-video-preview":"max-video-preview:-1"},"canonical":"https:\/\/www.africa-press.net\/cameroun\/politique\/paul-biya-candidat-en-2025-un-important-message-adresse-a-etoudi-elimbi-lobe-vide-son-sac","og_locale":"fr_FR","og_type":"article","og_title":"Paul Biya candidat en 2025 : un important message adress\u00e9 \u00e0 Etoudi, Elimbi Lobe vide son sac","og_description":"Dans une de\u0301claration audacieuse faite lors de son apparition dans l'e\u0301mission \"LIBRE EXPRESSION\" sur Info Tv, Elimbi Lo ...","og_url":"https:\/\/www.africa-press.net\/cameroun\/politique\/paul-biya-candidat-en-2025-un-important-message-adresse-a-etoudi-elimbi-lobe-vide-son-sac","og_site_name":"Cameroun","article_published_time":"2023-09-24T18:15:58+00:00","article_modified_time":"2023-09-24T18:45:58+00:00","og_image":[{"width":720,"height":402,"url":"https:\/\/static.africa-press.net\/cameroun\/sites\/57\/2023\/09\/sm_1695568347.982791.jpg","type":"image\/jpeg"}],"author":"cfeditorfr","twitter_card":"summary_large_image","twitter_misc":{"\u00c9crit par":"cfeditorfr","Dur\u00e9e de lecture estim\u00e9e":"2 minutes"},"schema":{"@context":"https:\/\/schema.org","@graph":[{"@type":"Article","@id":"https:\/\/www.africa-press.net\/cameroun\/politique\/paul-biya-candidat-en-2025-un-important-message-adresse-a-etoudi-elimbi-lobe-vide-son-sac#article","isPartOf":{"@id":"https:\/\/www.africa-press.net\/cameroun\/politique\/paul-biya-candidat-en-2025-un-important-message-adresse-a-etoudi-elimbi-lobe-vide-son-sac"},"author":{"name":"cfeditorfr","@id":"https:\/\/www.africa-press.net\/cameroun\/#\/schema\/person\/2b1cf3cd81a31e3cd26889ca66d677f1"},"headline":"Paul Biya candidat en 2025 : un important message adress\u00e9 \u00e0 Etoudi, Elimbi Lobe vide son sac","datePublished":"2023-09-24T18:15:58+00:00","dateModified":"2023-09-24T18:45:58+00:00","mainEntityOfPage":{"@id":"https:\/\/www.africa-press.net\/cameroun\/politique\/paul-biya-candidat-en-2025-un-important-message-adresse-a-etoudi-elimbi-lobe-vide-son-sac"},"wordCount":516,"commentCount":0,"image":{"@id":"https:\/\/www.africa-press.net\/cameroun\/politique\/paul-biya-candidat-en-2025-un-important-message-adresse-a-etoudi-elimbi-lobe-vide-son-sac#primaryimage"},"thumbnailUrl":"https:\/\/static.africa-press.net\/cameroun\/sites\/57\/2023\/09\/sm_1695568347.982791.jpg","keywords":["Africa Press","Africa Press-Cameroun","Cameroun"],"articleSection":["Politique","Toutes les actualit\u00e9s"],"inLanguage":"fr-FR","potentialAction":[{"@type":"CommentAction","name":"Comment","target":["https:\/\/www.africa-press.net\/cameroun\/politique\/paul-biya-candidat-en-2025-un-important-message-adresse-a-etoudi-elimbi-lobe-vide-son-sac#respond"]}]},{"@type":"WebPage","@id":"https:\/\/www.africa-press.net\/cameroun\/politique\/paul-biya-candidat-en-2025-un-important-message-adresse-a-etoudi-elimbi-lobe-vide-son-sac","url":"https:\/\/www.africa-press.net\/cameroun\/politique\/paul-biya-candidat-en-2025-un-important-message-adresse-a-etoudi-elimbi-lobe-vide-son-sac","name":"Paul Biya candidat en 2025 : un important message adress\u00e9 \u00e0 Etoudi, Elimbi Lobe vide son sac - Cameroun","isPartOf":{"@id":"https:\/\/www.africa-press.net\/cameroun\/#website"},"primaryImageOfPage":{"@id":"https:\/\/www.africa-press.net\/cameroun\/politique\/paul-biya-candidat-en-2025-un-important-message-adresse-a-etoudi-elimbi-lobe-vide-son-sac#primaryimage"},"image":{"@id":"https:\/\/www.africa-press.net\/cameroun\/politique\/paul-biya-candidat-en-2025-un-important-message-adresse-a-etoudi-elimbi-lobe-vide-son-sac#primaryimage"},"thumbnailUrl":"https:\/\/static.africa-press.net\/cameroun\/sites\/57\/2023\/09\/sm_1695568347.982791.jpg","datePublished":"2023-09-24T18:15:58+00:00","dateModified":"2023-09-24T18:45:58+00:00","author":{"@id":"https:\/\/www.africa-press.net\/cameroun\/#\/schema\/person\/2b1cf3cd81a31e3cd26889ca66d677f1"},"description":"Dans une de\u0301claration audacieuse faite lors de son apparition dans l'e\u0301mission \"LIBRE EXPRESSION\" sur Info Tv, Elimbi Lo ...","breadcrumb":{"@id":"https:\/\/www.africa-press.net\/cameroun\/politique\/paul-biya-candidat-en-2025-un-important-message-adresse-a-etoudi-elimbi-lobe-vide-son-sac#breadcrumb"},"inLanguage":"fr-FR","potentialAction":[{"@type":"ReadAction","target":["https:\/\/www.africa-press.net\/cameroun\/politique\/paul-biya-candidat-en-2025-un-important-message-adresse-a-etoudi-elimbi-lobe-vide-son-sac"]}]},{"@type":"ImageObject","inLanguage":"fr-FR","@id":"https:\/\/www.africa-press.net\/cameroun\/politique\/paul-biya-candidat-en-2025-un-important-message-adresse-a-etoudi-elimbi-lobe-vide-son-sac#primaryimage","url":"https:\/\/static.africa-press.net\/cameroun\/sites\/57\/2023\/09\/sm_1695568347.982791.jpg","contentUrl":"https:\/\/static.africa-press.net\/cameroun\/sites\/57\/2023\/09\/sm_1695568347.982791.jpg","width":720,"height":402,"caption":"Paul Biya candidat en 2025 : un important message adress\u00e9 \u00e0 Etoudi, Elimbi Lobe vide son sac"},{"@type":"BreadcrumbList","@id":"https:\/\/www.africa-press.net\/cameroun\/politique\/paul-biya-candidat-en-2025-un-important-message-adresse-a-etoudi-elimbi-lobe-vide-son-sac#breadcrumb","itemListElement":[{"@type":"ListItem","position":1,"name":"Accueil","item":"https:\/\/www.africa-press.net\/cameroun\/"},{"@type":"ListItem","position":2,"name":"Paul Biya candidat en 2025 : un important message adress\u00e9 \u00e0 Etoudi, Elimbi Lobe vide son sac"}]},{"@type":"WebSite","@id":"https:\/\/www.africa-press.net\/cameroun\/#website","url":"https:\/\/www.africa-press.net\/cameroun\/","name":"Cameroun","description":"Just another Africa News Agency Sites site","potentialAction":[{"@type":"SearchAction","target":{"@type":"EntryPoint","urlTemplate":"https:\/\/www.africa-press.net\/cameroun\/?s={search_term_string}"},"query-input":{"@type":"PropertyValueSpecification","valueRequired":true,"valueName":"search_term_string"}}],"inLanguage":"fr-FR"},{"@type":"Person","@id":"https:\/\/www.africa-press.net\/cameroun\/#\/schema\/person\/2b1cf3cd81a31e3cd26889ca66d677f1","name":"cfeditorfr"}]}},"_links":{"self":[{"href":"https:\/\/www.africa-press.net\/cameroun\/wp-json\/wp\/v2\/posts\/51547","targetHints":{"allow":["GET"]}}],"collection":[{"href":"https:\/\/www.africa-press.net\/cameroun\/wp-json\/wp\/v2\/posts"}],"about":[{"href":"https:\/\/www.africa-press.net\/cameroun\/wp-json\/wp\/v2\/types\/post"}],"author":[{"embeddable":true,"href":"https:\/\/www.africa-press.net\/cameroun\/wp-json\/wp\/v2\/users\/82"}],"replies":[{"embeddable":true,"href":"https:\/\/www.africa-press.net\/cameroun\/wp-json\/wp\/v2\/comments?post=51547"}],"version-history":[{"count":0,"href":"https:\/\/www.africa-press.net\/cameroun\/wp-json\/wp\/v2\/posts\/51547\/revisions"}],"wp:featuredmedia":[{"embeddable":true,"href":"https:\/\/www.africa-press.net\/cameroun\/wp-json\/wp\/v2\/media\/51546"}],"wp:attachment":[{"href":"https:\/\/www.africa-press.net\/cameroun\/wp-json\/wp\/v2\/media?parent=51547"}],"wp:term":[{"taxonomy":"category","embeddable":true,"href":"https:\/\/www.africa-press.net\/cameroun\/wp-json\/wp\/v2\/categories?post=51547"},{"taxonomy":"post_tag","embeddable":true,"href":"https:\/\/www.africa-press.net\/cameroun\/wp-json\/wp\/v2\/tags?post=51547"}],"curies":[{"name":"wp","href":"https:\/\/api.w.org\/{rel}","templated":true}]}}