{"id":51550,"date":"2023-09-24T18:16:07","date_gmt":"2023-09-24T18:16:07","guid":{"rendered":"https:\/\/www.africa-press.net\/cameroun\/politique\/humiliation-un-haut-cadre-du-mrc-detruit-vision-4-damougou-belinga"},"modified":"2023-09-24T18:46:45","modified_gmt":"2023-09-24T18:46:45","slug":"humiliation-un-haut-cadre-du-mrc-detruit-vision-4-damougou-belinga","status":"publish","type":"post","link":"https:\/\/www.africa-press.net\/cameroun\/politique\/humiliation-un-haut-cadre-du-mrc-detruit-vision-4-damougou-belinga","title":{"rendered":"Humiliation : un haut cadre du MRC d\u00e9truit Vision 4 d\u2019Amougou Belinga"},"content":{"rendered":"<p><span style=\"color: #ff6600\"><strong>Africa-Press &#8211; Cameroun. <\/strong><\/span>De\u0301sire\u0301 Sikati, membre du Mouvement pour la Renaissance du Cameroun (MRC), a exprime\u0301 ce dimanche 24 septembre 2023 ses inquie\u0301tudes concernant le de\u0301roulement des de\u0301bats te\u0301le\u0301vise\u0301s, en particulier sur la chai\u0302ne Vision 4. Dans une intervention dans l&rsquo;e\u0301mission \u00ab\u00a07HEBDO\u00a0\u00bb sur STV, Sikati a souleve\u0301 des pre\u0301occupations concernant le ton agressif et vulgaire de certains de\u0301bats te\u0301le\u0301vise\u0301s, ainsi que le recours au sensationalisme par certaines chai\u0302nes de te\u0301le\u0301vision.<\/p>\n<p>Sikati a de\u0301clare\u0301 : \u00ab\u00a0J&rsquo;avais dit que j&rsquo;ai toujours peur des de\u0301bats TV sur cette chai\u0302ne [Vision 4, Ndlr] parce qu&rsquo;on est toujours a\u0300 deux doigts de finir par une violente bagarre (&#8230;) Il y a eu un de\u0301bat sur la Fecafoot la\u0300-bas et ils ont pris du plaisir a\u0300 prolonger un de\u0301bat ou\u0300 les gens s&rsquo;insultaient vulgairement (&#8230;) Si vous avez une ligne e\u0301ditoriale ou\u0300 vous donnez l&rsquo;impression que vous privile\u0301giez le buzz, vos invite\u0301s vont vous servir ce que vous aimez.\u00a0\u00bb<\/p>\n<p>Les pre\u0301occupations de Sikati refle\u0300tent une tendance inquie\u0301tante dans les me\u0301dias camerounais, ou\u0300 certains de\u0301bats te\u0301le\u0301vise\u0301s se transforment en confrontations houleuses, parfois teinte\u0301es d&rsquo;insultes et de vulgarite\u0301. Cette approche sensationnaliste vise souvent a\u0300 attirer l&rsquo;attention du public, mais elle peut e\u0301galement compromettre la qualite\u0301 des de\u0301bats et la possibilite\u0301 de parvenir a\u0300 des solutions constructives.<\/p>\n<p>Les de\u0301bats te\u0301le\u0301vise\u0301s sont un moyen important de discuter des questions politiques, sociales et e\u0301conomiques au Cameroun. Ils permettent aux citoyens d&rsquo;entendre diffe\u0301rents points de vue et de mieux comprendre les proble\u0300mes qui affectent le pays. Cependant, lorsque ces de\u0301bats sont entache\u0301s de comportements agressifs et de langage vulgaire, cela peut de\u0301courager la participation civique et miner la cre\u0301dibilite\u0301 des me\u0301dias.<\/p>\n<p>Sikati a e\u0301galement souligne\u0301 l&rsquo;importance de la ligne e\u0301ditoriale des chai\u0302nes de te\u0301le\u0301vision dans la fac\u0327on dont les de\u0301bats se de\u0301roulent. Il a note\u0301 que si les chai\u0302nes privile\u0301gient le sensationnalisme et le buzz, les invite\u0301s seront plus enclins a\u0300 adopter un comportement qui ge\u0301ne\u0300re de l&rsquo;audience, me\u0302me si cela signifie recourir a\u0300 des attaques personnelles et a\u0300 des e\u0301changes houleux.<\/p>\n<p>Il est crucial que les me\u0301dias camerounais continuent de jouer un ro\u0302le constructif dans la promotion du dialogue et de la compre\u0301hension mutuelle. Les de\u0301bats te\u0301le\u0301vise\u0301s doivent e\u0302tre mene\u0301s de manie\u0300re respectueuse et professionnelle, permettant ainsi aux participants de discuter des proble\u0300mes de manie\u0300re constructive, sans recourir a\u0300 des provocations inutiles.<\/p>\n<p>Les de\u0301clarations de De\u0301sire\u0301 Sikati mettent en e\u0301vidence l&rsquo;importance de maintenir des normes e\u0301leve\u0301es dans les me\u0301dias et de promouvoir un environnement propice au de\u0301bat public informe\u0301 et respectueux.<\/p>\n<p><strong>Pour plus d&rsquo;informations et d&rsquo;analyses sur la <a href=\"https:\/\/www.africa-press.net\/cameroun\">Cameroun<\/a>, suivez <a href=\"https:\/\/www.africa-press.net\/\">Africa-Press<\/a><\/strong><\/p>\n","protected":false},"excerpt":{"rendered":"<p>Africa-Press &#8211; Cameroun. De\u0301sire\u0301 Sikati, membre du Mouvement pour la Renaissance du Cameroun (MRC), a exprime\u0301 ce dimanche 24 septembre 2023 ses inquie\u0301tudes concernant le de\u0301roulement des de\u0301bats te\u0301le\u0301vise\u0301s, en particulier sur la chai\u0302ne Vision 4. Dans une intervention dans l&rsquo;e\u0301mission \u00ab\u00a07HEBDO\u00a0\u00bb sur STV, Sikati a souleve\u0301 des pre\u0301occupations concernant le ton agressif et vulgaire [&hellip;]<\/p>\n","protected":false},"author":82,"featured_media":51549,"comment_status":"open","ping_status":"closed","sticky":false,"template":"","format":"standard","meta":{"footnotes":""},"categories":[2,10],"tags":[36,50,49],"class_list":["post-51550","post","type-post","status-publish","format-standard","has-post-thumbnail","hentry","category-politique","category-toutes-les-actualites","tag-africa-press","tag-africa-press-cameroun","tag-cameroun"],"yoast_head":"<!-- This site is optimized with the Yoast SEO Premium plugin v26.1 (Yoast SEO v27.0) - https:\/\/yoast.com\/product\/yoast-seo-premium-wordpress\/ -->\n<title>Humiliation : un haut cadre du MRC d\u00e9truit Vision 4 d\u2019Amougou Belinga - Cameroun<\/title>\n<meta name=\"description\" content=\"De\u0301sire\u0301 Sikati, membre du Mouvement pour la Renaissance du Cameroun (MRC), a exprime\u0301 ce dimanche 24 septembre 2023 ses ...\" \/>\n<meta name=\"robots\" content=\"index, follow, max-snippet:-1, max-image-preview:large, max-video-preview:-1\" \/>\n<link rel=\"canonical\" href=\"https:\/\/www.africa-press.net\/cameroun\/politique\/humiliation-un-haut-cadre-du-mrc-detruit-vision-4-damougou-belinga\" \/>\n<meta property=\"og:locale\" content=\"fr_FR\" \/>\n<meta property=\"og:type\" content=\"article\" \/>\n<meta property=\"og:title\" content=\"Humiliation : un haut cadre du MRC d\u00e9truit Vision 4 d\u2019Amougou Belinga\" \/>\n<meta property=\"og:description\" content=\"De\u0301sire\u0301 Sikati, membre du Mouvement pour la Renaissance du Cameroun (MRC), a exprime\u0301 ce dimanche 24 septembre 2023 ses ...\" \/>\n<meta property=\"og:url\" content=\"https:\/\/www.africa-press.net\/cameroun\/politique\/humiliation-un-haut-cadre-du-mrc-detruit-vision-4-damougou-belinga\" \/>\n<meta property=\"og:site_name\" content=\"Cameroun\" \/>\n<meta property=\"article:published_time\" content=\"2023-09-24T18:16:07+00:00\" \/>\n<meta property=\"article:modified_time\" content=\"2023-09-24T18:46:45+00:00\" \/>\n<meta property=\"og:image\" content=\"https:\/\/static.africa-press.net\/cameroun\/sites\/57\/2023\/09\/sm_1695568378.887027.jpg\" \/>\n\t<meta property=\"og:image:width\" content=\"720\" \/>\n\t<meta property=\"og:image:height\" content=\"480\" \/>\n\t<meta property=\"og:image:type\" content=\"image\/jpeg\" \/>\n<meta name=\"author\" content=\"cfeditorfr\" \/>\n<meta name=\"twitter:card\" content=\"summary_large_image\" \/>\n<meta name=\"twitter:label1\" content=\"\u00c9crit par\" \/>\n\t<meta name=\"twitter:data1\" content=\"cfeditorfr\" \/>\n\t<meta name=\"twitter:label2\" content=\"Dur\u00e9e de lecture estim\u00e9e\" \/>\n\t<meta name=\"twitter:data2\" content=\"3 minutes\" \/>\n<script type=\"application\/ld+json\" class=\"yoast-schema-graph\">{\"@context\":\"https:\/\/schema.org\",\"@graph\":[{\"@type\":\"Article\",\"@id\":\"https:\/\/www.africa-press.net\/cameroun\/politique\/humiliation-un-haut-cadre-du-mrc-detruit-vision-4-damougou-belinga#article\",\"isPartOf\":{\"@id\":\"https:\/\/www.africa-press.net\/cameroun\/politique\/humiliation-un-haut-cadre-du-mrc-detruit-vision-4-damougou-belinga\"},\"author\":{\"name\":\"cfeditorfr\",\"@id\":\"https:\/\/www.africa-press.net\/cameroun\/#\/schema\/person\/2b1cf3cd81a31e3cd26889ca66d677f1\"},\"headline\":\"Humiliation : un haut cadre du MRC d\u00e9truit Vision 4 d\u2019Amougou Belinga\",\"datePublished\":\"2023-09-24T18:16:07+00:00\",\"dateModified\":\"2023-09-24T18:46:45+00:00\",\"mainEntityOfPage\":{\"@id\":\"https:\/\/www.africa-press.net\/cameroun\/politique\/humiliation-un-haut-cadre-du-mrc-detruit-vision-4-damougou-belinga\"},\"wordCount\":522,\"commentCount\":0,\"image\":{\"@id\":\"https:\/\/www.africa-press.net\/cameroun\/politique\/humiliation-un-haut-cadre-du-mrc-detruit-vision-4-damougou-belinga#primaryimage\"},\"thumbnailUrl\":\"https:\/\/static.africa-press.net\/cameroun\/sites\/57\/2023\/09\/sm_1695568378.887027.jpg\",\"keywords\":[\"Africa Press\",\"Africa Press-Cameroun\",\"Cameroun\"],\"articleSection\":[\"Politique\",\"Toutes les actualit\u00e9s\"],\"inLanguage\":\"fr-FR\",\"potentialAction\":[{\"@type\":\"CommentAction\",\"name\":\"Comment\",\"target\":[\"https:\/\/www.africa-press.net\/cameroun\/politique\/humiliation-un-haut-cadre-du-mrc-detruit-vision-4-damougou-belinga#respond\"]}]},{\"@type\":\"WebPage\",\"@id\":\"https:\/\/www.africa-press.net\/cameroun\/politique\/humiliation-un-haut-cadre-du-mrc-detruit-vision-4-damougou-belinga\",\"url\":\"https:\/\/www.africa-press.net\/cameroun\/politique\/humiliation-un-haut-cadre-du-mrc-detruit-vision-4-damougou-belinga\",\"name\":\"Humiliation : un haut cadre du MRC d\u00e9truit Vision 4 d\u2019Amougou Belinga - Cameroun\",\"isPartOf\":{\"@id\":\"https:\/\/www.africa-press.net\/cameroun\/#website\"},\"primaryImageOfPage\":{\"@id\":\"https:\/\/www.africa-press.net\/cameroun\/politique\/humiliation-un-haut-cadre-du-mrc-detruit-vision-4-damougou-belinga#primaryimage\"},\"image\":{\"@id\":\"https:\/\/www.africa-press.net\/cameroun\/politique\/humiliation-un-haut-cadre-du-mrc-detruit-vision-4-damougou-belinga#primaryimage\"},\"thumbnailUrl\":\"https:\/\/static.africa-press.net\/cameroun\/sites\/57\/2023\/09\/sm_1695568378.887027.jpg\",\"datePublished\":\"2023-09-24T18:16:07+00:00\",\"dateModified\":\"2023-09-24T18:46:45+00:00\",\"author\":{\"@id\":\"https:\/\/www.africa-press.net\/cameroun\/#\/schema\/person\/2b1cf3cd81a31e3cd26889ca66d677f1\"},\"description\":\"De\u0301sire\u0301 Sikati, membre du Mouvement pour la Renaissance du Cameroun (MRC), a exprime\u0301 ce dimanche 24 septembre 2023 ses ...\",\"breadcrumb\":{\"@id\":\"https:\/\/www.africa-press.net\/cameroun\/politique\/humiliation-un-haut-cadre-du-mrc-detruit-vision-4-damougou-belinga#breadcrumb\"},\"inLanguage\":\"fr-FR\",\"potentialAction\":[{\"@type\":\"ReadAction\",\"target\":[\"https:\/\/www.africa-press.net\/cameroun\/politique\/humiliation-un-haut-cadre-du-mrc-detruit-vision-4-damougou-belinga\"]}]},{\"@type\":\"ImageObject\",\"inLanguage\":\"fr-FR\",\"@id\":\"https:\/\/www.africa-press.net\/cameroun\/politique\/humiliation-un-haut-cadre-du-mrc-detruit-vision-4-damougou-belinga#primaryimage\",\"url\":\"https:\/\/static.africa-press.net\/cameroun\/sites\/57\/2023\/09\/sm_1695568378.887027.jpg\",\"contentUrl\":\"https:\/\/static.africa-press.net\/cameroun\/sites\/57\/2023\/09\/sm_1695568378.887027.jpg\",\"width\":720,\"height\":480,\"caption\":\"Humiliation : un haut cadre du MRC d\u00e9truit Vision 4 d\u2019Amougou Belinga\"},{\"@type\":\"BreadcrumbList\",\"@id\":\"https:\/\/www.africa-press.net\/cameroun\/politique\/humiliation-un-haut-cadre-du-mrc-detruit-vision-4-damougou-belinga#breadcrumb\",\"itemListElement\":[{\"@type\":\"ListItem\",\"position\":1,\"name\":\"Accueil\",\"item\":\"https:\/\/www.africa-press.net\/cameroun\/\"},{\"@type\":\"ListItem\",\"position\":2,\"name\":\"Humiliation : un haut cadre du MRC d\u00e9truit Vision 4 d\u2019Amougou Belinga\"}]},{\"@type\":\"WebSite\",\"@id\":\"https:\/\/www.africa-press.net\/cameroun\/#website\",\"url\":\"https:\/\/www.africa-press.net\/cameroun\/\",\"name\":\"Cameroun\",\"description\":\"Just another Africa News Agency Sites site\",\"potentialAction\":[{\"@type\":\"SearchAction\",\"target\":{\"@type\":\"EntryPoint\",\"urlTemplate\":\"https:\/\/www.africa-press.net\/cameroun\/?s={search_term_string}\"},\"query-input\":{\"@type\":\"PropertyValueSpecification\",\"valueRequired\":true,\"valueName\":\"search_term_string\"}}],\"inLanguage\":\"fr-FR\"},{\"@type\":\"Person\",\"@id\":\"https:\/\/www.africa-press.net\/cameroun\/#\/schema\/person\/2b1cf3cd81a31e3cd26889ca66d677f1\",\"name\":\"cfeditorfr\"}]}<\/script>\n<!-- \/ Yoast SEO Premium plugin. -->","yoast_head_json":{"title":"Humiliation : un haut cadre du MRC d\u00e9truit Vision 4 d\u2019Amougou Belinga - Cameroun","description":"De\u0301sire\u0301 Sikati, membre du Mouvement pour la Renaissance du Cameroun (MRC), a exprime\u0301 ce dimanche 24 septembre 2023 ses ...","robots":{"index":"index","follow":"follow","max-snippet":"max-snippet:-1","max-image-preview":"max-image-preview:large","max-video-preview":"max-video-preview:-1"},"canonical":"https:\/\/www.africa-press.net\/cameroun\/politique\/humiliation-un-haut-cadre-du-mrc-detruit-vision-4-damougou-belinga","og_locale":"fr_FR","og_type":"article","og_title":"Humiliation : un haut cadre du MRC d\u00e9truit Vision 4 d\u2019Amougou Belinga","og_description":"De\u0301sire\u0301 Sikati, membre du Mouvement pour la Renaissance du Cameroun (MRC), a exprime\u0301 ce dimanche 24 septembre 2023 ses ...","og_url":"https:\/\/www.africa-press.net\/cameroun\/politique\/humiliation-un-haut-cadre-du-mrc-detruit-vision-4-damougou-belinga","og_site_name":"Cameroun","article_published_time":"2023-09-24T18:16:07+00:00","article_modified_time":"2023-09-24T18:46:45+00:00","og_image":[{"width":720,"height":480,"url":"https:\/\/static.africa-press.net\/cameroun\/sites\/57\/2023\/09\/sm_1695568378.887027.jpg","type":"image\/jpeg"}],"author":"cfeditorfr","twitter_card":"summary_large_image","twitter_misc":{"\u00c9crit par":"cfeditorfr","Dur\u00e9e de lecture estim\u00e9e":"3 minutes"},"schema":{"@context":"https:\/\/schema.org","@graph":[{"@type":"Article","@id":"https:\/\/www.africa-press.net\/cameroun\/politique\/humiliation-un-haut-cadre-du-mrc-detruit-vision-4-damougou-belinga#article","isPartOf":{"@id":"https:\/\/www.africa-press.net\/cameroun\/politique\/humiliation-un-haut-cadre-du-mrc-detruit-vision-4-damougou-belinga"},"author":{"name":"cfeditorfr","@id":"https:\/\/www.africa-press.net\/cameroun\/#\/schema\/person\/2b1cf3cd81a31e3cd26889ca66d677f1"},"headline":"Humiliation : un haut cadre du MRC d\u00e9truit Vision 4 d\u2019Amougou Belinga","datePublished":"2023-09-24T18:16:07+00:00","dateModified":"2023-09-24T18:46:45+00:00","mainEntityOfPage":{"@id":"https:\/\/www.africa-press.net\/cameroun\/politique\/humiliation-un-haut-cadre-du-mrc-detruit-vision-4-damougou-belinga"},"wordCount":522,"commentCount":0,"image":{"@id":"https:\/\/www.africa-press.net\/cameroun\/politique\/humiliation-un-haut-cadre-du-mrc-detruit-vision-4-damougou-belinga#primaryimage"},"thumbnailUrl":"https:\/\/static.africa-press.net\/cameroun\/sites\/57\/2023\/09\/sm_1695568378.887027.jpg","keywords":["Africa Press","Africa Press-Cameroun","Cameroun"],"articleSection":["Politique","Toutes les actualit\u00e9s"],"inLanguage":"fr-FR","potentialAction":[{"@type":"CommentAction","name":"Comment","target":["https:\/\/www.africa-press.net\/cameroun\/politique\/humiliation-un-haut-cadre-du-mrc-detruit-vision-4-damougou-belinga#respond"]}]},{"@type":"WebPage","@id":"https:\/\/www.africa-press.net\/cameroun\/politique\/humiliation-un-haut-cadre-du-mrc-detruit-vision-4-damougou-belinga","url":"https:\/\/www.africa-press.net\/cameroun\/politique\/humiliation-un-haut-cadre-du-mrc-detruit-vision-4-damougou-belinga","name":"Humiliation : un haut cadre du MRC d\u00e9truit Vision 4 d\u2019Amougou Belinga - Cameroun","isPartOf":{"@id":"https:\/\/www.africa-press.net\/cameroun\/#website"},"primaryImageOfPage":{"@id":"https:\/\/www.africa-press.net\/cameroun\/politique\/humiliation-un-haut-cadre-du-mrc-detruit-vision-4-damougou-belinga#primaryimage"},"image":{"@id":"https:\/\/www.africa-press.net\/cameroun\/politique\/humiliation-un-haut-cadre-du-mrc-detruit-vision-4-damougou-belinga#primaryimage"},"thumbnailUrl":"https:\/\/static.africa-press.net\/cameroun\/sites\/57\/2023\/09\/sm_1695568378.887027.jpg","datePublished":"2023-09-24T18:16:07+00:00","dateModified":"2023-09-24T18:46:45+00:00","author":{"@id":"https:\/\/www.africa-press.net\/cameroun\/#\/schema\/person\/2b1cf3cd81a31e3cd26889ca66d677f1"},"description":"De\u0301sire\u0301 Sikati, membre du Mouvement pour la Renaissance du Cameroun (MRC), a exprime\u0301 ce dimanche 24 septembre 2023 ses ...","breadcrumb":{"@id":"https:\/\/www.africa-press.net\/cameroun\/politique\/humiliation-un-haut-cadre-du-mrc-detruit-vision-4-damougou-belinga#breadcrumb"},"inLanguage":"fr-FR","potentialAction":[{"@type":"ReadAction","target":["https:\/\/www.africa-press.net\/cameroun\/politique\/humiliation-un-haut-cadre-du-mrc-detruit-vision-4-damougou-belinga"]}]},{"@type":"ImageObject","inLanguage":"fr-FR","@id":"https:\/\/www.africa-press.net\/cameroun\/politique\/humiliation-un-haut-cadre-du-mrc-detruit-vision-4-damougou-belinga#primaryimage","url":"https:\/\/static.africa-press.net\/cameroun\/sites\/57\/2023\/09\/sm_1695568378.887027.jpg","contentUrl":"https:\/\/static.africa-press.net\/cameroun\/sites\/57\/2023\/09\/sm_1695568378.887027.jpg","width":720,"height":480,"caption":"Humiliation : un haut cadre du MRC d\u00e9truit Vision 4 d\u2019Amougou Belinga"},{"@type":"BreadcrumbList","@id":"https:\/\/www.africa-press.net\/cameroun\/politique\/humiliation-un-haut-cadre-du-mrc-detruit-vision-4-damougou-belinga#breadcrumb","itemListElement":[{"@type":"ListItem","position":1,"name":"Accueil","item":"https:\/\/www.africa-press.net\/cameroun\/"},{"@type":"ListItem","position":2,"name":"Humiliation : un haut cadre du MRC d\u00e9truit Vision 4 d\u2019Amougou Belinga"}]},{"@type":"WebSite","@id":"https:\/\/www.africa-press.net\/cameroun\/#website","url":"https:\/\/www.africa-press.net\/cameroun\/","name":"Cameroun","description":"Just another Africa News Agency Sites site","potentialAction":[{"@type":"SearchAction","target":{"@type":"EntryPoint","urlTemplate":"https:\/\/www.africa-press.net\/cameroun\/?s={search_term_string}"},"query-input":{"@type":"PropertyValueSpecification","valueRequired":true,"valueName":"search_term_string"}}],"inLanguage":"fr-FR"},{"@type":"Person","@id":"https:\/\/www.africa-press.net\/cameroun\/#\/schema\/person\/2b1cf3cd81a31e3cd26889ca66d677f1","name":"cfeditorfr"}]}},"_links":{"self":[{"href":"https:\/\/www.africa-press.net\/cameroun\/wp-json\/wp\/v2\/posts\/51550","targetHints":{"allow":["GET"]}}],"collection":[{"href":"https:\/\/www.africa-press.net\/cameroun\/wp-json\/wp\/v2\/posts"}],"about":[{"href":"https:\/\/www.africa-press.net\/cameroun\/wp-json\/wp\/v2\/types\/post"}],"author":[{"embeddable":true,"href":"https:\/\/www.africa-press.net\/cameroun\/wp-json\/wp\/v2\/users\/82"}],"replies":[{"embeddable":true,"href":"https:\/\/www.africa-press.net\/cameroun\/wp-json\/wp\/v2\/comments?post=51550"}],"version-history":[{"count":0,"href":"https:\/\/www.africa-press.net\/cameroun\/wp-json\/wp\/v2\/posts\/51550\/revisions"}],"wp:featuredmedia":[{"embeddable":true,"href":"https:\/\/www.africa-press.net\/cameroun\/wp-json\/wp\/v2\/media\/51549"}],"wp:attachment":[{"href":"https:\/\/www.africa-press.net\/cameroun\/wp-json\/wp\/v2\/media?parent=51550"}],"wp:term":[{"taxonomy":"category","embeddable":true,"href":"https:\/\/www.africa-press.net\/cameroun\/wp-json\/wp\/v2\/categories?post=51550"},{"taxonomy":"post_tag","embeddable":true,"href":"https:\/\/www.africa-press.net\/cameroun\/wp-json\/wp\/v2\/tags?post=51550"}],"curies":[{"name":"wp","href":"https:\/\/api.w.org\/{rel}","templated":true}]}}