{"id":51553,"date":"2023-09-24T18:16:13","date_gmt":"2023-09-24T18:16:13","guid":{"rendered":"https:\/\/www.africa-press.net\/cameroun\/politique\/detournements-au-cameroun-zoom-sur-les-generaux-et-officiers-de-larmee-zoom"},"modified":"2023-09-24T18:47:46","modified_gmt":"2023-09-24T18:47:46","slug":"detournements-au-cameroun-zoom-sur-les-generaux-et-officiers-de-larmee-zoom","status":"publish","type":"post","link":"https:\/\/www.africa-press.net\/cameroun\/politique\/detournements-au-cameroun-zoom-sur-les-generaux-et-officiers-de-larmee-zoom","title":{"rendered":"D\u00e9tournements au Cameroun: zoom sur les G\u00e9n\u00e9raux et Officiers de l&rsquo;arm\u00e9e (Zoom)"},"content":{"rendered":"<p><span style=\"color: #ff6600\"><strong>Africa-Press &#8211; Cameroun. <\/strong><\/span>C&rsquo;est une structure de renseignements constitue\u0301e de diffe\u0301rents corps d&rsquo;Arme\u0301es, gendarmerie et civils. Tous sont charge\u0301s de veiller sur le moral et l&rsquo;e\u0301tat d&rsquo;esprit des militaires. Car , les militaires sont en charge de la protection du pays et des Institutions.<\/p>\n<p>Malheureusement, la SEMIL a e\u0301te\u0301 de\u0301tourne\u0301e de ses missions. Elle est devenue une structure qui couvre les crimes , toutes sortes d&rsquo;abus et prote\u0300ge les criminels tapis dans nos Forces Arme\u0301es. Trop de militaires voyous, braqueurs et assassins ternissent l&rsquo;image de la grande muette au grand dam du Peuple qu&rsquo;ils sont cense\u0301s prote\u0301ger. Toutes les enque\u0302tes diligentees sont classe\u0301es sans suite.Les militaires sont sortis de leurs ve\u0301ne\u0301rables missions re\u0301galiennes.Ils gardent les magasins, des banques et socie\u0301te\u0301s prive\u0301es, sont des domestiques, chauffeurs, cultivateurs des champs aux domiciles de leurs chefs hie\u0301rarchiques.Certains sont me\u0302mes utilise\u0301s pour faire le sale boulot en bru\u0302lant des ministe\u0300res pour dissimuler les preuves contre les pre\u0301varicateurs de la fortune publique.<\/p>\n<p>Ce laisser- aller ne vise qu&rsquo;a\u0300 mettre le Pre\u0301sident en difficulte\u0301. Ils jurent servir le pays et les institutions ces chefs militaires. Taxant ceux qui mettent a\u0300 nu leur hypocrisie et basses besognes comme le staff du CCT(Nouma-Zogo-Seme Ndzana-chantal teta d&rsquo;ennemis du pays.Pourtant ce sont eux les ennemis du pays au regard de leurs forfaits tel que nous essayons de le de\u0301montrer ici).<\/p>\n<p>La semil est l&rsquo;e\u0301quivalent du FBI aux USA qui est les yeux et oreilles du Pre\u0301sident. Certes, les militaires n&rsquo;ont pas le droit de faire gre\u0300ve ou manifester publiquement. Mais ceci n&rsquo;est pas synonyme de musele\u0300ment ou ballonnement. Pour cela, il utilise les moyens mis a\u0300 leur disposition. a\u0300 savoir : CR d&rsquo;une situation., demande de permission, re\u0301clamation de ses droits par e\u0301crit, contestation d&rsquo;une punition&#8230;Tous les chefs hie\u0301rarchiques des militaires sont tenus de signer et transmettre ces e\u0301crits a\u0300 la haute hie\u0301rarchie. Si le ministre de tutelle n&rsquo;a pas assez d&rsquo;e\u0301le\u0301ments pour prendre une de\u0301cision judicieuse concernant un militaire, il retourne le dossier a\u0300 l&rsquo;attention du chef de division semil pour recoupement.C&rsquo;est dire toute l&rsquo;importance de ce de\u0301partement dans l&rsquo;Arme\u0301e camerounaise qui se veut e\u0302tre les yeux et oreilles des 2 plus grands chefs de l&rsquo;Arme\u0301e. En tout e\u0301tat de cause : si on en arrive a\u0300 des situations ine\u0301dites ou\u0300 : des militaires manifestent publiquement leur me\u0301contentement, c&rsquo;est parce que.la Semil n&rsquo;a pas fait son travail. Il nya pas eu de remonte\u0301e d&rsquo;informations et anticipation. D&rsquo;ou\u0300 le bazar observe\u0301 actuellement au sein de nos Forces :<\/p>\n<p>-de\u0301sertions en cascade.<\/p>\n<p>-indiscipline ge\u0301ne\u0301ralise\u0301e et caracte\u0301rise\u0301.<\/p>\n<p>Le CCT pense qu&rsquo;il est impe\u0301ratif de re\u0301former cette structure ne\u0301vralgique qu&rsquo;est la SEMIL.Ceci passe e\u0301videmment par :<\/p>\n<p>1-Mettre un ge\u0301ne\u0301ral et non plus un simple colonel a\u0300 la te\u0302te de la. Ceci permettra de mettre hors de toute influence cette structure et garantir son inde\u0301pendance.<\/p>\n<p>2-Doter la SEMIL de ve\u0301ritables pouvoirs.Elle devrait fonctionner comme une unite\u0301 d&rsquo;e\u0301lite avec une re\u0301elle formation de ses agents.<\/p>\n<p>Fini donc les faux rapports au Pre\u0301sident avec des ge\u0301ne\u0301raux et officiers qui travaillent en re\u0301seaux telle une association de malfaiteurs. Oui le Pre\u0301sident de la re\u0301publique est comptable de la gestion gabegique et chaotique du pays.Toutefois, il n&rsquo;est pas le seul responsable. Il est temps de s&rsquo;attaquer aux ve\u0301ritables responsables. Ce a\u0300 quoi s&rsquo;attele le CCT de\u0301sormais.<\/p>\n<p>Une vide\u0301o accompagnera toutes ces de\u0301nonciations.<\/p>\n<p>Vive le CCT !<\/p>\n<p>Vive le Cameroun !<\/p>\n<p>En attendant , le Combat continue<\/p>\n<p>Et fait quoi, Fait quoi , Nous vaincrons<\/p>\n<p><strong>Pour plus d&rsquo;informations et d&rsquo;analyses sur la <a href=\"https:\/\/www.africa-press.net\/cameroun\">Cameroun<\/a>, suivez <a href=\"https:\/\/www.africa-press.net\/\">Africa-Press<\/a><\/strong><\/p>\n","protected":false},"excerpt":{"rendered":"<p>Africa-Press &#8211; Cameroun. C&rsquo;est une structure de renseignements constitue\u0301e de diffe\u0301rents corps d&rsquo;Arme\u0301es, gendarmerie et civils. Tous sont charge\u0301s de veiller sur le moral et l&rsquo;e\u0301tat d&rsquo;esprit des militaires. Car , les militaires sont en charge de la protection du pays et des Institutions. Malheureusement, la SEMIL a e\u0301te\u0301 de\u0301tourne\u0301e de ses missions. Elle est [&hellip;]<\/p>\n","protected":false},"author":82,"featured_media":51552,"comment_status":"open","ping_status":"closed","sticky":false,"template":"","format":"standard","meta":{"footnotes":""},"categories":[2,10],"tags":[36,50,49],"class_list":["post-51553","post","type-post","status-publish","format-standard","has-post-thumbnail","hentry","category-politique","category-toutes-les-actualites","tag-africa-press","tag-africa-press-cameroun","tag-cameroun"],"yoast_head":"<!-- This site is optimized with the Yoast SEO Premium plugin v26.1 (Yoast SEO v27.0) - https:\/\/yoast.com\/product\/yoast-seo-premium-wordpress\/ -->\n<title>D\u00e9tournements au Cameroun: zoom sur les G\u00e9n\u00e9raux et Officiers de l&#039;arm\u00e9e (Zoom) - Cameroun<\/title>\n<meta name=\"description\" content=\"C&#039;est une structure de renseignements constitue\u0301e de diffe\u0301rents corps d&#039;Arme\u0301es, gendarmerie et civils. Tous sont charg ...\" \/>\n<meta name=\"robots\" content=\"index, follow, max-snippet:-1, max-image-preview:large, max-video-preview:-1\" \/>\n<link rel=\"canonical\" href=\"https:\/\/www.africa-press.net\/cameroun\/politique\/detournements-au-cameroun-zoom-sur-les-generaux-et-officiers-de-larmee-zoom\" \/>\n<meta property=\"og:locale\" content=\"fr_FR\" \/>\n<meta property=\"og:type\" content=\"article\" \/>\n<meta property=\"og:title\" content=\"D\u00e9tournements au Cameroun: zoom sur les G\u00e9n\u00e9raux et Officiers de l&#039;arm\u00e9e (Zoom)\" \/>\n<meta property=\"og:description\" content=\"C&#039;est une structure de renseignements constitue\u0301e de diffe\u0301rents corps d&#039;Arme\u0301es, gendarmerie et civils. Tous sont charg ...\" \/>\n<meta property=\"og:url\" content=\"https:\/\/www.africa-press.net\/cameroun\/politique\/detournements-au-cameroun-zoom-sur-les-generaux-et-officiers-de-larmee-zoom\" \/>\n<meta property=\"og:site_name\" content=\"Cameroun\" \/>\n<meta property=\"article:published_time\" content=\"2023-09-24T18:16:13+00:00\" \/>\n<meta property=\"article:modified_time\" content=\"2023-09-24T18:47:46+00:00\" \/>\n<meta property=\"og:image\" content=\"https:\/\/static.africa-press.net\/cameroun\/sites\/57\/2023\/09\/sm_1695568419.78012.jpg\" \/>\n\t<meta property=\"og:image:width\" content=\"720\" \/>\n\t<meta property=\"og:image:height\" content=\"523\" \/>\n\t<meta property=\"og:image:type\" content=\"image\/jpeg\" \/>\n<meta name=\"author\" content=\"cfeditorfr\" \/>\n<meta name=\"twitter:card\" content=\"summary_large_image\" \/>\n<meta name=\"twitter:label1\" content=\"\u00c9crit par\" \/>\n\t<meta name=\"twitter:data1\" content=\"cfeditorfr\" \/>\n\t<meta name=\"twitter:label2\" content=\"Dur\u00e9e de lecture estim\u00e9e\" \/>\n\t<meta name=\"twitter:data2\" content=\"3 minutes\" \/>\n<script type=\"application\/ld+json\" class=\"yoast-schema-graph\">{\"@context\":\"https:\/\/schema.org\",\"@graph\":[{\"@type\":\"Article\",\"@id\":\"https:\/\/www.africa-press.net\/cameroun\/politique\/detournements-au-cameroun-zoom-sur-les-generaux-et-officiers-de-larmee-zoom#article\",\"isPartOf\":{\"@id\":\"https:\/\/www.africa-press.net\/cameroun\/politique\/detournements-au-cameroun-zoom-sur-les-generaux-et-officiers-de-larmee-zoom\"},\"author\":{\"name\":\"cfeditorfr\",\"@id\":\"https:\/\/www.africa-press.net\/cameroun\/#\/schema\/person\/2b1cf3cd81a31e3cd26889ca66d677f1\"},\"headline\":\"D\u00e9tournements au Cameroun: zoom sur les G\u00e9n\u00e9raux et Officiers de l&rsquo;arm\u00e9e (Zoom)\",\"datePublished\":\"2023-09-24T18:16:13+00:00\",\"dateModified\":\"2023-09-24T18:47:46+00:00\",\"mainEntityOfPage\":{\"@id\":\"https:\/\/www.africa-press.net\/cameroun\/politique\/detournements-au-cameroun-zoom-sur-les-generaux-et-officiers-de-larmee-zoom\"},\"wordCount\":699,\"commentCount\":0,\"image\":{\"@id\":\"https:\/\/www.africa-press.net\/cameroun\/politique\/detournements-au-cameroun-zoom-sur-les-generaux-et-officiers-de-larmee-zoom#primaryimage\"},\"thumbnailUrl\":\"https:\/\/static.africa-press.net\/cameroun\/sites\/57\/2023\/09\/sm_1695568419.78012.jpg\",\"keywords\":[\"Africa Press\",\"Africa Press-Cameroun\",\"Cameroun\"],\"articleSection\":[\"Politique\",\"Toutes les actualit\u00e9s\"],\"inLanguage\":\"fr-FR\",\"potentialAction\":[{\"@type\":\"CommentAction\",\"name\":\"Comment\",\"target\":[\"https:\/\/www.africa-press.net\/cameroun\/politique\/detournements-au-cameroun-zoom-sur-les-generaux-et-officiers-de-larmee-zoom#respond\"]}]},{\"@type\":\"WebPage\",\"@id\":\"https:\/\/www.africa-press.net\/cameroun\/politique\/detournements-au-cameroun-zoom-sur-les-generaux-et-officiers-de-larmee-zoom\",\"url\":\"https:\/\/www.africa-press.net\/cameroun\/politique\/detournements-au-cameroun-zoom-sur-les-generaux-et-officiers-de-larmee-zoom\",\"name\":\"D\u00e9tournements au Cameroun: zoom sur les G\u00e9n\u00e9raux et Officiers de l'arm\u00e9e (Zoom) - Cameroun\",\"isPartOf\":{\"@id\":\"https:\/\/www.africa-press.net\/cameroun\/#website\"},\"primaryImageOfPage\":{\"@id\":\"https:\/\/www.africa-press.net\/cameroun\/politique\/detournements-au-cameroun-zoom-sur-les-generaux-et-officiers-de-larmee-zoom#primaryimage\"},\"image\":{\"@id\":\"https:\/\/www.africa-press.net\/cameroun\/politique\/detournements-au-cameroun-zoom-sur-les-generaux-et-officiers-de-larmee-zoom#primaryimage\"},\"thumbnailUrl\":\"https:\/\/static.africa-press.net\/cameroun\/sites\/57\/2023\/09\/sm_1695568419.78012.jpg\",\"datePublished\":\"2023-09-24T18:16:13+00:00\",\"dateModified\":\"2023-09-24T18:47:46+00:00\",\"author\":{\"@id\":\"https:\/\/www.africa-press.net\/cameroun\/#\/schema\/person\/2b1cf3cd81a31e3cd26889ca66d677f1\"},\"description\":\"C'est une structure de renseignements constitue\u0301e de diffe\u0301rents corps d'Arme\u0301es, gendarmerie et civils. Tous sont charg ...\",\"breadcrumb\":{\"@id\":\"https:\/\/www.africa-press.net\/cameroun\/politique\/detournements-au-cameroun-zoom-sur-les-generaux-et-officiers-de-larmee-zoom#breadcrumb\"},\"inLanguage\":\"fr-FR\",\"potentialAction\":[{\"@type\":\"ReadAction\",\"target\":[\"https:\/\/www.africa-press.net\/cameroun\/politique\/detournements-au-cameroun-zoom-sur-les-generaux-et-officiers-de-larmee-zoom\"]}]},{\"@type\":\"ImageObject\",\"inLanguage\":\"fr-FR\",\"@id\":\"https:\/\/www.africa-press.net\/cameroun\/politique\/detournements-au-cameroun-zoom-sur-les-generaux-et-officiers-de-larmee-zoom#primaryimage\",\"url\":\"https:\/\/static.africa-press.net\/cameroun\/sites\/57\/2023\/09\/sm_1695568419.78012.jpg\",\"contentUrl\":\"https:\/\/static.africa-press.net\/cameroun\/sites\/57\/2023\/09\/sm_1695568419.78012.jpg\",\"width\":720,\"height\":523,\"caption\":\"D\u00e9tournements au Cameroun: zoom sur les G\u00e9n\u00e9raux et Officiers de l'arm\u00e9e (Zoom)\"},{\"@type\":\"BreadcrumbList\",\"@id\":\"https:\/\/www.africa-press.net\/cameroun\/politique\/detournements-au-cameroun-zoom-sur-les-generaux-et-officiers-de-larmee-zoom#breadcrumb\",\"itemListElement\":[{\"@type\":\"ListItem\",\"position\":1,\"name\":\"Accueil\",\"item\":\"https:\/\/www.africa-press.net\/cameroun\/\"},{\"@type\":\"ListItem\",\"position\":2,\"name\":\"D\u00e9tournements au Cameroun: zoom sur les G\u00e9n\u00e9raux et Officiers de l&#8217;arm\u00e9e (Zoom)\"}]},{\"@type\":\"WebSite\",\"@id\":\"https:\/\/www.africa-press.net\/cameroun\/#website\",\"url\":\"https:\/\/www.africa-press.net\/cameroun\/\",\"name\":\"Cameroun\",\"description\":\"Just another Africa News Agency Sites site\",\"potentialAction\":[{\"@type\":\"SearchAction\",\"target\":{\"@type\":\"EntryPoint\",\"urlTemplate\":\"https:\/\/www.africa-press.net\/cameroun\/?s={search_term_string}\"},\"query-input\":{\"@type\":\"PropertyValueSpecification\",\"valueRequired\":true,\"valueName\":\"search_term_string\"}}],\"inLanguage\":\"fr-FR\"},{\"@type\":\"Person\",\"@id\":\"https:\/\/www.africa-press.net\/cameroun\/#\/schema\/person\/2b1cf3cd81a31e3cd26889ca66d677f1\",\"name\":\"cfeditorfr\"}]}<\/script>\n<!-- \/ Yoast SEO Premium plugin. -->","yoast_head_json":{"title":"D\u00e9tournements au Cameroun: zoom sur les G\u00e9n\u00e9raux et Officiers de l'arm\u00e9e (Zoom) - Cameroun","description":"C'est une structure de renseignements constitue\u0301e de diffe\u0301rents corps d'Arme\u0301es, gendarmerie et civils. Tous sont charg ...","robots":{"index":"index","follow":"follow","max-snippet":"max-snippet:-1","max-image-preview":"max-image-preview:large","max-video-preview":"max-video-preview:-1"},"canonical":"https:\/\/www.africa-press.net\/cameroun\/politique\/detournements-au-cameroun-zoom-sur-les-generaux-et-officiers-de-larmee-zoom","og_locale":"fr_FR","og_type":"article","og_title":"D\u00e9tournements au Cameroun: zoom sur les G\u00e9n\u00e9raux et Officiers de l'arm\u00e9e (Zoom)","og_description":"C'est une structure de renseignements constitue\u0301e de diffe\u0301rents corps d'Arme\u0301es, gendarmerie et civils. Tous sont charg ...","og_url":"https:\/\/www.africa-press.net\/cameroun\/politique\/detournements-au-cameroun-zoom-sur-les-generaux-et-officiers-de-larmee-zoom","og_site_name":"Cameroun","article_published_time":"2023-09-24T18:16:13+00:00","article_modified_time":"2023-09-24T18:47:46+00:00","og_image":[{"width":720,"height":523,"url":"https:\/\/static.africa-press.net\/cameroun\/sites\/57\/2023\/09\/sm_1695568419.78012.jpg","type":"image\/jpeg"}],"author":"cfeditorfr","twitter_card":"summary_large_image","twitter_misc":{"\u00c9crit par":"cfeditorfr","Dur\u00e9e de lecture estim\u00e9e":"3 minutes"},"schema":{"@context":"https:\/\/schema.org","@graph":[{"@type":"Article","@id":"https:\/\/www.africa-press.net\/cameroun\/politique\/detournements-au-cameroun-zoom-sur-les-generaux-et-officiers-de-larmee-zoom#article","isPartOf":{"@id":"https:\/\/www.africa-press.net\/cameroun\/politique\/detournements-au-cameroun-zoom-sur-les-generaux-et-officiers-de-larmee-zoom"},"author":{"name":"cfeditorfr","@id":"https:\/\/www.africa-press.net\/cameroun\/#\/schema\/person\/2b1cf3cd81a31e3cd26889ca66d677f1"},"headline":"D\u00e9tournements au Cameroun: zoom sur les G\u00e9n\u00e9raux et Officiers de l&rsquo;arm\u00e9e (Zoom)","datePublished":"2023-09-24T18:16:13+00:00","dateModified":"2023-09-24T18:47:46+00:00","mainEntityOfPage":{"@id":"https:\/\/www.africa-press.net\/cameroun\/politique\/detournements-au-cameroun-zoom-sur-les-generaux-et-officiers-de-larmee-zoom"},"wordCount":699,"commentCount":0,"image":{"@id":"https:\/\/www.africa-press.net\/cameroun\/politique\/detournements-au-cameroun-zoom-sur-les-generaux-et-officiers-de-larmee-zoom#primaryimage"},"thumbnailUrl":"https:\/\/static.africa-press.net\/cameroun\/sites\/57\/2023\/09\/sm_1695568419.78012.jpg","keywords":["Africa Press","Africa Press-Cameroun","Cameroun"],"articleSection":["Politique","Toutes les actualit\u00e9s"],"inLanguage":"fr-FR","potentialAction":[{"@type":"CommentAction","name":"Comment","target":["https:\/\/www.africa-press.net\/cameroun\/politique\/detournements-au-cameroun-zoom-sur-les-generaux-et-officiers-de-larmee-zoom#respond"]}]},{"@type":"WebPage","@id":"https:\/\/www.africa-press.net\/cameroun\/politique\/detournements-au-cameroun-zoom-sur-les-generaux-et-officiers-de-larmee-zoom","url":"https:\/\/www.africa-press.net\/cameroun\/politique\/detournements-au-cameroun-zoom-sur-les-generaux-et-officiers-de-larmee-zoom","name":"D\u00e9tournements au Cameroun: zoom sur les G\u00e9n\u00e9raux et Officiers de l'arm\u00e9e (Zoom) - Cameroun","isPartOf":{"@id":"https:\/\/www.africa-press.net\/cameroun\/#website"},"primaryImageOfPage":{"@id":"https:\/\/www.africa-press.net\/cameroun\/politique\/detournements-au-cameroun-zoom-sur-les-generaux-et-officiers-de-larmee-zoom#primaryimage"},"image":{"@id":"https:\/\/www.africa-press.net\/cameroun\/politique\/detournements-au-cameroun-zoom-sur-les-generaux-et-officiers-de-larmee-zoom#primaryimage"},"thumbnailUrl":"https:\/\/static.africa-press.net\/cameroun\/sites\/57\/2023\/09\/sm_1695568419.78012.jpg","datePublished":"2023-09-24T18:16:13+00:00","dateModified":"2023-09-24T18:47:46+00:00","author":{"@id":"https:\/\/www.africa-press.net\/cameroun\/#\/schema\/person\/2b1cf3cd81a31e3cd26889ca66d677f1"},"description":"C'est une structure de renseignements constitue\u0301e de diffe\u0301rents corps d'Arme\u0301es, gendarmerie et civils. Tous sont charg ...","breadcrumb":{"@id":"https:\/\/www.africa-press.net\/cameroun\/politique\/detournements-au-cameroun-zoom-sur-les-generaux-et-officiers-de-larmee-zoom#breadcrumb"},"inLanguage":"fr-FR","potentialAction":[{"@type":"ReadAction","target":["https:\/\/www.africa-press.net\/cameroun\/politique\/detournements-au-cameroun-zoom-sur-les-generaux-et-officiers-de-larmee-zoom"]}]},{"@type":"ImageObject","inLanguage":"fr-FR","@id":"https:\/\/www.africa-press.net\/cameroun\/politique\/detournements-au-cameroun-zoom-sur-les-generaux-et-officiers-de-larmee-zoom#primaryimage","url":"https:\/\/static.africa-press.net\/cameroun\/sites\/57\/2023\/09\/sm_1695568419.78012.jpg","contentUrl":"https:\/\/static.africa-press.net\/cameroun\/sites\/57\/2023\/09\/sm_1695568419.78012.jpg","width":720,"height":523,"caption":"D\u00e9tournements au Cameroun: zoom sur les G\u00e9n\u00e9raux et Officiers de l'arm\u00e9e (Zoom)"},{"@type":"BreadcrumbList","@id":"https:\/\/www.africa-press.net\/cameroun\/politique\/detournements-au-cameroun-zoom-sur-les-generaux-et-officiers-de-larmee-zoom#breadcrumb","itemListElement":[{"@type":"ListItem","position":1,"name":"Accueil","item":"https:\/\/www.africa-press.net\/cameroun\/"},{"@type":"ListItem","position":2,"name":"D\u00e9tournements au Cameroun: zoom sur les G\u00e9n\u00e9raux et Officiers de l&#8217;arm\u00e9e (Zoom)"}]},{"@type":"WebSite","@id":"https:\/\/www.africa-press.net\/cameroun\/#website","url":"https:\/\/www.africa-press.net\/cameroun\/","name":"Cameroun","description":"Just another Africa News Agency Sites site","potentialAction":[{"@type":"SearchAction","target":{"@type":"EntryPoint","urlTemplate":"https:\/\/www.africa-press.net\/cameroun\/?s={search_term_string}"},"query-input":{"@type":"PropertyValueSpecification","valueRequired":true,"valueName":"search_term_string"}}],"inLanguage":"fr-FR"},{"@type":"Person","@id":"https:\/\/www.africa-press.net\/cameroun\/#\/schema\/person\/2b1cf3cd81a31e3cd26889ca66d677f1","name":"cfeditorfr"}]}},"_links":{"self":[{"href":"https:\/\/www.africa-press.net\/cameroun\/wp-json\/wp\/v2\/posts\/51553","targetHints":{"allow":["GET"]}}],"collection":[{"href":"https:\/\/www.africa-press.net\/cameroun\/wp-json\/wp\/v2\/posts"}],"about":[{"href":"https:\/\/www.africa-press.net\/cameroun\/wp-json\/wp\/v2\/types\/post"}],"author":[{"embeddable":true,"href":"https:\/\/www.africa-press.net\/cameroun\/wp-json\/wp\/v2\/users\/82"}],"replies":[{"embeddable":true,"href":"https:\/\/www.africa-press.net\/cameroun\/wp-json\/wp\/v2\/comments?post=51553"}],"version-history":[{"count":0,"href":"https:\/\/www.africa-press.net\/cameroun\/wp-json\/wp\/v2\/posts\/51553\/revisions"}],"wp:featuredmedia":[{"embeddable":true,"href":"https:\/\/www.africa-press.net\/cameroun\/wp-json\/wp\/v2\/media\/51552"}],"wp:attachment":[{"href":"https:\/\/www.africa-press.net\/cameroun\/wp-json\/wp\/v2\/media?parent=51553"}],"wp:term":[{"taxonomy":"category","embeddable":true,"href":"https:\/\/www.africa-press.net\/cameroun\/wp-json\/wp\/v2\/categories?post=51553"},{"taxonomy":"post_tag","embeddable":true,"href":"https:\/\/www.africa-press.net\/cameroun\/wp-json\/wp\/v2\/tags?post=51553"}],"curies":[{"name":"wp","href":"https:\/\/api.w.org\/{rel}","templated":true}]}}