{"id":51559,"date":"2023-09-24T18:16:47","date_gmt":"2023-09-24T18:16:47","guid":{"rendered":"https:\/\/www.africa-press.net\/cameroun\/politique\/cameroun-pharma-expo-05-de-medicaments-consommes-sont-produits-par-des-entreprises-locales"},"modified":"2023-09-24T18:49:39","modified_gmt":"2023-09-24T18:49:39","slug":"cameroun-pharma-expo-05-de-medicaments-consommes-sont-produits-par-des-entreprises-locales","status":"publish","type":"post","link":"https:\/\/www.africa-press.net\/cameroun\/economie\/cameroun-pharma-expo-05-de-medicaments-consommes-sont-produits-par-des-entreprises-locales","title":{"rendered":"Cameroun-Pharma-Expo : 05% de m\u00e9dicaments consomm\u00e9s sont produits par des entreprises locales"},"content":{"rendered":"<p><span style=\"color: #ff6600\"><strong>Africa-Press &#8211; Cameroun. <\/strong><\/span><b>Le taux de production de\u0301coule du propos de Franck Nana, pre\u0301sident de l\u2019Ordre des pharmaciens du Cameroun, tenu a\u0300 l\u2019ouverture du salon \u00ab Pharma- Expo 2023 \u00bb.<\/b><\/p>\n<p>La faible production de me\u0301dicaments par les entreprises locales a retenu l\u2019attention les intervenants le jeudi 21 septembre 2023. C\u2019e\u0301tait au cours de la ce\u0301re\u0301monie d\u2019ouverture de la premie\u0300re e\u0301dition du salon international de l\u2019industrie pharmaceutique baptise\u0301 \u00ab Pharma-Expo 2023 \u00bb au Palais des Congre\u0300s de Yaounde\u0301. L\u2019e\u0301ve\u0301nement qui re\u0301unit plus de 1 100 participants venus d\u2019une vingtaine de pays se tient au moment ou\u0300 le Cameroun vient de rejoindre la liste des pays qui mettent en \u0153uvre la couverture sante\u0301 universelle, et juste apre\u0300s la pande\u0301mie du Covid-19.<\/p>\n<p>Au cours du lancement du salon, le pre\u0301sident de l\u2019Ordre des pharmaciens du Cameroun va rappeler que seulement 05% des me\u0301dicaments consomme\u0301s au Cameroun sont produits par des entreprises locales. Ce qui reste un de\u0301fi a\u0300 relever, comme celui du trafic et de la commercialisation du faux me\u0301dicament qui induisent sa consommation de 40%, l\u2019insuffisance de ressources humaines et financie\u0300res, a ajoute\u0301 le secre\u0301taire de l\u2019Organisation de coordination de la lutte contre les ende\u0301mies en Afrique (Oceac).<\/p>\n<p>Pour relever ces de\u0301fis et bien d\u2019autres, la ne\u0301cessite s\u2019impose a\u0300 l\u2019Afrique d\u2019investir dans la production du me\u0301dicament en ayant recourt a\u0300 sa pharmacope\u0301e, a indique\u0301 le pre\u0301sident de l\u2019ordre. Ce qui semble trouver un de\u0301but de solution dans la Strate\u0301gie nationale de de\u0301veloppement SND30. Dans ce document de strate\u0301gie, l\u2019industrie pharmaceutique est un pilier, a\u0300 en croire le ministre de la Sante\u0301 publique. Malachie Manaouda promet de continuer a\u0300 travailler pour de\u0301fendre la cause des pharmaciens et pour assainir leur secteur.<\/p>\n<p>Les travaux en cours depuis le 21 septembre, vont s\u2019achever le 23 septembre 2023. Pharma-Expo 2023 a pour but de rechercher et de mener des re\u0301flexions sur des questions se rapportant a\u0300 la formation, l\u2019harmonisation de la re\u0301glementation, le ro\u0302le du pharmacien dans le syste\u0300me de sante\u0301. La finalite\u0301 ultime est de ressortir les progre\u0300s et les manquements dans en matie\u0300re de sante\u0301.<\/p>\n<p><strong>Pour plus d&rsquo;informations et d&rsquo;analyses sur la <a href=\"https:\/\/www.africa-press.net\/cameroun\">Cameroun<\/a>, suivez <a href=\"https:\/\/www.africa-press.net\/\">Africa-Press<\/a><\/strong><\/p>\n","protected":false},"excerpt":{"rendered":"<p>Africa-Press &#8211; Cameroun. Le taux de production de\u0301coule du propos de Franck Nana, pre\u0301sident de l\u2019Ordre des pharmaciens du Cameroun, tenu a\u0300 l\u2019ouverture du salon \u00ab Pharma- Expo 2023 \u00bb. La faible production de me\u0301dicaments par les entreprises locales a retenu l\u2019attention les intervenants le jeudi 21 septembre 2023. C\u2019e\u0301tait au cours de la ce\u0301re\u0301monie [&hellip;]<\/p>\n","protected":false},"author":82,"featured_media":51557,"comment_status":"open","ping_status":"closed","sticky":false,"template":"","format":"standard","meta":{"footnotes":""},"categories":[3,10],"tags":[36,50,49],"class_list":["post-51559","post","type-post","status-publish","format-standard","has-post-thumbnail","hentry","category-economie","category-toutes-les-actualites","tag-africa-press","tag-africa-press-cameroun","tag-cameroun"],"yoast_head":"<!-- This site is optimized with the Yoast SEO Premium plugin v26.1 (Yoast SEO v27.0) - https:\/\/yoast.com\/product\/yoast-seo-premium-wordpress\/ -->\n<title>Cameroun-Pharma-Expo : 05% de m\u00e9dicaments consomm\u00e9s sont produits par des entreprises locales - Cameroun<\/title>\n<meta name=\"description\" content=\"Le taux de production de\u0301coule du propos de Franck Nana, pre\u0301sident de l\u2019Ordre des pharmaciens du Cameroun, tenu a\u0300 l ...\" \/>\n<meta name=\"robots\" content=\"index, follow, max-snippet:-1, max-image-preview:large, max-video-preview:-1\" \/>\n<link rel=\"canonical\" href=\"https:\/\/www.africa-press.net\/cameroun\/economie\/cameroun-pharma-expo-05-de-medicaments-consommes-sont-produits-par-des-entreprises-locales\" \/>\n<meta property=\"og:locale\" content=\"fr_FR\" \/>\n<meta property=\"og:type\" content=\"article\" \/>\n<meta property=\"og:title\" content=\"Cameroun-Pharma-Expo : 05% de m\u00e9dicaments consomm\u00e9s sont produits par des entreprises locales\" \/>\n<meta property=\"og:description\" content=\"Le taux de production de\u0301coule du propos de Franck Nana, pre\u0301sident de l\u2019Ordre des pharmaciens du Cameroun, tenu a\u0300 l ...\" \/>\n<meta property=\"og:url\" content=\"https:\/\/www.africa-press.net\/cameroun\/economie\/cameroun-pharma-expo-05-de-medicaments-consommes-sont-produits-par-des-entreprises-locales\" \/>\n<meta property=\"og:site_name\" content=\"Cameroun\" \/>\n<meta property=\"article:published_time\" content=\"2023-09-24T18:16:47+00:00\" \/>\n<meta property=\"article:modified_time\" content=\"2023-09-24T18:49:39+00:00\" \/>\n<meta property=\"og:image\" content=\"https:\/\/static.africa-press.net\/cameroun\/sites\/57\/2023\/09\/sm_1695568484.173113.jpg\" \/>\n\t<meta property=\"og:image:width\" content=\"780\" \/>\n\t<meta property=\"og:image:height\" content=\"440\" \/>\n\t<meta property=\"og:image:type\" content=\"image\/jpeg\" \/>\n<meta name=\"author\" content=\"cfeditorfr\" \/>\n<meta name=\"twitter:card\" content=\"summary_large_image\" \/>\n<meta name=\"twitter:label1\" content=\"\u00c9crit par\" \/>\n\t<meta name=\"twitter:data1\" content=\"cfeditorfr\" \/>\n\t<meta name=\"twitter:label2\" content=\"Dur\u00e9e de lecture estim\u00e9e\" \/>\n\t<meta name=\"twitter:data2\" content=\"2 minutes\" \/>\n<script type=\"application\/ld+json\" class=\"yoast-schema-graph\">{\"@context\":\"https:\/\/schema.org\",\"@graph\":[{\"@type\":\"Article\",\"@id\":\"https:\/\/www.africa-press.net\/cameroun\/economie\/cameroun-pharma-expo-05-de-medicaments-consommes-sont-produits-par-des-entreprises-locales#article\",\"isPartOf\":{\"@id\":\"https:\/\/www.africa-press.net\/cameroun\/economie\/cameroun-pharma-expo-05-de-medicaments-consommes-sont-produits-par-des-entreprises-locales\"},\"author\":{\"name\":\"cfeditorfr\",\"@id\":\"https:\/\/www.africa-press.net\/cameroun\/#\/schema\/person\/2b1cf3cd81a31e3cd26889ca66d677f1\"},\"headline\":\"Cameroun-Pharma-Expo : 05% de m\u00e9dicaments consomm\u00e9s sont produits par des entreprises locales\",\"datePublished\":\"2023-09-24T18:16:47+00:00\",\"dateModified\":\"2023-09-24T18:49:39+00:00\",\"mainEntityOfPage\":{\"@id\":\"https:\/\/www.africa-press.net\/cameroun\/economie\/cameroun-pharma-expo-05-de-medicaments-consommes-sont-produits-par-des-entreprises-locales\"},\"wordCount\":406,\"commentCount\":0,\"image\":{\"@id\":\"https:\/\/www.africa-press.net\/cameroun\/economie\/cameroun-pharma-expo-05-de-medicaments-consommes-sont-produits-par-des-entreprises-locales#primaryimage\"},\"thumbnailUrl\":\"https:\/\/static.africa-press.net\/cameroun\/sites\/57\/2023\/09\/sm_1695568484.173113.jpg\",\"keywords\":[\"Africa Press\",\"Africa Press-Cameroun\",\"Cameroun\"],\"articleSection\":[\"\u00c9conomie\",\"Toutes les actualit\u00e9s\"],\"inLanguage\":\"fr-FR\",\"potentialAction\":[{\"@type\":\"CommentAction\",\"name\":\"Comment\",\"target\":[\"https:\/\/www.africa-press.net\/cameroun\/economie\/cameroun-pharma-expo-05-de-medicaments-consommes-sont-produits-par-des-entreprises-locales#respond\"]}]},{\"@type\":\"WebPage\",\"@id\":\"https:\/\/www.africa-press.net\/cameroun\/economie\/cameroun-pharma-expo-05-de-medicaments-consommes-sont-produits-par-des-entreprises-locales\",\"url\":\"https:\/\/www.africa-press.net\/cameroun\/economie\/cameroun-pharma-expo-05-de-medicaments-consommes-sont-produits-par-des-entreprises-locales\",\"name\":\"Cameroun-Pharma-Expo : 05% de m\u00e9dicaments consomm\u00e9s sont produits par des entreprises locales - Cameroun\",\"isPartOf\":{\"@id\":\"https:\/\/www.africa-press.net\/cameroun\/#website\"},\"primaryImageOfPage\":{\"@id\":\"https:\/\/www.africa-press.net\/cameroun\/economie\/cameroun-pharma-expo-05-de-medicaments-consommes-sont-produits-par-des-entreprises-locales#primaryimage\"},\"image\":{\"@id\":\"https:\/\/www.africa-press.net\/cameroun\/economie\/cameroun-pharma-expo-05-de-medicaments-consommes-sont-produits-par-des-entreprises-locales#primaryimage\"},\"thumbnailUrl\":\"https:\/\/static.africa-press.net\/cameroun\/sites\/57\/2023\/09\/sm_1695568484.173113.jpg\",\"datePublished\":\"2023-09-24T18:16:47+00:00\",\"dateModified\":\"2023-09-24T18:49:39+00:00\",\"author\":{\"@id\":\"https:\/\/www.africa-press.net\/cameroun\/#\/schema\/person\/2b1cf3cd81a31e3cd26889ca66d677f1\"},\"description\":\"Le taux de production de\u0301coule du propos de Franck Nana, pre\u0301sident de l\u2019Ordre des pharmaciens du Cameroun, tenu a\u0300 l ...\",\"breadcrumb\":{\"@id\":\"https:\/\/www.africa-press.net\/cameroun\/economie\/cameroun-pharma-expo-05-de-medicaments-consommes-sont-produits-par-des-entreprises-locales#breadcrumb\"},\"inLanguage\":\"fr-FR\",\"potentialAction\":[{\"@type\":\"ReadAction\",\"target\":[\"https:\/\/www.africa-press.net\/cameroun\/economie\/cameroun-pharma-expo-05-de-medicaments-consommes-sont-produits-par-des-entreprises-locales\"]}]},{\"@type\":\"ImageObject\",\"inLanguage\":\"fr-FR\",\"@id\":\"https:\/\/www.africa-press.net\/cameroun\/economie\/cameroun-pharma-expo-05-de-medicaments-consommes-sont-produits-par-des-entreprises-locales#primaryimage\",\"url\":\"https:\/\/static.africa-press.net\/cameroun\/sites\/57\/2023\/09\/sm_1695568484.173113.jpg\",\"contentUrl\":\"https:\/\/static.africa-press.net\/cameroun\/sites\/57\/2023\/09\/sm_1695568484.173113.jpg\",\"width\":780,\"height\":440,\"caption\":\"Cameroun-Pharma-Expo : 05% de m\u00e9dicaments consomm\u00e9s sont produits par des entreprises locales\"},{\"@type\":\"BreadcrumbList\",\"@id\":\"https:\/\/www.africa-press.net\/cameroun\/economie\/cameroun-pharma-expo-05-de-medicaments-consommes-sont-produits-par-des-entreprises-locales#breadcrumb\",\"itemListElement\":[{\"@type\":\"ListItem\",\"position\":1,\"name\":\"Accueil\",\"item\":\"https:\/\/www.africa-press.net\/cameroun\/\"},{\"@type\":\"ListItem\",\"position\":2,\"name\":\"Cameroun-Pharma-Expo : 05% de m\u00e9dicaments consomm\u00e9s sont produits par des entreprises locales\"}]},{\"@type\":\"WebSite\",\"@id\":\"https:\/\/www.africa-press.net\/cameroun\/#website\",\"url\":\"https:\/\/www.africa-press.net\/cameroun\/\",\"name\":\"Cameroun\",\"description\":\"Just another Africa News Agency Sites site\",\"potentialAction\":[{\"@type\":\"SearchAction\",\"target\":{\"@type\":\"EntryPoint\",\"urlTemplate\":\"https:\/\/www.africa-press.net\/cameroun\/?s={search_term_string}\"},\"query-input\":{\"@type\":\"PropertyValueSpecification\",\"valueRequired\":true,\"valueName\":\"search_term_string\"}}],\"inLanguage\":\"fr-FR\"},{\"@type\":\"Person\",\"@id\":\"https:\/\/www.africa-press.net\/cameroun\/#\/schema\/person\/2b1cf3cd81a31e3cd26889ca66d677f1\",\"name\":\"cfeditorfr\"}]}<\/script>\n<!-- \/ Yoast SEO Premium plugin. -->","yoast_head_json":{"title":"Cameroun-Pharma-Expo : 05% de m\u00e9dicaments consomm\u00e9s sont produits par des entreprises locales - Cameroun","description":"Le taux de production de\u0301coule du propos de Franck Nana, pre\u0301sident de l\u2019Ordre des pharmaciens du Cameroun, tenu a\u0300 l ...","robots":{"index":"index","follow":"follow","max-snippet":"max-snippet:-1","max-image-preview":"max-image-preview:large","max-video-preview":"max-video-preview:-1"},"canonical":"https:\/\/www.africa-press.net\/cameroun\/economie\/cameroun-pharma-expo-05-de-medicaments-consommes-sont-produits-par-des-entreprises-locales","og_locale":"fr_FR","og_type":"article","og_title":"Cameroun-Pharma-Expo : 05% de m\u00e9dicaments consomm\u00e9s sont produits par des entreprises locales","og_description":"Le taux de production de\u0301coule du propos de Franck Nana, pre\u0301sident de l\u2019Ordre des pharmaciens du Cameroun, tenu a\u0300 l ...","og_url":"https:\/\/www.africa-press.net\/cameroun\/economie\/cameroun-pharma-expo-05-de-medicaments-consommes-sont-produits-par-des-entreprises-locales","og_site_name":"Cameroun","article_published_time":"2023-09-24T18:16:47+00:00","article_modified_time":"2023-09-24T18:49:39+00:00","og_image":[{"width":780,"height":440,"url":"https:\/\/static.africa-press.net\/cameroun\/sites\/57\/2023\/09\/sm_1695568484.173113.jpg","type":"image\/jpeg"}],"author":"cfeditorfr","twitter_card":"summary_large_image","twitter_misc":{"\u00c9crit par":"cfeditorfr","Dur\u00e9e de lecture estim\u00e9e":"2 minutes"},"schema":{"@context":"https:\/\/schema.org","@graph":[{"@type":"Article","@id":"https:\/\/www.africa-press.net\/cameroun\/economie\/cameroun-pharma-expo-05-de-medicaments-consommes-sont-produits-par-des-entreprises-locales#article","isPartOf":{"@id":"https:\/\/www.africa-press.net\/cameroun\/economie\/cameroun-pharma-expo-05-de-medicaments-consommes-sont-produits-par-des-entreprises-locales"},"author":{"name":"cfeditorfr","@id":"https:\/\/www.africa-press.net\/cameroun\/#\/schema\/person\/2b1cf3cd81a31e3cd26889ca66d677f1"},"headline":"Cameroun-Pharma-Expo : 05% de m\u00e9dicaments consomm\u00e9s sont produits par des entreprises locales","datePublished":"2023-09-24T18:16:47+00:00","dateModified":"2023-09-24T18:49:39+00:00","mainEntityOfPage":{"@id":"https:\/\/www.africa-press.net\/cameroun\/economie\/cameroun-pharma-expo-05-de-medicaments-consommes-sont-produits-par-des-entreprises-locales"},"wordCount":406,"commentCount":0,"image":{"@id":"https:\/\/www.africa-press.net\/cameroun\/economie\/cameroun-pharma-expo-05-de-medicaments-consommes-sont-produits-par-des-entreprises-locales#primaryimage"},"thumbnailUrl":"https:\/\/static.africa-press.net\/cameroun\/sites\/57\/2023\/09\/sm_1695568484.173113.jpg","keywords":["Africa Press","Africa Press-Cameroun","Cameroun"],"articleSection":["\u00c9conomie","Toutes les actualit\u00e9s"],"inLanguage":"fr-FR","potentialAction":[{"@type":"CommentAction","name":"Comment","target":["https:\/\/www.africa-press.net\/cameroun\/economie\/cameroun-pharma-expo-05-de-medicaments-consommes-sont-produits-par-des-entreprises-locales#respond"]}]},{"@type":"WebPage","@id":"https:\/\/www.africa-press.net\/cameroun\/economie\/cameroun-pharma-expo-05-de-medicaments-consommes-sont-produits-par-des-entreprises-locales","url":"https:\/\/www.africa-press.net\/cameroun\/economie\/cameroun-pharma-expo-05-de-medicaments-consommes-sont-produits-par-des-entreprises-locales","name":"Cameroun-Pharma-Expo : 05% de m\u00e9dicaments consomm\u00e9s sont produits par des entreprises locales - Cameroun","isPartOf":{"@id":"https:\/\/www.africa-press.net\/cameroun\/#website"},"primaryImageOfPage":{"@id":"https:\/\/www.africa-press.net\/cameroun\/economie\/cameroun-pharma-expo-05-de-medicaments-consommes-sont-produits-par-des-entreprises-locales#primaryimage"},"image":{"@id":"https:\/\/www.africa-press.net\/cameroun\/economie\/cameroun-pharma-expo-05-de-medicaments-consommes-sont-produits-par-des-entreprises-locales#primaryimage"},"thumbnailUrl":"https:\/\/static.africa-press.net\/cameroun\/sites\/57\/2023\/09\/sm_1695568484.173113.jpg","datePublished":"2023-09-24T18:16:47+00:00","dateModified":"2023-09-24T18:49:39+00:00","author":{"@id":"https:\/\/www.africa-press.net\/cameroun\/#\/schema\/person\/2b1cf3cd81a31e3cd26889ca66d677f1"},"description":"Le taux de production de\u0301coule du propos de Franck Nana, pre\u0301sident de l\u2019Ordre des pharmaciens du Cameroun, tenu a\u0300 l ...","breadcrumb":{"@id":"https:\/\/www.africa-press.net\/cameroun\/economie\/cameroun-pharma-expo-05-de-medicaments-consommes-sont-produits-par-des-entreprises-locales#breadcrumb"},"inLanguage":"fr-FR","potentialAction":[{"@type":"ReadAction","target":["https:\/\/www.africa-press.net\/cameroun\/economie\/cameroun-pharma-expo-05-de-medicaments-consommes-sont-produits-par-des-entreprises-locales"]}]},{"@type":"ImageObject","inLanguage":"fr-FR","@id":"https:\/\/www.africa-press.net\/cameroun\/economie\/cameroun-pharma-expo-05-de-medicaments-consommes-sont-produits-par-des-entreprises-locales#primaryimage","url":"https:\/\/static.africa-press.net\/cameroun\/sites\/57\/2023\/09\/sm_1695568484.173113.jpg","contentUrl":"https:\/\/static.africa-press.net\/cameroun\/sites\/57\/2023\/09\/sm_1695568484.173113.jpg","width":780,"height":440,"caption":"Cameroun-Pharma-Expo : 05% de m\u00e9dicaments consomm\u00e9s sont produits par des entreprises locales"},{"@type":"BreadcrumbList","@id":"https:\/\/www.africa-press.net\/cameroun\/economie\/cameroun-pharma-expo-05-de-medicaments-consommes-sont-produits-par-des-entreprises-locales#breadcrumb","itemListElement":[{"@type":"ListItem","position":1,"name":"Accueil","item":"https:\/\/www.africa-press.net\/cameroun\/"},{"@type":"ListItem","position":2,"name":"Cameroun-Pharma-Expo : 05% de m\u00e9dicaments consomm\u00e9s sont produits par des entreprises locales"}]},{"@type":"WebSite","@id":"https:\/\/www.africa-press.net\/cameroun\/#website","url":"https:\/\/www.africa-press.net\/cameroun\/","name":"Cameroun","description":"Just another Africa News Agency Sites site","potentialAction":[{"@type":"SearchAction","target":{"@type":"EntryPoint","urlTemplate":"https:\/\/www.africa-press.net\/cameroun\/?s={search_term_string}"},"query-input":{"@type":"PropertyValueSpecification","valueRequired":true,"valueName":"search_term_string"}}],"inLanguage":"fr-FR"},{"@type":"Person","@id":"https:\/\/www.africa-press.net\/cameroun\/#\/schema\/person\/2b1cf3cd81a31e3cd26889ca66d677f1","name":"cfeditorfr"}]}},"_links":{"self":[{"href":"https:\/\/www.africa-press.net\/cameroun\/wp-json\/wp\/v2\/posts\/51559","targetHints":{"allow":["GET"]}}],"collection":[{"href":"https:\/\/www.africa-press.net\/cameroun\/wp-json\/wp\/v2\/posts"}],"about":[{"href":"https:\/\/www.africa-press.net\/cameroun\/wp-json\/wp\/v2\/types\/post"}],"author":[{"embeddable":true,"href":"https:\/\/www.africa-press.net\/cameroun\/wp-json\/wp\/v2\/users\/82"}],"replies":[{"embeddable":true,"href":"https:\/\/www.africa-press.net\/cameroun\/wp-json\/wp\/v2\/comments?post=51559"}],"version-history":[{"count":0,"href":"https:\/\/www.africa-press.net\/cameroun\/wp-json\/wp\/v2\/posts\/51559\/revisions"}],"wp:featuredmedia":[{"embeddable":true,"href":"https:\/\/www.africa-press.net\/cameroun\/wp-json\/wp\/v2\/media\/51557"}],"wp:attachment":[{"href":"https:\/\/www.africa-press.net\/cameroun\/wp-json\/wp\/v2\/media?parent=51559"}],"wp:term":[{"taxonomy":"category","embeddable":true,"href":"https:\/\/www.africa-press.net\/cameroun\/wp-json\/wp\/v2\/categories?post=51559"},{"taxonomy":"post_tag","embeddable":true,"href":"https:\/\/www.africa-press.net\/cameroun\/wp-json\/wp\/v2\/tags?post=51559"}],"curies":[{"name":"wp","href":"https:\/\/api.w.org\/{rel}","templated":true}]}}