{"id":51571,"date":"2023-09-24T18:17:38","date_gmt":"2023-09-24T18:17:38","guid":{"rendered":"https:\/\/www.africa-press.net\/cameroun\/politique\/freddy-tchala-devient-directeur-pays-de-lassureur-activa-pour-le-cameroun-apres-son-depart-de-mtn-cote-divoire"},"modified":"2023-09-24T18:53:18","modified_gmt":"2023-09-24T18:53:18","slug":"freddy-tchala-devient-directeur-pays-de-lassureur-activa-pour-le-cameroun-apres-son-depart-de-mtn-cote-divoire","status":"publish","type":"post","link":"https:\/\/www.africa-press.net\/cameroun\/economie\/freddy-tchala-devient-directeur-pays-de-lassureur-activa-pour-le-cameroun-apres-son-depart-de-mtn-cote-divoire","title":{"rendered":"Freddy Tchala devient directeur pays de l\u2019assureur Activa pour le Cameroun, apr\u00e8s son d\u00e9part de MTN C\u00f4te d\u2019Ivoire"},"content":{"rendered":"<p><span style=\"color: #ff6600\"><strong>Africa-Press &#8211; Cameroun. <\/strong><\/span>Investir au Cameroun) &#8211; Dans un communique\u0301 rendu public le 21 septembre 2023, le Camerounais Richard Lowe\u0301, pre\u0301sident du groupe Activa, qui contro\u0302le 10 compagnies d\u2019assurances et une socie\u0301te\u0301 de re\u0301assurance en Afrique, annonce le recrutement de son compatriote Freddy Tchala, ancien directeur ge\u0301ne\u0301ral des filiales ivoirienne, congolaise et guine\u0301enne du ge\u0301ant sud-africain des te\u0301le\u0301coms MTN.<\/p>\n<p>\u00ab Afin d\u2019assurer la coordination des deux socie\u0301te\u0301s (Activa assurances Cameroun et Activa Vie Cameroun, Ndlr), monsieur Freddy Tchala rejoint nos e\u0301quipes, en qualite\u0301 de Country Manager (directeur pays). Je sais que Freddy apportera a\u0300 ces deux socie\u0301te\u0301s sa longue et riche expe\u0301rience, aussi bien dans le de\u0301veloppement du business que dans le coaching, ainsi que le de\u0301veloppement du capital humain \u00bb, indique Richard Lowe\u0301 dans le communique\u0301 sus-mentionne\u0301.<\/p>\n<p>Freddy Tchala est diplo\u0302me\u0301 de l\u2019Universite\u0301 catholique d\u2019Afrique centrale (UCAC, Yaounde\u0301), ou\u0300 il a notamment e\u0301tudie\u0301 le marketing, les sciences sociales, la finance et me\u0302me l\u2019e\u0301conome\u0301trie. Avant de rejoindre MTN, ou\u0300 il aura fait l\u2019essentiel de sa carrie\u0300re, le nouveau Country Manager du groupe Activa au Cameroun a d\u2019abord travaille\u0301 pour la British American Tobacco, ou\u0300 il a occupe\u0301 le poste strate\u0301gique de Brand Manager de janvier 1999 a\u0300 avril 2002.<\/p>\n<p><strong>Pour plus d&rsquo;informations et d&rsquo;analyses sur la <a href=\"https:\/\/www.africa-press.net\/cameroun\">Cameroun<\/a>, suivez <a href=\"https:\/\/www.africa-press.net\/\">Africa-Press<\/a><\/strong><\/p>\n","protected":false},"excerpt":{"rendered":"<p>Africa-Press &#8211; Cameroun. Investir au Cameroun) &#8211; Dans un communique\u0301 rendu public le 21 septembre 2023, le Camerounais Richard Lowe\u0301, pre\u0301sident du groupe Activa, qui contro\u0302le 10 compagnies d\u2019assurances et une socie\u0301te\u0301 de re\u0301assurance en Afrique, annonce le recrutement de son compatriote Freddy Tchala, ancien directeur ge\u0301ne\u0301ral des filiales ivoirienne, congolaise et guine\u0301enne du ge\u0301ant [&hellip;]<\/p>\n","protected":false},"author":82,"featured_media":51569,"comment_status":"open","ping_status":"closed","sticky":false,"template":"","format":"standard","meta":{"footnotes":""},"categories":[3,10],"tags":[36,50,49],"class_list":["post-51571","post","type-post","status-publish","format-standard","has-post-thumbnail","hentry","category-economie","category-toutes-les-actualites","tag-africa-press","tag-africa-press-cameroun","tag-cameroun"],"yoast_head":"<!-- This site is optimized with the Yoast SEO Premium plugin v26.1 (Yoast SEO v27.0) - https:\/\/yoast.com\/product\/yoast-seo-premium-wordpress\/ -->\n<title>Freddy Tchala devient directeur pays de l\u2019assureur Activa pour le Cameroun, apr\u00e8s son d\u00e9part de MTN C\u00f4te d\u2019Ivoire - Cameroun<\/title>\n<meta name=\"description\" content=\"Investir au Cameroun) - Dans un communique\u0301 rendu public le 21 septembre 2023, le Camerounais Richard Lowe\u0301, pre\u0301sident ...\" \/>\n<meta name=\"robots\" content=\"index, follow, max-snippet:-1, max-image-preview:large, max-video-preview:-1\" \/>\n<link rel=\"canonical\" href=\"https:\/\/www.africa-press.net\/cameroun\/economie\/freddy-tchala-devient-directeur-pays-de-lassureur-activa-pour-le-cameroun-apres-son-depart-de-mtn-cote-divoire\" \/>\n<meta property=\"og:locale\" content=\"fr_FR\" \/>\n<meta property=\"og:type\" content=\"article\" \/>\n<meta property=\"og:title\" content=\"Freddy Tchala devient directeur pays de l\u2019assureur Activa pour le Cameroun, apr\u00e8s son d\u00e9part de MTN C\u00f4te d\u2019Ivoire\" \/>\n<meta property=\"og:description\" content=\"Investir au Cameroun) - Dans un communique\u0301 rendu public le 21 septembre 2023, le Camerounais Richard Lowe\u0301, pre\u0301sident ...\" \/>\n<meta property=\"og:url\" content=\"https:\/\/www.africa-press.net\/cameroun\/economie\/freddy-tchala-devient-directeur-pays-de-lassureur-activa-pour-le-cameroun-apres-son-depart-de-mtn-cote-divoire\" \/>\n<meta property=\"og:site_name\" content=\"Cameroun\" \/>\n<meta property=\"article:published_time\" content=\"2023-09-24T18:17:38+00:00\" \/>\n<meta property=\"article:modified_time\" content=\"2023-09-24T18:53:18+00:00\" \/>\n<meta property=\"og:image\" content=\"https:\/\/static.africa-press.net\/cameroun\/sites\/57\/2023\/09\/sm_1695568690.501321.jpg\" \/>\n\t<meta property=\"og:image:width\" content=\"720\" \/>\n\t<meta property=\"og:image:height\" content=\"479\" \/>\n\t<meta property=\"og:image:type\" content=\"image\/jpeg\" \/>\n<meta name=\"author\" content=\"cfeditorfr\" \/>\n<meta name=\"twitter:card\" content=\"summary_large_image\" \/>\n<meta name=\"twitter:label1\" content=\"\u00c9crit par\" \/>\n\t<meta name=\"twitter:data1\" content=\"cfeditorfr\" \/>\n\t<meta name=\"twitter:label2\" content=\"Dur\u00e9e de lecture estim\u00e9e\" \/>\n\t<meta name=\"twitter:data2\" content=\"2 minutes\" \/>\n<script type=\"application\/ld+json\" class=\"yoast-schema-graph\">{\"@context\":\"https:\/\/schema.org\",\"@graph\":[{\"@type\":\"Article\",\"@id\":\"https:\/\/www.africa-press.net\/cameroun\/economie\/freddy-tchala-devient-directeur-pays-de-lassureur-activa-pour-le-cameroun-apres-son-depart-de-mtn-cote-divoire#article\",\"isPartOf\":{\"@id\":\"https:\/\/www.africa-press.net\/cameroun\/economie\/freddy-tchala-devient-directeur-pays-de-lassureur-activa-pour-le-cameroun-apres-son-depart-de-mtn-cote-divoire\"},\"author\":{\"name\":\"cfeditorfr\",\"@id\":\"https:\/\/www.africa-press.net\/cameroun\/#\/schema\/person\/2b1cf3cd81a31e3cd26889ca66d677f1\"},\"headline\":\"Freddy Tchala devient directeur pays de l\u2019assureur Activa pour le Cameroun, apr\u00e8s son d\u00e9part de MTN C\u00f4te d\u2019Ivoire\",\"datePublished\":\"2023-09-24T18:17:38+00:00\",\"dateModified\":\"2023-09-24T18:53:18+00:00\",\"mainEntityOfPage\":{\"@id\":\"https:\/\/www.africa-press.net\/cameroun\/economie\/freddy-tchala-devient-directeur-pays-de-lassureur-activa-pour-le-cameroun-apres-son-depart-de-mtn-cote-divoire\"},\"wordCount\":259,\"commentCount\":0,\"image\":{\"@id\":\"https:\/\/www.africa-press.net\/cameroun\/economie\/freddy-tchala-devient-directeur-pays-de-lassureur-activa-pour-le-cameroun-apres-son-depart-de-mtn-cote-divoire#primaryimage\"},\"thumbnailUrl\":\"https:\/\/static.africa-press.net\/cameroun\/sites\/57\/2023\/09\/sm_1695568690.501321.jpg\",\"keywords\":[\"Africa Press\",\"Africa Press-Cameroun\",\"Cameroun\"],\"articleSection\":[\"\u00c9conomie\",\"Toutes les actualit\u00e9s\"],\"inLanguage\":\"fr-FR\",\"potentialAction\":[{\"@type\":\"CommentAction\",\"name\":\"Comment\",\"target\":[\"https:\/\/www.africa-press.net\/cameroun\/economie\/freddy-tchala-devient-directeur-pays-de-lassureur-activa-pour-le-cameroun-apres-son-depart-de-mtn-cote-divoire#respond\"]}]},{\"@type\":\"WebPage\",\"@id\":\"https:\/\/www.africa-press.net\/cameroun\/economie\/freddy-tchala-devient-directeur-pays-de-lassureur-activa-pour-le-cameroun-apres-son-depart-de-mtn-cote-divoire\",\"url\":\"https:\/\/www.africa-press.net\/cameroun\/economie\/freddy-tchala-devient-directeur-pays-de-lassureur-activa-pour-le-cameroun-apres-son-depart-de-mtn-cote-divoire\",\"name\":\"Freddy Tchala devient directeur pays de l\u2019assureur Activa pour le Cameroun, apr\u00e8s son d\u00e9part de MTN C\u00f4te d\u2019Ivoire - Cameroun\",\"isPartOf\":{\"@id\":\"https:\/\/www.africa-press.net\/cameroun\/#website\"},\"primaryImageOfPage\":{\"@id\":\"https:\/\/www.africa-press.net\/cameroun\/economie\/freddy-tchala-devient-directeur-pays-de-lassureur-activa-pour-le-cameroun-apres-son-depart-de-mtn-cote-divoire#primaryimage\"},\"image\":{\"@id\":\"https:\/\/www.africa-press.net\/cameroun\/economie\/freddy-tchala-devient-directeur-pays-de-lassureur-activa-pour-le-cameroun-apres-son-depart-de-mtn-cote-divoire#primaryimage\"},\"thumbnailUrl\":\"https:\/\/static.africa-press.net\/cameroun\/sites\/57\/2023\/09\/sm_1695568690.501321.jpg\",\"datePublished\":\"2023-09-24T18:17:38+00:00\",\"dateModified\":\"2023-09-24T18:53:18+00:00\",\"author\":{\"@id\":\"https:\/\/www.africa-press.net\/cameroun\/#\/schema\/person\/2b1cf3cd81a31e3cd26889ca66d677f1\"},\"description\":\"Investir au Cameroun) - Dans un communique\u0301 rendu public le 21 septembre 2023, le Camerounais Richard Lowe\u0301, pre\u0301sident ...\",\"breadcrumb\":{\"@id\":\"https:\/\/www.africa-press.net\/cameroun\/economie\/freddy-tchala-devient-directeur-pays-de-lassureur-activa-pour-le-cameroun-apres-son-depart-de-mtn-cote-divoire#breadcrumb\"},\"inLanguage\":\"fr-FR\",\"potentialAction\":[{\"@type\":\"ReadAction\",\"target\":[\"https:\/\/www.africa-press.net\/cameroun\/economie\/freddy-tchala-devient-directeur-pays-de-lassureur-activa-pour-le-cameroun-apres-son-depart-de-mtn-cote-divoire\"]}]},{\"@type\":\"ImageObject\",\"inLanguage\":\"fr-FR\",\"@id\":\"https:\/\/www.africa-press.net\/cameroun\/economie\/freddy-tchala-devient-directeur-pays-de-lassureur-activa-pour-le-cameroun-apres-son-depart-de-mtn-cote-divoire#primaryimage\",\"url\":\"https:\/\/static.africa-press.net\/cameroun\/sites\/57\/2023\/09\/sm_1695568690.501321.jpg\",\"contentUrl\":\"https:\/\/static.africa-press.net\/cameroun\/sites\/57\/2023\/09\/sm_1695568690.501321.jpg\",\"width\":720,\"height\":479,\"caption\":\"Freddy Tchala devient directeur pays de l\u2019assureur Activa pour le Cameroun, apr\u00e8s son d\u00e9part de MTN C\u00f4te d\u2019Ivoire\"},{\"@type\":\"BreadcrumbList\",\"@id\":\"https:\/\/www.africa-press.net\/cameroun\/economie\/freddy-tchala-devient-directeur-pays-de-lassureur-activa-pour-le-cameroun-apres-son-depart-de-mtn-cote-divoire#breadcrumb\",\"itemListElement\":[{\"@type\":\"ListItem\",\"position\":1,\"name\":\"Accueil\",\"item\":\"https:\/\/www.africa-press.net\/cameroun\/\"},{\"@type\":\"ListItem\",\"position\":2,\"name\":\"Freddy Tchala devient directeur pays de l\u2019assureur Activa pour le Cameroun, apr\u00e8s son d\u00e9part de MTN C\u00f4te d\u2019Ivoire\"}]},{\"@type\":\"WebSite\",\"@id\":\"https:\/\/www.africa-press.net\/cameroun\/#website\",\"url\":\"https:\/\/www.africa-press.net\/cameroun\/\",\"name\":\"Cameroun\",\"description\":\"Just another Africa News Agency Sites site\",\"potentialAction\":[{\"@type\":\"SearchAction\",\"target\":{\"@type\":\"EntryPoint\",\"urlTemplate\":\"https:\/\/www.africa-press.net\/cameroun\/?s={search_term_string}\"},\"query-input\":{\"@type\":\"PropertyValueSpecification\",\"valueRequired\":true,\"valueName\":\"search_term_string\"}}],\"inLanguage\":\"fr-FR\"},{\"@type\":\"Person\",\"@id\":\"https:\/\/www.africa-press.net\/cameroun\/#\/schema\/person\/2b1cf3cd81a31e3cd26889ca66d677f1\",\"name\":\"cfeditorfr\"}]}<\/script>\n<!-- \/ Yoast SEO Premium plugin. -->","yoast_head_json":{"title":"Freddy Tchala devient directeur pays de l\u2019assureur Activa pour le Cameroun, apr\u00e8s son d\u00e9part de MTN C\u00f4te d\u2019Ivoire - Cameroun","description":"Investir au Cameroun) - Dans un communique\u0301 rendu public le 21 septembre 2023, le Camerounais Richard Lowe\u0301, pre\u0301sident ...","robots":{"index":"index","follow":"follow","max-snippet":"max-snippet:-1","max-image-preview":"max-image-preview:large","max-video-preview":"max-video-preview:-1"},"canonical":"https:\/\/www.africa-press.net\/cameroun\/economie\/freddy-tchala-devient-directeur-pays-de-lassureur-activa-pour-le-cameroun-apres-son-depart-de-mtn-cote-divoire","og_locale":"fr_FR","og_type":"article","og_title":"Freddy Tchala devient directeur pays de l\u2019assureur Activa pour le Cameroun, apr\u00e8s son d\u00e9part de MTN C\u00f4te d\u2019Ivoire","og_description":"Investir au Cameroun) - Dans un communique\u0301 rendu public le 21 septembre 2023, le Camerounais Richard Lowe\u0301, pre\u0301sident ...","og_url":"https:\/\/www.africa-press.net\/cameroun\/economie\/freddy-tchala-devient-directeur-pays-de-lassureur-activa-pour-le-cameroun-apres-son-depart-de-mtn-cote-divoire","og_site_name":"Cameroun","article_published_time":"2023-09-24T18:17:38+00:00","article_modified_time":"2023-09-24T18:53:18+00:00","og_image":[{"width":720,"height":479,"url":"https:\/\/static.africa-press.net\/cameroun\/sites\/57\/2023\/09\/sm_1695568690.501321.jpg","type":"image\/jpeg"}],"author":"cfeditorfr","twitter_card":"summary_large_image","twitter_misc":{"\u00c9crit par":"cfeditorfr","Dur\u00e9e de lecture estim\u00e9e":"2 minutes"},"schema":{"@context":"https:\/\/schema.org","@graph":[{"@type":"Article","@id":"https:\/\/www.africa-press.net\/cameroun\/economie\/freddy-tchala-devient-directeur-pays-de-lassureur-activa-pour-le-cameroun-apres-son-depart-de-mtn-cote-divoire#article","isPartOf":{"@id":"https:\/\/www.africa-press.net\/cameroun\/economie\/freddy-tchala-devient-directeur-pays-de-lassureur-activa-pour-le-cameroun-apres-son-depart-de-mtn-cote-divoire"},"author":{"name":"cfeditorfr","@id":"https:\/\/www.africa-press.net\/cameroun\/#\/schema\/person\/2b1cf3cd81a31e3cd26889ca66d677f1"},"headline":"Freddy Tchala devient directeur pays de l\u2019assureur Activa pour le Cameroun, apr\u00e8s son d\u00e9part de MTN C\u00f4te d\u2019Ivoire","datePublished":"2023-09-24T18:17:38+00:00","dateModified":"2023-09-24T18:53:18+00:00","mainEntityOfPage":{"@id":"https:\/\/www.africa-press.net\/cameroun\/economie\/freddy-tchala-devient-directeur-pays-de-lassureur-activa-pour-le-cameroun-apres-son-depart-de-mtn-cote-divoire"},"wordCount":259,"commentCount":0,"image":{"@id":"https:\/\/www.africa-press.net\/cameroun\/economie\/freddy-tchala-devient-directeur-pays-de-lassureur-activa-pour-le-cameroun-apres-son-depart-de-mtn-cote-divoire#primaryimage"},"thumbnailUrl":"https:\/\/static.africa-press.net\/cameroun\/sites\/57\/2023\/09\/sm_1695568690.501321.jpg","keywords":["Africa Press","Africa Press-Cameroun","Cameroun"],"articleSection":["\u00c9conomie","Toutes les actualit\u00e9s"],"inLanguage":"fr-FR","potentialAction":[{"@type":"CommentAction","name":"Comment","target":["https:\/\/www.africa-press.net\/cameroun\/economie\/freddy-tchala-devient-directeur-pays-de-lassureur-activa-pour-le-cameroun-apres-son-depart-de-mtn-cote-divoire#respond"]}]},{"@type":"WebPage","@id":"https:\/\/www.africa-press.net\/cameroun\/economie\/freddy-tchala-devient-directeur-pays-de-lassureur-activa-pour-le-cameroun-apres-son-depart-de-mtn-cote-divoire","url":"https:\/\/www.africa-press.net\/cameroun\/economie\/freddy-tchala-devient-directeur-pays-de-lassureur-activa-pour-le-cameroun-apres-son-depart-de-mtn-cote-divoire","name":"Freddy Tchala devient directeur pays de l\u2019assureur Activa pour le Cameroun, apr\u00e8s son d\u00e9part de MTN C\u00f4te d\u2019Ivoire - Cameroun","isPartOf":{"@id":"https:\/\/www.africa-press.net\/cameroun\/#website"},"primaryImageOfPage":{"@id":"https:\/\/www.africa-press.net\/cameroun\/economie\/freddy-tchala-devient-directeur-pays-de-lassureur-activa-pour-le-cameroun-apres-son-depart-de-mtn-cote-divoire#primaryimage"},"image":{"@id":"https:\/\/www.africa-press.net\/cameroun\/economie\/freddy-tchala-devient-directeur-pays-de-lassureur-activa-pour-le-cameroun-apres-son-depart-de-mtn-cote-divoire#primaryimage"},"thumbnailUrl":"https:\/\/static.africa-press.net\/cameroun\/sites\/57\/2023\/09\/sm_1695568690.501321.jpg","datePublished":"2023-09-24T18:17:38+00:00","dateModified":"2023-09-24T18:53:18+00:00","author":{"@id":"https:\/\/www.africa-press.net\/cameroun\/#\/schema\/person\/2b1cf3cd81a31e3cd26889ca66d677f1"},"description":"Investir au Cameroun) - Dans un communique\u0301 rendu public le 21 septembre 2023, le Camerounais Richard Lowe\u0301, pre\u0301sident ...","breadcrumb":{"@id":"https:\/\/www.africa-press.net\/cameroun\/economie\/freddy-tchala-devient-directeur-pays-de-lassureur-activa-pour-le-cameroun-apres-son-depart-de-mtn-cote-divoire#breadcrumb"},"inLanguage":"fr-FR","potentialAction":[{"@type":"ReadAction","target":["https:\/\/www.africa-press.net\/cameroun\/economie\/freddy-tchala-devient-directeur-pays-de-lassureur-activa-pour-le-cameroun-apres-son-depart-de-mtn-cote-divoire"]}]},{"@type":"ImageObject","inLanguage":"fr-FR","@id":"https:\/\/www.africa-press.net\/cameroun\/economie\/freddy-tchala-devient-directeur-pays-de-lassureur-activa-pour-le-cameroun-apres-son-depart-de-mtn-cote-divoire#primaryimage","url":"https:\/\/static.africa-press.net\/cameroun\/sites\/57\/2023\/09\/sm_1695568690.501321.jpg","contentUrl":"https:\/\/static.africa-press.net\/cameroun\/sites\/57\/2023\/09\/sm_1695568690.501321.jpg","width":720,"height":479,"caption":"Freddy Tchala devient directeur pays de l\u2019assureur Activa pour le Cameroun, apr\u00e8s son d\u00e9part de MTN C\u00f4te d\u2019Ivoire"},{"@type":"BreadcrumbList","@id":"https:\/\/www.africa-press.net\/cameroun\/economie\/freddy-tchala-devient-directeur-pays-de-lassureur-activa-pour-le-cameroun-apres-son-depart-de-mtn-cote-divoire#breadcrumb","itemListElement":[{"@type":"ListItem","position":1,"name":"Accueil","item":"https:\/\/www.africa-press.net\/cameroun\/"},{"@type":"ListItem","position":2,"name":"Freddy Tchala devient directeur pays de l\u2019assureur Activa pour le Cameroun, apr\u00e8s son d\u00e9part de MTN C\u00f4te d\u2019Ivoire"}]},{"@type":"WebSite","@id":"https:\/\/www.africa-press.net\/cameroun\/#website","url":"https:\/\/www.africa-press.net\/cameroun\/","name":"Cameroun","description":"Just another Africa News Agency Sites site","potentialAction":[{"@type":"SearchAction","target":{"@type":"EntryPoint","urlTemplate":"https:\/\/www.africa-press.net\/cameroun\/?s={search_term_string}"},"query-input":{"@type":"PropertyValueSpecification","valueRequired":true,"valueName":"search_term_string"}}],"inLanguage":"fr-FR"},{"@type":"Person","@id":"https:\/\/www.africa-press.net\/cameroun\/#\/schema\/person\/2b1cf3cd81a31e3cd26889ca66d677f1","name":"cfeditorfr"}]}},"_links":{"self":[{"href":"https:\/\/www.africa-press.net\/cameroun\/wp-json\/wp\/v2\/posts\/51571","targetHints":{"allow":["GET"]}}],"collection":[{"href":"https:\/\/www.africa-press.net\/cameroun\/wp-json\/wp\/v2\/posts"}],"about":[{"href":"https:\/\/www.africa-press.net\/cameroun\/wp-json\/wp\/v2\/types\/post"}],"author":[{"embeddable":true,"href":"https:\/\/www.africa-press.net\/cameroun\/wp-json\/wp\/v2\/users\/82"}],"replies":[{"embeddable":true,"href":"https:\/\/www.africa-press.net\/cameroun\/wp-json\/wp\/v2\/comments?post=51571"}],"version-history":[{"count":0,"href":"https:\/\/www.africa-press.net\/cameroun\/wp-json\/wp\/v2\/posts\/51571\/revisions"}],"wp:featuredmedia":[{"embeddable":true,"href":"https:\/\/www.africa-press.net\/cameroun\/wp-json\/wp\/v2\/media\/51569"}],"wp:attachment":[{"href":"https:\/\/www.africa-press.net\/cameroun\/wp-json\/wp\/v2\/media?parent=51571"}],"wp:term":[{"taxonomy":"category","embeddable":true,"href":"https:\/\/www.africa-press.net\/cameroun\/wp-json\/wp\/v2\/categories?post=51571"},{"taxonomy":"post_tag","embeddable":true,"href":"https:\/\/www.africa-press.net\/cameroun\/wp-json\/wp\/v2\/tags?post=51571"}],"curies":[{"name":"wp","href":"https:\/\/api.w.org\/{rel}","templated":true}]}}