{"id":51608,"date":"2023-09-25T18:36:29","date_gmt":"2023-09-25T18:36:29","guid":{"rendered":"https:\/\/www.africa-press.net\/cameroun\/politique\/vih-sida-au-cameroun-intensifier-les-actions-de-prevention-de-la-transmission-mere-enfant"},"modified":"2023-09-25T19:03:15","modified_gmt":"2023-09-25T19:03:15","slug":"vih-sida-au-cameroun-intensifier-les-actions-de-prevention-de-la-transmission-mere-enfant","status":"publish","type":"post","link":"https:\/\/www.africa-press.net\/cameroun\/toutes-les-actualites\/vih-sida-au-cameroun-intensifier-les-actions-de-prevention-de-la-transmission-mere-enfant","title":{"rendered":"VIH\/Sida au Cameroun: intensifier les actions de pr\u00e9vention de la transmission m\u00e8re-enfant"},"content":{"rendered":"<p><span style=\"color: #ff6600\"><strong>Africa-Press &#8211; Cameroun. <\/strong><\/span>L&rsquo;e\u0301dition 2023 de la Pre\u0301vention de la transmission me\u0300re-enfant, de la femme et de l&rsquo;adolescent a, pendant quatre jours, offert la possibilite\u0301 aux acteurs implique\u0301s d&rsquo;examiner les voies et moyens d&rsquo;ame\u0301liorer les performances pour l&rsquo;atteinte de l&rsquo;objectif des trois 95.<\/p>\n<p>Le rideau s&rsquo;est referme\u0301 sur la 3eme e\u0301dition du Forum de la PTME qui a connu une mobilisation particulie\u0300re. Des plus de 2021 inscrits, 1536 participants ont e\u0301te\u0301 enregistre\u0301s au total pour une pre\u0301sence moyenne journalie\u0300re de 700 participants.<\/p>\n<p>Les ateliers et autres sessions d&rsquo;e\u0301change d&rsquo;expe\u0301riences ont e\u0301te\u0301 particulie\u0300rement anime\u0301es. Au bilan, 74 communications ont e\u0301te\u0301 affiche\u0301es, 118 communications orales pre\u0301sente\u0301es. Elles e\u0301taient toutes reparties en sessions ple\u0301nie\u0300res, en sessions satellites et en sessions paralle\u0300les. Au pre\u0301alable, 274 abstracts ou re\u0301sume\u0301s de projets scientifiques e\u0301taient comptabilise\u0301s par le comite\u0301 scientifique.<\/p>\n<p>Au cours des travaux, les the\u0301matiques adresse\u0301es impliquaient aussi bien les Districts de sante\u0301, les communaute\u0301s que les partenaires internationaux, avec pour seul objectif, l&rsquo;atteinte des trois 95. Il s&rsquo;agit en de\u0301tail que 95% de Fec connaissent leur statut se\u0301rologique, 95% de Fec VIH+ soient mises sous TARV et 95% de Fec VIH+ ont charge virale inde\u0301tectable.<\/p>\n<p>Des distinctions honorifiques<\/p>\n<p>Au terme des travaux de la PTME, 15 distinctions honorifiques ont e\u0301te\u0301 de\u0301cerne\u0301es pour re\u0301compenser la qualite\u0301 des abstracts, de la manie\u0300re suivante : 04 prix attribue\u0301s aux Universitaires et Instituts de Recherches, 04 pour les Communautaires, 03 pour les Secteurs collaboratifs, 04 pour les Directions techniques\/Programmes, 02 pour les De\u0301le\u0301gations et Districts de sante\u0301 02.<\/p>\n<p>Le rendez-vous a e\u0301te\u0301 pris pour la prochaine e\u0301dition, avec la conviction que les fruits des travaux effectue\u0301s fassent avancer vers les re\u0301sultats escompte\u0301s.<\/p>\n<p><strong>Pour plus d&rsquo;informations et d&rsquo;analyses sur la <a href=\"https:\/\/www.africa-press.net\/cameroun\">Cameroun<\/a>, suivez <a href=\"https:\/\/www.africa-press.net\/\">Africa-Press<\/a><\/strong><\/p>\n","protected":false},"excerpt":{"rendered":"<p>Africa-Press &#8211; Cameroun. L&rsquo;e\u0301dition 2023 de la Pre\u0301vention de la transmission me\u0300re-enfant, de la femme et de l&rsquo;adolescent a, pendant quatre jours, offert la possibilite\u0301 aux acteurs implique\u0301s d&rsquo;examiner les voies et moyens d&rsquo;ame\u0301liorer les performances pour l&rsquo;atteinte de l&rsquo;objectif des trois 95. Le rideau s&rsquo;est referme\u0301 sur la 3eme e\u0301dition du Forum de la [&hellip;]<\/p>\n","protected":false},"author":82,"featured_media":51607,"comment_status":"open","ping_status":"closed","sticky":false,"template":"","format":"standard","meta":{"footnotes":""},"categories":[21,10],"tags":[36,50,49],"class_list":["post-51608","post","type-post","status-publish","format-standard","has-post-thumbnail","hentry","category-communaute","category-toutes-les-actualites","tag-africa-press","tag-africa-press-cameroun","tag-cameroun"],"yoast_head":"<!-- This site is optimized with the Yoast SEO Premium plugin v26.1 (Yoast SEO v27.0) - https:\/\/yoast.com\/product\/yoast-seo-premium-wordpress\/ -->\n<title>VIH\/Sida au Cameroun: intensifier les actions de pr\u00e9vention de la transmission m\u00e8re-enfant - Cameroun<\/title>\n<meta name=\"description\" content=\"L&#039;e\u0301dition 2023 de la Pre\u0301vention de la transmission me\u0300re-enfant, de la femme et de l&#039;adolescent a, pendant quatre jour ...\" \/>\n<meta name=\"robots\" content=\"index, follow, max-snippet:-1, max-image-preview:large, max-video-preview:-1\" \/>\n<link rel=\"canonical\" href=\"https:\/\/www.africa-press.net\/cameroun\/toutes-les-actualites\/vih-sida-au-cameroun-intensifier-les-actions-de-prevention-de-la-transmission-mere-enfant\" \/>\n<meta property=\"og:locale\" content=\"fr_FR\" \/>\n<meta property=\"og:type\" content=\"article\" \/>\n<meta property=\"og:title\" content=\"VIH\/Sida au Cameroun: intensifier les actions de pr\u00e9vention de la transmission m\u00e8re-enfant\" \/>\n<meta property=\"og:description\" content=\"L&#039;e\u0301dition 2023 de la Pre\u0301vention de la transmission me\u0300re-enfant, de la femme et de l&#039;adolescent a, pendant quatre jour ...\" \/>\n<meta property=\"og:url\" content=\"https:\/\/www.africa-press.net\/cameroun\/toutes-les-actualites\/vih-sida-au-cameroun-intensifier-les-actions-de-prevention-de-la-transmission-mere-enfant\" \/>\n<meta property=\"og:site_name\" content=\"Cameroun\" \/>\n<meta property=\"article:published_time\" content=\"2023-09-25T18:36:29+00:00\" \/>\n<meta property=\"article:modified_time\" content=\"2023-09-25T19:03:15+00:00\" \/>\n<meta property=\"og:image\" content=\"https:\/\/static.africa-press.net\/cameroun\/sites\/57\/2023\/09\/sm_1695655858.279057.jpg\" \/>\n\t<meta property=\"og:image:width\" content=\"720\" \/>\n\t<meta property=\"og:image:height\" content=\"404\" \/>\n\t<meta property=\"og:image:type\" content=\"image\/jpeg\" \/>\n<meta name=\"author\" content=\"cfeditorfr\" \/>\n<meta name=\"twitter:card\" content=\"summary_large_image\" \/>\n<meta name=\"twitter:label1\" content=\"\u00c9crit par\" \/>\n\t<meta name=\"twitter:data1\" content=\"cfeditorfr\" \/>\n\t<meta name=\"twitter:label2\" content=\"Dur\u00e9e de lecture estim\u00e9e\" \/>\n\t<meta name=\"twitter:data2\" content=\"2 minutes\" \/>\n<script type=\"application\/ld+json\" class=\"yoast-schema-graph\">{\"@context\":\"https:\/\/schema.org\",\"@graph\":[{\"@type\":\"Article\",\"@id\":\"https:\/\/www.africa-press.net\/cameroun\/toutes-les-actualites\/vih-sida-au-cameroun-intensifier-les-actions-de-prevention-de-la-transmission-mere-enfant#article\",\"isPartOf\":{\"@id\":\"https:\/\/www.africa-press.net\/cameroun\/toutes-les-actualites\/vih-sida-au-cameroun-intensifier-les-actions-de-prevention-de-la-transmission-mere-enfant\"},\"author\":{\"name\":\"cfeditorfr\",\"@id\":\"https:\/\/www.africa-press.net\/cameroun\/#\/schema\/person\/2b1cf3cd81a31e3cd26889ca66d677f1\"},\"headline\":\"VIH\/Sida au Cameroun: intensifier les actions de pr\u00e9vention de la transmission m\u00e8re-enfant\",\"datePublished\":\"2023-09-25T18:36:29+00:00\",\"dateModified\":\"2023-09-25T19:03:15+00:00\",\"mainEntityOfPage\":{\"@id\":\"https:\/\/www.africa-press.net\/cameroun\/toutes-les-actualites\/vih-sida-au-cameroun-intensifier-les-actions-de-prevention-de-la-transmission-mere-enfant\"},\"wordCount\":340,\"commentCount\":0,\"image\":{\"@id\":\"https:\/\/www.africa-press.net\/cameroun\/toutes-les-actualites\/vih-sida-au-cameroun-intensifier-les-actions-de-prevention-de-la-transmission-mere-enfant#primaryimage\"},\"thumbnailUrl\":\"https:\/\/static.africa-press.net\/cameroun\/sites\/57\/2023\/09\/sm_1695655858.279057.jpg\",\"keywords\":[\"Africa Press\",\"Africa Press-Cameroun\",\"Cameroun\"],\"articleSection\":[\"Communaut\u00e9\",\"Toutes les actualit\u00e9s\"],\"inLanguage\":\"fr-FR\",\"potentialAction\":[{\"@type\":\"CommentAction\",\"name\":\"Comment\",\"target\":[\"https:\/\/www.africa-press.net\/cameroun\/toutes-les-actualites\/vih-sida-au-cameroun-intensifier-les-actions-de-prevention-de-la-transmission-mere-enfant#respond\"]}]},{\"@type\":\"WebPage\",\"@id\":\"https:\/\/www.africa-press.net\/cameroun\/toutes-les-actualites\/vih-sida-au-cameroun-intensifier-les-actions-de-prevention-de-la-transmission-mere-enfant\",\"url\":\"https:\/\/www.africa-press.net\/cameroun\/toutes-les-actualites\/vih-sida-au-cameroun-intensifier-les-actions-de-prevention-de-la-transmission-mere-enfant\",\"name\":\"VIH\/Sida au Cameroun: intensifier les actions de pr\u00e9vention de la transmission m\u00e8re-enfant - Cameroun\",\"isPartOf\":{\"@id\":\"https:\/\/www.africa-press.net\/cameroun\/#website\"},\"primaryImageOfPage\":{\"@id\":\"https:\/\/www.africa-press.net\/cameroun\/toutes-les-actualites\/vih-sida-au-cameroun-intensifier-les-actions-de-prevention-de-la-transmission-mere-enfant#primaryimage\"},\"image\":{\"@id\":\"https:\/\/www.africa-press.net\/cameroun\/toutes-les-actualites\/vih-sida-au-cameroun-intensifier-les-actions-de-prevention-de-la-transmission-mere-enfant#primaryimage\"},\"thumbnailUrl\":\"https:\/\/static.africa-press.net\/cameroun\/sites\/57\/2023\/09\/sm_1695655858.279057.jpg\",\"datePublished\":\"2023-09-25T18:36:29+00:00\",\"dateModified\":\"2023-09-25T19:03:15+00:00\",\"author\":{\"@id\":\"https:\/\/www.africa-press.net\/cameroun\/#\/schema\/person\/2b1cf3cd81a31e3cd26889ca66d677f1\"},\"description\":\"L'e\u0301dition 2023 de la Pre\u0301vention de la transmission me\u0300re-enfant, de la femme et de l'adolescent a, pendant quatre jour ...\",\"breadcrumb\":{\"@id\":\"https:\/\/www.africa-press.net\/cameroun\/toutes-les-actualites\/vih-sida-au-cameroun-intensifier-les-actions-de-prevention-de-la-transmission-mere-enfant#breadcrumb\"},\"inLanguage\":\"fr-FR\",\"potentialAction\":[{\"@type\":\"ReadAction\",\"target\":[\"https:\/\/www.africa-press.net\/cameroun\/toutes-les-actualites\/vih-sida-au-cameroun-intensifier-les-actions-de-prevention-de-la-transmission-mere-enfant\"]}]},{\"@type\":\"ImageObject\",\"inLanguage\":\"fr-FR\",\"@id\":\"https:\/\/www.africa-press.net\/cameroun\/toutes-les-actualites\/vih-sida-au-cameroun-intensifier-les-actions-de-prevention-de-la-transmission-mere-enfant#primaryimage\",\"url\":\"https:\/\/static.africa-press.net\/cameroun\/sites\/57\/2023\/09\/sm_1695655858.279057.jpg\",\"contentUrl\":\"https:\/\/static.africa-press.net\/cameroun\/sites\/57\/2023\/09\/sm_1695655858.279057.jpg\",\"width\":720,\"height\":404,\"caption\":\"VIH\/Sida au Cameroun: intensifier les actions de pr\u00e9vention de la transmission m\u00e8re-enfant\"},{\"@type\":\"BreadcrumbList\",\"@id\":\"https:\/\/www.africa-press.net\/cameroun\/toutes-les-actualites\/vih-sida-au-cameroun-intensifier-les-actions-de-prevention-de-la-transmission-mere-enfant#breadcrumb\",\"itemListElement\":[{\"@type\":\"ListItem\",\"position\":1,\"name\":\"Accueil\",\"item\":\"https:\/\/www.africa-press.net\/cameroun\/\"},{\"@type\":\"ListItem\",\"position\":2,\"name\":\"VIH\/Sida au Cameroun: intensifier les actions de pr\u00e9vention de la transmission m\u00e8re-enfant\"}]},{\"@type\":\"WebSite\",\"@id\":\"https:\/\/www.africa-press.net\/cameroun\/#website\",\"url\":\"https:\/\/www.africa-press.net\/cameroun\/\",\"name\":\"Cameroun\",\"description\":\"Just another Africa News Agency Sites site\",\"potentialAction\":[{\"@type\":\"SearchAction\",\"target\":{\"@type\":\"EntryPoint\",\"urlTemplate\":\"https:\/\/www.africa-press.net\/cameroun\/?s={search_term_string}\"},\"query-input\":{\"@type\":\"PropertyValueSpecification\",\"valueRequired\":true,\"valueName\":\"search_term_string\"}}],\"inLanguage\":\"fr-FR\"},{\"@type\":\"Person\",\"@id\":\"https:\/\/www.africa-press.net\/cameroun\/#\/schema\/person\/2b1cf3cd81a31e3cd26889ca66d677f1\",\"name\":\"cfeditorfr\"}]}<\/script>\n<!-- \/ Yoast SEO Premium plugin. -->","yoast_head_json":{"title":"VIH\/Sida au Cameroun: intensifier les actions de pr\u00e9vention de la transmission m\u00e8re-enfant - Cameroun","description":"L'e\u0301dition 2023 de la Pre\u0301vention de la transmission me\u0300re-enfant, de la femme et de l'adolescent a, pendant quatre jour ...","robots":{"index":"index","follow":"follow","max-snippet":"max-snippet:-1","max-image-preview":"max-image-preview:large","max-video-preview":"max-video-preview:-1"},"canonical":"https:\/\/www.africa-press.net\/cameroun\/toutes-les-actualites\/vih-sida-au-cameroun-intensifier-les-actions-de-prevention-de-la-transmission-mere-enfant","og_locale":"fr_FR","og_type":"article","og_title":"VIH\/Sida au Cameroun: intensifier les actions de pr\u00e9vention de la transmission m\u00e8re-enfant","og_description":"L'e\u0301dition 2023 de la Pre\u0301vention de la transmission me\u0300re-enfant, de la femme et de l'adolescent a, pendant quatre jour ...","og_url":"https:\/\/www.africa-press.net\/cameroun\/toutes-les-actualites\/vih-sida-au-cameroun-intensifier-les-actions-de-prevention-de-la-transmission-mere-enfant","og_site_name":"Cameroun","article_published_time":"2023-09-25T18:36:29+00:00","article_modified_time":"2023-09-25T19:03:15+00:00","og_image":[{"width":720,"height":404,"url":"https:\/\/static.africa-press.net\/cameroun\/sites\/57\/2023\/09\/sm_1695655858.279057.jpg","type":"image\/jpeg"}],"author":"cfeditorfr","twitter_card":"summary_large_image","twitter_misc":{"\u00c9crit par":"cfeditorfr","Dur\u00e9e de lecture estim\u00e9e":"2 minutes"},"schema":{"@context":"https:\/\/schema.org","@graph":[{"@type":"Article","@id":"https:\/\/www.africa-press.net\/cameroun\/toutes-les-actualites\/vih-sida-au-cameroun-intensifier-les-actions-de-prevention-de-la-transmission-mere-enfant#article","isPartOf":{"@id":"https:\/\/www.africa-press.net\/cameroun\/toutes-les-actualites\/vih-sida-au-cameroun-intensifier-les-actions-de-prevention-de-la-transmission-mere-enfant"},"author":{"name":"cfeditorfr","@id":"https:\/\/www.africa-press.net\/cameroun\/#\/schema\/person\/2b1cf3cd81a31e3cd26889ca66d677f1"},"headline":"VIH\/Sida au Cameroun: intensifier les actions de pr\u00e9vention de la transmission m\u00e8re-enfant","datePublished":"2023-09-25T18:36:29+00:00","dateModified":"2023-09-25T19:03:15+00:00","mainEntityOfPage":{"@id":"https:\/\/www.africa-press.net\/cameroun\/toutes-les-actualites\/vih-sida-au-cameroun-intensifier-les-actions-de-prevention-de-la-transmission-mere-enfant"},"wordCount":340,"commentCount":0,"image":{"@id":"https:\/\/www.africa-press.net\/cameroun\/toutes-les-actualites\/vih-sida-au-cameroun-intensifier-les-actions-de-prevention-de-la-transmission-mere-enfant#primaryimage"},"thumbnailUrl":"https:\/\/static.africa-press.net\/cameroun\/sites\/57\/2023\/09\/sm_1695655858.279057.jpg","keywords":["Africa Press","Africa Press-Cameroun","Cameroun"],"articleSection":["Communaut\u00e9","Toutes les actualit\u00e9s"],"inLanguage":"fr-FR","potentialAction":[{"@type":"CommentAction","name":"Comment","target":["https:\/\/www.africa-press.net\/cameroun\/toutes-les-actualites\/vih-sida-au-cameroun-intensifier-les-actions-de-prevention-de-la-transmission-mere-enfant#respond"]}]},{"@type":"WebPage","@id":"https:\/\/www.africa-press.net\/cameroun\/toutes-les-actualites\/vih-sida-au-cameroun-intensifier-les-actions-de-prevention-de-la-transmission-mere-enfant","url":"https:\/\/www.africa-press.net\/cameroun\/toutes-les-actualites\/vih-sida-au-cameroun-intensifier-les-actions-de-prevention-de-la-transmission-mere-enfant","name":"VIH\/Sida au Cameroun: intensifier les actions de pr\u00e9vention de la transmission m\u00e8re-enfant - Cameroun","isPartOf":{"@id":"https:\/\/www.africa-press.net\/cameroun\/#website"},"primaryImageOfPage":{"@id":"https:\/\/www.africa-press.net\/cameroun\/toutes-les-actualites\/vih-sida-au-cameroun-intensifier-les-actions-de-prevention-de-la-transmission-mere-enfant#primaryimage"},"image":{"@id":"https:\/\/www.africa-press.net\/cameroun\/toutes-les-actualites\/vih-sida-au-cameroun-intensifier-les-actions-de-prevention-de-la-transmission-mere-enfant#primaryimage"},"thumbnailUrl":"https:\/\/static.africa-press.net\/cameroun\/sites\/57\/2023\/09\/sm_1695655858.279057.jpg","datePublished":"2023-09-25T18:36:29+00:00","dateModified":"2023-09-25T19:03:15+00:00","author":{"@id":"https:\/\/www.africa-press.net\/cameroun\/#\/schema\/person\/2b1cf3cd81a31e3cd26889ca66d677f1"},"description":"L'e\u0301dition 2023 de la Pre\u0301vention de la transmission me\u0300re-enfant, de la femme et de l'adolescent a, pendant quatre jour ...","breadcrumb":{"@id":"https:\/\/www.africa-press.net\/cameroun\/toutes-les-actualites\/vih-sida-au-cameroun-intensifier-les-actions-de-prevention-de-la-transmission-mere-enfant#breadcrumb"},"inLanguage":"fr-FR","potentialAction":[{"@type":"ReadAction","target":["https:\/\/www.africa-press.net\/cameroun\/toutes-les-actualites\/vih-sida-au-cameroun-intensifier-les-actions-de-prevention-de-la-transmission-mere-enfant"]}]},{"@type":"ImageObject","inLanguage":"fr-FR","@id":"https:\/\/www.africa-press.net\/cameroun\/toutes-les-actualites\/vih-sida-au-cameroun-intensifier-les-actions-de-prevention-de-la-transmission-mere-enfant#primaryimage","url":"https:\/\/static.africa-press.net\/cameroun\/sites\/57\/2023\/09\/sm_1695655858.279057.jpg","contentUrl":"https:\/\/static.africa-press.net\/cameroun\/sites\/57\/2023\/09\/sm_1695655858.279057.jpg","width":720,"height":404,"caption":"VIH\/Sida au Cameroun: intensifier les actions de pr\u00e9vention de la transmission m\u00e8re-enfant"},{"@type":"BreadcrumbList","@id":"https:\/\/www.africa-press.net\/cameroun\/toutes-les-actualites\/vih-sida-au-cameroun-intensifier-les-actions-de-prevention-de-la-transmission-mere-enfant#breadcrumb","itemListElement":[{"@type":"ListItem","position":1,"name":"Accueil","item":"https:\/\/www.africa-press.net\/cameroun\/"},{"@type":"ListItem","position":2,"name":"VIH\/Sida au Cameroun: intensifier les actions de pr\u00e9vention de la transmission m\u00e8re-enfant"}]},{"@type":"WebSite","@id":"https:\/\/www.africa-press.net\/cameroun\/#website","url":"https:\/\/www.africa-press.net\/cameroun\/","name":"Cameroun","description":"Just another Africa News Agency Sites site","potentialAction":[{"@type":"SearchAction","target":{"@type":"EntryPoint","urlTemplate":"https:\/\/www.africa-press.net\/cameroun\/?s={search_term_string}"},"query-input":{"@type":"PropertyValueSpecification","valueRequired":true,"valueName":"search_term_string"}}],"inLanguage":"fr-FR"},{"@type":"Person","@id":"https:\/\/www.africa-press.net\/cameroun\/#\/schema\/person\/2b1cf3cd81a31e3cd26889ca66d677f1","name":"cfeditorfr"}]}},"_links":{"self":[{"href":"https:\/\/www.africa-press.net\/cameroun\/wp-json\/wp\/v2\/posts\/51608","targetHints":{"allow":["GET"]}}],"collection":[{"href":"https:\/\/www.africa-press.net\/cameroun\/wp-json\/wp\/v2\/posts"}],"about":[{"href":"https:\/\/www.africa-press.net\/cameroun\/wp-json\/wp\/v2\/types\/post"}],"author":[{"embeddable":true,"href":"https:\/\/www.africa-press.net\/cameroun\/wp-json\/wp\/v2\/users\/82"}],"replies":[{"embeddable":true,"href":"https:\/\/www.africa-press.net\/cameroun\/wp-json\/wp\/v2\/comments?post=51608"}],"version-history":[{"count":0,"href":"https:\/\/www.africa-press.net\/cameroun\/wp-json\/wp\/v2\/posts\/51608\/revisions"}],"wp:featuredmedia":[{"embeddable":true,"href":"https:\/\/www.africa-press.net\/cameroun\/wp-json\/wp\/v2\/media\/51607"}],"wp:attachment":[{"href":"https:\/\/www.africa-press.net\/cameroun\/wp-json\/wp\/v2\/media?parent=51608"}],"wp:term":[{"taxonomy":"category","embeddable":true,"href":"https:\/\/www.africa-press.net\/cameroun\/wp-json\/wp\/v2\/categories?post=51608"},{"taxonomy":"post_tag","embeddable":true,"href":"https:\/\/www.africa-press.net\/cameroun\/wp-json\/wp\/v2\/tags?post=51608"}],"curies":[{"name":"wp","href":"https:\/\/api.w.org\/{rel}","templated":true}]}}