{"id":51610,"date":"2023-09-25T18:36:35","date_gmt":"2023-09-25T18:36:35","guid":{"rendered":"https:\/\/www.africa-press.net\/cameroun\/politique\/politique-inquietude-au-mrc-des-hommes-de-maurice-kamto-arretes-un-assassinat-denonce"},"modified":"2023-09-25T19:03:53","modified_gmt":"2023-09-25T19:03:53","slug":"politique-inquietude-au-mrc-des-hommes-de-maurice-kamto-arretes-un-assassinat-denonce","status":"publish","type":"post","link":"https:\/\/www.africa-press.net\/cameroun\/politique\/politique-inquietude-au-mrc-des-hommes-de-maurice-kamto-arretes-un-assassinat-denonce","title":{"rendered":"Politique : Inqui\u00e9tude au MRC, des hommes de Maurice Kamto arr\u00eat\u00e9s, un assassinat d\u00e9nonc\u00e9"},"content":{"rendered":"<p><span style=\"color: #ff6600\"><strong>Africa-Press &#8211; Cameroun. <\/strong><\/span>Le Journal Cameroun Actuel de\u0301nonce la re\u0301pression qui continue contre les militants du MRC et les nouveaux faits marquants a\u0300 savoir l&rsquo;arrestation du pre\u0301sident des handicape\u0301s du MRC et l&rsquo;assassinat tragique de l\u2019e\u0301pouse du coordonnateur national du parti.<\/p>\n<p>Selon les informations, l\u2019arrestation re\u0301cente de M. Fosting Michel, pre\u0301sident des handicape\u0301s du MRC, a suscite\u0301 de vives re\u0301actions de la part de nombreux cadres du parti. Cette arrestation, survenue il y a quelques jours, fait partie d\u2019une se\u0301rie d\u2019actions re\u0301pressives mene\u0301es contre les militants du MRC.<\/p>\n<p>Aissatou Bouba Dalil, dans une publication, de\u0301nonce cette arrestation et souligne que M. Fosting Michel refuse de dire du mal d\u2019un homme politique qui fait trembler le re\u0301gime. Cette situation met en e\u0301vidence la re\u0301pression sauvage dont sont victimes les militants du MRC.<\/p>\n<p>Cependant, cette arrestation ne fait pas exception aux e\u0301ve\u0301nements tragiques qui ont re\u0301cemment touche\u0301 le MRC. Il y a a\u0300 peine deux semaines, Suzanne Zamboue\u0301, l\u2019e\u0301pouse de Pascal Zamboue\u0301, coordinateur national charge\u0301 de l\u2019implantation du MRC, a e\u0301te\u0301 sauvagement assassine\u0301e a\u0300 son domicile. Ce meurtre atroce soule\u0300ve de nombreuses questions quant a\u0300 sa nature et a\u0300 ses auteurs.<\/p>\n<p>A en croire les informations, la victime aurait e\u0301te\u0301 ligote\u0301e et ses bourreaux se sont acharne\u0301s sur son corps avec une violence inoui\u0308e, laissant derrie\u0300re eux un ve\u0301ritable carnage. Il convient de souligner que Pascal Zamboue\u0301, membre du Directoire du MRC, purge actuellement une peine de 7 ans de prison a\u0300 la Prison Centrale de Yaounde\u0301. Il avait e\u0301te\u0301 condamne\u0301 par le Tribunal Militaire de Yaounde\u0301 en octobre 2020 en relation avec les marches pacifiques organise\u0301es par le parti en septembre 2020.<\/p>\n<p>Ces e\u0301ve\u0301nements tragiques suscitent de vives inquie\u0301tudes quant a\u0300 la situation des droits de l\u2019homme et de la liberte\u0301 d\u2019expression au Cameroun. La re\u0301pression continue contre les militants du MRC soule\u0300ve des interrogations sur le respect des principes de\u0301mocratiques et des droits fondamentaux dans le pays.<\/p>\n<p>Il est essentiel que la lumie\u0300re soit faite sur ces e\u0301ve\u0301nements et que les responsables soient traduits en justice. La communaute\u0301 internationale doit e\u0301galement suivre de pre\u0300s la situation au Cameroun et exercer une pression diplomatique pour garantir le respect des droits de l\u2019homme et la protection des militants politiques.<\/p>\n<p>Il est temps que les autorite\u0301s camerounaises prennent des mesures pour mettre fin a\u0300 la re\u0301pression et permettre un environnement politique ou\u0300 la diversite\u0301 d\u2019opinions et le respect des droits fondamentaux sont respecte\u0301s. La liberte\u0301 d\u2019expression et la se\u0301curite\u0301 des militants politiques doivent e\u0302tre garanties pour assurer une de\u0301mocratie e\u0301quitable et transparente au Cameroun.<\/p>\n<p><strong>Pour plus d&rsquo;informations et d&rsquo;analyses sur la <a href=\"https:\/\/www.africa-press.net\/cameroun\">Cameroun<\/a>, suivez <a href=\"https:\/\/www.africa-press.net\/\">Africa-Press<\/a><\/strong><\/p>\n","protected":false},"excerpt":{"rendered":"<p>Africa-Press &#8211; Cameroun. Le Journal Cameroun Actuel de\u0301nonce la re\u0301pression qui continue contre les militants du MRC et les nouveaux faits marquants a\u0300 savoir l&rsquo;arrestation du pre\u0301sident des handicape\u0301s du MRC et l&rsquo;assassinat tragique de l\u2019e\u0301pouse du coordonnateur national du parti. Selon les informations, l\u2019arrestation re\u0301cente de M. Fosting Michel, pre\u0301sident des handicape\u0301s du MRC, [&hellip;]<\/p>\n","protected":false},"author":82,"featured_media":51609,"comment_status":"open","ping_status":"closed","sticky":false,"template":"","format":"standard","meta":{"footnotes":""},"categories":[2,10],"tags":[36,50,49],"class_list":["post-51610","post","type-post","status-publish","format-standard","has-post-thumbnail","hentry","category-politique","category-toutes-les-actualites","tag-africa-press","tag-africa-press-cameroun","tag-cameroun"],"yoast_head":"<!-- This site is optimized with the Yoast SEO Premium plugin v26.1 (Yoast SEO v27.0) - https:\/\/yoast.com\/product\/yoast-seo-premium-wordpress\/ -->\n<title>Politique : Inqui\u00e9tude au MRC, des hommes de Maurice Kamto arr\u00eat\u00e9s, un assassinat d\u00e9nonc\u00e9 - Cameroun<\/title>\n<meta name=\"description\" content=\"Le Journal Cameroun Actuel de\u0301nonce la re\u0301pression qui continue contre les militants du MRC et les nouveaux faits marqua ...\" \/>\n<meta name=\"robots\" content=\"index, follow, max-snippet:-1, max-image-preview:large, max-video-preview:-1\" \/>\n<link rel=\"canonical\" href=\"https:\/\/www.africa-press.net\/cameroun\/politique\/politique-inquietude-au-mrc-des-hommes-de-maurice-kamto-arretes-un-assassinat-denonce\" \/>\n<meta property=\"og:locale\" content=\"fr_FR\" \/>\n<meta property=\"og:type\" content=\"article\" \/>\n<meta property=\"og:title\" content=\"Politique : Inqui\u00e9tude au MRC, des hommes de Maurice Kamto arr\u00eat\u00e9s, un assassinat d\u00e9nonc\u00e9\" \/>\n<meta property=\"og:description\" content=\"Le Journal Cameroun Actuel de\u0301nonce la re\u0301pression qui continue contre les militants du MRC et les nouveaux faits marqua ...\" \/>\n<meta property=\"og:url\" content=\"https:\/\/www.africa-press.net\/cameroun\/politique\/politique-inquietude-au-mrc-des-hommes-de-maurice-kamto-arretes-un-assassinat-denonce\" \/>\n<meta property=\"og:site_name\" content=\"Cameroun\" \/>\n<meta property=\"article:published_time\" content=\"2023-09-25T18:36:35+00:00\" \/>\n<meta property=\"article:modified_time\" content=\"2023-09-25T19:03:53+00:00\" \/>\n<meta property=\"og:image\" content=\"https:\/\/static.africa-press.net\/cameroun\/sites\/57\/2023\/09\/sm_1695655889.511512.jpg\" \/>\n\t<meta property=\"og:image:width\" content=\"720\" \/>\n\t<meta property=\"og:image:height\" content=\"487\" \/>\n\t<meta property=\"og:image:type\" content=\"image\/jpeg\" \/>\n<meta name=\"author\" content=\"cfeditorfr\" \/>\n<meta name=\"twitter:card\" content=\"summary_large_image\" \/>\n<meta name=\"twitter:label1\" content=\"\u00c9crit par\" \/>\n\t<meta name=\"twitter:data1\" content=\"cfeditorfr\" \/>\n\t<meta name=\"twitter:label2\" content=\"Dur\u00e9e de lecture estim\u00e9e\" \/>\n\t<meta name=\"twitter:data2\" content=\"2 minutes\" \/>\n<script type=\"application\/ld+json\" class=\"yoast-schema-graph\">{\"@context\":\"https:\/\/schema.org\",\"@graph\":[{\"@type\":\"Article\",\"@id\":\"https:\/\/www.africa-press.net\/cameroun\/politique\/politique-inquietude-au-mrc-des-hommes-de-maurice-kamto-arretes-un-assassinat-denonce#article\",\"isPartOf\":{\"@id\":\"https:\/\/www.africa-press.net\/cameroun\/politique\/politique-inquietude-au-mrc-des-hommes-de-maurice-kamto-arretes-un-assassinat-denonce\"},\"author\":{\"name\":\"cfeditorfr\",\"@id\":\"https:\/\/www.africa-press.net\/cameroun\/#\/schema\/person\/2b1cf3cd81a31e3cd26889ca66d677f1\"},\"headline\":\"Politique : Inqui\u00e9tude au MRC, des hommes de Maurice Kamto arr\u00eat\u00e9s, un assassinat d\u00e9nonc\u00e9\",\"datePublished\":\"2023-09-25T18:36:35+00:00\",\"dateModified\":\"2023-09-25T19:03:53+00:00\",\"mainEntityOfPage\":{\"@id\":\"https:\/\/www.africa-press.net\/cameroun\/politique\/politique-inquietude-au-mrc-des-hommes-de-maurice-kamto-arretes-un-assassinat-denonce\"},\"wordCount\":510,\"commentCount\":0,\"image\":{\"@id\":\"https:\/\/www.africa-press.net\/cameroun\/politique\/politique-inquietude-au-mrc-des-hommes-de-maurice-kamto-arretes-un-assassinat-denonce#primaryimage\"},\"thumbnailUrl\":\"https:\/\/static.africa-press.net\/cameroun\/sites\/57\/2023\/09\/sm_1695655889.511512.jpg\",\"keywords\":[\"Africa Press\",\"Africa Press-Cameroun\",\"Cameroun\"],\"articleSection\":[\"Politique\",\"Toutes les actualit\u00e9s\"],\"inLanguage\":\"fr-FR\",\"potentialAction\":[{\"@type\":\"CommentAction\",\"name\":\"Comment\",\"target\":[\"https:\/\/www.africa-press.net\/cameroun\/politique\/politique-inquietude-au-mrc-des-hommes-de-maurice-kamto-arretes-un-assassinat-denonce#respond\"]}]},{\"@type\":\"WebPage\",\"@id\":\"https:\/\/www.africa-press.net\/cameroun\/politique\/politique-inquietude-au-mrc-des-hommes-de-maurice-kamto-arretes-un-assassinat-denonce\",\"url\":\"https:\/\/www.africa-press.net\/cameroun\/politique\/politique-inquietude-au-mrc-des-hommes-de-maurice-kamto-arretes-un-assassinat-denonce\",\"name\":\"Politique : Inqui\u00e9tude au MRC, des hommes de Maurice Kamto arr\u00eat\u00e9s, un assassinat d\u00e9nonc\u00e9 - Cameroun\",\"isPartOf\":{\"@id\":\"https:\/\/www.africa-press.net\/cameroun\/#website\"},\"primaryImageOfPage\":{\"@id\":\"https:\/\/www.africa-press.net\/cameroun\/politique\/politique-inquietude-au-mrc-des-hommes-de-maurice-kamto-arretes-un-assassinat-denonce#primaryimage\"},\"image\":{\"@id\":\"https:\/\/www.africa-press.net\/cameroun\/politique\/politique-inquietude-au-mrc-des-hommes-de-maurice-kamto-arretes-un-assassinat-denonce#primaryimage\"},\"thumbnailUrl\":\"https:\/\/static.africa-press.net\/cameroun\/sites\/57\/2023\/09\/sm_1695655889.511512.jpg\",\"datePublished\":\"2023-09-25T18:36:35+00:00\",\"dateModified\":\"2023-09-25T19:03:53+00:00\",\"author\":{\"@id\":\"https:\/\/www.africa-press.net\/cameroun\/#\/schema\/person\/2b1cf3cd81a31e3cd26889ca66d677f1\"},\"description\":\"Le Journal Cameroun Actuel de\u0301nonce la re\u0301pression qui continue contre les militants du MRC et les nouveaux faits marqua ...\",\"breadcrumb\":{\"@id\":\"https:\/\/www.africa-press.net\/cameroun\/politique\/politique-inquietude-au-mrc-des-hommes-de-maurice-kamto-arretes-un-assassinat-denonce#breadcrumb\"},\"inLanguage\":\"fr-FR\",\"potentialAction\":[{\"@type\":\"ReadAction\",\"target\":[\"https:\/\/www.africa-press.net\/cameroun\/politique\/politique-inquietude-au-mrc-des-hommes-de-maurice-kamto-arretes-un-assassinat-denonce\"]}]},{\"@type\":\"ImageObject\",\"inLanguage\":\"fr-FR\",\"@id\":\"https:\/\/www.africa-press.net\/cameroun\/politique\/politique-inquietude-au-mrc-des-hommes-de-maurice-kamto-arretes-un-assassinat-denonce#primaryimage\",\"url\":\"https:\/\/static.africa-press.net\/cameroun\/sites\/57\/2023\/09\/sm_1695655889.511512.jpg\",\"contentUrl\":\"https:\/\/static.africa-press.net\/cameroun\/sites\/57\/2023\/09\/sm_1695655889.511512.jpg\",\"width\":720,\"height\":487,\"caption\":\"Politique : Inqui\u00e9tude au MRC, des hommes de Maurice Kamto arr\u00eat\u00e9s, un assassinat d\u00e9nonc\u00e9\"},{\"@type\":\"BreadcrumbList\",\"@id\":\"https:\/\/www.africa-press.net\/cameroun\/politique\/politique-inquietude-au-mrc-des-hommes-de-maurice-kamto-arretes-un-assassinat-denonce#breadcrumb\",\"itemListElement\":[{\"@type\":\"ListItem\",\"position\":1,\"name\":\"Accueil\",\"item\":\"https:\/\/www.africa-press.net\/cameroun\/\"},{\"@type\":\"ListItem\",\"position\":2,\"name\":\"Politique : Inqui\u00e9tude au MRC, des hommes de Maurice Kamto arr\u00eat\u00e9s, un assassinat d\u00e9nonc\u00e9\"}]},{\"@type\":\"WebSite\",\"@id\":\"https:\/\/www.africa-press.net\/cameroun\/#website\",\"url\":\"https:\/\/www.africa-press.net\/cameroun\/\",\"name\":\"Cameroun\",\"description\":\"Just another Africa News Agency Sites site\",\"potentialAction\":[{\"@type\":\"SearchAction\",\"target\":{\"@type\":\"EntryPoint\",\"urlTemplate\":\"https:\/\/www.africa-press.net\/cameroun\/?s={search_term_string}\"},\"query-input\":{\"@type\":\"PropertyValueSpecification\",\"valueRequired\":true,\"valueName\":\"search_term_string\"}}],\"inLanguage\":\"fr-FR\"},{\"@type\":\"Person\",\"@id\":\"https:\/\/www.africa-press.net\/cameroun\/#\/schema\/person\/2b1cf3cd81a31e3cd26889ca66d677f1\",\"name\":\"cfeditorfr\"}]}<\/script>\n<!-- \/ Yoast SEO Premium plugin. -->","yoast_head_json":{"title":"Politique : Inqui\u00e9tude au MRC, des hommes de Maurice Kamto arr\u00eat\u00e9s, un assassinat d\u00e9nonc\u00e9 - Cameroun","description":"Le Journal Cameroun Actuel de\u0301nonce la re\u0301pression qui continue contre les militants du MRC et les nouveaux faits marqua ...","robots":{"index":"index","follow":"follow","max-snippet":"max-snippet:-1","max-image-preview":"max-image-preview:large","max-video-preview":"max-video-preview:-1"},"canonical":"https:\/\/www.africa-press.net\/cameroun\/politique\/politique-inquietude-au-mrc-des-hommes-de-maurice-kamto-arretes-un-assassinat-denonce","og_locale":"fr_FR","og_type":"article","og_title":"Politique : Inqui\u00e9tude au MRC, des hommes de Maurice Kamto arr\u00eat\u00e9s, un assassinat d\u00e9nonc\u00e9","og_description":"Le Journal Cameroun Actuel de\u0301nonce la re\u0301pression qui continue contre les militants du MRC et les nouveaux faits marqua ...","og_url":"https:\/\/www.africa-press.net\/cameroun\/politique\/politique-inquietude-au-mrc-des-hommes-de-maurice-kamto-arretes-un-assassinat-denonce","og_site_name":"Cameroun","article_published_time":"2023-09-25T18:36:35+00:00","article_modified_time":"2023-09-25T19:03:53+00:00","og_image":[{"width":720,"height":487,"url":"https:\/\/static.africa-press.net\/cameroun\/sites\/57\/2023\/09\/sm_1695655889.511512.jpg","type":"image\/jpeg"}],"author":"cfeditorfr","twitter_card":"summary_large_image","twitter_misc":{"\u00c9crit par":"cfeditorfr","Dur\u00e9e de lecture estim\u00e9e":"2 minutes"},"schema":{"@context":"https:\/\/schema.org","@graph":[{"@type":"Article","@id":"https:\/\/www.africa-press.net\/cameroun\/politique\/politique-inquietude-au-mrc-des-hommes-de-maurice-kamto-arretes-un-assassinat-denonce#article","isPartOf":{"@id":"https:\/\/www.africa-press.net\/cameroun\/politique\/politique-inquietude-au-mrc-des-hommes-de-maurice-kamto-arretes-un-assassinat-denonce"},"author":{"name":"cfeditorfr","@id":"https:\/\/www.africa-press.net\/cameroun\/#\/schema\/person\/2b1cf3cd81a31e3cd26889ca66d677f1"},"headline":"Politique : Inqui\u00e9tude au MRC, des hommes de Maurice Kamto arr\u00eat\u00e9s, un assassinat d\u00e9nonc\u00e9","datePublished":"2023-09-25T18:36:35+00:00","dateModified":"2023-09-25T19:03:53+00:00","mainEntityOfPage":{"@id":"https:\/\/www.africa-press.net\/cameroun\/politique\/politique-inquietude-au-mrc-des-hommes-de-maurice-kamto-arretes-un-assassinat-denonce"},"wordCount":510,"commentCount":0,"image":{"@id":"https:\/\/www.africa-press.net\/cameroun\/politique\/politique-inquietude-au-mrc-des-hommes-de-maurice-kamto-arretes-un-assassinat-denonce#primaryimage"},"thumbnailUrl":"https:\/\/static.africa-press.net\/cameroun\/sites\/57\/2023\/09\/sm_1695655889.511512.jpg","keywords":["Africa Press","Africa Press-Cameroun","Cameroun"],"articleSection":["Politique","Toutes les actualit\u00e9s"],"inLanguage":"fr-FR","potentialAction":[{"@type":"CommentAction","name":"Comment","target":["https:\/\/www.africa-press.net\/cameroun\/politique\/politique-inquietude-au-mrc-des-hommes-de-maurice-kamto-arretes-un-assassinat-denonce#respond"]}]},{"@type":"WebPage","@id":"https:\/\/www.africa-press.net\/cameroun\/politique\/politique-inquietude-au-mrc-des-hommes-de-maurice-kamto-arretes-un-assassinat-denonce","url":"https:\/\/www.africa-press.net\/cameroun\/politique\/politique-inquietude-au-mrc-des-hommes-de-maurice-kamto-arretes-un-assassinat-denonce","name":"Politique : Inqui\u00e9tude au MRC, des hommes de Maurice Kamto arr\u00eat\u00e9s, un assassinat d\u00e9nonc\u00e9 - Cameroun","isPartOf":{"@id":"https:\/\/www.africa-press.net\/cameroun\/#website"},"primaryImageOfPage":{"@id":"https:\/\/www.africa-press.net\/cameroun\/politique\/politique-inquietude-au-mrc-des-hommes-de-maurice-kamto-arretes-un-assassinat-denonce#primaryimage"},"image":{"@id":"https:\/\/www.africa-press.net\/cameroun\/politique\/politique-inquietude-au-mrc-des-hommes-de-maurice-kamto-arretes-un-assassinat-denonce#primaryimage"},"thumbnailUrl":"https:\/\/static.africa-press.net\/cameroun\/sites\/57\/2023\/09\/sm_1695655889.511512.jpg","datePublished":"2023-09-25T18:36:35+00:00","dateModified":"2023-09-25T19:03:53+00:00","author":{"@id":"https:\/\/www.africa-press.net\/cameroun\/#\/schema\/person\/2b1cf3cd81a31e3cd26889ca66d677f1"},"description":"Le Journal Cameroun Actuel de\u0301nonce la re\u0301pression qui continue contre les militants du MRC et les nouveaux faits marqua ...","breadcrumb":{"@id":"https:\/\/www.africa-press.net\/cameroun\/politique\/politique-inquietude-au-mrc-des-hommes-de-maurice-kamto-arretes-un-assassinat-denonce#breadcrumb"},"inLanguage":"fr-FR","potentialAction":[{"@type":"ReadAction","target":["https:\/\/www.africa-press.net\/cameroun\/politique\/politique-inquietude-au-mrc-des-hommes-de-maurice-kamto-arretes-un-assassinat-denonce"]}]},{"@type":"ImageObject","inLanguage":"fr-FR","@id":"https:\/\/www.africa-press.net\/cameroun\/politique\/politique-inquietude-au-mrc-des-hommes-de-maurice-kamto-arretes-un-assassinat-denonce#primaryimage","url":"https:\/\/static.africa-press.net\/cameroun\/sites\/57\/2023\/09\/sm_1695655889.511512.jpg","contentUrl":"https:\/\/static.africa-press.net\/cameroun\/sites\/57\/2023\/09\/sm_1695655889.511512.jpg","width":720,"height":487,"caption":"Politique : Inqui\u00e9tude au MRC, des hommes de Maurice Kamto arr\u00eat\u00e9s, un assassinat d\u00e9nonc\u00e9"},{"@type":"BreadcrumbList","@id":"https:\/\/www.africa-press.net\/cameroun\/politique\/politique-inquietude-au-mrc-des-hommes-de-maurice-kamto-arretes-un-assassinat-denonce#breadcrumb","itemListElement":[{"@type":"ListItem","position":1,"name":"Accueil","item":"https:\/\/www.africa-press.net\/cameroun\/"},{"@type":"ListItem","position":2,"name":"Politique : Inqui\u00e9tude au MRC, des hommes de Maurice Kamto arr\u00eat\u00e9s, un assassinat d\u00e9nonc\u00e9"}]},{"@type":"WebSite","@id":"https:\/\/www.africa-press.net\/cameroun\/#website","url":"https:\/\/www.africa-press.net\/cameroun\/","name":"Cameroun","description":"Just another Africa News Agency Sites site","potentialAction":[{"@type":"SearchAction","target":{"@type":"EntryPoint","urlTemplate":"https:\/\/www.africa-press.net\/cameroun\/?s={search_term_string}"},"query-input":{"@type":"PropertyValueSpecification","valueRequired":true,"valueName":"search_term_string"}}],"inLanguage":"fr-FR"},{"@type":"Person","@id":"https:\/\/www.africa-press.net\/cameroun\/#\/schema\/person\/2b1cf3cd81a31e3cd26889ca66d677f1","name":"cfeditorfr"}]}},"_links":{"self":[{"href":"https:\/\/www.africa-press.net\/cameroun\/wp-json\/wp\/v2\/posts\/51610","targetHints":{"allow":["GET"]}}],"collection":[{"href":"https:\/\/www.africa-press.net\/cameroun\/wp-json\/wp\/v2\/posts"}],"about":[{"href":"https:\/\/www.africa-press.net\/cameroun\/wp-json\/wp\/v2\/types\/post"}],"author":[{"embeddable":true,"href":"https:\/\/www.africa-press.net\/cameroun\/wp-json\/wp\/v2\/users\/82"}],"replies":[{"embeddable":true,"href":"https:\/\/www.africa-press.net\/cameroun\/wp-json\/wp\/v2\/comments?post=51610"}],"version-history":[{"count":0,"href":"https:\/\/www.africa-press.net\/cameroun\/wp-json\/wp\/v2\/posts\/51610\/revisions"}],"wp:featuredmedia":[{"embeddable":true,"href":"https:\/\/www.africa-press.net\/cameroun\/wp-json\/wp\/v2\/media\/51609"}],"wp:attachment":[{"href":"https:\/\/www.africa-press.net\/cameroun\/wp-json\/wp\/v2\/media?parent=51610"}],"wp:term":[{"taxonomy":"category","embeddable":true,"href":"https:\/\/www.africa-press.net\/cameroun\/wp-json\/wp\/v2\/categories?post=51610"},{"taxonomy":"post_tag","embeddable":true,"href":"https:\/\/www.africa-press.net\/cameroun\/wp-json\/wp\/v2\/tags?post=51610"}],"curies":[{"name":"wp","href":"https:\/\/api.w.org\/{rel}","templated":true}]}}