{"id":51622,"date":"2023-09-25T18:37:35","date_gmt":"2023-09-25T18:37:35","guid":{"rendered":"https:\/\/www.africa-press.net\/cameroun\/politique\/urgent-samuel-etoo-quitte-encore-le-cameroun-pour-les-usa"},"modified":"2023-09-25T19:06:00","modified_gmt":"2023-09-25T19:06:00","slug":"urgent-samuel-etoo-quitte-encore-le-cameroun-pour-les-usa","status":"publish","type":"post","link":"https:\/\/www.africa-press.net\/cameroun\/politique\/urgent-samuel-etoo-quitte-encore-le-cameroun-pour-les-usa","title":{"rendered":"URGENT : Samuel Eto\u2019o quitte encore le Cameroun pour les USA"},"content":{"rendered":"<p><span style=\"color: #ff6600\"><strong>Africa-Press &#8211; Cameroun. <\/strong><\/span>Le Pre\u0301sident de la Fe\u0301de\u0301ration Camerounaise de Football, Samuel Eto&rsquo;o, prendra part a\u0300 une rencontre de haut niveau ce lundi a\u0300 New York, aux E\u0301tats-Unis, ou\u0300 il prononcera un discours en ouverture de l&rsquo;e\u0301ve\u0301nement organise\u0301 par LA MISSION 89 des Nations Unies. Cette intervention remarquable se tient en marge de la 78e\u0300me session de l&rsquo;Assemble\u0301e Ge\u0301ne\u0301rale des Nations Unies, avec pour the\u0301matique centrale la recherche de solutions technologiques pour lutter contre l&rsquo;exploitation et la traite des e\u0302tres humains dans le sport.<\/p>\n<p>LA MISSION 89, une initiative des Nations Unies, vise a\u0300 atte\u0301nuer le trafic d&rsquo;enfants dans le domaine sportif en mettant en place des mesures de recherche, d&rsquo;e\u0301ducation et en exigeant la mise en \u0153uvre de re\u0300glements obligatoires pour garantir la se\u0301curite\u0301 et le bien-e\u0302tre des enfants implique\u0301s dans les acade\u0301mies d&rsquo;entrai\u0302nement sportif.<\/p>\n<p>Cette rencontre de haut niveau rassemble des leaders mondiaux du sport, des repre\u0301sentants gouvernementaux et des experts internationaux, tous re\u0301unis dans le but de trouver des solutions concre\u0300tes pour pre\u0301venir l&rsquo;exploitation des jeunes athle\u0300tes.<\/p>\n<p>Le choix de Samuel Eto&rsquo;o en tant que confe\u0301rencier d&rsquo;ouverture souligne son engagement continu envers le bien-e\u0302tre des jeunes talents du football et son ro\u0302le en tant que de\u0301fenseur des droits des enfants dans le sport. En tant que l&rsquo;une des le\u0301gendes du football africain et mondial, son discours promet d&rsquo;apporter une perspective unique sur la manie\u0300re dont le sport peut e\u0302tre utilise\u0301 pour promouvoir la protection et l&rsquo;e\u0301mancipation des enfants vulne\u0301rables.<\/p>\n<p>Le Pre\u0301sident de la Fe\u0301de\u0301ration Camerounaise de Football a de\u0301clare\u0301 : \u00ab\u00a0Je suis honore\u0301 de participer a\u0300 cette rencontre cruciale, ou\u0300 nous discuterons des moyens de prote\u0301ger nos jeunes talents sportifs contre l&rsquo;exploitation et la traite. Le sport a le pouvoir de changer des vies, mais il est de notre responsabilite\u0301 de veiller a\u0300 ce qu&rsquo;il change des vies de manie\u0300re positive. Nous devons travailler ensemble pour cre\u0301er un environnement su\u0302r et inclusif pour tous les enfants qui aspirent a\u0300 devenir des athle\u0300tes.\u00a0\u00bb<\/p>\n<p>La the\u0301matique de l&rsquo;e\u0301ve\u0301nement, axe\u0301e sur les solutions technologiques, mettra e\u0301galement en lumie\u0300re l&rsquo;importance des avance\u0301es nume\u0301riques pour surveiller et re\u0301guler les acade\u0301mies sportives, garantissant ainsi la se\u0301curite\u0301 et le bien-e\u0302tre des jeunes athle\u0300tes. Les discussions porteront sur des sujets tels que l&rsquo;utilisation de la technologie pour la ve\u0301rification de l&rsquo;a\u0302ge des joueurs, la gestion transparente des acade\u0301mies sportives et la sensibilisation des acteurs du sport a\u0300 la question de l&rsquo;exploitation des enfants.<\/p>\n<p>Le discours de Samuel Eto&rsquo;o a\u0300 cette re\u0301union de haut niveau est attendu avec impatience, car il repre\u0301sente un pas de plus vers la re\u0301alisation d&rsquo;un monde ou\u0300 tous les enfants peuvent poursuivre leur re\u0302ve sportif dans un environnement su\u0302r et e\u0301thique. Le ro\u0302le de l&rsquo;athle\u0300te le\u0301gendaire et du Pre\u0301sident de la Fe\u0301de\u0301ration Camerounaise de Football dans la lutte contre l&rsquo;exploitation des enfants dans le sport continue d&rsquo;inspirer et de mobiliser la communaute\u0301 sportive mondiale.<\/p>\n<p><strong>Pour plus d&rsquo;informations et d&rsquo;analyses sur la <a href=\"https:\/\/www.africa-press.net\/cameroun\">Cameroun<\/a>, suivez <a href=\"https:\/\/www.africa-press.net\/\">Africa-Press<\/a><\/strong><\/p>\n","protected":false},"excerpt":{"rendered":"<p>Africa-Press &#8211; Cameroun. Le Pre\u0301sident de la Fe\u0301de\u0301ration Camerounaise de Football, Samuel Eto&rsquo;o, prendra part a\u0300 une rencontre de haut niveau ce lundi a\u0300 New York, aux E\u0301tats-Unis, ou\u0300 il prononcera un discours en ouverture de l&rsquo;e\u0301ve\u0301nement organise\u0301 par LA MISSION 89 des Nations Unies. Cette intervention remarquable se tient en marge de la 78e\u0300me [&hellip;]<\/p>\n","protected":false},"author":82,"featured_media":51620,"comment_status":"open","ping_status":"closed","sticky":false,"template":"","format":"standard","meta":{"footnotes":""},"categories":[2,10],"tags":[36,50,49],"class_list":["post-51622","post","type-post","status-publish","format-standard","has-post-thumbnail","hentry","category-politique","category-toutes-les-actualites","tag-africa-press","tag-africa-press-cameroun","tag-cameroun"],"yoast_head":"<!-- This site is optimized with the Yoast SEO Premium plugin v26.1 (Yoast SEO v27.0) - https:\/\/yoast.com\/product\/yoast-seo-premium-wordpress\/ -->\n<title>URGENT : Samuel Eto\u2019o quitte encore le Cameroun pour les USA - Cameroun<\/title>\n<meta name=\"description\" content=\"Le Pre\u0301sident de la Fe\u0301de\u0301ration Camerounaise de Football, Samuel Eto&#039;o, prendra part a\u0300 une rencontre de haut niveau ce ...\" \/>\n<meta name=\"robots\" content=\"index, follow, max-snippet:-1, max-image-preview:large, max-video-preview:-1\" \/>\n<link rel=\"canonical\" href=\"https:\/\/www.africa-press.net\/cameroun\/politique\/urgent-samuel-etoo-quitte-encore-le-cameroun-pour-les-usa\" \/>\n<meta property=\"og:locale\" content=\"fr_FR\" \/>\n<meta property=\"og:type\" content=\"article\" \/>\n<meta property=\"og:title\" content=\"URGENT : Samuel Eto\u2019o quitte encore le Cameroun pour les USA\" \/>\n<meta property=\"og:description\" content=\"Le Pre\u0301sident de la Fe\u0301de\u0301ration Camerounaise de Football, Samuel Eto&#039;o, prendra part a\u0300 une rencontre de haut niveau ce ...\" \/>\n<meta property=\"og:url\" content=\"https:\/\/www.africa-press.net\/cameroun\/politique\/urgent-samuel-etoo-quitte-encore-le-cameroun-pour-les-usa\" \/>\n<meta property=\"og:site_name\" content=\"Cameroun\" \/>\n<meta property=\"article:published_time\" content=\"2023-09-25T18:37:35+00:00\" \/>\n<meta property=\"article:modified_time\" content=\"2023-09-25T19:06:00+00:00\" \/>\n<meta property=\"og:image\" content=\"https:\/\/static.africa-press.net\/cameroun\/sites\/57\/2023\/09\/sm_1695656058.21561.jpg\" \/>\n\t<meta property=\"og:image:width\" content=\"720\" \/>\n\t<meta property=\"og:image:height\" content=\"519\" \/>\n\t<meta property=\"og:image:type\" content=\"image\/jpeg\" \/>\n<meta name=\"author\" content=\"cfeditorfr\" \/>\n<meta name=\"twitter:card\" content=\"summary_large_image\" \/>\n<meta name=\"twitter:label1\" content=\"\u00c9crit par\" \/>\n\t<meta name=\"twitter:data1\" content=\"cfeditorfr\" \/>\n\t<meta name=\"twitter:label2\" content=\"Dur\u00e9e de lecture estim\u00e9e\" \/>\n\t<meta name=\"twitter:data2\" content=\"3 minutes\" \/>\n<script type=\"application\/ld+json\" class=\"yoast-schema-graph\">{\"@context\":\"https:\/\/schema.org\",\"@graph\":[{\"@type\":\"Article\",\"@id\":\"https:\/\/www.africa-press.net\/cameroun\/politique\/urgent-samuel-etoo-quitte-encore-le-cameroun-pour-les-usa#article\",\"isPartOf\":{\"@id\":\"https:\/\/www.africa-press.net\/cameroun\/politique\/urgent-samuel-etoo-quitte-encore-le-cameroun-pour-les-usa\"},\"author\":{\"name\":\"cfeditorfr\",\"@id\":\"https:\/\/www.africa-press.net\/cameroun\/#\/schema\/person\/2b1cf3cd81a31e3cd26889ca66d677f1\"},\"headline\":\"URGENT : Samuel Eto\u2019o quitte encore le Cameroun pour les USA\",\"datePublished\":\"2023-09-25T18:37:35+00:00\",\"dateModified\":\"2023-09-25T19:06:00+00:00\",\"mainEntityOfPage\":{\"@id\":\"https:\/\/www.africa-press.net\/cameroun\/politique\/urgent-samuel-etoo-quitte-encore-le-cameroun-pour-les-usa\"},\"wordCount\":589,\"commentCount\":0,\"image\":{\"@id\":\"https:\/\/www.africa-press.net\/cameroun\/politique\/urgent-samuel-etoo-quitte-encore-le-cameroun-pour-les-usa#primaryimage\"},\"thumbnailUrl\":\"https:\/\/static.africa-press.net\/cameroun\/sites\/57\/2023\/09\/sm_1695656058.21561.jpg\",\"keywords\":[\"Africa Press\",\"Africa Press-Cameroun\",\"Cameroun\"],\"articleSection\":[\"Politique\",\"Toutes les actualit\u00e9s\"],\"inLanguage\":\"fr-FR\",\"potentialAction\":[{\"@type\":\"CommentAction\",\"name\":\"Comment\",\"target\":[\"https:\/\/www.africa-press.net\/cameroun\/politique\/urgent-samuel-etoo-quitte-encore-le-cameroun-pour-les-usa#respond\"]}]},{\"@type\":\"WebPage\",\"@id\":\"https:\/\/www.africa-press.net\/cameroun\/politique\/urgent-samuel-etoo-quitte-encore-le-cameroun-pour-les-usa\",\"url\":\"https:\/\/www.africa-press.net\/cameroun\/politique\/urgent-samuel-etoo-quitte-encore-le-cameroun-pour-les-usa\",\"name\":\"URGENT : Samuel Eto\u2019o quitte encore le Cameroun pour les USA - Cameroun\",\"isPartOf\":{\"@id\":\"https:\/\/www.africa-press.net\/cameroun\/#website\"},\"primaryImageOfPage\":{\"@id\":\"https:\/\/www.africa-press.net\/cameroun\/politique\/urgent-samuel-etoo-quitte-encore-le-cameroun-pour-les-usa#primaryimage\"},\"image\":{\"@id\":\"https:\/\/www.africa-press.net\/cameroun\/politique\/urgent-samuel-etoo-quitte-encore-le-cameroun-pour-les-usa#primaryimage\"},\"thumbnailUrl\":\"https:\/\/static.africa-press.net\/cameroun\/sites\/57\/2023\/09\/sm_1695656058.21561.jpg\",\"datePublished\":\"2023-09-25T18:37:35+00:00\",\"dateModified\":\"2023-09-25T19:06:00+00:00\",\"author\":{\"@id\":\"https:\/\/www.africa-press.net\/cameroun\/#\/schema\/person\/2b1cf3cd81a31e3cd26889ca66d677f1\"},\"description\":\"Le Pre\u0301sident de la Fe\u0301de\u0301ration Camerounaise de Football, Samuel Eto'o, prendra part a\u0300 une rencontre de haut niveau ce ...\",\"breadcrumb\":{\"@id\":\"https:\/\/www.africa-press.net\/cameroun\/politique\/urgent-samuel-etoo-quitte-encore-le-cameroun-pour-les-usa#breadcrumb\"},\"inLanguage\":\"fr-FR\",\"potentialAction\":[{\"@type\":\"ReadAction\",\"target\":[\"https:\/\/www.africa-press.net\/cameroun\/politique\/urgent-samuel-etoo-quitte-encore-le-cameroun-pour-les-usa\"]}]},{\"@type\":\"ImageObject\",\"inLanguage\":\"fr-FR\",\"@id\":\"https:\/\/www.africa-press.net\/cameroun\/politique\/urgent-samuel-etoo-quitte-encore-le-cameroun-pour-les-usa#primaryimage\",\"url\":\"https:\/\/static.africa-press.net\/cameroun\/sites\/57\/2023\/09\/sm_1695656058.21561.jpg\",\"contentUrl\":\"https:\/\/static.africa-press.net\/cameroun\/sites\/57\/2023\/09\/sm_1695656058.21561.jpg\",\"width\":720,\"height\":519,\"caption\":\"URGENT : Samuel Eto\u2019o quitte encore le Cameroun pour les USA\"},{\"@type\":\"BreadcrumbList\",\"@id\":\"https:\/\/www.africa-press.net\/cameroun\/politique\/urgent-samuel-etoo-quitte-encore-le-cameroun-pour-les-usa#breadcrumb\",\"itemListElement\":[{\"@type\":\"ListItem\",\"position\":1,\"name\":\"Accueil\",\"item\":\"https:\/\/www.africa-press.net\/cameroun\/\"},{\"@type\":\"ListItem\",\"position\":2,\"name\":\"URGENT : Samuel Eto\u2019o quitte encore le Cameroun pour les USA\"}]},{\"@type\":\"WebSite\",\"@id\":\"https:\/\/www.africa-press.net\/cameroun\/#website\",\"url\":\"https:\/\/www.africa-press.net\/cameroun\/\",\"name\":\"Cameroun\",\"description\":\"Just another Africa News Agency Sites site\",\"potentialAction\":[{\"@type\":\"SearchAction\",\"target\":{\"@type\":\"EntryPoint\",\"urlTemplate\":\"https:\/\/www.africa-press.net\/cameroun\/?s={search_term_string}\"},\"query-input\":{\"@type\":\"PropertyValueSpecification\",\"valueRequired\":true,\"valueName\":\"search_term_string\"}}],\"inLanguage\":\"fr-FR\"},{\"@type\":\"Person\",\"@id\":\"https:\/\/www.africa-press.net\/cameroun\/#\/schema\/person\/2b1cf3cd81a31e3cd26889ca66d677f1\",\"name\":\"cfeditorfr\"}]}<\/script>\n<!-- \/ Yoast SEO Premium plugin. -->","yoast_head_json":{"title":"URGENT : Samuel Eto\u2019o quitte encore le Cameroun pour les USA - Cameroun","description":"Le Pre\u0301sident de la Fe\u0301de\u0301ration Camerounaise de Football, Samuel Eto'o, prendra part a\u0300 une rencontre de haut niveau ce ...","robots":{"index":"index","follow":"follow","max-snippet":"max-snippet:-1","max-image-preview":"max-image-preview:large","max-video-preview":"max-video-preview:-1"},"canonical":"https:\/\/www.africa-press.net\/cameroun\/politique\/urgent-samuel-etoo-quitte-encore-le-cameroun-pour-les-usa","og_locale":"fr_FR","og_type":"article","og_title":"URGENT : Samuel Eto\u2019o quitte encore le Cameroun pour les USA","og_description":"Le Pre\u0301sident de la Fe\u0301de\u0301ration Camerounaise de Football, Samuel Eto'o, prendra part a\u0300 une rencontre de haut niveau ce ...","og_url":"https:\/\/www.africa-press.net\/cameroun\/politique\/urgent-samuel-etoo-quitte-encore-le-cameroun-pour-les-usa","og_site_name":"Cameroun","article_published_time":"2023-09-25T18:37:35+00:00","article_modified_time":"2023-09-25T19:06:00+00:00","og_image":[{"width":720,"height":519,"url":"https:\/\/static.africa-press.net\/cameroun\/sites\/57\/2023\/09\/sm_1695656058.21561.jpg","type":"image\/jpeg"}],"author":"cfeditorfr","twitter_card":"summary_large_image","twitter_misc":{"\u00c9crit par":"cfeditorfr","Dur\u00e9e de lecture estim\u00e9e":"3 minutes"},"schema":{"@context":"https:\/\/schema.org","@graph":[{"@type":"Article","@id":"https:\/\/www.africa-press.net\/cameroun\/politique\/urgent-samuel-etoo-quitte-encore-le-cameroun-pour-les-usa#article","isPartOf":{"@id":"https:\/\/www.africa-press.net\/cameroun\/politique\/urgent-samuel-etoo-quitte-encore-le-cameroun-pour-les-usa"},"author":{"name":"cfeditorfr","@id":"https:\/\/www.africa-press.net\/cameroun\/#\/schema\/person\/2b1cf3cd81a31e3cd26889ca66d677f1"},"headline":"URGENT : Samuel Eto\u2019o quitte encore le Cameroun pour les USA","datePublished":"2023-09-25T18:37:35+00:00","dateModified":"2023-09-25T19:06:00+00:00","mainEntityOfPage":{"@id":"https:\/\/www.africa-press.net\/cameroun\/politique\/urgent-samuel-etoo-quitte-encore-le-cameroun-pour-les-usa"},"wordCount":589,"commentCount":0,"image":{"@id":"https:\/\/www.africa-press.net\/cameroun\/politique\/urgent-samuel-etoo-quitte-encore-le-cameroun-pour-les-usa#primaryimage"},"thumbnailUrl":"https:\/\/static.africa-press.net\/cameroun\/sites\/57\/2023\/09\/sm_1695656058.21561.jpg","keywords":["Africa Press","Africa Press-Cameroun","Cameroun"],"articleSection":["Politique","Toutes les actualit\u00e9s"],"inLanguage":"fr-FR","potentialAction":[{"@type":"CommentAction","name":"Comment","target":["https:\/\/www.africa-press.net\/cameroun\/politique\/urgent-samuel-etoo-quitte-encore-le-cameroun-pour-les-usa#respond"]}]},{"@type":"WebPage","@id":"https:\/\/www.africa-press.net\/cameroun\/politique\/urgent-samuel-etoo-quitte-encore-le-cameroun-pour-les-usa","url":"https:\/\/www.africa-press.net\/cameroun\/politique\/urgent-samuel-etoo-quitte-encore-le-cameroun-pour-les-usa","name":"URGENT : Samuel Eto\u2019o quitte encore le Cameroun pour les USA - Cameroun","isPartOf":{"@id":"https:\/\/www.africa-press.net\/cameroun\/#website"},"primaryImageOfPage":{"@id":"https:\/\/www.africa-press.net\/cameroun\/politique\/urgent-samuel-etoo-quitte-encore-le-cameroun-pour-les-usa#primaryimage"},"image":{"@id":"https:\/\/www.africa-press.net\/cameroun\/politique\/urgent-samuel-etoo-quitte-encore-le-cameroun-pour-les-usa#primaryimage"},"thumbnailUrl":"https:\/\/static.africa-press.net\/cameroun\/sites\/57\/2023\/09\/sm_1695656058.21561.jpg","datePublished":"2023-09-25T18:37:35+00:00","dateModified":"2023-09-25T19:06:00+00:00","author":{"@id":"https:\/\/www.africa-press.net\/cameroun\/#\/schema\/person\/2b1cf3cd81a31e3cd26889ca66d677f1"},"description":"Le Pre\u0301sident de la Fe\u0301de\u0301ration Camerounaise de Football, Samuel Eto'o, prendra part a\u0300 une rencontre de haut niveau ce ...","breadcrumb":{"@id":"https:\/\/www.africa-press.net\/cameroun\/politique\/urgent-samuel-etoo-quitte-encore-le-cameroun-pour-les-usa#breadcrumb"},"inLanguage":"fr-FR","potentialAction":[{"@type":"ReadAction","target":["https:\/\/www.africa-press.net\/cameroun\/politique\/urgent-samuel-etoo-quitte-encore-le-cameroun-pour-les-usa"]}]},{"@type":"ImageObject","inLanguage":"fr-FR","@id":"https:\/\/www.africa-press.net\/cameroun\/politique\/urgent-samuel-etoo-quitte-encore-le-cameroun-pour-les-usa#primaryimage","url":"https:\/\/static.africa-press.net\/cameroun\/sites\/57\/2023\/09\/sm_1695656058.21561.jpg","contentUrl":"https:\/\/static.africa-press.net\/cameroun\/sites\/57\/2023\/09\/sm_1695656058.21561.jpg","width":720,"height":519,"caption":"URGENT : Samuel Eto\u2019o quitte encore le Cameroun pour les USA"},{"@type":"BreadcrumbList","@id":"https:\/\/www.africa-press.net\/cameroun\/politique\/urgent-samuel-etoo-quitte-encore-le-cameroun-pour-les-usa#breadcrumb","itemListElement":[{"@type":"ListItem","position":1,"name":"Accueil","item":"https:\/\/www.africa-press.net\/cameroun\/"},{"@type":"ListItem","position":2,"name":"URGENT : Samuel Eto\u2019o quitte encore le Cameroun pour les USA"}]},{"@type":"WebSite","@id":"https:\/\/www.africa-press.net\/cameroun\/#website","url":"https:\/\/www.africa-press.net\/cameroun\/","name":"Cameroun","description":"Just another Africa News Agency Sites site","potentialAction":[{"@type":"SearchAction","target":{"@type":"EntryPoint","urlTemplate":"https:\/\/www.africa-press.net\/cameroun\/?s={search_term_string}"},"query-input":{"@type":"PropertyValueSpecification","valueRequired":true,"valueName":"search_term_string"}}],"inLanguage":"fr-FR"},{"@type":"Person","@id":"https:\/\/www.africa-press.net\/cameroun\/#\/schema\/person\/2b1cf3cd81a31e3cd26889ca66d677f1","name":"cfeditorfr"}]}},"_links":{"self":[{"href":"https:\/\/www.africa-press.net\/cameroun\/wp-json\/wp\/v2\/posts\/51622","targetHints":{"allow":["GET"]}}],"collection":[{"href":"https:\/\/www.africa-press.net\/cameroun\/wp-json\/wp\/v2\/posts"}],"about":[{"href":"https:\/\/www.africa-press.net\/cameroun\/wp-json\/wp\/v2\/types\/post"}],"author":[{"embeddable":true,"href":"https:\/\/www.africa-press.net\/cameroun\/wp-json\/wp\/v2\/users\/82"}],"replies":[{"embeddable":true,"href":"https:\/\/www.africa-press.net\/cameroun\/wp-json\/wp\/v2\/comments?post=51622"}],"version-history":[{"count":0,"href":"https:\/\/www.africa-press.net\/cameroun\/wp-json\/wp\/v2\/posts\/51622\/revisions"}],"wp:featuredmedia":[{"embeddable":true,"href":"https:\/\/www.africa-press.net\/cameroun\/wp-json\/wp\/v2\/media\/51620"}],"wp:attachment":[{"href":"https:\/\/www.africa-press.net\/cameroun\/wp-json\/wp\/v2\/media?parent=51622"}],"wp:term":[{"taxonomy":"category","embeddable":true,"href":"https:\/\/www.africa-press.net\/cameroun\/wp-json\/wp\/v2\/categories?post=51622"},{"taxonomy":"post_tag","embeddable":true,"href":"https:\/\/www.africa-press.net\/cameroun\/wp-json\/wp\/v2\/tags?post=51622"}],"curies":[{"name":"wp","href":"https:\/\/api.w.org\/{rel}","templated":true}]}}