{"id":51625,"date":"2023-09-25T18:37:42","date_gmt":"2023-09-25T18:37:42","guid":{"rendered":"https:\/\/www.africa-press.net\/cameroun\/politique\/sangmelima-un-camerounais-de-la-diaspora-deshabille-pour-defaut-de-carnet-de-vaccination"},"modified":"2023-09-25T19:06:50","modified_gmt":"2023-09-25T19:06:50","slug":"sangmelima-un-camerounais-de-la-diaspora-deshabille-pour-defaut-de-carnet-de-vaccination","status":"publish","type":"post","link":"https:\/\/www.africa-press.net\/cameroun\/toutes-les-actualites\/sangmelima-un-camerounais-de-la-diaspora-deshabille-pour-defaut-de-carnet-de-vaccination","title":{"rendered":"Sangm\u00e9lima : un Camerounais de la diaspora d\u00e9shabill\u00e9 pour d\u00e9faut de carnet de vaccination"},"content":{"rendered":"<p><span style=\"color: #ff6600\"><strong>Africa-Press &#8211; Cameroun. <\/strong><\/span>Un citoyen camerounais re\u0301sidant en Suisse a passe\u0301 un sale quart d\u2019heure avec la police de Sangme\u0301lima. En se\u0301jour dans son pays d\u2019origine, il s\u2019est offert une vire\u0301e touristique a\u0300 Dzoum. Sur le trajet, il fait une escale a\u0300 Sangme\u0301lima ou\u0300 il passe une soire\u0301e dans un bar avec ses amis. Selon le re\u0301cit rapporte\u0301 par les confre\u0300res de MimimefoInfo, le compatriote et ses amis ont e\u0301te\u0301 contro\u0302le\u0301 par la police de la localite\u0301. Pour avoir pre\u0301sente\u0301 une carte d\u2019identite\u0301 expire\u0301e, il fut interpelle\u0301. Les policiers qui ont proce\u0301de\u0301 a\u0300 son arrestation lui reprochent e\u0301galement le de\u0301faut du carnet de vaccination. Une fois au poste, le traitement qui lui a e\u0301te\u0301 re\u0301serve\u0301 fut humiliant.<\/p>\n<p>\u00ab Nous sommes arrive\u0301s dans une buvette de Sangmelima pour boire une bie\u0300re. La nuit e\u0301tait suffisamment avance\u0301e. La police a fait irruption et a demande\u0301 les cartes d&rsquo;identite\u0301 a\u0300 tout le monde. Ce qui nous a paru normal puisqu&rsquo;il y va aussi de notre se\u0301curite\u0301. Tout le monde s&rsquo;est pre\u0301sente\u0301, mais notre fre\u0300re qui e\u0301tait arrive\u0301 au Cameroun la veille a\u0300 pris un peu plus de temps parce qu&rsquo;il avait beaucoup de cartes ( cartes bancaires, cartes de se\u0301jour en Suisse, Permis de conduire etc). Il a finalement sorti sa carte du Cameroun qui n&rsquo;e\u0301tait plus valide.<\/p>\n<p>Un policier de la patrouille, un certain Doble, d&rsquo;ailleurs tre\u0300s connu a\u0300 Sangmelima demande qu&rsquo;on l&#8217;embarque pour de\u0301faut de carte nationale d&rsquo;identite\u0301. Le constat qu&rsquo;on fait c&rsquo;est que ces policiers e\u0301taient tre\u0300s ivres. Ils embarquent notre ami en disant qu&rsquo;il veut voir son carnet de vaccination. Alors un parmi nous est rentre\u0301 a\u0300 l&rsquo;ho\u0302tel pour chercher son carnet de vaccination et son passeport. Quand son ami arrive au commissariat, la victime est de\u0301ja\u0300 en train d&rsquo;e\u0302tre de\u0301shabille\u0301e pour entrer en cellule, sans audition pre\u0301alable. Le chef de poste, l&rsquo;inspecteur Essama (un Eto\u0300n d&rsquo;Obala) qui n&rsquo;e\u0301tait pas de la patrouille e\u0301tait lui me\u0302me surpris par la brutalite\u0301 avec laquelle ces policiers traitaient leurs concitoyens. Il e\u0301tait d&rsquo;autant plus surpris par le Motif que lui collaient ses colle\u0300gues. Pour finir. Un ami de la victime a e\u0301te\u0301 oblige\u0301 de donner 10 mille FCFA pour que l&rsquo;affaire se calme\u00bb, raconte la source.<\/p>\n<p><strong>Pour plus d&rsquo;informations et d&rsquo;analyses sur la <a href=\"https:\/\/www.africa-press.net\/cameroun\">Cameroun<\/a>, suivez <a href=\"https:\/\/www.africa-press.net\/\">Africa-Press<\/a><\/strong><\/p>\n","protected":false},"excerpt":{"rendered":"<p>Africa-Press &#8211; Cameroun. Un citoyen camerounais re\u0301sidant en Suisse a passe\u0301 un sale quart d\u2019heure avec la police de Sangme\u0301lima. En se\u0301jour dans son pays d\u2019origine, il s\u2019est offert une vire\u0301e touristique a\u0300 Dzoum. Sur le trajet, il fait une escale a\u0300 Sangme\u0301lima ou\u0300 il passe une soire\u0301e dans un bar avec ses amis. Selon [&hellip;]<\/p>\n","protected":false},"author":82,"featured_media":51623,"comment_status":"open","ping_status":"closed","sticky":false,"template":"","format":"standard","meta":{"footnotes":""},"categories":[21,10],"tags":[36,50,49],"class_list":["post-51625","post","type-post","status-publish","format-standard","has-post-thumbnail","hentry","category-communaute","category-toutes-les-actualites","tag-africa-press","tag-africa-press-cameroun","tag-cameroun"],"yoast_head":"<!-- This site is optimized with the Yoast SEO Premium plugin v26.1 (Yoast SEO v27.0) - https:\/\/yoast.com\/product\/yoast-seo-premium-wordpress\/ -->\n<title>Sangm\u00e9lima : un Camerounais de la diaspora d\u00e9shabill\u00e9 pour d\u00e9faut de carnet de vaccination - Cameroun<\/title>\n<meta name=\"description\" content=\"Un citoyen camerounais re\u0301sidant en Suisse a passe\u0301 un sale quart d\u2019heure avec la police de Sangme\u0301lima. En se\u0301jour dans ...\" \/>\n<meta name=\"robots\" content=\"index, follow, max-snippet:-1, max-image-preview:large, max-video-preview:-1\" \/>\n<link rel=\"canonical\" href=\"https:\/\/www.africa-press.net\/cameroun\/toutes-les-actualites\/sangmelima-un-camerounais-de-la-diaspora-deshabille-pour-defaut-de-carnet-de-vaccination\" \/>\n<meta property=\"og:locale\" content=\"fr_FR\" \/>\n<meta property=\"og:type\" content=\"article\" \/>\n<meta property=\"og:title\" content=\"Sangm\u00e9lima : un Camerounais de la diaspora d\u00e9shabill\u00e9 pour d\u00e9faut de carnet de vaccination\" \/>\n<meta property=\"og:description\" content=\"Un citoyen camerounais re\u0301sidant en Suisse a passe\u0301 un sale quart d\u2019heure avec la police de Sangme\u0301lima. En se\u0301jour dans ...\" \/>\n<meta property=\"og:url\" content=\"https:\/\/www.africa-press.net\/cameroun\/toutes-les-actualites\/sangmelima-un-camerounais-de-la-diaspora-deshabille-pour-defaut-de-carnet-de-vaccination\" \/>\n<meta property=\"og:site_name\" content=\"Cameroun\" \/>\n<meta property=\"article:published_time\" content=\"2023-09-25T18:37:42+00:00\" \/>\n<meta property=\"article:modified_time\" content=\"2023-09-25T19:06:50+00:00\" \/>\n<meta property=\"og:image\" content=\"https:\/\/static.africa-press.net\/cameroun\/sites\/57\/2023\/09\/sm_1695656086.535324.jpg\" \/>\n\t<meta property=\"og:image:width\" content=\"720\" \/>\n\t<meta property=\"og:image:height\" content=\"354\" \/>\n\t<meta property=\"og:image:type\" content=\"image\/jpeg\" \/>\n<meta name=\"author\" content=\"cfeditorfr\" \/>\n<meta name=\"twitter:card\" content=\"summary_large_image\" \/>\n<meta name=\"twitter:label1\" content=\"\u00c9crit par\" \/>\n\t<meta name=\"twitter:data1\" content=\"cfeditorfr\" \/>\n\t<meta name=\"twitter:label2\" content=\"Dur\u00e9e de lecture estim\u00e9e\" \/>\n\t<meta name=\"twitter:data2\" content=\"2 minutes\" \/>\n<script type=\"application\/ld+json\" class=\"yoast-schema-graph\">{\"@context\":\"https:\/\/schema.org\",\"@graph\":[{\"@type\":\"Article\",\"@id\":\"https:\/\/www.africa-press.net\/cameroun\/toutes-les-actualites\/sangmelima-un-camerounais-de-la-diaspora-deshabille-pour-defaut-de-carnet-de-vaccination#article\",\"isPartOf\":{\"@id\":\"https:\/\/www.africa-press.net\/cameroun\/toutes-les-actualites\/sangmelima-un-camerounais-de-la-diaspora-deshabille-pour-defaut-de-carnet-de-vaccination\"},\"author\":{\"name\":\"cfeditorfr\",\"@id\":\"https:\/\/www.africa-press.net\/cameroun\/#\/schema\/person\/2b1cf3cd81a31e3cd26889ca66d677f1\"},\"headline\":\"Sangm\u00e9lima : un Camerounais de la diaspora d\u00e9shabill\u00e9 pour d\u00e9faut de carnet de vaccination\",\"datePublished\":\"2023-09-25T18:37:42+00:00\",\"dateModified\":\"2023-09-25T19:06:50+00:00\",\"mainEntityOfPage\":{\"@id\":\"https:\/\/www.africa-press.net\/cameroun\/toutes-les-actualites\/sangmelima-un-camerounais-de-la-diaspora-deshabille-pour-defaut-de-carnet-de-vaccination\"},\"wordCount\":456,\"commentCount\":0,\"image\":{\"@id\":\"https:\/\/www.africa-press.net\/cameroun\/toutes-les-actualites\/sangmelima-un-camerounais-de-la-diaspora-deshabille-pour-defaut-de-carnet-de-vaccination#primaryimage\"},\"thumbnailUrl\":\"https:\/\/static.africa-press.net\/cameroun\/sites\/57\/2023\/09\/sm_1695656086.535324.jpg\",\"keywords\":[\"Africa Press\",\"Africa Press-Cameroun\",\"Cameroun\"],\"articleSection\":[\"Communaut\u00e9\",\"Toutes les actualit\u00e9s\"],\"inLanguage\":\"fr-FR\",\"potentialAction\":[{\"@type\":\"CommentAction\",\"name\":\"Comment\",\"target\":[\"https:\/\/www.africa-press.net\/cameroun\/toutes-les-actualites\/sangmelima-un-camerounais-de-la-diaspora-deshabille-pour-defaut-de-carnet-de-vaccination#respond\"]}]},{\"@type\":\"WebPage\",\"@id\":\"https:\/\/www.africa-press.net\/cameroun\/toutes-les-actualites\/sangmelima-un-camerounais-de-la-diaspora-deshabille-pour-defaut-de-carnet-de-vaccination\",\"url\":\"https:\/\/www.africa-press.net\/cameroun\/toutes-les-actualites\/sangmelima-un-camerounais-de-la-diaspora-deshabille-pour-defaut-de-carnet-de-vaccination\",\"name\":\"Sangm\u00e9lima : un Camerounais de la diaspora d\u00e9shabill\u00e9 pour d\u00e9faut de carnet de vaccination - Cameroun\",\"isPartOf\":{\"@id\":\"https:\/\/www.africa-press.net\/cameroun\/#website\"},\"primaryImageOfPage\":{\"@id\":\"https:\/\/www.africa-press.net\/cameroun\/toutes-les-actualites\/sangmelima-un-camerounais-de-la-diaspora-deshabille-pour-defaut-de-carnet-de-vaccination#primaryimage\"},\"image\":{\"@id\":\"https:\/\/www.africa-press.net\/cameroun\/toutes-les-actualites\/sangmelima-un-camerounais-de-la-diaspora-deshabille-pour-defaut-de-carnet-de-vaccination#primaryimage\"},\"thumbnailUrl\":\"https:\/\/static.africa-press.net\/cameroun\/sites\/57\/2023\/09\/sm_1695656086.535324.jpg\",\"datePublished\":\"2023-09-25T18:37:42+00:00\",\"dateModified\":\"2023-09-25T19:06:50+00:00\",\"author\":{\"@id\":\"https:\/\/www.africa-press.net\/cameroun\/#\/schema\/person\/2b1cf3cd81a31e3cd26889ca66d677f1\"},\"description\":\"Un citoyen camerounais re\u0301sidant en Suisse a passe\u0301 un sale quart d\u2019heure avec la police de Sangme\u0301lima. En se\u0301jour dans ...\",\"breadcrumb\":{\"@id\":\"https:\/\/www.africa-press.net\/cameroun\/toutes-les-actualites\/sangmelima-un-camerounais-de-la-diaspora-deshabille-pour-defaut-de-carnet-de-vaccination#breadcrumb\"},\"inLanguage\":\"fr-FR\",\"potentialAction\":[{\"@type\":\"ReadAction\",\"target\":[\"https:\/\/www.africa-press.net\/cameroun\/toutes-les-actualites\/sangmelima-un-camerounais-de-la-diaspora-deshabille-pour-defaut-de-carnet-de-vaccination\"]}]},{\"@type\":\"ImageObject\",\"inLanguage\":\"fr-FR\",\"@id\":\"https:\/\/www.africa-press.net\/cameroun\/toutes-les-actualites\/sangmelima-un-camerounais-de-la-diaspora-deshabille-pour-defaut-de-carnet-de-vaccination#primaryimage\",\"url\":\"https:\/\/static.africa-press.net\/cameroun\/sites\/57\/2023\/09\/sm_1695656086.535324.jpg\",\"contentUrl\":\"https:\/\/static.africa-press.net\/cameroun\/sites\/57\/2023\/09\/sm_1695656086.535324.jpg\",\"width\":720,\"height\":354,\"caption\":\"Sangm\u00e9lima : un Camerounais de la diaspora d\u00e9shabill\u00e9 pour d\u00e9faut de carnet de vaccination\"},{\"@type\":\"BreadcrumbList\",\"@id\":\"https:\/\/www.africa-press.net\/cameroun\/toutes-les-actualites\/sangmelima-un-camerounais-de-la-diaspora-deshabille-pour-defaut-de-carnet-de-vaccination#breadcrumb\",\"itemListElement\":[{\"@type\":\"ListItem\",\"position\":1,\"name\":\"Accueil\",\"item\":\"https:\/\/www.africa-press.net\/cameroun\/\"},{\"@type\":\"ListItem\",\"position\":2,\"name\":\"Sangm\u00e9lima : un Camerounais de la diaspora d\u00e9shabill\u00e9 pour d\u00e9faut de carnet de vaccination\"}]},{\"@type\":\"WebSite\",\"@id\":\"https:\/\/www.africa-press.net\/cameroun\/#website\",\"url\":\"https:\/\/www.africa-press.net\/cameroun\/\",\"name\":\"Cameroun\",\"description\":\"Just another Africa News Agency Sites site\",\"potentialAction\":[{\"@type\":\"SearchAction\",\"target\":{\"@type\":\"EntryPoint\",\"urlTemplate\":\"https:\/\/www.africa-press.net\/cameroun\/?s={search_term_string}\"},\"query-input\":{\"@type\":\"PropertyValueSpecification\",\"valueRequired\":true,\"valueName\":\"search_term_string\"}}],\"inLanguage\":\"fr-FR\"},{\"@type\":\"Person\",\"@id\":\"https:\/\/www.africa-press.net\/cameroun\/#\/schema\/person\/2b1cf3cd81a31e3cd26889ca66d677f1\",\"name\":\"cfeditorfr\"}]}<\/script>\n<!-- \/ Yoast SEO Premium plugin. -->","yoast_head_json":{"title":"Sangm\u00e9lima : un Camerounais de la diaspora d\u00e9shabill\u00e9 pour d\u00e9faut de carnet de vaccination - Cameroun","description":"Un citoyen camerounais re\u0301sidant en Suisse a passe\u0301 un sale quart d\u2019heure avec la police de Sangme\u0301lima. En se\u0301jour dans ...","robots":{"index":"index","follow":"follow","max-snippet":"max-snippet:-1","max-image-preview":"max-image-preview:large","max-video-preview":"max-video-preview:-1"},"canonical":"https:\/\/www.africa-press.net\/cameroun\/toutes-les-actualites\/sangmelima-un-camerounais-de-la-diaspora-deshabille-pour-defaut-de-carnet-de-vaccination","og_locale":"fr_FR","og_type":"article","og_title":"Sangm\u00e9lima : un Camerounais de la diaspora d\u00e9shabill\u00e9 pour d\u00e9faut de carnet de vaccination","og_description":"Un citoyen camerounais re\u0301sidant en Suisse a passe\u0301 un sale quart d\u2019heure avec la police de Sangme\u0301lima. En se\u0301jour dans ...","og_url":"https:\/\/www.africa-press.net\/cameroun\/toutes-les-actualites\/sangmelima-un-camerounais-de-la-diaspora-deshabille-pour-defaut-de-carnet-de-vaccination","og_site_name":"Cameroun","article_published_time":"2023-09-25T18:37:42+00:00","article_modified_time":"2023-09-25T19:06:50+00:00","og_image":[{"width":720,"height":354,"url":"https:\/\/static.africa-press.net\/cameroun\/sites\/57\/2023\/09\/sm_1695656086.535324.jpg","type":"image\/jpeg"}],"author":"cfeditorfr","twitter_card":"summary_large_image","twitter_misc":{"\u00c9crit par":"cfeditorfr","Dur\u00e9e de lecture estim\u00e9e":"2 minutes"},"schema":{"@context":"https:\/\/schema.org","@graph":[{"@type":"Article","@id":"https:\/\/www.africa-press.net\/cameroun\/toutes-les-actualites\/sangmelima-un-camerounais-de-la-diaspora-deshabille-pour-defaut-de-carnet-de-vaccination#article","isPartOf":{"@id":"https:\/\/www.africa-press.net\/cameroun\/toutes-les-actualites\/sangmelima-un-camerounais-de-la-diaspora-deshabille-pour-defaut-de-carnet-de-vaccination"},"author":{"name":"cfeditorfr","@id":"https:\/\/www.africa-press.net\/cameroun\/#\/schema\/person\/2b1cf3cd81a31e3cd26889ca66d677f1"},"headline":"Sangm\u00e9lima : un Camerounais de la diaspora d\u00e9shabill\u00e9 pour d\u00e9faut de carnet de vaccination","datePublished":"2023-09-25T18:37:42+00:00","dateModified":"2023-09-25T19:06:50+00:00","mainEntityOfPage":{"@id":"https:\/\/www.africa-press.net\/cameroun\/toutes-les-actualites\/sangmelima-un-camerounais-de-la-diaspora-deshabille-pour-defaut-de-carnet-de-vaccination"},"wordCount":456,"commentCount":0,"image":{"@id":"https:\/\/www.africa-press.net\/cameroun\/toutes-les-actualites\/sangmelima-un-camerounais-de-la-diaspora-deshabille-pour-defaut-de-carnet-de-vaccination#primaryimage"},"thumbnailUrl":"https:\/\/static.africa-press.net\/cameroun\/sites\/57\/2023\/09\/sm_1695656086.535324.jpg","keywords":["Africa Press","Africa Press-Cameroun","Cameroun"],"articleSection":["Communaut\u00e9","Toutes les actualit\u00e9s"],"inLanguage":"fr-FR","potentialAction":[{"@type":"CommentAction","name":"Comment","target":["https:\/\/www.africa-press.net\/cameroun\/toutes-les-actualites\/sangmelima-un-camerounais-de-la-diaspora-deshabille-pour-defaut-de-carnet-de-vaccination#respond"]}]},{"@type":"WebPage","@id":"https:\/\/www.africa-press.net\/cameroun\/toutes-les-actualites\/sangmelima-un-camerounais-de-la-diaspora-deshabille-pour-defaut-de-carnet-de-vaccination","url":"https:\/\/www.africa-press.net\/cameroun\/toutes-les-actualites\/sangmelima-un-camerounais-de-la-diaspora-deshabille-pour-defaut-de-carnet-de-vaccination","name":"Sangm\u00e9lima : un Camerounais de la diaspora d\u00e9shabill\u00e9 pour d\u00e9faut de carnet de vaccination - Cameroun","isPartOf":{"@id":"https:\/\/www.africa-press.net\/cameroun\/#website"},"primaryImageOfPage":{"@id":"https:\/\/www.africa-press.net\/cameroun\/toutes-les-actualites\/sangmelima-un-camerounais-de-la-diaspora-deshabille-pour-defaut-de-carnet-de-vaccination#primaryimage"},"image":{"@id":"https:\/\/www.africa-press.net\/cameroun\/toutes-les-actualites\/sangmelima-un-camerounais-de-la-diaspora-deshabille-pour-defaut-de-carnet-de-vaccination#primaryimage"},"thumbnailUrl":"https:\/\/static.africa-press.net\/cameroun\/sites\/57\/2023\/09\/sm_1695656086.535324.jpg","datePublished":"2023-09-25T18:37:42+00:00","dateModified":"2023-09-25T19:06:50+00:00","author":{"@id":"https:\/\/www.africa-press.net\/cameroun\/#\/schema\/person\/2b1cf3cd81a31e3cd26889ca66d677f1"},"description":"Un citoyen camerounais re\u0301sidant en Suisse a passe\u0301 un sale quart d\u2019heure avec la police de Sangme\u0301lima. En se\u0301jour dans ...","breadcrumb":{"@id":"https:\/\/www.africa-press.net\/cameroun\/toutes-les-actualites\/sangmelima-un-camerounais-de-la-diaspora-deshabille-pour-defaut-de-carnet-de-vaccination#breadcrumb"},"inLanguage":"fr-FR","potentialAction":[{"@type":"ReadAction","target":["https:\/\/www.africa-press.net\/cameroun\/toutes-les-actualites\/sangmelima-un-camerounais-de-la-diaspora-deshabille-pour-defaut-de-carnet-de-vaccination"]}]},{"@type":"ImageObject","inLanguage":"fr-FR","@id":"https:\/\/www.africa-press.net\/cameroun\/toutes-les-actualites\/sangmelima-un-camerounais-de-la-diaspora-deshabille-pour-defaut-de-carnet-de-vaccination#primaryimage","url":"https:\/\/static.africa-press.net\/cameroun\/sites\/57\/2023\/09\/sm_1695656086.535324.jpg","contentUrl":"https:\/\/static.africa-press.net\/cameroun\/sites\/57\/2023\/09\/sm_1695656086.535324.jpg","width":720,"height":354,"caption":"Sangm\u00e9lima : un Camerounais de la diaspora d\u00e9shabill\u00e9 pour d\u00e9faut de carnet de vaccination"},{"@type":"BreadcrumbList","@id":"https:\/\/www.africa-press.net\/cameroun\/toutes-les-actualites\/sangmelima-un-camerounais-de-la-diaspora-deshabille-pour-defaut-de-carnet-de-vaccination#breadcrumb","itemListElement":[{"@type":"ListItem","position":1,"name":"Accueil","item":"https:\/\/www.africa-press.net\/cameroun\/"},{"@type":"ListItem","position":2,"name":"Sangm\u00e9lima : un Camerounais de la diaspora d\u00e9shabill\u00e9 pour d\u00e9faut de carnet de vaccination"}]},{"@type":"WebSite","@id":"https:\/\/www.africa-press.net\/cameroun\/#website","url":"https:\/\/www.africa-press.net\/cameroun\/","name":"Cameroun","description":"Just another Africa News Agency Sites site","potentialAction":[{"@type":"SearchAction","target":{"@type":"EntryPoint","urlTemplate":"https:\/\/www.africa-press.net\/cameroun\/?s={search_term_string}"},"query-input":{"@type":"PropertyValueSpecification","valueRequired":true,"valueName":"search_term_string"}}],"inLanguage":"fr-FR"},{"@type":"Person","@id":"https:\/\/www.africa-press.net\/cameroun\/#\/schema\/person\/2b1cf3cd81a31e3cd26889ca66d677f1","name":"cfeditorfr"}]}},"_links":{"self":[{"href":"https:\/\/www.africa-press.net\/cameroun\/wp-json\/wp\/v2\/posts\/51625","targetHints":{"allow":["GET"]}}],"collection":[{"href":"https:\/\/www.africa-press.net\/cameroun\/wp-json\/wp\/v2\/posts"}],"about":[{"href":"https:\/\/www.africa-press.net\/cameroun\/wp-json\/wp\/v2\/types\/post"}],"author":[{"embeddable":true,"href":"https:\/\/www.africa-press.net\/cameroun\/wp-json\/wp\/v2\/users\/82"}],"replies":[{"embeddable":true,"href":"https:\/\/www.africa-press.net\/cameroun\/wp-json\/wp\/v2\/comments?post=51625"}],"version-history":[{"count":0,"href":"https:\/\/www.africa-press.net\/cameroun\/wp-json\/wp\/v2\/posts\/51625\/revisions"}],"wp:featuredmedia":[{"embeddable":true,"href":"https:\/\/www.africa-press.net\/cameroun\/wp-json\/wp\/v2\/media\/51623"}],"wp:attachment":[{"href":"https:\/\/www.africa-press.net\/cameroun\/wp-json\/wp\/v2\/media?parent=51625"}],"wp:term":[{"taxonomy":"category","embeddable":true,"href":"https:\/\/www.africa-press.net\/cameroun\/wp-json\/wp\/v2\/categories?post=51625"},{"taxonomy":"post_tag","embeddable":true,"href":"https:\/\/www.africa-press.net\/cameroun\/wp-json\/wp\/v2\/tags?post=51625"}],"curies":[{"name":"wp","href":"https:\/\/api.w.org\/{rel}","templated":true}]}}