{"id":51636,"date":"2023-09-25T18:38:16","date_gmt":"2023-09-25T18:38:16","guid":{"rendered":"https:\/\/www.africa-press.net\/cameroun\/politique\/tension-au-rdpc-les-deputes-du-nord-ouest-en-colere"},"modified":"2023-09-25T19:11:54","modified_gmt":"2023-09-25T19:11:54","slug":"tension-au-rdpc-les-deputes-du-nord-ouest-en-colere","status":"publish","type":"post","link":"https:\/\/www.africa-press.net\/cameroun\/politique\/tension-au-rdpc-les-deputes-du-nord-ouest-en-colere","title":{"rendered":"Tension au RDPC : les d\u00e9put\u00e9s du Nord-Ouest en col\u00e8re"},"content":{"rendered":"<p><span style=\"color: #ff6600\"><strong>Africa-Press &#8211; Cameroun. <\/strong><\/span>Les de\u0301pute\u0301s du RDPC, parti au pouvoir dans la re\u0301gion du Nord-Ouest, ont de\u0301nonce\u0301 ce qu&rsquo;ils conside\u0300rent comme une discrimination et une marginalisation a\u0300 leur e\u0301gard a\u0300 l&rsquo;Assemble\u0301e nationale.<\/p>\n<p>Dans un me\u0301mo de trois pages adresse\u0301 au pre\u0301sident de l\u2019Assemble\u0301e nationale, Cavaye Yegue Djibril, les le\u0301gislateurs affirment qu&rsquo;ils sont e\u0301carte\u0301s des missions juteuses, des comite\u0301s et autres recrutements de la Chambre.<\/p>\n<p>Les de\u0301pute\u0301s pointent du doigt le directeur de cabinet du pre\u0301sident de la Chambre, Abdourahim Boukar, pour avoir e\u0301te\u0301 le fer de lance de cet acte \u00ab\u00a0pre\u0301me\u0301dite\u0301\u00a0\u00bb.<\/p>\n<p>\u00ab\u00a0Je l&rsquo;ai dit a\u0300 notre pe\u0300re, pendant plus de vingt ans, tu as donne\u0301 les grands postes de l&rsquo;Assemble\u0301e a\u0300 des gens venus d&rsquo;ailleurs, maintenant c&rsquo;est le tour des enfants de Tokombere. Nous les avons arrache\u0301s des mains d&rsquo;un anglophone de Mbengwi, dans le Nord-Ouest\u00a0\u00bb, notent les de\u0301pute\u0301s dans le me\u0301mo, citant le directeur de cabinet qui aurait dit cela au pre\u0301sident.<\/p>\n<p>Cette de\u0301claration, selon les le\u0301gislateurs, \u00ab\u00a0de\u0301peint le traitement rec\u0327u par les de\u0301pute\u0301s RDPC originaires du Nord-Ouest a\u0300 l&rsquo;Assemble\u0301e nationale\u00a0\u00bb.<\/p>\n<p>Les de\u0301pute\u0301s ont de\u0301crit la situation comme \u00ab\u00a0une atteinte flagrante a\u0300 notre force nume\u0301rique au Parlement en tant que groupe de 18 parlementaires du RDPC de la re\u0301gion du Nord-Ouest (10% de l&rsquo;ensemble de l&rsquo;he\u0301micycle)\u00a0\u00bb.<\/p>\n<p>\u00ab\u00a0Au cours de la 10e\u0300me le\u0301gislature, nous n&rsquo;avons eu aucune repre\u0301sentation dans les instances suivantes : l&rsquo;Union parlementaire du Commonwealth (APC), l&rsquo;Union des parlements africains (UPA), la Commission interparlementaire de la CEMAC, l&rsquo;Union interparlementaire, l&rsquo;Assemble\u0301e parlementaire paritaire ACP\/UE, l&rsquo;Union parlementaire des membres de l&rsquo;Organisation des confe\u0301rences islamiques (UPMOCI), l&rsquo;Assemble\u0301e internationale des parlementaires francophones et d&rsquo;autres encore. \u00ab\u00a0La note signe\u0301e le 5 septembre 2023 par les de\u0301pute\u0301s du Nord-Ouest ajoute que \u00ab\u00a0les parlementaires du Nord-Ouest sont pratiquement absents de toutes les missions statutaires et autres de l&rsquo;Assemble\u0301e nationale. Les de\u0301pute\u0301s du Nord-Ouest ont e\u0301te\u0301 totalement mis a\u0300 l&rsquo;e\u0301cart en ce qui concerne le recrutement du personnel a\u0300 l&rsquo;Assemble\u0301e nationale\u00a0\u00bb.<\/p>\n<p>Les le\u0301gislateurs notent en outre avec consternation que \u00ab\u00a0nous avons observe\u0301 que des postes jusqu&rsquo;ici occupe\u0301s par des de\u0301pute\u0301s du Nord-Ouest ont e\u0301te\u0301 syste\u0301matiquement confisque\u0301s, comme par exemple : Fonkam Azuh, puis M. Forsab, le poste de conseiller technique du pre\u0301sident de l&rsquo;Assemble\u0301e nationale, occupe\u0301 jusqu&rsquo;a\u0300 pre\u0301sent par M. Sanji Joseph, pour n&rsquo;en citer que quelques-uns\u00a0\u00bb.<\/p>\n<p><strong>Pour plus d&rsquo;informations et d&rsquo;analyses sur la <a href=\"https:\/\/www.africa-press.net\/cameroun\">Cameroun<\/a>, suivez <a href=\"https:\/\/www.africa-press.net\/\">Africa-Press<\/a><\/strong><\/p>\n","protected":false},"excerpt":{"rendered":"<p>Africa-Press &#8211; Cameroun. Les de\u0301pute\u0301s du RDPC, parti au pouvoir dans la re\u0301gion du Nord-Ouest, ont de\u0301nonce\u0301 ce qu&rsquo;ils conside\u0300rent comme une discrimination et une marginalisation a\u0300 leur e\u0301gard a\u0300 l&rsquo;Assemble\u0301e nationale. Dans un me\u0301mo de trois pages adresse\u0301 au pre\u0301sident de l\u2019Assemble\u0301e nationale, Cavaye Yegue Djibril, les le\u0301gislateurs affirment qu&rsquo;ils sont e\u0301carte\u0301s des missions [&hellip;]<\/p>\n","protected":false},"author":82,"featured_media":51634,"comment_status":"open","ping_status":"closed","sticky":false,"template":"","format":"standard","meta":{"footnotes":""},"categories":[2,10],"tags":[36,50,49],"class_list":["post-51636","post","type-post","status-publish","format-standard","has-post-thumbnail","hentry","category-politique","category-toutes-les-actualites","tag-africa-press","tag-africa-press-cameroun","tag-cameroun"],"yoast_head":"<!-- This site is optimized with the Yoast SEO Premium plugin v26.1 (Yoast SEO v27.0) - https:\/\/yoast.com\/product\/yoast-seo-premium-wordpress\/ -->\n<title>Tension au RDPC : les d\u00e9put\u00e9s du Nord-Ouest en col\u00e8re - Cameroun<\/title>\n<meta name=\"description\" content=\"Les de\u0301pute\u0301s du RDPC, parti au pouvoir dans la re\u0301gion du Nord-Ouest, ont de\u0301nonce\u0301 ce qu&#039;ils conside\u0300rent comme une di ...\" \/>\n<meta name=\"robots\" content=\"index, follow, max-snippet:-1, max-image-preview:large, max-video-preview:-1\" \/>\n<link rel=\"canonical\" href=\"https:\/\/www.africa-press.net\/cameroun\/politique\/tension-au-rdpc-les-deputes-du-nord-ouest-en-colere\" \/>\n<meta property=\"og:locale\" content=\"fr_FR\" \/>\n<meta property=\"og:type\" content=\"article\" \/>\n<meta property=\"og:title\" content=\"Tension au RDPC : les d\u00e9put\u00e9s du Nord-Ouest en col\u00e8re\" \/>\n<meta property=\"og:description\" content=\"Les de\u0301pute\u0301s du RDPC, parti au pouvoir dans la re\u0301gion du Nord-Ouest, ont de\u0301nonce\u0301 ce qu&#039;ils conside\u0300rent comme une di ...\" \/>\n<meta property=\"og:url\" content=\"https:\/\/www.africa-press.net\/cameroun\/politique\/tension-au-rdpc-les-deputes-du-nord-ouest-en-colere\" \/>\n<meta property=\"og:site_name\" content=\"Cameroun\" \/>\n<meta property=\"article:published_time\" content=\"2023-09-25T18:38:16+00:00\" \/>\n<meta property=\"article:modified_time\" content=\"2023-09-25T19:11:54+00:00\" \/>\n<meta property=\"og:image\" content=\"https:\/\/static.africa-press.net\/cameroun\/sites\/57\/2023\/09\/sm_1695656207.621723.jpg\" \/>\n\t<meta property=\"og:image:width\" content=\"720\" \/>\n\t<meta property=\"og:image:height\" content=\"397\" \/>\n\t<meta property=\"og:image:type\" content=\"image\/jpeg\" \/>\n<meta name=\"author\" content=\"cfeditorfr\" \/>\n<meta name=\"twitter:card\" content=\"summary_large_image\" \/>\n<meta name=\"twitter:label1\" content=\"\u00c9crit par\" \/>\n\t<meta name=\"twitter:data1\" content=\"cfeditorfr\" \/>\n\t<meta name=\"twitter:label2\" content=\"Dur\u00e9e de lecture estim\u00e9e\" \/>\n\t<meta name=\"twitter:data2\" content=\"2 minutes\" \/>\n<script type=\"application\/ld+json\" class=\"yoast-schema-graph\">{\"@context\":\"https:\/\/schema.org\",\"@graph\":[{\"@type\":\"Article\",\"@id\":\"https:\/\/www.africa-press.net\/cameroun\/politique\/tension-au-rdpc-les-deputes-du-nord-ouest-en-colere#article\",\"isPartOf\":{\"@id\":\"https:\/\/www.africa-press.net\/cameroun\/politique\/tension-au-rdpc-les-deputes-du-nord-ouest-en-colere\"},\"author\":{\"name\":\"cfeditorfr\",\"@id\":\"https:\/\/www.africa-press.net\/cameroun\/#\/schema\/person\/2b1cf3cd81a31e3cd26889ca66d677f1\"},\"headline\":\"Tension au RDPC : les d\u00e9put\u00e9s du Nord-Ouest en col\u00e8re\",\"datePublished\":\"2023-09-25T18:38:16+00:00\",\"dateModified\":\"2023-09-25T19:11:54+00:00\",\"mainEntityOfPage\":{\"@id\":\"https:\/\/www.africa-press.net\/cameroun\/politique\/tension-au-rdpc-les-deputes-du-nord-ouest-en-colere\"},\"wordCount\":483,\"commentCount\":0,\"image\":{\"@id\":\"https:\/\/www.africa-press.net\/cameroun\/politique\/tension-au-rdpc-les-deputes-du-nord-ouest-en-colere#primaryimage\"},\"thumbnailUrl\":\"https:\/\/static.africa-press.net\/cameroun\/sites\/57\/2023\/09\/sm_1695656207.621723.jpg\",\"keywords\":[\"Africa Press\",\"Africa Press-Cameroun\",\"Cameroun\"],\"articleSection\":[\"Politique\",\"Toutes les actualit\u00e9s\"],\"inLanguage\":\"fr-FR\",\"potentialAction\":[{\"@type\":\"CommentAction\",\"name\":\"Comment\",\"target\":[\"https:\/\/www.africa-press.net\/cameroun\/politique\/tension-au-rdpc-les-deputes-du-nord-ouest-en-colere#respond\"]}]},{\"@type\":\"WebPage\",\"@id\":\"https:\/\/www.africa-press.net\/cameroun\/politique\/tension-au-rdpc-les-deputes-du-nord-ouest-en-colere\",\"url\":\"https:\/\/www.africa-press.net\/cameroun\/politique\/tension-au-rdpc-les-deputes-du-nord-ouest-en-colere\",\"name\":\"Tension au RDPC : les d\u00e9put\u00e9s du Nord-Ouest en col\u00e8re - Cameroun\",\"isPartOf\":{\"@id\":\"https:\/\/www.africa-press.net\/cameroun\/#website\"},\"primaryImageOfPage\":{\"@id\":\"https:\/\/www.africa-press.net\/cameroun\/politique\/tension-au-rdpc-les-deputes-du-nord-ouest-en-colere#primaryimage\"},\"image\":{\"@id\":\"https:\/\/www.africa-press.net\/cameroun\/politique\/tension-au-rdpc-les-deputes-du-nord-ouest-en-colere#primaryimage\"},\"thumbnailUrl\":\"https:\/\/static.africa-press.net\/cameroun\/sites\/57\/2023\/09\/sm_1695656207.621723.jpg\",\"datePublished\":\"2023-09-25T18:38:16+00:00\",\"dateModified\":\"2023-09-25T19:11:54+00:00\",\"author\":{\"@id\":\"https:\/\/www.africa-press.net\/cameroun\/#\/schema\/person\/2b1cf3cd81a31e3cd26889ca66d677f1\"},\"description\":\"Les de\u0301pute\u0301s du RDPC, parti au pouvoir dans la re\u0301gion du Nord-Ouest, ont de\u0301nonce\u0301 ce qu'ils conside\u0300rent comme une di ...\",\"breadcrumb\":{\"@id\":\"https:\/\/www.africa-press.net\/cameroun\/politique\/tension-au-rdpc-les-deputes-du-nord-ouest-en-colere#breadcrumb\"},\"inLanguage\":\"fr-FR\",\"potentialAction\":[{\"@type\":\"ReadAction\",\"target\":[\"https:\/\/www.africa-press.net\/cameroun\/politique\/tension-au-rdpc-les-deputes-du-nord-ouest-en-colere\"]}]},{\"@type\":\"ImageObject\",\"inLanguage\":\"fr-FR\",\"@id\":\"https:\/\/www.africa-press.net\/cameroun\/politique\/tension-au-rdpc-les-deputes-du-nord-ouest-en-colere#primaryimage\",\"url\":\"https:\/\/static.africa-press.net\/cameroun\/sites\/57\/2023\/09\/sm_1695656207.621723.jpg\",\"contentUrl\":\"https:\/\/static.africa-press.net\/cameroun\/sites\/57\/2023\/09\/sm_1695656207.621723.jpg\",\"width\":720,\"height\":397,\"caption\":\"Tension au RDPC : les d\u00e9put\u00e9s du Nord-Ouest en col\u00e8re\"},{\"@type\":\"BreadcrumbList\",\"@id\":\"https:\/\/www.africa-press.net\/cameroun\/politique\/tension-au-rdpc-les-deputes-du-nord-ouest-en-colere#breadcrumb\",\"itemListElement\":[{\"@type\":\"ListItem\",\"position\":1,\"name\":\"Accueil\",\"item\":\"https:\/\/www.africa-press.net\/cameroun\/\"},{\"@type\":\"ListItem\",\"position\":2,\"name\":\"Tension au RDPC : les d\u00e9put\u00e9s du Nord-Ouest en col\u00e8re\"}]},{\"@type\":\"WebSite\",\"@id\":\"https:\/\/www.africa-press.net\/cameroun\/#website\",\"url\":\"https:\/\/www.africa-press.net\/cameroun\/\",\"name\":\"Cameroun\",\"description\":\"Just another Africa News Agency Sites site\",\"potentialAction\":[{\"@type\":\"SearchAction\",\"target\":{\"@type\":\"EntryPoint\",\"urlTemplate\":\"https:\/\/www.africa-press.net\/cameroun\/?s={search_term_string}\"},\"query-input\":{\"@type\":\"PropertyValueSpecification\",\"valueRequired\":true,\"valueName\":\"search_term_string\"}}],\"inLanguage\":\"fr-FR\"},{\"@type\":\"Person\",\"@id\":\"https:\/\/www.africa-press.net\/cameroun\/#\/schema\/person\/2b1cf3cd81a31e3cd26889ca66d677f1\",\"name\":\"cfeditorfr\"}]}<\/script>\n<!-- \/ Yoast SEO Premium plugin. -->","yoast_head_json":{"title":"Tension au RDPC : les d\u00e9put\u00e9s du Nord-Ouest en col\u00e8re - Cameroun","description":"Les de\u0301pute\u0301s du RDPC, parti au pouvoir dans la re\u0301gion du Nord-Ouest, ont de\u0301nonce\u0301 ce qu'ils conside\u0300rent comme une di ...","robots":{"index":"index","follow":"follow","max-snippet":"max-snippet:-1","max-image-preview":"max-image-preview:large","max-video-preview":"max-video-preview:-1"},"canonical":"https:\/\/www.africa-press.net\/cameroun\/politique\/tension-au-rdpc-les-deputes-du-nord-ouest-en-colere","og_locale":"fr_FR","og_type":"article","og_title":"Tension au RDPC : les d\u00e9put\u00e9s du Nord-Ouest en col\u00e8re","og_description":"Les de\u0301pute\u0301s du RDPC, parti au pouvoir dans la re\u0301gion du Nord-Ouest, ont de\u0301nonce\u0301 ce qu'ils conside\u0300rent comme une di ...","og_url":"https:\/\/www.africa-press.net\/cameroun\/politique\/tension-au-rdpc-les-deputes-du-nord-ouest-en-colere","og_site_name":"Cameroun","article_published_time":"2023-09-25T18:38:16+00:00","article_modified_time":"2023-09-25T19:11:54+00:00","og_image":[{"width":720,"height":397,"url":"https:\/\/static.africa-press.net\/cameroun\/sites\/57\/2023\/09\/sm_1695656207.621723.jpg","type":"image\/jpeg"}],"author":"cfeditorfr","twitter_card":"summary_large_image","twitter_misc":{"\u00c9crit par":"cfeditorfr","Dur\u00e9e de lecture estim\u00e9e":"2 minutes"},"schema":{"@context":"https:\/\/schema.org","@graph":[{"@type":"Article","@id":"https:\/\/www.africa-press.net\/cameroun\/politique\/tension-au-rdpc-les-deputes-du-nord-ouest-en-colere#article","isPartOf":{"@id":"https:\/\/www.africa-press.net\/cameroun\/politique\/tension-au-rdpc-les-deputes-du-nord-ouest-en-colere"},"author":{"name":"cfeditorfr","@id":"https:\/\/www.africa-press.net\/cameroun\/#\/schema\/person\/2b1cf3cd81a31e3cd26889ca66d677f1"},"headline":"Tension au RDPC : les d\u00e9put\u00e9s du Nord-Ouest en col\u00e8re","datePublished":"2023-09-25T18:38:16+00:00","dateModified":"2023-09-25T19:11:54+00:00","mainEntityOfPage":{"@id":"https:\/\/www.africa-press.net\/cameroun\/politique\/tension-au-rdpc-les-deputes-du-nord-ouest-en-colere"},"wordCount":483,"commentCount":0,"image":{"@id":"https:\/\/www.africa-press.net\/cameroun\/politique\/tension-au-rdpc-les-deputes-du-nord-ouest-en-colere#primaryimage"},"thumbnailUrl":"https:\/\/static.africa-press.net\/cameroun\/sites\/57\/2023\/09\/sm_1695656207.621723.jpg","keywords":["Africa Press","Africa Press-Cameroun","Cameroun"],"articleSection":["Politique","Toutes les actualit\u00e9s"],"inLanguage":"fr-FR","potentialAction":[{"@type":"CommentAction","name":"Comment","target":["https:\/\/www.africa-press.net\/cameroun\/politique\/tension-au-rdpc-les-deputes-du-nord-ouest-en-colere#respond"]}]},{"@type":"WebPage","@id":"https:\/\/www.africa-press.net\/cameroun\/politique\/tension-au-rdpc-les-deputes-du-nord-ouest-en-colere","url":"https:\/\/www.africa-press.net\/cameroun\/politique\/tension-au-rdpc-les-deputes-du-nord-ouest-en-colere","name":"Tension au RDPC : les d\u00e9put\u00e9s du Nord-Ouest en col\u00e8re - Cameroun","isPartOf":{"@id":"https:\/\/www.africa-press.net\/cameroun\/#website"},"primaryImageOfPage":{"@id":"https:\/\/www.africa-press.net\/cameroun\/politique\/tension-au-rdpc-les-deputes-du-nord-ouest-en-colere#primaryimage"},"image":{"@id":"https:\/\/www.africa-press.net\/cameroun\/politique\/tension-au-rdpc-les-deputes-du-nord-ouest-en-colere#primaryimage"},"thumbnailUrl":"https:\/\/static.africa-press.net\/cameroun\/sites\/57\/2023\/09\/sm_1695656207.621723.jpg","datePublished":"2023-09-25T18:38:16+00:00","dateModified":"2023-09-25T19:11:54+00:00","author":{"@id":"https:\/\/www.africa-press.net\/cameroun\/#\/schema\/person\/2b1cf3cd81a31e3cd26889ca66d677f1"},"description":"Les de\u0301pute\u0301s du RDPC, parti au pouvoir dans la re\u0301gion du Nord-Ouest, ont de\u0301nonce\u0301 ce qu'ils conside\u0300rent comme une di ...","breadcrumb":{"@id":"https:\/\/www.africa-press.net\/cameroun\/politique\/tension-au-rdpc-les-deputes-du-nord-ouest-en-colere#breadcrumb"},"inLanguage":"fr-FR","potentialAction":[{"@type":"ReadAction","target":["https:\/\/www.africa-press.net\/cameroun\/politique\/tension-au-rdpc-les-deputes-du-nord-ouest-en-colere"]}]},{"@type":"ImageObject","inLanguage":"fr-FR","@id":"https:\/\/www.africa-press.net\/cameroun\/politique\/tension-au-rdpc-les-deputes-du-nord-ouest-en-colere#primaryimage","url":"https:\/\/static.africa-press.net\/cameroun\/sites\/57\/2023\/09\/sm_1695656207.621723.jpg","contentUrl":"https:\/\/static.africa-press.net\/cameroun\/sites\/57\/2023\/09\/sm_1695656207.621723.jpg","width":720,"height":397,"caption":"Tension au RDPC : les d\u00e9put\u00e9s du Nord-Ouest en col\u00e8re"},{"@type":"BreadcrumbList","@id":"https:\/\/www.africa-press.net\/cameroun\/politique\/tension-au-rdpc-les-deputes-du-nord-ouest-en-colere#breadcrumb","itemListElement":[{"@type":"ListItem","position":1,"name":"Accueil","item":"https:\/\/www.africa-press.net\/cameroun\/"},{"@type":"ListItem","position":2,"name":"Tension au RDPC : les d\u00e9put\u00e9s du Nord-Ouest en col\u00e8re"}]},{"@type":"WebSite","@id":"https:\/\/www.africa-press.net\/cameroun\/#website","url":"https:\/\/www.africa-press.net\/cameroun\/","name":"Cameroun","description":"Just another Africa News Agency Sites site","potentialAction":[{"@type":"SearchAction","target":{"@type":"EntryPoint","urlTemplate":"https:\/\/www.africa-press.net\/cameroun\/?s={search_term_string}"},"query-input":{"@type":"PropertyValueSpecification","valueRequired":true,"valueName":"search_term_string"}}],"inLanguage":"fr-FR"},{"@type":"Person","@id":"https:\/\/www.africa-press.net\/cameroun\/#\/schema\/person\/2b1cf3cd81a31e3cd26889ca66d677f1","name":"cfeditorfr"}]}},"_links":{"self":[{"href":"https:\/\/www.africa-press.net\/cameroun\/wp-json\/wp\/v2\/posts\/51636","targetHints":{"allow":["GET"]}}],"collection":[{"href":"https:\/\/www.africa-press.net\/cameroun\/wp-json\/wp\/v2\/posts"}],"about":[{"href":"https:\/\/www.africa-press.net\/cameroun\/wp-json\/wp\/v2\/types\/post"}],"author":[{"embeddable":true,"href":"https:\/\/www.africa-press.net\/cameroun\/wp-json\/wp\/v2\/users\/82"}],"replies":[{"embeddable":true,"href":"https:\/\/www.africa-press.net\/cameroun\/wp-json\/wp\/v2\/comments?post=51636"}],"version-history":[{"count":0,"href":"https:\/\/www.africa-press.net\/cameroun\/wp-json\/wp\/v2\/posts\/51636\/revisions"}],"wp:featuredmedia":[{"embeddable":true,"href":"https:\/\/www.africa-press.net\/cameroun\/wp-json\/wp\/v2\/media\/51634"}],"wp:attachment":[{"href":"https:\/\/www.africa-press.net\/cameroun\/wp-json\/wp\/v2\/media?parent=51636"}],"wp:term":[{"taxonomy":"category","embeddable":true,"href":"https:\/\/www.africa-press.net\/cameroun\/wp-json\/wp\/v2\/categories?post=51636"},{"taxonomy":"post_tag","embeddable":true,"href":"https:\/\/www.africa-press.net\/cameroun\/wp-json\/wp\/v2\/tags?post=51636"}],"curies":[{"name":"wp","href":"https:\/\/api.w.org\/{rel}","templated":true}]}}