{"id":51639,"date":"2023-09-25T18:38:22","date_gmt":"2023-09-25T18:38:22","guid":{"rendered":"https:\/\/www.africa-press.net\/cameroun\/politique\/une-mauvaise-nouvelle-tombe-pour-paul-biya-depuis-lonu-tibor-nay-ne-lache-pas-etoudi"},"modified":"2023-09-25T19:12:37","modified_gmt":"2023-09-25T19:12:37","slug":"une-mauvaise-nouvelle-tombe-pour-paul-biya-depuis-lonu-tibor-nay-ne-lache-pas-etoudi","status":"publish","type":"post","link":"https:\/\/www.africa-press.net\/cameroun\/politique\/une-mauvaise-nouvelle-tombe-pour-paul-biya-depuis-lonu-tibor-nay-ne-lache-pas-etoudi","title":{"rendered":"Une mauvaise nouvelle tombe pour Paul Biya depuis l\u2019ONU : Tibor Nay ne l\u00e2che pas Etoudi"},"content":{"rendered":"<p><span style=\"color: #ff6600\"><strong>Africa-Press &#8211; Cameroun. <\/strong><\/span>Alors que l&rsquo;Assemble\u0301e ge\u0301ne\u0301rale des Nations Unies se de\u0301roule actuellement a\u0300 New York, les discours a\u0300 la tribune se succe\u0300dent, mais la crise dans les re\u0301gions anglophones du Cameroun reste notablement absente des discussions. Cette crise, qui perdure depuis plus de cinq ans, n&rsquo;a pas e\u0301te\u0301 e\u0301voque\u0301e ni par les officiels camerounais ni par d&rsquo;autres puissances e\u0301trange\u0300res, suscitant l&rsquo;inquie\u0301tude de certains observateurs internationaux.<\/p>\n<p>L&rsquo;ancien sous-secre\u0301taire ame\u0301ricain aux affaires africaines a souligne\u0301 ce manque d&rsquo;attention en de\u0301clarant : \u00ab\u00a0Avec la fin de la semaine de haut niveau des Nations Unies, je parie que l&rsquo;une des crises dont on n&rsquo;a pas discute\u0301 est celle du sud du Cameroun (Ambazonia)\u00a0\u00bb. Cette omission est d&rsquo;autant plus regrettable pour lui que les pertes en vies humaines et les violations flagrantes des droits de l&rsquo;homme dans cette re\u0301gion sont tout aussi tragiques que celles d&rsquo;autres conflits mondiaux.<\/p>\n<p>Tibor Nay, un diplomate ame\u0301ricain re\u0301pute\u0301 pour ses prises de position sur le conflit, a clairement exprime\u0301 son soutien a\u0300 la cre\u0301ation d&rsquo;un E\u0301tat Ambazonie, regroupant les re\u0301gions anglophones du Sud-Ouest et du Nord-Ouest du Cameroun. Cette position a suscite\u0301 l&rsquo;opposition du gouvernement camerounais dirige\u0301 par Paul Biya, qui s&rsquo;oppose fermement a\u0300 toute ide\u0301e d&rsquo;inde\u0301pendance pour ces re\u0301gions.<\/p>\n<p>La crise anglophone au Cameroun, qui a de\u0301bute\u0301 en 2016, a entrai\u0302ne\u0301 un conflit meurtrier entre les forces gouvernementales et les groupes se\u0301paratistes dans les re\u0301gions anglophones. Le bilan humain est lourd, avec des milliers de morts et des centaines de milliers de personnes de\u0301place\u0301es de leurs foyers. Malgre\u0301 ces souffrances, la crise semble e\u0302tre passe\u0301e sous silence lors de cette re\u0301union internationale de haut niveau.<\/p>\n<p>Les appels a\u0300 l&rsquo;attention de la communaute\u0301 internationale sur la crise anglophone se multiplient, mais la question demeure : pourquoi cette trage\u0301die continue-t-elle d&rsquo;e\u0302tre ne\u0301glige\u0301e aux Nations Unies ? Alors que les discours re\u0301sonnent a\u0300 la tribune de l&rsquo;Assemble\u0301e Ge\u0301ne\u0301rale, de nombreux Camerounais anglophones continuent de vivre dans la peur et l&rsquo;incertitude, attendant que le monde se tourne enfin vers leur re\u0301alite\u0301, leur souffrance et leurs aspirations pour un avenir pacifique.<\/p>\n<p><strong>Pour plus d&rsquo;informations et d&rsquo;analyses sur la <a href=\"https:\/\/www.africa-press.net\/cameroun\">Cameroun<\/a>, suivez <a href=\"https:\/\/www.africa-press.net\/\">Africa-Press<\/a><\/strong><\/p>\n","protected":false},"excerpt":{"rendered":"<p>Africa-Press &#8211; Cameroun. Alors que l&rsquo;Assemble\u0301e ge\u0301ne\u0301rale des Nations Unies se de\u0301roule actuellement a\u0300 New York, les discours a\u0300 la tribune se succe\u0300dent, mais la crise dans les re\u0301gions anglophones du Cameroun reste notablement absente des discussions. Cette crise, qui perdure depuis plus de cinq ans, n&rsquo;a pas e\u0301te\u0301 e\u0301voque\u0301e ni par les officiels camerounais [&hellip;]<\/p>\n","protected":false},"author":82,"featured_media":51638,"comment_status":"open","ping_status":"closed","sticky":false,"template":"","format":"standard","meta":{"footnotes":""},"categories":[2,10],"tags":[36,50,49],"class_list":["post-51639","post","type-post","status-publish","format-standard","has-post-thumbnail","hentry","category-politique","category-toutes-les-actualites","tag-africa-press","tag-africa-press-cameroun","tag-cameroun"],"yoast_head":"<!-- This site is optimized with the Yoast SEO Premium plugin v26.1 (Yoast SEO v27.0) - https:\/\/yoast.com\/product\/yoast-seo-premium-wordpress\/ -->\n<title>Une mauvaise nouvelle tombe pour Paul Biya depuis l\u2019ONU : Tibor Nay ne l\u00e2che pas Etoudi - Cameroun<\/title>\n<meta name=\"description\" content=\"Alors que l&#039;Assemble\u0301e ge\u0301ne\u0301rale des Nations Unies se de\u0301roule actuellement a\u0300 New York, les discours a\u0300 la tribune se ...\" \/>\n<meta name=\"robots\" content=\"index, follow, max-snippet:-1, max-image-preview:large, max-video-preview:-1\" \/>\n<link rel=\"canonical\" href=\"https:\/\/www.africa-press.net\/cameroun\/politique\/une-mauvaise-nouvelle-tombe-pour-paul-biya-depuis-lonu-tibor-nay-ne-lache-pas-etoudi\" \/>\n<meta property=\"og:locale\" content=\"fr_FR\" \/>\n<meta property=\"og:type\" content=\"article\" \/>\n<meta property=\"og:title\" content=\"Une mauvaise nouvelle tombe pour Paul Biya depuis l\u2019ONU : Tibor Nay ne l\u00e2che pas Etoudi\" \/>\n<meta property=\"og:description\" content=\"Alors que l&#039;Assemble\u0301e ge\u0301ne\u0301rale des Nations Unies se de\u0301roule actuellement a\u0300 New York, les discours a\u0300 la tribune se ...\" \/>\n<meta property=\"og:url\" content=\"https:\/\/www.africa-press.net\/cameroun\/politique\/une-mauvaise-nouvelle-tombe-pour-paul-biya-depuis-lonu-tibor-nay-ne-lache-pas-etoudi\" \/>\n<meta property=\"og:site_name\" content=\"Cameroun\" \/>\n<meta property=\"article:published_time\" content=\"2023-09-25T18:38:22+00:00\" \/>\n<meta property=\"article:modified_time\" content=\"2023-09-25T19:12:37+00:00\" \/>\n<meta property=\"og:image\" content=\"https:\/\/static.africa-press.net\/cameroun\/sites\/57\/2023\/09\/sm_1695656301.442154.jpg\" \/>\n\t<meta property=\"og:image:width\" content=\"720\" \/>\n\t<meta property=\"og:image:height\" content=\"355\" \/>\n\t<meta property=\"og:image:type\" content=\"image\/jpeg\" \/>\n<meta name=\"author\" content=\"cfeditorfr\" \/>\n<meta name=\"twitter:card\" content=\"summary_large_image\" \/>\n<meta name=\"twitter:label1\" content=\"\u00c9crit par\" \/>\n\t<meta name=\"twitter:data1\" content=\"cfeditorfr\" \/>\n\t<meta name=\"twitter:label2\" content=\"Dur\u00e9e de lecture estim\u00e9e\" \/>\n\t<meta name=\"twitter:data2\" content=\"2 minutes\" \/>\n<script type=\"application\/ld+json\" class=\"yoast-schema-graph\">{\"@context\":\"https:\/\/schema.org\",\"@graph\":[{\"@type\":\"Article\",\"@id\":\"https:\/\/www.africa-press.net\/cameroun\/politique\/une-mauvaise-nouvelle-tombe-pour-paul-biya-depuis-lonu-tibor-nay-ne-lache-pas-etoudi#article\",\"isPartOf\":{\"@id\":\"https:\/\/www.africa-press.net\/cameroun\/politique\/une-mauvaise-nouvelle-tombe-pour-paul-biya-depuis-lonu-tibor-nay-ne-lache-pas-etoudi\"},\"author\":{\"name\":\"cfeditorfr\",\"@id\":\"https:\/\/www.africa-press.net\/cameroun\/#\/schema\/person\/2b1cf3cd81a31e3cd26889ca66d677f1\"},\"headline\":\"Une mauvaise nouvelle tombe pour Paul Biya depuis l\u2019ONU : Tibor Nay ne l\u00e2che pas Etoudi\",\"datePublished\":\"2023-09-25T18:38:22+00:00\",\"dateModified\":\"2023-09-25T19:12:37+00:00\",\"mainEntityOfPage\":{\"@id\":\"https:\/\/www.africa-press.net\/cameroun\/politique\/une-mauvaise-nouvelle-tombe-pour-paul-biya-depuis-lonu-tibor-nay-ne-lache-pas-etoudi\"},\"wordCount\":425,\"commentCount\":0,\"image\":{\"@id\":\"https:\/\/www.africa-press.net\/cameroun\/politique\/une-mauvaise-nouvelle-tombe-pour-paul-biya-depuis-lonu-tibor-nay-ne-lache-pas-etoudi#primaryimage\"},\"thumbnailUrl\":\"https:\/\/static.africa-press.net\/cameroun\/sites\/57\/2023\/09\/sm_1695656301.442154.jpg\",\"keywords\":[\"Africa Press\",\"Africa Press-Cameroun\",\"Cameroun\"],\"articleSection\":[\"Politique\",\"Toutes les actualit\u00e9s\"],\"inLanguage\":\"fr-FR\",\"potentialAction\":[{\"@type\":\"CommentAction\",\"name\":\"Comment\",\"target\":[\"https:\/\/www.africa-press.net\/cameroun\/politique\/une-mauvaise-nouvelle-tombe-pour-paul-biya-depuis-lonu-tibor-nay-ne-lache-pas-etoudi#respond\"]}]},{\"@type\":\"WebPage\",\"@id\":\"https:\/\/www.africa-press.net\/cameroun\/politique\/une-mauvaise-nouvelle-tombe-pour-paul-biya-depuis-lonu-tibor-nay-ne-lache-pas-etoudi\",\"url\":\"https:\/\/www.africa-press.net\/cameroun\/politique\/une-mauvaise-nouvelle-tombe-pour-paul-biya-depuis-lonu-tibor-nay-ne-lache-pas-etoudi\",\"name\":\"Une mauvaise nouvelle tombe pour Paul Biya depuis l\u2019ONU : Tibor Nay ne l\u00e2che pas Etoudi - Cameroun\",\"isPartOf\":{\"@id\":\"https:\/\/www.africa-press.net\/cameroun\/#website\"},\"primaryImageOfPage\":{\"@id\":\"https:\/\/www.africa-press.net\/cameroun\/politique\/une-mauvaise-nouvelle-tombe-pour-paul-biya-depuis-lonu-tibor-nay-ne-lache-pas-etoudi#primaryimage\"},\"image\":{\"@id\":\"https:\/\/www.africa-press.net\/cameroun\/politique\/une-mauvaise-nouvelle-tombe-pour-paul-biya-depuis-lonu-tibor-nay-ne-lache-pas-etoudi#primaryimage\"},\"thumbnailUrl\":\"https:\/\/static.africa-press.net\/cameroun\/sites\/57\/2023\/09\/sm_1695656301.442154.jpg\",\"datePublished\":\"2023-09-25T18:38:22+00:00\",\"dateModified\":\"2023-09-25T19:12:37+00:00\",\"author\":{\"@id\":\"https:\/\/www.africa-press.net\/cameroun\/#\/schema\/person\/2b1cf3cd81a31e3cd26889ca66d677f1\"},\"description\":\"Alors que l'Assemble\u0301e ge\u0301ne\u0301rale des Nations Unies se de\u0301roule actuellement a\u0300 New York, les discours a\u0300 la tribune se ...\",\"breadcrumb\":{\"@id\":\"https:\/\/www.africa-press.net\/cameroun\/politique\/une-mauvaise-nouvelle-tombe-pour-paul-biya-depuis-lonu-tibor-nay-ne-lache-pas-etoudi#breadcrumb\"},\"inLanguage\":\"fr-FR\",\"potentialAction\":[{\"@type\":\"ReadAction\",\"target\":[\"https:\/\/www.africa-press.net\/cameroun\/politique\/une-mauvaise-nouvelle-tombe-pour-paul-biya-depuis-lonu-tibor-nay-ne-lache-pas-etoudi\"]}]},{\"@type\":\"ImageObject\",\"inLanguage\":\"fr-FR\",\"@id\":\"https:\/\/www.africa-press.net\/cameroun\/politique\/une-mauvaise-nouvelle-tombe-pour-paul-biya-depuis-lonu-tibor-nay-ne-lache-pas-etoudi#primaryimage\",\"url\":\"https:\/\/static.africa-press.net\/cameroun\/sites\/57\/2023\/09\/sm_1695656301.442154.jpg\",\"contentUrl\":\"https:\/\/static.africa-press.net\/cameroun\/sites\/57\/2023\/09\/sm_1695656301.442154.jpg\",\"width\":720,\"height\":355,\"caption\":\"Une mauvaise nouvelle tombe pour Paul Biya depuis l\u2019ONU : Tibor Nay ne l\u00e2che pas Etoudi\"},{\"@type\":\"BreadcrumbList\",\"@id\":\"https:\/\/www.africa-press.net\/cameroun\/politique\/une-mauvaise-nouvelle-tombe-pour-paul-biya-depuis-lonu-tibor-nay-ne-lache-pas-etoudi#breadcrumb\",\"itemListElement\":[{\"@type\":\"ListItem\",\"position\":1,\"name\":\"Accueil\",\"item\":\"https:\/\/www.africa-press.net\/cameroun\/\"},{\"@type\":\"ListItem\",\"position\":2,\"name\":\"Une mauvaise nouvelle tombe pour Paul Biya depuis l\u2019ONU : Tibor Nay ne l\u00e2che pas Etoudi\"}]},{\"@type\":\"WebSite\",\"@id\":\"https:\/\/www.africa-press.net\/cameroun\/#website\",\"url\":\"https:\/\/www.africa-press.net\/cameroun\/\",\"name\":\"Cameroun\",\"description\":\"Just another Africa News Agency Sites site\",\"potentialAction\":[{\"@type\":\"SearchAction\",\"target\":{\"@type\":\"EntryPoint\",\"urlTemplate\":\"https:\/\/www.africa-press.net\/cameroun\/?s={search_term_string}\"},\"query-input\":{\"@type\":\"PropertyValueSpecification\",\"valueRequired\":true,\"valueName\":\"search_term_string\"}}],\"inLanguage\":\"fr-FR\"},{\"@type\":\"Person\",\"@id\":\"https:\/\/www.africa-press.net\/cameroun\/#\/schema\/person\/2b1cf3cd81a31e3cd26889ca66d677f1\",\"name\":\"cfeditorfr\"}]}<\/script>\n<!-- \/ Yoast SEO Premium plugin. -->","yoast_head_json":{"title":"Une mauvaise nouvelle tombe pour Paul Biya depuis l\u2019ONU : Tibor Nay ne l\u00e2che pas Etoudi - Cameroun","description":"Alors que l'Assemble\u0301e ge\u0301ne\u0301rale des Nations Unies se de\u0301roule actuellement a\u0300 New York, les discours a\u0300 la tribune se ...","robots":{"index":"index","follow":"follow","max-snippet":"max-snippet:-1","max-image-preview":"max-image-preview:large","max-video-preview":"max-video-preview:-1"},"canonical":"https:\/\/www.africa-press.net\/cameroun\/politique\/une-mauvaise-nouvelle-tombe-pour-paul-biya-depuis-lonu-tibor-nay-ne-lache-pas-etoudi","og_locale":"fr_FR","og_type":"article","og_title":"Une mauvaise nouvelle tombe pour Paul Biya depuis l\u2019ONU : Tibor Nay ne l\u00e2che pas Etoudi","og_description":"Alors que l'Assemble\u0301e ge\u0301ne\u0301rale des Nations Unies se de\u0301roule actuellement a\u0300 New York, les discours a\u0300 la tribune se ...","og_url":"https:\/\/www.africa-press.net\/cameroun\/politique\/une-mauvaise-nouvelle-tombe-pour-paul-biya-depuis-lonu-tibor-nay-ne-lache-pas-etoudi","og_site_name":"Cameroun","article_published_time":"2023-09-25T18:38:22+00:00","article_modified_time":"2023-09-25T19:12:37+00:00","og_image":[{"width":720,"height":355,"url":"https:\/\/static.africa-press.net\/cameroun\/sites\/57\/2023\/09\/sm_1695656301.442154.jpg","type":"image\/jpeg"}],"author":"cfeditorfr","twitter_card":"summary_large_image","twitter_misc":{"\u00c9crit par":"cfeditorfr","Dur\u00e9e de lecture estim\u00e9e":"2 minutes"},"schema":{"@context":"https:\/\/schema.org","@graph":[{"@type":"Article","@id":"https:\/\/www.africa-press.net\/cameroun\/politique\/une-mauvaise-nouvelle-tombe-pour-paul-biya-depuis-lonu-tibor-nay-ne-lache-pas-etoudi#article","isPartOf":{"@id":"https:\/\/www.africa-press.net\/cameroun\/politique\/une-mauvaise-nouvelle-tombe-pour-paul-biya-depuis-lonu-tibor-nay-ne-lache-pas-etoudi"},"author":{"name":"cfeditorfr","@id":"https:\/\/www.africa-press.net\/cameroun\/#\/schema\/person\/2b1cf3cd81a31e3cd26889ca66d677f1"},"headline":"Une mauvaise nouvelle tombe pour Paul Biya depuis l\u2019ONU : Tibor Nay ne l\u00e2che pas Etoudi","datePublished":"2023-09-25T18:38:22+00:00","dateModified":"2023-09-25T19:12:37+00:00","mainEntityOfPage":{"@id":"https:\/\/www.africa-press.net\/cameroun\/politique\/une-mauvaise-nouvelle-tombe-pour-paul-biya-depuis-lonu-tibor-nay-ne-lache-pas-etoudi"},"wordCount":425,"commentCount":0,"image":{"@id":"https:\/\/www.africa-press.net\/cameroun\/politique\/une-mauvaise-nouvelle-tombe-pour-paul-biya-depuis-lonu-tibor-nay-ne-lache-pas-etoudi#primaryimage"},"thumbnailUrl":"https:\/\/static.africa-press.net\/cameroun\/sites\/57\/2023\/09\/sm_1695656301.442154.jpg","keywords":["Africa Press","Africa Press-Cameroun","Cameroun"],"articleSection":["Politique","Toutes les actualit\u00e9s"],"inLanguage":"fr-FR","potentialAction":[{"@type":"CommentAction","name":"Comment","target":["https:\/\/www.africa-press.net\/cameroun\/politique\/une-mauvaise-nouvelle-tombe-pour-paul-biya-depuis-lonu-tibor-nay-ne-lache-pas-etoudi#respond"]}]},{"@type":"WebPage","@id":"https:\/\/www.africa-press.net\/cameroun\/politique\/une-mauvaise-nouvelle-tombe-pour-paul-biya-depuis-lonu-tibor-nay-ne-lache-pas-etoudi","url":"https:\/\/www.africa-press.net\/cameroun\/politique\/une-mauvaise-nouvelle-tombe-pour-paul-biya-depuis-lonu-tibor-nay-ne-lache-pas-etoudi","name":"Une mauvaise nouvelle tombe pour Paul Biya depuis l\u2019ONU : Tibor Nay ne l\u00e2che pas Etoudi - Cameroun","isPartOf":{"@id":"https:\/\/www.africa-press.net\/cameroun\/#website"},"primaryImageOfPage":{"@id":"https:\/\/www.africa-press.net\/cameroun\/politique\/une-mauvaise-nouvelle-tombe-pour-paul-biya-depuis-lonu-tibor-nay-ne-lache-pas-etoudi#primaryimage"},"image":{"@id":"https:\/\/www.africa-press.net\/cameroun\/politique\/une-mauvaise-nouvelle-tombe-pour-paul-biya-depuis-lonu-tibor-nay-ne-lache-pas-etoudi#primaryimage"},"thumbnailUrl":"https:\/\/static.africa-press.net\/cameroun\/sites\/57\/2023\/09\/sm_1695656301.442154.jpg","datePublished":"2023-09-25T18:38:22+00:00","dateModified":"2023-09-25T19:12:37+00:00","author":{"@id":"https:\/\/www.africa-press.net\/cameroun\/#\/schema\/person\/2b1cf3cd81a31e3cd26889ca66d677f1"},"description":"Alors que l'Assemble\u0301e ge\u0301ne\u0301rale des Nations Unies se de\u0301roule actuellement a\u0300 New York, les discours a\u0300 la tribune se ...","breadcrumb":{"@id":"https:\/\/www.africa-press.net\/cameroun\/politique\/une-mauvaise-nouvelle-tombe-pour-paul-biya-depuis-lonu-tibor-nay-ne-lache-pas-etoudi#breadcrumb"},"inLanguage":"fr-FR","potentialAction":[{"@type":"ReadAction","target":["https:\/\/www.africa-press.net\/cameroun\/politique\/une-mauvaise-nouvelle-tombe-pour-paul-biya-depuis-lonu-tibor-nay-ne-lache-pas-etoudi"]}]},{"@type":"ImageObject","inLanguage":"fr-FR","@id":"https:\/\/www.africa-press.net\/cameroun\/politique\/une-mauvaise-nouvelle-tombe-pour-paul-biya-depuis-lonu-tibor-nay-ne-lache-pas-etoudi#primaryimage","url":"https:\/\/static.africa-press.net\/cameroun\/sites\/57\/2023\/09\/sm_1695656301.442154.jpg","contentUrl":"https:\/\/static.africa-press.net\/cameroun\/sites\/57\/2023\/09\/sm_1695656301.442154.jpg","width":720,"height":355,"caption":"Une mauvaise nouvelle tombe pour Paul Biya depuis l\u2019ONU : Tibor Nay ne l\u00e2che pas Etoudi"},{"@type":"BreadcrumbList","@id":"https:\/\/www.africa-press.net\/cameroun\/politique\/une-mauvaise-nouvelle-tombe-pour-paul-biya-depuis-lonu-tibor-nay-ne-lache-pas-etoudi#breadcrumb","itemListElement":[{"@type":"ListItem","position":1,"name":"Accueil","item":"https:\/\/www.africa-press.net\/cameroun\/"},{"@type":"ListItem","position":2,"name":"Une mauvaise nouvelle tombe pour Paul Biya depuis l\u2019ONU : Tibor Nay ne l\u00e2che pas Etoudi"}]},{"@type":"WebSite","@id":"https:\/\/www.africa-press.net\/cameroun\/#website","url":"https:\/\/www.africa-press.net\/cameroun\/","name":"Cameroun","description":"Just another Africa News Agency Sites site","potentialAction":[{"@type":"SearchAction","target":{"@type":"EntryPoint","urlTemplate":"https:\/\/www.africa-press.net\/cameroun\/?s={search_term_string}"},"query-input":{"@type":"PropertyValueSpecification","valueRequired":true,"valueName":"search_term_string"}}],"inLanguage":"fr-FR"},{"@type":"Person","@id":"https:\/\/www.africa-press.net\/cameroun\/#\/schema\/person\/2b1cf3cd81a31e3cd26889ca66d677f1","name":"cfeditorfr"}]}},"_links":{"self":[{"href":"https:\/\/www.africa-press.net\/cameroun\/wp-json\/wp\/v2\/posts\/51639","targetHints":{"allow":["GET"]}}],"collection":[{"href":"https:\/\/www.africa-press.net\/cameroun\/wp-json\/wp\/v2\/posts"}],"about":[{"href":"https:\/\/www.africa-press.net\/cameroun\/wp-json\/wp\/v2\/types\/post"}],"author":[{"embeddable":true,"href":"https:\/\/www.africa-press.net\/cameroun\/wp-json\/wp\/v2\/users\/82"}],"replies":[{"embeddable":true,"href":"https:\/\/www.africa-press.net\/cameroun\/wp-json\/wp\/v2\/comments?post=51639"}],"version-history":[{"count":0,"href":"https:\/\/www.africa-press.net\/cameroun\/wp-json\/wp\/v2\/posts\/51639\/revisions"}],"wp:featuredmedia":[{"embeddable":true,"href":"https:\/\/www.africa-press.net\/cameroun\/wp-json\/wp\/v2\/media\/51638"}],"wp:attachment":[{"href":"https:\/\/www.africa-press.net\/cameroun\/wp-json\/wp\/v2\/media?parent=51639"}],"wp:term":[{"taxonomy":"category","embeddable":true,"href":"https:\/\/www.africa-press.net\/cameroun\/wp-json\/wp\/v2\/categories?post=51639"},{"taxonomy":"post_tag","embeddable":true,"href":"https:\/\/www.africa-press.net\/cameroun\/wp-json\/wp\/v2\/tags?post=51639"}],"curies":[{"name":"wp","href":"https:\/\/api.w.org\/{rel}","templated":true}]}}