{"id":51667,"date":"2023-09-25T18:51:24","date_gmt":"2023-09-25T18:51:24","guid":{"rendered":"https:\/\/www.africa-press.net\/cameroun\/politique\/un-certain-souci-de-limage-de-lafrique"},"modified":"2023-09-25T19:49:50","modified_gmt":"2023-09-25T19:49:50","slug":"un-certain-souci-de-limage-de-lafrique","status":"publish","type":"post","link":"https:\/\/www.africa-press.net\/cameroun\/dossiers\/un-certain-souci-de-limage-de-lafrique","title":{"rendered":"Un certain souci de l\u2019image de l\u2019Afrique\u2026"},"content":{"rendered":"<p><span style=\"color: #ff6600\"><strong>Africa-Press &#8211; Cameroun. <\/strong><\/span>Le ce\u0301nacle des Nations unies est fait pour l\u2019Histoire, pour les esprits brillants, et l\u2019Afrique en compte suffisamment, pour ne pas s\u2019offrir en spectacle a\u0300 son de\u0301savantage.<\/p>\n<p>Avec l\u2019affluence africaine, cette anne\u0301e, a\u0300 la tribune de l\u2019Assemble\u0301e ge\u0301ne\u0301rale des Nations unies, on peut dire que le continent pouvait difficilement ne pas e\u0302tre audible. Quels points de vue de l\u2019Afrique peut-on, selon vous, retenir comme ayant, concre\u0300tement, marque\u0301 cette 78e session, a\u0300 New York ?<\/p>\n<p>En prenant, ici et la\u0300, un extrait de quelques-uns des discours prononce\u0301s par certains dirigeants du continent, peut-e\u0302tre pourrait-on reconstituer quelque peu ce qui constitue l\u2019essentiel des pre\u0301occupations de l\u2019Afrique, aujourd\u2019hui. Mais, l\u2019exercice serait fastidieux. Car, s\u2019ils ont beaucoup parle\u0301, c\u2019e\u0301tait, souvent, pour se glorifier, ressasser les me\u0302mes frustrations a\u0300 la face du monde, ou citer sans cesse la charte du 26 juin 1945, croyant instruire le monde. Quant au sie\u0300ge permanent pour l\u2019Afrique au Conseil de se\u0301curite\u0301, l\u2019on attend toujours de savoir ce que l\u2019Afrique compte en faire, par qui elle le fera incarner, pour porter exactement quelle voix.<\/p>\n<p>En 2019, lors de la promotion de ses me\u0301moires, \u00ab Tough Love \u00bb, la diplomate ame\u0301ricaine Susan Rice s\u2019e\u0301tait permis, dans un de ces shows humoristiques qu\u2019affectionnent ses concitoyens, quelques plaisanteries sur le de\u0301file\u0301 des dirigeants africains et leurs suites a\u0300 New York, chaque anne\u0301e, a\u0300 l\u2019occasion de l\u2019Assemble\u0301e ge\u0301ne\u0301rale des Nations unies.<\/p>\n<p>Elle assimilait alors cela a\u0300 un folklore grotesque, dispendieux, comme on dit, au Que\u0301bec. Si Susan Rice n\u2019avait pas e\u0301te\u0301 noire, d\u2019aucuns auraient assimile\u0301 cette description peu charitable a\u0300 du racisme. Mais comment l\u2019en accuser, lorsque l\u2019on sait que, du temps ou\u0300 elle e\u0301tait sous-Secre\u0301taire d\u2019E\u0301tat aux Affaires africaines, elle vouait une grande admiration et un profond respect a\u0300 certains dirigeants africains, ne tarissant par exemple pas d\u2019e\u0301loges sur le Botswanais Festus Mogae !<\/p>\n<p>Les dirigeants africains ne me\u0301ritent donc pas de telles railleries, selon vous ?<\/p>\n<p>Ils devraient, en tout cas, savoir a\u0300 quel point ils peuvent e\u0302tre des proies faciles pour certains esprits moqueurs, et pas seulement en Occident. Et donc, bien se tenir dans ces grands rendez-vous, au lieu de prendre le Palais de verre de Manhattan pour un the\u0301a\u0302tre ou\u0300 se donner en spectacle. E\u0301videmment, la plupart des dirigeants tiennent leur rang. Mais il suffit, parfois, que deux ou trois se distinguent tristement, pour que les moqueurs ricanent, en chuchotant que la troupe est de sortie. C\u2019est d\u2019autant plus triste qu\u2019il fut une e\u0301poque ou\u0300, dans cette me\u0302me ville de New York, certains chefs d\u2019E\u0301tat africains e\u0301taient ce\u0301le\u0301bre\u0301s avec grand respect. Quelques-uns avaient me\u0302me droit, au de\u0301but des anne\u0301es 60, a\u0300 la Ticker-Tape Parade, sur Broadway&#8230; Rien a\u0300 voir avec Tintin en Ame\u0301rique ou quelque autre folklore. De la de\u0301fe\u0301rence ! Et ces leaders, c\u2019e\u0301taient les Hai\u0308le\u0301 Selassie\u0301, Fe\u0301lix Houphoue\u0308t-Boigny et autres Sylvanus Olympio&#8230; Me\u0302me lorsque, apre\u0300s l\u2019assassinat de John Kennedy, en novembre 1963, ces parades se sont rare\u0301fie\u0301es, New York a continue\u0301 a\u0300 en faire l\u2019honneur a\u0300 ceux qui le me\u0301ritaient vraiment. Comme a\u0300 Nelson Mandela, en juin 1990.<\/p>\n<p>Avec autant de prestigieux chefs d\u2019E\u0301tat africains passe\u0301s a\u0300 New York, autant de brillants orateurs a\u0300 l\u2019Onu, l\u2019Afrique ne devrait-elle pas conside\u0301rer les carences actuelles comme passage\u0300res ?<\/p>\n<p>Encore, aujourd\u2019hui, on rele\u0300ve de tre\u0300s bons discours, prononce\u0301s par des Africains respecte\u0301s. Le seul drame de ce continent est que, plus que tout autre, il est toujours juge\u0301 a\u0300 partir des insuffisances des me\u0301diocres, sinon des cancres. Un seul bouffon suffit a\u0300 e\u0301clipser des dizaines de femmes et d\u2019hommes de qualite\u0301. Voila\u0300 pourquoi certains devraient juste se faire discrets, s\u2019ils ne peuvent, par leur tenue et leur discours, rehausser l\u2019image de leur pays et du continent. Et ne pas risquer inutilement la re\u0301putation de leur peuple et de l\u2019Afrique, en s\u2019aventurant dans un exercice mal mai\u0302trise\u0301. Apre\u0300s tout, la plupart des nations du monde envoient les meilleurs de leurs diplomates aux Nations unies. Car, ce ce\u0301nacle est fait pour l\u2019Histoire. Pour les esprits brillants, et l\u2019Afrique en compte suffisamment, pour ne pas s\u2019offrir en spectacle a\u0300 son de\u0301savantage.<\/p>\n<p>Jean-Baptiste Placca<\/p>\n<p><strong>Pour plus d&rsquo;informations et d&rsquo;analyses sur la <a href=\"https:\/\/www.africa-press.net\/cameroun\">Cameroun<\/a>, suivez <a href=\"https:\/\/www.africa-press.net\/\">Africa-Press<\/a><\/strong><\/p>\n","protected":false},"excerpt":{"rendered":"<p>Africa-Press &#8211; Cameroun. Le ce\u0301nacle des Nations unies est fait pour l\u2019Histoire, pour les esprits brillants, et l\u2019Afrique en compte suffisamment, pour ne pas s\u2019offrir en spectacle a\u0300 son de\u0301savantage. Avec l\u2019affluence africaine, cette anne\u0301e, a\u0300 la tribune de l\u2019Assemble\u0301e ge\u0301ne\u0301rale des Nations unies, on peut dire que le continent pouvait difficilement ne pas e\u0302tre [&hellip;]<\/p>\n","protected":false},"author":82,"featured_media":51666,"comment_status":"open","ping_status":"closed","sticky":false,"template":"","format":"standard","meta":{"footnotes":""},"categories":[7,10],"tags":[36,50,37,49],"class_list":["post-51667","post","type-post","status-publish","format-standard","has-post-thumbnail","hentry","category-dossiers","category-toutes-les-actualites","tag-africa-press","tag-africa-press-cameroun","tag-afrique","tag-cameroun"],"yoast_head":"<!-- This site is optimized with the Yoast SEO Premium plugin v26.1 (Yoast SEO v27.0) - https:\/\/yoast.com\/product\/yoast-seo-premium-wordpress\/ -->\n<title>Un certain souci de l\u2019image de l\u2019Afrique\u2026 - Cameroun<\/title>\n<meta name=\"description\" content=\"Le ce\u0301nacle des Nations unies est fait pour l\u2019Histoire, pour les esprits brillants, et l\u2019Afrique en compte suffisamment, ...\" \/>\n<meta name=\"robots\" content=\"index, follow, max-snippet:-1, max-image-preview:large, max-video-preview:-1\" \/>\n<link rel=\"canonical\" href=\"https:\/\/www.africa-press.net\/cameroun\/dossiers\/un-certain-souci-de-limage-de-lafrique\" \/>\n<meta property=\"og:locale\" content=\"fr_FR\" \/>\n<meta property=\"og:type\" content=\"article\" \/>\n<meta property=\"og:title\" content=\"Un certain souci de l\u2019image de l\u2019Afrique\u2026\" \/>\n<meta property=\"og:description\" content=\"Le ce\u0301nacle des Nations unies est fait pour l\u2019Histoire, pour les esprits brillants, et l\u2019Afrique en compte suffisamment, ...\" \/>\n<meta property=\"og:url\" content=\"https:\/\/www.africa-press.net\/cameroun\/dossiers\/un-certain-souci-de-limage-de-lafrique\" \/>\n<meta property=\"og:site_name\" content=\"Cameroun\" \/>\n<meta property=\"article:published_time\" content=\"2023-09-25T18:51:24+00:00\" \/>\n<meta property=\"article:modified_time\" content=\"2023-09-25T19:49:50+00:00\" \/>\n<meta property=\"og:image\" content=\"https:\/\/static.africa-press.net\/cameroun\/sites\/57\/2023\/09\/sm_1695658210.525451.jpg\" \/>\n\t<meta property=\"og:image:width\" content=\"720\" \/>\n\t<meta property=\"og:image:height\" content=\"480\" \/>\n\t<meta property=\"og:image:type\" content=\"image\/jpeg\" \/>\n<meta name=\"author\" content=\"cfeditorfr\" \/>\n<meta name=\"twitter:card\" content=\"summary_large_image\" \/>\n<meta name=\"twitter:label1\" content=\"\u00c9crit par\" \/>\n\t<meta name=\"twitter:data1\" content=\"cfeditorfr\" \/>\n\t<meta name=\"twitter:label2\" content=\"Dur\u00e9e de lecture estim\u00e9e\" \/>\n\t<meta name=\"twitter:data2\" content=\"4 minutes\" \/>\n<script type=\"application\/ld+json\" class=\"yoast-schema-graph\">{\"@context\":\"https:\/\/schema.org\",\"@graph\":[{\"@type\":\"Article\",\"@id\":\"https:\/\/www.africa-press.net\/cameroun\/dossiers\/un-certain-souci-de-limage-de-lafrique#article\",\"isPartOf\":{\"@id\":\"https:\/\/www.africa-press.net\/cameroun\/dossiers\/un-certain-souci-de-limage-de-lafrique\"},\"author\":{\"name\":\"cfeditorfr\",\"@id\":\"https:\/\/www.africa-press.net\/cameroun\/#\/schema\/person\/2b1cf3cd81a31e3cd26889ca66d677f1\"},\"headline\":\"Un certain souci de l\u2019image de l\u2019Afrique\u2026\",\"datePublished\":\"2023-09-25T18:51:24+00:00\",\"dateModified\":\"2023-09-25T19:49:50+00:00\",\"mainEntityOfPage\":{\"@id\":\"https:\/\/www.africa-press.net\/cameroun\/dossiers\/un-certain-souci-de-limage-de-lafrique\"},\"wordCount\":796,\"commentCount\":0,\"image\":{\"@id\":\"https:\/\/www.africa-press.net\/cameroun\/dossiers\/un-certain-souci-de-limage-de-lafrique#primaryimage\"},\"thumbnailUrl\":\"https:\/\/static.africa-press.net\/cameroun\/sites\/57\/2023\/09\/sm_1695658210.525451.jpg\",\"keywords\":[\"Africa Press\",\"Africa Press-Cameroun\",\"Afrique\",\"Cameroun\"],\"articleSection\":[\"Dossiers\",\"Toutes les actualit\u00e9s\"],\"inLanguage\":\"fr-FR\",\"potentialAction\":[{\"@type\":\"CommentAction\",\"name\":\"Comment\",\"target\":[\"https:\/\/www.africa-press.net\/cameroun\/dossiers\/un-certain-souci-de-limage-de-lafrique#respond\"]}]},{\"@type\":\"WebPage\",\"@id\":\"https:\/\/www.africa-press.net\/cameroun\/dossiers\/un-certain-souci-de-limage-de-lafrique\",\"url\":\"https:\/\/www.africa-press.net\/cameroun\/dossiers\/un-certain-souci-de-limage-de-lafrique\",\"name\":\"Un certain souci de l\u2019image de l\u2019Afrique\u2026 - Cameroun\",\"isPartOf\":{\"@id\":\"https:\/\/www.africa-press.net\/cameroun\/#website\"},\"primaryImageOfPage\":{\"@id\":\"https:\/\/www.africa-press.net\/cameroun\/dossiers\/un-certain-souci-de-limage-de-lafrique#primaryimage\"},\"image\":{\"@id\":\"https:\/\/www.africa-press.net\/cameroun\/dossiers\/un-certain-souci-de-limage-de-lafrique#primaryimage\"},\"thumbnailUrl\":\"https:\/\/static.africa-press.net\/cameroun\/sites\/57\/2023\/09\/sm_1695658210.525451.jpg\",\"datePublished\":\"2023-09-25T18:51:24+00:00\",\"dateModified\":\"2023-09-25T19:49:50+00:00\",\"author\":{\"@id\":\"https:\/\/www.africa-press.net\/cameroun\/#\/schema\/person\/2b1cf3cd81a31e3cd26889ca66d677f1\"},\"description\":\"Le ce\u0301nacle des Nations unies est fait pour l\u2019Histoire, pour les esprits brillants, et l\u2019Afrique en compte suffisamment, ...\",\"breadcrumb\":{\"@id\":\"https:\/\/www.africa-press.net\/cameroun\/dossiers\/un-certain-souci-de-limage-de-lafrique#breadcrumb\"},\"inLanguage\":\"fr-FR\",\"potentialAction\":[{\"@type\":\"ReadAction\",\"target\":[\"https:\/\/www.africa-press.net\/cameroun\/dossiers\/un-certain-souci-de-limage-de-lafrique\"]}]},{\"@type\":\"ImageObject\",\"inLanguage\":\"fr-FR\",\"@id\":\"https:\/\/www.africa-press.net\/cameroun\/dossiers\/un-certain-souci-de-limage-de-lafrique#primaryimage\",\"url\":\"https:\/\/static.africa-press.net\/cameroun\/sites\/57\/2023\/09\/sm_1695658210.525451.jpg\",\"contentUrl\":\"https:\/\/static.africa-press.net\/cameroun\/sites\/57\/2023\/09\/sm_1695658210.525451.jpg\",\"width\":720,\"height\":480,\"caption\":\"Un certain souci de l\u2019image de l\u2019Afrique\u2026\"},{\"@type\":\"BreadcrumbList\",\"@id\":\"https:\/\/www.africa-press.net\/cameroun\/dossiers\/un-certain-souci-de-limage-de-lafrique#breadcrumb\",\"itemListElement\":[{\"@type\":\"ListItem\",\"position\":1,\"name\":\"Accueil\",\"item\":\"https:\/\/www.africa-press.net\/cameroun\/\"},{\"@type\":\"ListItem\",\"position\":2,\"name\":\"Un certain souci de l\u2019image de l\u2019Afrique\u2026\"}]},{\"@type\":\"WebSite\",\"@id\":\"https:\/\/www.africa-press.net\/cameroun\/#website\",\"url\":\"https:\/\/www.africa-press.net\/cameroun\/\",\"name\":\"Cameroun\",\"description\":\"Just another Africa News Agency Sites site\",\"potentialAction\":[{\"@type\":\"SearchAction\",\"target\":{\"@type\":\"EntryPoint\",\"urlTemplate\":\"https:\/\/www.africa-press.net\/cameroun\/?s={search_term_string}\"},\"query-input\":{\"@type\":\"PropertyValueSpecification\",\"valueRequired\":true,\"valueName\":\"search_term_string\"}}],\"inLanguage\":\"fr-FR\"},{\"@type\":\"Person\",\"@id\":\"https:\/\/www.africa-press.net\/cameroun\/#\/schema\/person\/2b1cf3cd81a31e3cd26889ca66d677f1\",\"name\":\"cfeditorfr\"}]}<\/script>\n<!-- \/ Yoast SEO Premium plugin. -->","yoast_head_json":{"title":"Un certain souci de l\u2019image de l\u2019Afrique\u2026 - Cameroun","description":"Le ce\u0301nacle des Nations unies est fait pour l\u2019Histoire, pour les esprits brillants, et l\u2019Afrique en compte suffisamment, ...","robots":{"index":"index","follow":"follow","max-snippet":"max-snippet:-1","max-image-preview":"max-image-preview:large","max-video-preview":"max-video-preview:-1"},"canonical":"https:\/\/www.africa-press.net\/cameroun\/dossiers\/un-certain-souci-de-limage-de-lafrique","og_locale":"fr_FR","og_type":"article","og_title":"Un certain souci de l\u2019image de l\u2019Afrique\u2026","og_description":"Le ce\u0301nacle des Nations unies est fait pour l\u2019Histoire, pour les esprits brillants, et l\u2019Afrique en compte suffisamment, ...","og_url":"https:\/\/www.africa-press.net\/cameroun\/dossiers\/un-certain-souci-de-limage-de-lafrique","og_site_name":"Cameroun","article_published_time":"2023-09-25T18:51:24+00:00","article_modified_time":"2023-09-25T19:49:50+00:00","og_image":[{"width":720,"height":480,"url":"https:\/\/static.africa-press.net\/cameroun\/sites\/57\/2023\/09\/sm_1695658210.525451.jpg","type":"image\/jpeg"}],"author":"cfeditorfr","twitter_card":"summary_large_image","twitter_misc":{"\u00c9crit par":"cfeditorfr","Dur\u00e9e de lecture estim\u00e9e":"4 minutes"},"schema":{"@context":"https:\/\/schema.org","@graph":[{"@type":"Article","@id":"https:\/\/www.africa-press.net\/cameroun\/dossiers\/un-certain-souci-de-limage-de-lafrique#article","isPartOf":{"@id":"https:\/\/www.africa-press.net\/cameroun\/dossiers\/un-certain-souci-de-limage-de-lafrique"},"author":{"name":"cfeditorfr","@id":"https:\/\/www.africa-press.net\/cameroun\/#\/schema\/person\/2b1cf3cd81a31e3cd26889ca66d677f1"},"headline":"Un certain souci de l\u2019image de l\u2019Afrique\u2026","datePublished":"2023-09-25T18:51:24+00:00","dateModified":"2023-09-25T19:49:50+00:00","mainEntityOfPage":{"@id":"https:\/\/www.africa-press.net\/cameroun\/dossiers\/un-certain-souci-de-limage-de-lafrique"},"wordCount":796,"commentCount":0,"image":{"@id":"https:\/\/www.africa-press.net\/cameroun\/dossiers\/un-certain-souci-de-limage-de-lafrique#primaryimage"},"thumbnailUrl":"https:\/\/static.africa-press.net\/cameroun\/sites\/57\/2023\/09\/sm_1695658210.525451.jpg","keywords":["Africa Press","Africa Press-Cameroun","Afrique","Cameroun"],"articleSection":["Dossiers","Toutes les actualit\u00e9s"],"inLanguage":"fr-FR","potentialAction":[{"@type":"CommentAction","name":"Comment","target":["https:\/\/www.africa-press.net\/cameroun\/dossiers\/un-certain-souci-de-limage-de-lafrique#respond"]}]},{"@type":"WebPage","@id":"https:\/\/www.africa-press.net\/cameroun\/dossiers\/un-certain-souci-de-limage-de-lafrique","url":"https:\/\/www.africa-press.net\/cameroun\/dossiers\/un-certain-souci-de-limage-de-lafrique","name":"Un certain souci de l\u2019image de l\u2019Afrique\u2026 - Cameroun","isPartOf":{"@id":"https:\/\/www.africa-press.net\/cameroun\/#website"},"primaryImageOfPage":{"@id":"https:\/\/www.africa-press.net\/cameroun\/dossiers\/un-certain-souci-de-limage-de-lafrique#primaryimage"},"image":{"@id":"https:\/\/www.africa-press.net\/cameroun\/dossiers\/un-certain-souci-de-limage-de-lafrique#primaryimage"},"thumbnailUrl":"https:\/\/static.africa-press.net\/cameroun\/sites\/57\/2023\/09\/sm_1695658210.525451.jpg","datePublished":"2023-09-25T18:51:24+00:00","dateModified":"2023-09-25T19:49:50+00:00","author":{"@id":"https:\/\/www.africa-press.net\/cameroun\/#\/schema\/person\/2b1cf3cd81a31e3cd26889ca66d677f1"},"description":"Le ce\u0301nacle des Nations unies est fait pour l\u2019Histoire, pour les esprits brillants, et l\u2019Afrique en compte suffisamment, ...","breadcrumb":{"@id":"https:\/\/www.africa-press.net\/cameroun\/dossiers\/un-certain-souci-de-limage-de-lafrique#breadcrumb"},"inLanguage":"fr-FR","potentialAction":[{"@type":"ReadAction","target":["https:\/\/www.africa-press.net\/cameroun\/dossiers\/un-certain-souci-de-limage-de-lafrique"]}]},{"@type":"ImageObject","inLanguage":"fr-FR","@id":"https:\/\/www.africa-press.net\/cameroun\/dossiers\/un-certain-souci-de-limage-de-lafrique#primaryimage","url":"https:\/\/static.africa-press.net\/cameroun\/sites\/57\/2023\/09\/sm_1695658210.525451.jpg","contentUrl":"https:\/\/static.africa-press.net\/cameroun\/sites\/57\/2023\/09\/sm_1695658210.525451.jpg","width":720,"height":480,"caption":"Un certain souci de l\u2019image de l\u2019Afrique\u2026"},{"@type":"BreadcrumbList","@id":"https:\/\/www.africa-press.net\/cameroun\/dossiers\/un-certain-souci-de-limage-de-lafrique#breadcrumb","itemListElement":[{"@type":"ListItem","position":1,"name":"Accueil","item":"https:\/\/www.africa-press.net\/cameroun\/"},{"@type":"ListItem","position":2,"name":"Un certain souci de l\u2019image de l\u2019Afrique\u2026"}]},{"@type":"WebSite","@id":"https:\/\/www.africa-press.net\/cameroun\/#website","url":"https:\/\/www.africa-press.net\/cameroun\/","name":"Cameroun","description":"Just another Africa News Agency Sites site","potentialAction":[{"@type":"SearchAction","target":{"@type":"EntryPoint","urlTemplate":"https:\/\/www.africa-press.net\/cameroun\/?s={search_term_string}"},"query-input":{"@type":"PropertyValueSpecification","valueRequired":true,"valueName":"search_term_string"}}],"inLanguage":"fr-FR"},{"@type":"Person","@id":"https:\/\/www.africa-press.net\/cameroun\/#\/schema\/person\/2b1cf3cd81a31e3cd26889ca66d677f1","name":"cfeditorfr"}]}},"_links":{"self":[{"href":"https:\/\/www.africa-press.net\/cameroun\/wp-json\/wp\/v2\/posts\/51667","targetHints":{"allow":["GET"]}}],"collection":[{"href":"https:\/\/www.africa-press.net\/cameroun\/wp-json\/wp\/v2\/posts"}],"about":[{"href":"https:\/\/www.africa-press.net\/cameroun\/wp-json\/wp\/v2\/types\/post"}],"author":[{"embeddable":true,"href":"https:\/\/www.africa-press.net\/cameroun\/wp-json\/wp\/v2\/users\/82"}],"replies":[{"embeddable":true,"href":"https:\/\/www.africa-press.net\/cameroun\/wp-json\/wp\/v2\/comments?post=51667"}],"version-history":[{"count":0,"href":"https:\/\/www.africa-press.net\/cameroun\/wp-json\/wp\/v2\/posts\/51667\/revisions"}],"wp:featuredmedia":[{"embeddable":true,"href":"https:\/\/www.africa-press.net\/cameroun\/wp-json\/wp\/v2\/media\/51666"}],"wp:attachment":[{"href":"https:\/\/www.africa-press.net\/cameroun\/wp-json\/wp\/v2\/media?parent=51667"}],"wp:term":[{"taxonomy":"category","embeddable":true,"href":"https:\/\/www.africa-press.net\/cameroun\/wp-json\/wp\/v2\/categories?post=51667"},{"taxonomy":"post_tag","embeddable":true,"href":"https:\/\/www.africa-press.net\/cameroun\/wp-json\/wp\/v2\/tags?post=51667"}],"curies":[{"name":"wp","href":"https:\/\/api.w.org\/{rel}","templated":true}]}}