{"id":51695,"date":"2023-09-25T18:39:23","date_gmt":"2023-09-25T18:39:23","guid":{"rendered":"https:\/\/www.africa-press.net\/cameroun\/politique\/la-sanction-est-lourde-manaouda-malachie-est-sans-pitie-avec-un-medecin"},"modified":"2023-09-26T23:31:04","modified_gmt":"2023-09-26T23:31:04","slug":"la-sanction-est-lourde-manaouda-malachie-est-sans-pitie-avec-un-medecin","status":"publish","type":"post","link":"https:\/\/www.africa-press.net\/cameroun\/toutes-les-actualites\/la-sanction-est-lourde-manaouda-malachie-est-sans-pitie-avec-un-medecin","title":{"rendered":"La sanction est lourde : Manaouda Malachie est sans piti\u00e9 avec un m\u00e9decin"},"content":{"rendered":"<p><span style=\"color: #ff6600\"><strong>Africa-Press &#8211; Cameroun. <\/strong><\/span>Une de\u0301cision du Ministre de la Sante\u0301 Publique, Manaouda Malachie, a e\u0301te\u0301 rendue effective le 22 septembre dernier, suspendant un me\u0301decin pour tentative de pratique ille\u0301gale et manquements graves a\u0300 l&rsquo;e\u0301thique, a\u0300 la de\u0301ontologie administrative et professionnelle.<\/p>\n<p>Selon le communique\u0301 officiel, Monsieur LONDJI Gilles Martin, Me\u0301decin Spe\u0301cialiste en Chirurgie Thoracique et Cardiovasculaire, ainsi que Conseiller Me\u0301dical de l&rsquo;Ho\u0302pital de Re\u0301fe\u0301rence de Sangme\u0301lima, se voit suspendu de toute activite\u0301 au sein de cet e\u0301tablissement pour une dure\u0301e initiale de quatre (04) mois, potentiellement renouvelable. Cette suspension fait suite a\u0300 des alle\u0301gations de tentative de pratique ille\u0301gale de la me\u0301decine et a\u0300 des manquements graves a\u0300 l&rsquo;e\u0301thique professionnelle.<\/p>\n<p>Pendant cette pe\u0301riode de suspension, l&rsquo;inte\u0301resse\u0301 ne percevra pas de salaire et ne sera repris en service qu&rsquo;apre\u0300s la leve\u0301e de la suspension.<\/p>\n<p>Cette de\u0301cision a e\u0301te\u0301 prise dans le cadre du respect des normes e\u0301thiques et de\u0301ontologiques qui re\u0301gissent la profession me\u0301dicale au Cameroun. Le Ministe\u0300re de la Sante\u0301 Publique entend ainsi veiller a\u0300 ce que la pratique me\u0301dicale demeure conforme aux re\u0301glementations en vigueur et aux plus hautes normes de professionnalisme.<\/p>\n<p>La pre\u0301sente de\u0301cision a e\u0301te\u0301 enregistre\u0301e, publie\u0301e et communique\u0301e aux parties concerne\u0301es, marquant ainsi la volonte\u0301 des autorite\u0301s de maintenir l&rsquo;inte\u0301grite\u0301 et la qualite\u0301 des soins de sante\u0301 au Cameroun. Elle rappelle e\u0301galement que la profession me\u0301dicale est soumise a\u0300 des re\u0300gles strictes visant a\u0300 garantir la se\u0301curite\u0301 et le bien-e\u0302tre des patients.<\/p>\n<p><strong>Pour plus d&rsquo;informations et d&rsquo;analyses sur la <a href=\"https:\/\/www.africa-press.net\/cameroun\">Cameroun<\/a>, suivez <a href=\"https:\/\/www.africa-press.net\/\">Africa-Press<\/a><\/strong><\/p>\n","protected":false},"excerpt":{"rendered":"<p>Africa-Press &#8211; Cameroun. Une de\u0301cision du Ministre de la Sante\u0301 Publique, Manaouda Malachie, a e\u0301te\u0301 rendue effective le 22 septembre dernier, suspendant un me\u0301decin pour tentative de pratique ille\u0301gale et manquements graves a\u0300 l&rsquo;e\u0301thique, a\u0300 la de\u0301ontologie administrative et professionnelle. Selon le communique\u0301 officiel, Monsieur LONDJI Gilles Martin, Me\u0301decin Spe\u0301cialiste en Chirurgie Thoracique et Cardiovasculaire, [&hellip;]<\/p>\n","protected":false},"author":82,"featured_media":51694,"comment_status":"open","ping_status":"closed","sticky":false,"template":"","format":"standard","meta":{"footnotes":""},"categories":[21,10],"tags":[36,50,49],"class_list":["post-51695","post","type-post","status-publish","format-standard","has-post-thumbnail","hentry","category-communaute","category-toutes-les-actualites","tag-africa-press","tag-africa-press-cameroun","tag-cameroun"],"yoast_head":"<!-- This site is optimized with the Yoast SEO Premium plugin v26.1 (Yoast SEO v27.0) - https:\/\/yoast.com\/product\/yoast-seo-premium-wordpress\/ -->\n<title>La sanction est lourde : Manaouda Malachie est sans piti\u00e9 avec un m\u00e9decin - Cameroun<\/title>\n<meta name=\"description\" content=\"Une de\u0301cision du Ministre de la Sante\u0301 Publique, Manaouda Malachie, a e\u0301te\u0301 rendue effective le 22 septembre dernier, su ...\" \/>\n<meta name=\"robots\" content=\"index, follow, max-snippet:-1, max-image-preview:large, max-video-preview:-1\" \/>\n<link rel=\"canonical\" href=\"https:\/\/www.africa-press.net\/cameroun\/toutes-les-actualites\/la-sanction-est-lourde-manaouda-malachie-est-sans-pitie-avec-un-medecin\" \/>\n<meta property=\"og:locale\" content=\"fr_FR\" \/>\n<meta property=\"og:type\" content=\"article\" \/>\n<meta property=\"og:title\" content=\"La sanction est lourde : Manaouda Malachie est sans piti\u00e9 avec un m\u00e9decin\" \/>\n<meta property=\"og:description\" content=\"Une de\u0301cision du Ministre de la Sante\u0301 Publique, Manaouda Malachie, a e\u0301te\u0301 rendue effective le 22 septembre dernier, su ...\" \/>\n<meta property=\"og:url\" content=\"https:\/\/www.africa-press.net\/cameroun\/toutes-les-actualites\/la-sanction-est-lourde-manaouda-malachie-est-sans-pitie-avec-un-medecin\" \/>\n<meta property=\"og:site_name\" content=\"Cameroun\" \/>\n<meta property=\"article:published_time\" content=\"2023-09-25T18:39:23+00:00\" \/>\n<meta property=\"article:modified_time\" content=\"2023-09-26T23:31:04+00:00\" \/>\n<meta property=\"og:image\" content=\"https:\/\/static.africa-press.net\/cameroun\/sites\/57\/2023\/09\/sm_1695708957.453855.jpg\" \/>\n\t<meta property=\"og:image:width\" content=\"720\" \/>\n\t<meta property=\"og:image:height\" content=\"410\" \/>\n\t<meta property=\"og:image:type\" content=\"image\/jpeg\" \/>\n<meta name=\"author\" content=\"cfeditorfr\" \/>\n<meta name=\"twitter:card\" content=\"summary_large_image\" \/>\n<meta name=\"twitter:label1\" content=\"\u00c9crit par\" \/>\n\t<meta name=\"twitter:data1\" content=\"cfeditorfr\" \/>\n\t<meta name=\"twitter:label2\" content=\"Dur\u00e9e de lecture estim\u00e9e\" \/>\n\t<meta name=\"twitter:data2\" content=\"2 minutes\" \/>\n<script type=\"application\/ld+json\" class=\"yoast-schema-graph\">{\"@context\":\"https:\/\/schema.org\",\"@graph\":[{\"@type\":\"Article\",\"@id\":\"https:\/\/www.africa-press.net\/cameroun\/toutes-les-actualites\/la-sanction-est-lourde-manaouda-malachie-est-sans-pitie-avec-un-medecin#article\",\"isPartOf\":{\"@id\":\"https:\/\/www.africa-press.net\/cameroun\/toutes-les-actualites\/la-sanction-est-lourde-manaouda-malachie-est-sans-pitie-avec-un-medecin\"},\"author\":{\"name\":\"cfeditorfr\",\"@id\":\"https:\/\/www.africa-press.net\/cameroun\/#\/schema\/person\/2b1cf3cd81a31e3cd26889ca66d677f1\"},\"headline\":\"La sanction est lourde : Manaouda Malachie est sans piti\u00e9 avec un m\u00e9decin\",\"datePublished\":\"2023-09-25T18:39:23+00:00\",\"dateModified\":\"2023-09-26T23:31:04+00:00\",\"mainEntityOfPage\":{\"@id\":\"https:\/\/www.africa-press.net\/cameroun\/toutes-les-actualites\/la-sanction-est-lourde-manaouda-malachie-est-sans-pitie-avec-un-medecin\"},\"wordCount\":310,\"commentCount\":0,\"image\":{\"@id\":\"https:\/\/www.africa-press.net\/cameroun\/toutes-les-actualites\/la-sanction-est-lourde-manaouda-malachie-est-sans-pitie-avec-un-medecin#primaryimage\"},\"thumbnailUrl\":\"https:\/\/static.africa-press.net\/cameroun\/sites\/57\/2023\/09\/sm_1695708957.453855.jpg\",\"keywords\":[\"Africa Press\",\"Africa Press-Cameroun\",\"Cameroun\"],\"articleSection\":[\"Communaut\u00e9\",\"Toutes les actualit\u00e9s\"],\"inLanguage\":\"fr-FR\",\"potentialAction\":[{\"@type\":\"CommentAction\",\"name\":\"Comment\",\"target\":[\"https:\/\/www.africa-press.net\/cameroun\/toutes-les-actualites\/la-sanction-est-lourde-manaouda-malachie-est-sans-pitie-avec-un-medecin#respond\"]}]},{\"@type\":\"WebPage\",\"@id\":\"https:\/\/www.africa-press.net\/cameroun\/toutes-les-actualites\/la-sanction-est-lourde-manaouda-malachie-est-sans-pitie-avec-un-medecin\",\"url\":\"https:\/\/www.africa-press.net\/cameroun\/toutes-les-actualites\/la-sanction-est-lourde-manaouda-malachie-est-sans-pitie-avec-un-medecin\",\"name\":\"La sanction est lourde : Manaouda Malachie est sans piti\u00e9 avec un m\u00e9decin - Cameroun\",\"isPartOf\":{\"@id\":\"https:\/\/www.africa-press.net\/cameroun\/#website\"},\"primaryImageOfPage\":{\"@id\":\"https:\/\/www.africa-press.net\/cameroun\/toutes-les-actualites\/la-sanction-est-lourde-manaouda-malachie-est-sans-pitie-avec-un-medecin#primaryimage\"},\"image\":{\"@id\":\"https:\/\/www.africa-press.net\/cameroun\/toutes-les-actualites\/la-sanction-est-lourde-manaouda-malachie-est-sans-pitie-avec-un-medecin#primaryimage\"},\"thumbnailUrl\":\"https:\/\/static.africa-press.net\/cameroun\/sites\/57\/2023\/09\/sm_1695708957.453855.jpg\",\"datePublished\":\"2023-09-25T18:39:23+00:00\",\"dateModified\":\"2023-09-26T23:31:04+00:00\",\"author\":{\"@id\":\"https:\/\/www.africa-press.net\/cameroun\/#\/schema\/person\/2b1cf3cd81a31e3cd26889ca66d677f1\"},\"description\":\"Une de\u0301cision du Ministre de la Sante\u0301 Publique, Manaouda Malachie, a e\u0301te\u0301 rendue effective le 22 septembre dernier, su ...\",\"breadcrumb\":{\"@id\":\"https:\/\/www.africa-press.net\/cameroun\/toutes-les-actualites\/la-sanction-est-lourde-manaouda-malachie-est-sans-pitie-avec-un-medecin#breadcrumb\"},\"inLanguage\":\"fr-FR\",\"potentialAction\":[{\"@type\":\"ReadAction\",\"target\":[\"https:\/\/www.africa-press.net\/cameroun\/toutes-les-actualites\/la-sanction-est-lourde-manaouda-malachie-est-sans-pitie-avec-un-medecin\"]}]},{\"@type\":\"ImageObject\",\"inLanguage\":\"fr-FR\",\"@id\":\"https:\/\/www.africa-press.net\/cameroun\/toutes-les-actualites\/la-sanction-est-lourde-manaouda-malachie-est-sans-pitie-avec-un-medecin#primaryimage\",\"url\":\"https:\/\/static.africa-press.net\/cameroun\/sites\/57\/2023\/09\/sm_1695708957.453855.jpg\",\"contentUrl\":\"https:\/\/static.africa-press.net\/cameroun\/sites\/57\/2023\/09\/sm_1695708957.453855.jpg\",\"width\":720,\"height\":410,\"caption\":\"La sanction est lourde : Manaouda Malachie est sans piti\u00e9 avec un m\u00e9decin\"},{\"@type\":\"BreadcrumbList\",\"@id\":\"https:\/\/www.africa-press.net\/cameroun\/toutes-les-actualites\/la-sanction-est-lourde-manaouda-malachie-est-sans-pitie-avec-un-medecin#breadcrumb\",\"itemListElement\":[{\"@type\":\"ListItem\",\"position\":1,\"name\":\"Accueil\",\"item\":\"https:\/\/www.africa-press.net\/cameroun\/\"},{\"@type\":\"ListItem\",\"position\":2,\"name\":\"La sanction est lourde : Manaouda Malachie est sans piti\u00e9 avec un m\u00e9decin\"}]},{\"@type\":\"WebSite\",\"@id\":\"https:\/\/www.africa-press.net\/cameroun\/#website\",\"url\":\"https:\/\/www.africa-press.net\/cameroun\/\",\"name\":\"Cameroun\",\"description\":\"Just another Africa News Agency Sites site\",\"potentialAction\":[{\"@type\":\"SearchAction\",\"target\":{\"@type\":\"EntryPoint\",\"urlTemplate\":\"https:\/\/www.africa-press.net\/cameroun\/?s={search_term_string}\"},\"query-input\":{\"@type\":\"PropertyValueSpecification\",\"valueRequired\":true,\"valueName\":\"search_term_string\"}}],\"inLanguage\":\"fr-FR\"},{\"@type\":\"Person\",\"@id\":\"https:\/\/www.africa-press.net\/cameroun\/#\/schema\/person\/2b1cf3cd81a31e3cd26889ca66d677f1\",\"name\":\"cfeditorfr\"}]}<\/script>\n<!-- \/ Yoast SEO Premium plugin. -->","yoast_head_json":{"title":"La sanction est lourde : Manaouda Malachie est sans piti\u00e9 avec un m\u00e9decin - Cameroun","description":"Une de\u0301cision du Ministre de la Sante\u0301 Publique, Manaouda Malachie, a e\u0301te\u0301 rendue effective le 22 septembre dernier, su ...","robots":{"index":"index","follow":"follow","max-snippet":"max-snippet:-1","max-image-preview":"max-image-preview:large","max-video-preview":"max-video-preview:-1"},"canonical":"https:\/\/www.africa-press.net\/cameroun\/toutes-les-actualites\/la-sanction-est-lourde-manaouda-malachie-est-sans-pitie-avec-un-medecin","og_locale":"fr_FR","og_type":"article","og_title":"La sanction est lourde : Manaouda Malachie est sans piti\u00e9 avec un m\u00e9decin","og_description":"Une de\u0301cision du Ministre de la Sante\u0301 Publique, Manaouda Malachie, a e\u0301te\u0301 rendue effective le 22 septembre dernier, su ...","og_url":"https:\/\/www.africa-press.net\/cameroun\/toutes-les-actualites\/la-sanction-est-lourde-manaouda-malachie-est-sans-pitie-avec-un-medecin","og_site_name":"Cameroun","article_published_time":"2023-09-25T18:39:23+00:00","article_modified_time":"2023-09-26T23:31:04+00:00","og_image":[{"width":720,"height":410,"url":"https:\/\/static.africa-press.net\/cameroun\/sites\/57\/2023\/09\/sm_1695708957.453855.jpg","type":"image\/jpeg"}],"author":"cfeditorfr","twitter_card":"summary_large_image","twitter_misc":{"\u00c9crit par":"cfeditorfr","Dur\u00e9e de lecture estim\u00e9e":"2 minutes"},"schema":{"@context":"https:\/\/schema.org","@graph":[{"@type":"Article","@id":"https:\/\/www.africa-press.net\/cameroun\/toutes-les-actualites\/la-sanction-est-lourde-manaouda-malachie-est-sans-pitie-avec-un-medecin#article","isPartOf":{"@id":"https:\/\/www.africa-press.net\/cameroun\/toutes-les-actualites\/la-sanction-est-lourde-manaouda-malachie-est-sans-pitie-avec-un-medecin"},"author":{"name":"cfeditorfr","@id":"https:\/\/www.africa-press.net\/cameroun\/#\/schema\/person\/2b1cf3cd81a31e3cd26889ca66d677f1"},"headline":"La sanction est lourde : Manaouda Malachie est sans piti\u00e9 avec un m\u00e9decin","datePublished":"2023-09-25T18:39:23+00:00","dateModified":"2023-09-26T23:31:04+00:00","mainEntityOfPage":{"@id":"https:\/\/www.africa-press.net\/cameroun\/toutes-les-actualites\/la-sanction-est-lourde-manaouda-malachie-est-sans-pitie-avec-un-medecin"},"wordCount":310,"commentCount":0,"image":{"@id":"https:\/\/www.africa-press.net\/cameroun\/toutes-les-actualites\/la-sanction-est-lourde-manaouda-malachie-est-sans-pitie-avec-un-medecin#primaryimage"},"thumbnailUrl":"https:\/\/static.africa-press.net\/cameroun\/sites\/57\/2023\/09\/sm_1695708957.453855.jpg","keywords":["Africa Press","Africa Press-Cameroun","Cameroun"],"articleSection":["Communaut\u00e9","Toutes les actualit\u00e9s"],"inLanguage":"fr-FR","potentialAction":[{"@type":"CommentAction","name":"Comment","target":["https:\/\/www.africa-press.net\/cameroun\/toutes-les-actualites\/la-sanction-est-lourde-manaouda-malachie-est-sans-pitie-avec-un-medecin#respond"]}]},{"@type":"WebPage","@id":"https:\/\/www.africa-press.net\/cameroun\/toutes-les-actualites\/la-sanction-est-lourde-manaouda-malachie-est-sans-pitie-avec-un-medecin","url":"https:\/\/www.africa-press.net\/cameroun\/toutes-les-actualites\/la-sanction-est-lourde-manaouda-malachie-est-sans-pitie-avec-un-medecin","name":"La sanction est lourde : Manaouda Malachie est sans piti\u00e9 avec un m\u00e9decin - Cameroun","isPartOf":{"@id":"https:\/\/www.africa-press.net\/cameroun\/#website"},"primaryImageOfPage":{"@id":"https:\/\/www.africa-press.net\/cameroun\/toutes-les-actualites\/la-sanction-est-lourde-manaouda-malachie-est-sans-pitie-avec-un-medecin#primaryimage"},"image":{"@id":"https:\/\/www.africa-press.net\/cameroun\/toutes-les-actualites\/la-sanction-est-lourde-manaouda-malachie-est-sans-pitie-avec-un-medecin#primaryimage"},"thumbnailUrl":"https:\/\/static.africa-press.net\/cameroun\/sites\/57\/2023\/09\/sm_1695708957.453855.jpg","datePublished":"2023-09-25T18:39:23+00:00","dateModified":"2023-09-26T23:31:04+00:00","author":{"@id":"https:\/\/www.africa-press.net\/cameroun\/#\/schema\/person\/2b1cf3cd81a31e3cd26889ca66d677f1"},"description":"Une de\u0301cision du Ministre de la Sante\u0301 Publique, Manaouda Malachie, a e\u0301te\u0301 rendue effective le 22 septembre dernier, su ...","breadcrumb":{"@id":"https:\/\/www.africa-press.net\/cameroun\/toutes-les-actualites\/la-sanction-est-lourde-manaouda-malachie-est-sans-pitie-avec-un-medecin#breadcrumb"},"inLanguage":"fr-FR","potentialAction":[{"@type":"ReadAction","target":["https:\/\/www.africa-press.net\/cameroun\/toutes-les-actualites\/la-sanction-est-lourde-manaouda-malachie-est-sans-pitie-avec-un-medecin"]}]},{"@type":"ImageObject","inLanguage":"fr-FR","@id":"https:\/\/www.africa-press.net\/cameroun\/toutes-les-actualites\/la-sanction-est-lourde-manaouda-malachie-est-sans-pitie-avec-un-medecin#primaryimage","url":"https:\/\/static.africa-press.net\/cameroun\/sites\/57\/2023\/09\/sm_1695708957.453855.jpg","contentUrl":"https:\/\/static.africa-press.net\/cameroun\/sites\/57\/2023\/09\/sm_1695708957.453855.jpg","width":720,"height":410,"caption":"La sanction est lourde : Manaouda Malachie est sans piti\u00e9 avec un m\u00e9decin"},{"@type":"BreadcrumbList","@id":"https:\/\/www.africa-press.net\/cameroun\/toutes-les-actualites\/la-sanction-est-lourde-manaouda-malachie-est-sans-pitie-avec-un-medecin#breadcrumb","itemListElement":[{"@type":"ListItem","position":1,"name":"Accueil","item":"https:\/\/www.africa-press.net\/cameroun\/"},{"@type":"ListItem","position":2,"name":"La sanction est lourde : Manaouda Malachie est sans piti\u00e9 avec un m\u00e9decin"}]},{"@type":"WebSite","@id":"https:\/\/www.africa-press.net\/cameroun\/#website","url":"https:\/\/www.africa-press.net\/cameroun\/","name":"Cameroun","description":"Just another Africa News Agency Sites site","potentialAction":[{"@type":"SearchAction","target":{"@type":"EntryPoint","urlTemplate":"https:\/\/www.africa-press.net\/cameroun\/?s={search_term_string}"},"query-input":{"@type":"PropertyValueSpecification","valueRequired":true,"valueName":"search_term_string"}}],"inLanguage":"fr-FR"},{"@type":"Person","@id":"https:\/\/www.africa-press.net\/cameroun\/#\/schema\/person\/2b1cf3cd81a31e3cd26889ca66d677f1","name":"cfeditorfr"}]}},"_links":{"self":[{"href":"https:\/\/www.africa-press.net\/cameroun\/wp-json\/wp\/v2\/posts\/51695","targetHints":{"allow":["GET"]}}],"collection":[{"href":"https:\/\/www.africa-press.net\/cameroun\/wp-json\/wp\/v2\/posts"}],"about":[{"href":"https:\/\/www.africa-press.net\/cameroun\/wp-json\/wp\/v2\/types\/post"}],"author":[{"embeddable":true,"href":"https:\/\/www.africa-press.net\/cameroun\/wp-json\/wp\/v2\/users\/82"}],"replies":[{"embeddable":true,"href":"https:\/\/www.africa-press.net\/cameroun\/wp-json\/wp\/v2\/comments?post=51695"}],"version-history":[{"count":0,"href":"https:\/\/www.africa-press.net\/cameroun\/wp-json\/wp\/v2\/posts\/51695\/revisions"}],"wp:featuredmedia":[{"embeddable":true,"href":"https:\/\/www.africa-press.net\/cameroun\/wp-json\/wp\/v2\/media\/51694"}],"wp:attachment":[{"href":"https:\/\/www.africa-press.net\/cameroun\/wp-json\/wp\/v2\/media?parent=51695"}],"wp:term":[{"taxonomy":"category","embeddable":true,"href":"https:\/\/www.africa-press.net\/cameroun\/wp-json\/wp\/v2\/categories?post=51695"},{"taxonomy":"post_tag","embeddable":true,"href":"https:\/\/www.africa-press.net\/cameroun\/wp-json\/wp\/v2\/tags?post=51695"}],"curies":[{"name":"wp","href":"https:\/\/api.w.org\/{rel}","templated":true}]}}