{"id":51699,"date":"2023-09-25T18:39:43","date_gmt":"2023-09-25T18:39:43","guid":{"rendered":"https:\/\/www.africa-press.net\/cameroun\/politique\/facilite-regionale-de-stabilisation-du-bassin-du-lac-tchad-lextreme-nord-sameliore"},"modified":"2023-09-26T23:32:17","modified_gmt":"2023-09-26T23:32:17","slug":"facilite-regionale-de-stabilisation-du-bassin-du-lac-tchad-lextreme-nord-sameliore","status":"publish","type":"post","link":"https:\/\/www.africa-press.net\/cameroun\/toutes-les-actualites\/facilite-regionale-de-stabilisation-du-bassin-du-lac-tchad-lextreme-nord-sameliore","title":{"rendered":"Facilit\u00e9 r\u00e9gionale de stabilisation du Bassin du Lac Tchad : l\u2019Extr\u00eame-Nord s\u2019am\u00e9liore"},"content":{"rendered":"<p><span style=\"color: #ff6600\"><strong>Africa-Press &#8211; Cameroun. <\/strong><\/span>Ces ame\u0301liorations ont e\u0301te\u0301 pre\u0301sente\u0301es mercredi 20 septembre 2023 a\u0300 Yaounde\u0301, au cours de la quatrie\u0300me session du Comite\u0301 national de pilotage du Programme \u00ab Facilite\u0301 re\u0301gionale de stabilisation du Bassin du Lac Tchad : Fene\u0302tre Cameroun \u00bb.<\/p>\n<p>La quatrie\u0300me session du Programme \u00ab Facilite\u0301 re\u0301gionale de stabilisation du Bassin du Lac Tchad : Fene\u0302tre Cameroun \u00bb (RSF) a permis aux membres du Comite\u0301 national de pilotage d\u2019e\u0301valuer le niveau d\u2019imple\u0301mentation des pre\u0301ce\u0301dentes phases de cet important Programme, et d\u2019adopter des orientations strate\u0301giques pour l\u2019avenir.<\/p>\n<p>Sur ce dernier aspect, le Minepat souligne que, le compteur des re\u0301alisations affiche d\u2019importants progre\u0300s avec environ 14 infrastructures d\u2019administration construites (dont 04 sous-pre\u0301fectures) re\u0301habilite\u0301es et e\u0301quipe\u0301es ; 32 infrastructures de se\u0301curite\u0301 et de justice construites ou re\u0301habilite\u0301es ; 07 centres de sante\u0301 re\u0301habilite\u0301s ou construits ; 16 salles de classe construites et e\u0301quipe\u0301es ; 650 forces de de\u0301fense et de se\u0301curite\u0301 forme\u0301es en Droits de l\u2019Homme ou encore 2 600 producteurs forme\u0301s et e\u0301quipe\u0301s en techniques de productions agricoles, pastorales et aquacoles, etc.<\/p>\n<p>Ces importantes re\u0301alisations commencent a\u0300 impacter le quotidien des populations cibles. Elles devront e\u0302tre capitalise\u0301es lors de la prochaine phase. Il sera e\u0301galement question d\u2019explorer d\u2019autres possibilite\u0301s, a\u0300 l\u2019effet d\u2019amplifier les interventions sur le terrain. Dans cette dynamique, Alamine OUSMANE MEY, en ouvrant les travaux, a appele\u0301 a\u0300 \u00ab une de\u0301marche d\u2019harmonisation des approches d\u2019intervention en vue d\u2019une imple\u0301mentation plus acce\u0301le\u0301re\u0301e de l\u2019approche Nexus Humanitaire-De\u0301veloppement-Paix et d\u2019une mise en \u0153uvre plus efficiente des programmes de coope\u0301ration \u00bb.<\/p>\n<p>Cette 4e\u0300me re\u0301union e\u0301tait co-pre\u0301side\u0301e par le Ministre de l\u2019Economie, de la Planification et de l\u2019Ame\u0301nagement du Territoire, Alamine OUSMANE MEY et le Repre\u0301sentant Re\u0301sident du PNUD au Cameroun, Aliou Mamadou DIA, en pre\u0301sence de plusieurs membres du Gouvernement, l\u2019Ambassadeur d\u2019Allemagne au Cameroun et des responsables des agences du Syste\u0300me des Nations Unies au Cameroun.<\/p>\n<p><strong>Pour plus d&rsquo;informations et d&rsquo;analyses sur la <a href=\"https:\/\/www.africa-press.net\/cameroun\">Cameroun<\/a>, suivez <a href=\"https:\/\/www.africa-press.net\/\">Africa-Press<\/a><\/strong><\/p>\n","protected":false},"excerpt":{"rendered":"<p>Africa-Press &#8211; Cameroun. Ces ame\u0301liorations ont e\u0301te\u0301 pre\u0301sente\u0301es mercredi 20 septembre 2023 a\u0300 Yaounde\u0301, au cours de la quatrie\u0300me session du Comite\u0301 national de pilotage du Programme \u00ab Facilite\u0301 re\u0301gionale de stabilisation du Bassin du Lac Tchad : Fene\u0302tre Cameroun \u00bb. La quatrie\u0300me session du Programme \u00ab Facilite\u0301 re\u0301gionale de stabilisation du Bassin du Lac [&hellip;]<\/p>\n","protected":false},"author":82,"featured_media":51698,"comment_status":"open","ping_status":"closed","sticky":false,"template":"","format":"standard","meta":{"footnotes":""},"categories":[21,10],"tags":[36,50,49],"class_list":["post-51699","post","type-post","status-publish","format-standard","has-post-thumbnail","hentry","category-communaute","category-toutes-les-actualites","tag-africa-press","tag-africa-press-cameroun","tag-cameroun"],"yoast_head":"<!-- This site is optimized with the Yoast SEO Premium plugin v26.1 (Yoast SEO v27.0) - https:\/\/yoast.com\/product\/yoast-seo-premium-wordpress\/ -->\n<title>Facilit\u00e9 r\u00e9gionale de stabilisation du Bassin du Lac Tchad : l\u2019Extr\u00eame-Nord s\u2019am\u00e9liore - Cameroun<\/title>\n<meta name=\"description\" content=\"Ces ame\u0301liorations ont e\u0301te\u0301 pre\u0301sente\u0301es mercredi 20 septembre 2023 a\u0300 Yaounde\u0301, au cours de la quatrie\u0300me session du C ...\" \/>\n<meta name=\"robots\" content=\"index, follow, max-snippet:-1, max-image-preview:large, max-video-preview:-1\" \/>\n<link rel=\"canonical\" href=\"https:\/\/www.africa-press.net\/cameroun\/toutes-les-actualites\/facilite-regionale-de-stabilisation-du-bassin-du-lac-tchad-lextreme-nord-sameliore\" \/>\n<meta property=\"og:locale\" content=\"fr_FR\" \/>\n<meta property=\"og:type\" content=\"article\" \/>\n<meta property=\"og:title\" content=\"Facilit\u00e9 r\u00e9gionale de stabilisation du Bassin du Lac Tchad : l\u2019Extr\u00eame-Nord s\u2019am\u00e9liore\" \/>\n<meta property=\"og:description\" content=\"Ces ame\u0301liorations ont e\u0301te\u0301 pre\u0301sente\u0301es mercredi 20 septembre 2023 a\u0300 Yaounde\u0301, au cours de la quatrie\u0300me session du C ...\" \/>\n<meta property=\"og:url\" content=\"https:\/\/www.africa-press.net\/cameroun\/toutes-les-actualites\/facilite-regionale-de-stabilisation-du-bassin-du-lac-tchad-lextreme-nord-sameliore\" \/>\n<meta property=\"og:site_name\" content=\"Cameroun\" \/>\n<meta property=\"article:published_time\" content=\"2023-09-25T18:39:43+00:00\" \/>\n<meta property=\"article:modified_time\" content=\"2023-09-26T23:32:17+00:00\" \/>\n<meta property=\"og:image\" content=\"https:\/\/static.africa-press.net\/cameroun\/sites\/57\/2023\/09\/sm_1695709000.801141.jpg\" \/>\n\t<meta property=\"og:image:width\" content=\"780\" \/>\n\t<meta property=\"og:image:height\" content=\"440\" \/>\n\t<meta property=\"og:image:type\" content=\"image\/jpeg\" \/>\n<meta name=\"author\" content=\"cfeditorfr\" \/>\n<meta name=\"twitter:card\" content=\"summary_large_image\" \/>\n<meta name=\"twitter:label1\" content=\"\u00c9crit par\" \/>\n\t<meta name=\"twitter:data1\" content=\"cfeditorfr\" \/>\n\t<meta name=\"twitter:label2\" content=\"Dur\u00e9e de lecture estim\u00e9e\" \/>\n\t<meta name=\"twitter:data2\" content=\"2 minutes\" \/>\n<script type=\"application\/ld+json\" class=\"yoast-schema-graph\">{\"@context\":\"https:\/\/schema.org\",\"@graph\":[{\"@type\":\"Article\",\"@id\":\"https:\/\/www.africa-press.net\/cameroun\/toutes-les-actualites\/facilite-regionale-de-stabilisation-du-bassin-du-lac-tchad-lextreme-nord-sameliore#article\",\"isPartOf\":{\"@id\":\"https:\/\/www.africa-press.net\/cameroun\/toutes-les-actualites\/facilite-regionale-de-stabilisation-du-bassin-du-lac-tchad-lextreme-nord-sameliore\"},\"author\":{\"name\":\"cfeditorfr\",\"@id\":\"https:\/\/www.africa-press.net\/cameroun\/#\/schema\/person\/2b1cf3cd81a31e3cd26889ca66d677f1\"},\"headline\":\"Facilit\u00e9 r\u00e9gionale de stabilisation du Bassin du Lac Tchad : l\u2019Extr\u00eame-Nord s\u2019am\u00e9liore\",\"datePublished\":\"2023-09-25T18:39:43+00:00\",\"dateModified\":\"2023-09-26T23:32:17+00:00\",\"mainEntityOfPage\":{\"@id\":\"https:\/\/www.africa-press.net\/cameroun\/toutes-les-actualites\/facilite-regionale-de-stabilisation-du-bassin-du-lac-tchad-lextreme-nord-sameliore\"},\"wordCount\":387,\"commentCount\":0,\"image\":{\"@id\":\"https:\/\/www.africa-press.net\/cameroun\/toutes-les-actualites\/facilite-regionale-de-stabilisation-du-bassin-du-lac-tchad-lextreme-nord-sameliore#primaryimage\"},\"thumbnailUrl\":\"https:\/\/static.africa-press.net\/cameroun\/sites\/57\/2023\/09\/sm_1695709000.801141.jpg\",\"keywords\":[\"Africa Press\",\"Africa Press-Cameroun\",\"Cameroun\"],\"articleSection\":[\"Communaut\u00e9\",\"Toutes les actualit\u00e9s\"],\"inLanguage\":\"fr-FR\",\"potentialAction\":[{\"@type\":\"CommentAction\",\"name\":\"Comment\",\"target\":[\"https:\/\/www.africa-press.net\/cameroun\/toutes-les-actualites\/facilite-regionale-de-stabilisation-du-bassin-du-lac-tchad-lextreme-nord-sameliore#respond\"]}]},{\"@type\":\"WebPage\",\"@id\":\"https:\/\/www.africa-press.net\/cameroun\/toutes-les-actualites\/facilite-regionale-de-stabilisation-du-bassin-du-lac-tchad-lextreme-nord-sameliore\",\"url\":\"https:\/\/www.africa-press.net\/cameroun\/toutes-les-actualites\/facilite-regionale-de-stabilisation-du-bassin-du-lac-tchad-lextreme-nord-sameliore\",\"name\":\"Facilit\u00e9 r\u00e9gionale de stabilisation du Bassin du Lac Tchad : l\u2019Extr\u00eame-Nord s\u2019am\u00e9liore - Cameroun\",\"isPartOf\":{\"@id\":\"https:\/\/www.africa-press.net\/cameroun\/#website\"},\"primaryImageOfPage\":{\"@id\":\"https:\/\/www.africa-press.net\/cameroun\/toutes-les-actualites\/facilite-regionale-de-stabilisation-du-bassin-du-lac-tchad-lextreme-nord-sameliore#primaryimage\"},\"image\":{\"@id\":\"https:\/\/www.africa-press.net\/cameroun\/toutes-les-actualites\/facilite-regionale-de-stabilisation-du-bassin-du-lac-tchad-lextreme-nord-sameliore#primaryimage\"},\"thumbnailUrl\":\"https:\/\/static.africa-press.net\/cameroun\/sites\/57\/2023\/09\/sm_1695709000.801141.jpg\",\"datePublished\":\"2023-09-25T18:39:43+00:00\",\"dateModified\":\"2023-09-26T23:32:17+00:00\",\"author\":{\"@id\":\"https:\/\/www.africa-press.net\/cameroun\/#\/schema\/person\/2b1cf3cd81a31e3cd26889ca66d677f1\"},\"description\":\"Ces ame\u0301liorations ont e\u0301te\u0301 pre\u0301sente\u0301es mercredi 20 septembre 2023 a\u0300 Yaounde\u0301, au cours de la quatrie\u0300me session du C ...\",\"breadcrumb\":{\"@id\":\"https:\/\/www.africa-press.net\/cameroun\/toutes-les-actualites\/facilite-regionale-de-stabilisation-du-bassin-du-lac-tchad-lextreme-nord-sameliore#breadcrumb\"},\"inLanguage\":\"fr-FR\",\"potentialAction\":[{\"@type\":\"ReadAction\",\"target\":[\"https:\/\/www.africa-press.net\/cameroun\/toutes-les-actualites\/facilite-regionale-de-stabilisation-du-bassin-du-lac-tchad-lextreme-nord-sameliore\"]}]},{\"@type\":\"ImageObject\",\"inLanguage\":\"fr-FR\",\"@id\":\"https:\/\/www.africa-press.net\/cameroun\/toutes-les-actualites\/facilite-regionale-de-stabilisation-du-bassin-du-lac-tchad-lextreme-nord-sameliore#primaryimage\",\"url\":\"https:\/\/static.africa-press.net\/cameroun\/sites\/57\/2023\/09\/sm_1695709000.801141.jpg\",\"contentUrl\":\"https:\/\/static.africa-press.net\/cameroun\/sites\/57\/2023\/09\/sm_1695709000.801141.jpg\",\"width\":780,\"height\":440,\"caption\":\"Facilit\u00e9 r\u00e9gionale de stabilisation du Bassin du Lac Tchad : l\u2019Extr\u00eame-Nord s\u2019am\u00e9liore\"},{\"@type\":\"BreadcrumbList\",\"@id\":\"https:\/\/www.africa-press.net\/cameroun\/toutes-les-actualites\/facilite-regionale-de-stabilisation-du-bassin-du-lac-tchad-lextreme-nord-sameliore#breadcrumb\",\"itemListElement\":[{\"@type\":\"ListItem\",\"position\":1,\"name\":\"Accueil\",\"item\":\"https:\/\/www.africa-press.net\/cameroun\/\"},{\"@type\":\"ListItem\",\"position\":2,\"name\":\"Facilit\u00e9 r\u00e9gionale de stabilisation du Bassin du Lac Tchad : l\u2019Extr\u00eame-Nord s\u2019am\u00e9liore\"}]},{\"@type\":\"WebSite\",\"@id\":\"https:\/\/www.africa-press.net\/cameroun\/#website\",\"url\":\"https:\/\/www.africa-press.net\/cameroun\/\",\"name\":\"Cameroun\",\"description\":\"Just another Africa News Agency Sites site\",\"potentialAction\":[{\"@type\":\"SearchAction\",\"target\":{\"@type\":\"EntryPoint\",\"urlTemplate\":\"https:\/\/www.africa-press.net\/cameroun\/?s={search_term_string}\"},\"query-input\":{\"@type\":\"PropertyValueSpecification\",\"valueRequired\":true,\"valueName\":\"search_term_string\"}}],\"inLanguage\":\"fr-FR\"},{\"@type\":\"Person\",\"@id\":\"https:\/\/www.africa-press.net\/cameroun\/#\/schema\/person\/2b1cf3cd81a31e3cd26889ca66d677f1\",\"name\":\"cfeditorfr\"}]}<\/script>\n<!-- \/ Yoast SEO Premium plugin. -->","yoast_head_json":{"title":"Facilit\u00e9 r\u00e9gionale de stabilisation du Bassin du Lac Tchad : l\u2019Extr\u00eame-Nord s\u2019am\u00e9liore - Cameroun","description":"Ces ame\u0301liorations ont e\u0301te\u0301 pre\u0301sente\u0301es mercredi 20 septembre 2023 a\u0300 Yaounde\u0301, au cours de la quatrie\u0300me session du C ...","robots":{"index":"index","follow":"follow","max-snippet":"max-snippet:-1","max-image-preview":"max-image-preview:large","max-video-preview":"max-video-preview:-1"},"canonical":"https:\/\/www.africa-press.net\/cameroun\/toutes-les-actualites\/facilite-regionale-de-stabilisation-du-bassin-du-lac-tchad-lextreme-nord-sameliore","og_locale":"fr_FR","og_type":"article","og_title":"Facilit\u00e9 r\u00e9gionale de stabilisation du Bassin du Lac Tchad : l\u2019Extr\u00eame-Nord s\u2019am\u00e9liore","og_description":"Ces ame\u0301liorations ont e\u0301te\u0301 pre\u0301sente\u0301es mercredi 20 septembre 2023 a\u0300 Yaounde\u0301, au cours de la quatrie\u0300me session du C ...","og_url":"https:\/\/www.africa-press.net\/cameroun\/toutes-les-actualites\/facilite-regionale-de-stabilisation-du-bassin-du-lac-tchad-lextreme-nord-sameliore","og_site_name":"Cameroun","article_published_time":"2023-09-25T18:39:43+00:00","article_modified_time":"2023-09-26T23:32:17+00:00","og_image":[{"width":780,"height":440,"url":"https:\/\/static.africa-press.net\/cameroun\/sites\/57\/2023\/09\/sm_1695709000.801141.jpg","type":"image\/jpeg"}],"author":"cfeditorfr","twitter_card":"summary_large_image","twitter_misc":{"\u00c9crit par":"cfeditorfr","Dur\u00e9e de lecture estim\u00e9e":"2 minutes"},"schema":{"@context":"https:\/\/schema.org","@graph":[{"@type":"Article","@id":"https:\/\/www.africa-press.net\/cameroun\/toutes-les-actualites\/facilite-regionale-de-stabilisation-du-bassin-du-lac-tchad-lextreme-nord-sameliore#article","isPartOf":{"@id":"https:\/\/www.africa-press.net\/cameroun\/toutes-les-actualites\/facilite-regionale-de-stabilisation-du-bassin-du-lac-tchad-lextreme-nord-sameliore"},"author":{"name":"cfeditorfr","@id":"https:\/\/www.africa-press.net\/cameroun\/#\/schema\/person\/2b1cf3cd81a31e3cd26889ca66d677f1"},"headline":"Facilit\u00e9 r\u00e9gionale de stabilisation du Bassin du Lac Tchad : l\u2019Extr\u00eame-Nord s\u2019am\u00e9liore","datePublished":"2023-09-25T18:39:43+00:00","dateModified":"2023-09-26T23:32:17+00:00","mainEntityOfPage":{"@id":"https:\/\/www.africa-press.net\/cameroun\/toutes-les-actualites\/facilite-regionale-de-stabilisation-du-bassin-du-lac-tchad-lextreme-nord-sameliore"},"wordCount":387,"commentCount":0,"image":{"@id":"https:\/\/www.africa-press.net\/cameroun\/toutes-les-actualites\/facilite-regionale-de-stabilisation-du-bassin-du-lac-tchad-lextreme-nord-sameliore#primaryimage"},"thumbnailUrl":"https:\/\/static.africa-press.net\/cameroun\/sites\/57\/2023\/09\/sm_1695709000.801141.jpg","keywords":["Africa Press","Africa Press-Cameroun","Cameroun"],"articleSection":["Communaut\u00e9","Toutes les actualit\u00e9s"],"inLanguage":"fr-FR","potentialAction":[{"@type":"CommentAction","name":"Comment","target":["https:\/\/www.africa-press.net\/cameroun\/toutes-les-actualites\/facilite-regionale-de-stabilisation-du-bassin-du-lac-tchad-lextreme-nord-sameliore#respond"]}]},{"@type":"WebPage","@id":"https:\/\/www.africa-press.net\/cameroun\/toutes-les-actualites\/facilite-regionale-de-stabilisation-du-bassin-du-lac-tchad-lextreme-nord-sameliore","url":"https:\/\/www.africa-press.net\/cameroun\/toutes-les-actualites\/facilite-regionale-de-stabilisation-du-bassin-du-lac-tchad-lextreme-nord-sameliore","name":"Facilit\u00e9 r\u00e9gionale de stabilisation du Bassin du Lac Tchad : l\u2019Extr\u00eame-Nord s\u2019am\u00e9liore - Cameroun","isPartOf":{"@id":"https:\/\/www.africa-press.net\/cameroun\/#website"},"primaryImageOfPage":{"@id":"https:\/\/www.africa-press.net\/cameroun\/toutes-les-actualites\/facilite-regionale-de-stabilisation-du-bassin-du-lac-tchad-lextreme-nord-sameliore#primaryimage"},"image":{"@id":"https:\/\/www.africa-press.net\/cameroun\/toutes-les-actualites\/facilite-regionale-de-stabilisation-du-bassin-du-lac-tchad-lextreme-nord-sameliore#primaryimage"},"thumbnailUrl":"https:\/\/static.africa-press.net\/cameroun\/sites\/57\/2023\/09\/sm_1695709000.801141.jpg","datePublished":"2023-09-25T18:39:43+00:00","dateModified":"2023-09-26T23:32:17+00:00","author":{"@id":"https:\/\/www.africa-press.net\/cameroun\/#\/schema\/person\/2b1cf3cd81a31e3cd26889ca66d677f1"},"description":"Ces ame\u0301liorations ont e\u0301te\u0301 pre\u0301sente\u0301es mercredi 20 septembre 2023 a\u0300 Yaounde\u0301, au cours de la quatrie\u0300me session du C ...","breadcrumb":{"@id":"https:\/\/www.africa-press.net\/cameroun\/toutes-les-actualites\/facilite-regionale-de-stabilisation-du-bassin-du-lac-tchad-lextreme-nord-sameliore#breadcrumb"},"inLanguage":"fr-FR","potentialAction":[{"@type":"ReadAction","target":["https:\/\/www.africa-press.net\/cameroun\/toutes-les-actualites\/facilite-regionale-de-stabilisation-du-bassin-du-lac-tchad-lextreme-nord-sameliore"]}]},{"@type":"ImageObject","inLanguage":"fr-FR","@id":"https:\/\/www.africa-press.net\/cameroun\/toutes-les-actualites\/facilite-regionale-de-stabilisation-du-bassin-du-lac-tchad-lextreme-nord-sameliore#primaryimage","url":"https:\/\/static.africa-press.net\/cameroun\/sites\/57\/2023\/09\/sm_1695709000.801141.jpg","contentUrl":"https:\/\/static.africa-press.net\/cameroun\/sites\/57\/2023\/09\/sm_1695709000.801141.jpg","width":780,"height":440,"caption":"Facilit\u00e9 r\u00e9gionale de stabilisation du Bassin du Lac Tchad : l\u2019Extr\u00eame-Nord s\u2019am\u00e9liore"},{"@type":"BreadcrumbList","@id":"https:\/\/www.africa-press.net\/cameroun\/toutes-les-actualites\/facilite-regionale-de-stabilisation-du-bassin-du-lac-tchad-lextreme-nord-sameliore#breadcrumb","itemListElement":[{"@type":"ListItem","position":1,"name":"Accueil","item":"https:\/\/www.africa-press.net\/cameroun\/"},{"@type":"ListItem","position":2,"name":"Facilit\u00e9 r\u00e9gionale de stabilisation du Bassin du Lac Tchad : l\u2019Extr\u00eame-Nord s\u2019am\u00e9liore"}]},{"@type":"WebSite","@id":"https:\/\/www.africa-press.net\/cameroun\/#website","url":"https:\/\/www.africa-press.net\/cameroun\/","name":"Cameroun","description":"Just another Africa News Agency Sites site","potentialAction":[{"@type":"SearchAction","target":{"@type":"EntryPoint","urlTemplate":"https:\/\/www.africa-press.net\/cameroun\/?s={search_term_string}"},"query-input":{"@type":"PropertyValueSpecification","valueRequired":true,"valueName":"search_term_string"}}],"inLanguage":"fr-FR"},{"@type":"Person","@id":"https:\/\/www.africa-press.net\/cameroun\/#\/schema\/person\/2b1cf3cd81a31e3cd26889ca66d677f1","name":"cfeditorfr"}]}},"_links":{"self":[{"href":"https:\/\/www.africa-press.net\/cameroun\/wp-json\/wp\/v2\/posts\/51699","targetHints":{"allow":["GET"]}}],"collection":[{"href":"https:\/\/www.africa-press.net\/cameroun\/wp-json\/wp\/v2\/posts"}],"about":[{"href":"https:\/\/www.africa-press.net\/cameroun\/wp-json\/wp\/v2\/types\/post"}],"author":[{"embeddable":true,"href":"https:\/\/www.africa-press.net\/cameroun\/wp-json\/wp\/v2\/users\/82"}],"replies":[{"embeddable":true,"href":"https:\/\/www.africa-press.net\/cameroun\/wp-json\/wp\/v2\/comments?post=51699"}],"version-history":[{"count":0,"href":"https:\/\/www.africa-press.net\/cameroun\/wp-json\/wp\/v2\/posts\/51699\/revisions"}],"wp:featuredmedia":[{"embeddable":true,"href":"https:\/\/www.africa-press.net\/cameroun\/wp-json\/wp\/v2\/media\/51698"}],"wp:attachment":[{"href":"https:\/\/www.africa-press.net\/cameroun\/wp-json\/wp\/v2\/media?parent=51699"}],"wp:term":[{"taxonomy":"category","embeddable":true,"href":"https:\/\/www.africa-press.net\/cameroun\/wp-json\/wp\/v2\/categories?post=51699"},{"taxonomy":"post_tag","embeddable":true,"href":"https:\/\/www.africa-press.net\/cameroun\/wp-json\/wp\/v2\/tags?post=51699"}],"curies":[{"name":"wp","href":"https:\/\/api.w.org\/{rel}","templated":true}]}}