{"id":51709,"date":"2023-09-26T22:11:03","date_gmt":"2023-09-26T22:11:03","guid":{"rendered":"https:\/\/www.africa-press.net\/cameroun\/politique\/cameroun-les-centrales-solaires-de-guider-et-maroua-desormais-operationnelles"},"modified":"2023-09-27T00:37:10","modified_gmt":"2023-09-27T00:37:10","slug":"cameroun-les-centrales-solaires-de-guider-et-maroua-desormais-operationnelles","status":"publish","type":"post","link":"https:\/\/www.africa-press.net\/cameroun\/economie\/cameroun-les-centrales-solaires-de-guider-et-maroua-desormais-operationnelles","title":{"rendered":"Cameroun : Les centrales solaires de Guider et Maroua d\u00e9sormais op\u00e9rationnelles"},"content":{"rendered":"<p><span style=\"color: #ff6600\"><strong>Africa-Press &#8211; Cameroun. <\/strong><\/span>Les centrales solaires de Guider et de Maroua d&rsquo;une capacite\u0301 cumule\u0301e de 30 MW ont e\u0301te\u0301 officiellement mises en service ce vendredi, 22 septembre par le ministre de l&rsquo;eau et de l&rsquo;e\u0301nergie, Gaston Eloundou Essomba lors d&rsquo;une ce\u0301re\u0301monie fort courue sur le site de la centrale, sis a\u0300 Djounde Gayak dans l&rsquo;arrondissement de Maroua 2e\u0300me. Lance\u0301es en 2021 a\u0300 la suite de la baisse drastique de la production de la centrale de Lagdo, qui est passe\u0301e d\u2019une capacite\u0301 nominale de 72 MW a\u0300 16 MW en 2020, les centrales solaires modulaires de Maroua et de Guider viennent ainsi re\u0301pondre aux proble\u0300mes de de\u0301lestages auxquels e\u0301tait confronte\u0301 le re\u0301seau interconnecte\u0301 Nord (RIN). De\u0301sormais, apprend-on, leur apport permet de couvrir en moyenne 40% des besoins en E\u0301nergie e\u0301lectrique des trois re\u0301gions septentrionales en journe\u0301e contribuant ainsi a\u0300 assurer l&rsquo;e\u0301quilibre entre l&rsquo;offre et la demande.<\/p>\n<p>Bien plus a fait savoir, le directeur ge\u0301ne\u0301ral d&rsquo;Eneo Amine Homan Ludiye, la mise en service de ces deux centrales va alimenter plus de 200 000 me\u0301nages et industries dans le Grand-Nord et de diminuer de 90% la consommation de combustibles entre 2021 et 2023, ge\u0301ne\u0301rant une e\u0301conomie d&rsquo;environ 18 milliards de Fcfa ; de re\u0301duire annuellement plus de 27 000 tonnes de gaz a\u0300 effet de serre. Il a par ailleurs indique\u0301 qu&rsquo; a\u0300 l&rsquo;occasion, 11 milliards de francs CFA ont e\u0301te\u0301 mobilise\u0301s par Eneo pour indemniser les riverains, construire les plateformes et les lignes d\u2019e\u0301vacuation.<\/p>\n<p>Sur l&rsquo;ensemble de deux sites, Eneo a acquis et se\u0301curise\u0301 plus de 80 hectares, soit 52 hectares a\u0300 Guider et 30 hectares a\u0300 Maroua. Pour le directeur ge\u0301ne\u0301ral de socie\u0301te\u0301 distributrice de l&rsquo;e\u0301nergie e\u0301lectrique, le projet de centrales tout comme les de\u0301lais de leur re\u0301alisation sont ine\u0301dits au pays et me\u0302me dans la sous-re\u0301gion. Si ailleurs \u00abdes projets similaires sont conduits en moyenne en 5 ans, ici les premiers kWh ont e\u0301te\u0301 injecte\u0301s dans le re\u0301seau moins d\u2019un an apre\u0300s le de\u0301but du projet\u00bb a releve\u0301 Amine Homan Ludiye. Et de poursuivre que \u00ables centrales solaires de Maroua et de Guider sont les premie\u0300res de grandes capacite\u0301s au Cameroun et dans la sous-re\u0301gion. Ces centrales, de\u0301veloppe\u0301es avec l\u2019appui du Gouvernement, s\u2019inscrivent dans le cadre de la mise en \u0153uvre de la politique de de\u0301veloppement des e\u0301nergies renouvelables d\u2019Eneo.\u00bb Pour le ministre de l&rsquo;Eau et de l&rsquo;e\u0301nergie, Gaston Eloundou Essomba, est la concre\u0301tisation d&rsquo;une promesse pre\u0301sidentielle.<\/p>\n<p>\u00abLa construction des centrales solaires photovoltai\u0308ques de Guider et de Maroua qui entrent officiellement en service ce jour (22 septembre, Ndlr) est donc la traduction en acte de cette volonte\u0301 politique du chef de l&rsquo;Etat de fournir l\u2019e\u0301nergie e\u0301lectrique, une e\u0301nergie de qualite\u0301 et en quantite\u0301 suffisante, a\u0300 toutes les populations du Cameroun et a\u0300 celles des Re\u0301gions septentrionales en particulier\u00bb. Au chapitre des annonces, a fait savoir le Mine\u0301e, cette premie\u0300re expe\u0301rience va se poursuivre sur d\u2019autres sites de\u0301ja\u0300 identifie\u0301s a\u0300 Garoua, Ngaounde\u0301re\u0301, Kousseri et Lagdo dont la maturation des projets est tre\u0300s avance\u0301e. De me\u0302me, at-il indique\u0301, biento\u0302t le Nord et le Sud seront connecte\u0301s a\u0300 travers le barrage de Nachtigal. Le processus d&rsquo;appel d&rsquo;offres y affe\u0301rent est en cours, a-t-il pre\u0301cise\u0301.<\/p>\n<p><strong>Pour plus d&rsquo;informations et d&rsquo;analyses sur la <a href=\"https:\/\/www.africa-press.net\/cameroun\">Cameroun<\/a>, suivez <a href=\"https:\/\/www.africa-press.net\/\">Africa-Press<\/a><\/strong><\/p>\n","protected":false},"excerpt":{"rendered":"<p>Africa-Press &#8211; Cameroun. Les centrales solaires de Guider et de Maroua d&rsquo;une capacite\u0301 cumule\u0301e de 30 MW ont e\u0301te\u0301 officiellement mises en service ce vendredi, 22 septembre par le ministre de l&rsquo;eau et de l&rsquo;e\u0301nergie, Gaston Eloundou Essomba lors d&rsquo;une ce\u0301re\u0301monie fort courue sur le site de la centrale, sis a\u0300 Djounde Gayak dans l&rsquo;arrondissement [&hellip;]<\/p>\n","protected":false},"author":82,"featured_media":51708,"comment_status":"open","ping_status":"closed","sticky":false,"template":"","format":"standard","meta":{"footnotes":""},"categories":[3,10],"tags":[36,50,49],"class_list":["post-51709","post","type-post","status-publish","format-standard","has-post-thumbnail","hentry","category-economie","category-toutes-les-actualites","tag-africa-press","tag-africa-press-cameroun","tag-cameroun"],"yoast_head":"<!-- This site is optimized with the Yoast SEO Premium plugin v26.1 (Yoast SEO v27.0) - https:\/\/yoast.com\/product\/yoast-seo-premium-wordpress\/ -->\n<title>Cameroun : Les centrales solaires de Guider et Maroua d\u00e9sormais op\u00e9rationnelles - Cameroun<\/title>\n<meta name=\"description\" content=\"Les centrales solaires de Guider et de Maroua d&#039;une capacite\u0301 cumule\u0301e de 30 MW ont e\u0301te\u0301 officiellement mises en servic ...\" \/>\n<meta name=\"robots\" content=\"index, follow, max-snippet:-1, max-image-preview:large, max-video-preview:-1\" \/>\n<link rel=\"canonical\" href=\"https:\/\/www.africa-press.net\/cameroun\/economie\/cameroun-les-centrales-solaires-de-guider-et-maroua-desormais-operationnelles\" \/>\n<meta property=\"og:locale\" content=\"fr_FR\" \/>\n<meta property=\"og:type\" content=\"article\" \/>\n<meta property=\"og:title\" content=\"Cameroun : Les centrales solaires de Guider et Maroua d\u00e9sormais op\u00e9rationnelles\" \/>\n<meta property=\"og:description\" content=\"Les centrales solaires de Guider et de Maroua d&#039;une capacite\u0301 cumule\u0301e de 30 MW ont e\u0301te\u0301 officiellement mises en servic ...\" \/>\n<meta property=\"og:url\" content=\"https:\/\/www.africa-press.net\/cameroun\/economie\/cameroun-les-centrales-solaires-de-guider-et-maroua-desormais-operationnelles\" \/>\n<meta property=\"og:site_name\" content=\"Cameroun\" \/>\n<meta property=\"article:published_time\" content=\"2023-09-26T22:11:03+00:00\" \/>\n<meta property=\"article:modified_time\" content=\"2023-09-27T00:37:10+00:00\" \/>\n<meta property=\"og:image\" content=\"https:\/\/static.africa-press.net\/cameroun\/sites\/57\/2023\/09\/sm_1695755154.299843.jpg\" \/>\n\t<meta property=\"og:image:width\" content=\"720\" \/>\n\t<meta property=\"og:image:height\" content=\"464\" \/>\n\t<meta property=\"og:image:type\" content=\"image\/jpeg\" \/>\n<meta name=\"author\" content=\"cfeditorfr\" \/>\n<meta name=\"twitter:card\" content=\"summary_large_image\" \/>\n<meta name=\"twitter:label1\" content=\"\u00c9crit par\" \/>\n\t<meta name=\"twitter:data1\" content=\"cfeditorfr\" \/>\n\t<meta name=\"twitter:label2\" content=\"Dur\u00e9e de lecture estim\u00e9e\" \/>\n\t<meta name=\"twitter:data2\" content=\"3 minutes\" \/>\n<script type=\"application\/ld+json\" class=\"yoast-schema-graph\">{\"@context\":\"https:\/\/schema.org\",\"@graph\":[{\"@type\":\"Article\",\"@id\":\"https:\/\/www.africa-press.net\/cameroun\/economie\/cameroun-les-centrales-solaires-de-guider-et-maroua-desormais-operationnelles#article\",\"isPartOf\":{\"@id\":\"https:\/\/www.africa-press.net\/cameroun\/economie\/cameroun-les-centrales-solaires-de-guider-et-maroua-desormais-operationnelles\"},\"author\":{\"name\":\"cfeditorfr\",\"@id\":\"https:\/\/www.africa-press.net\/cameroun\/#\/schema\/person\/2b1cf3cd81a31e3cd26889ca66d677f1\"},\"headline\":\"Cameroun : Les centrales solaires de Guider et Maroua d\u00e9sormais op\u00e9rationnelles\",\"datePublished\":\"2023-09-26T22:11:03+00:00\",\"dateModified\":\"2023-09-27T00:37:10+00:00\",\"mainEntityOfPage\":{\"@id\":\"https:\/\/www.africa-press.net\/cameroun\/economie\/cameroun-les-centrales-solaires-de-guider-et-maroua-desormais-operationnelles\"},\"wordCount\":622,\"commentCount\":0,\"image\":{\"@id\":\"https:\/\/www.africa-press.net\/cameroun\/economie\/cameroun-les-centrales-solaires-de-guider-et-maroua-desormais-operationnelles#primaryimage\"},\"thumbnailUrl\":\"https:\/\/static.africa-press.net\/cameroun\/sites\/57\/2023\/09\/sm_1695755154.299843.jpg\",\"keywords\":[\"Africa Press\",\"Africa Press-Cameroun\",\"Cameroun\"],\"articleSection\":[\"\u00c9conomie\",\"Toutes les actualit\u00e9s\"],\"inLanguage\":\"fr-FR\",\"potentialAction\":[{\"@type\":\"CommentAction\",\"name\":\"Comment\",\"target\":[\"https:\/\/www.africa-press.net\/cameroun\/economie\/cameroun-les-centrales-solaires-de-guider-et-maroua-desormais-operationnelles#respond\"]}]},{\"@type\":\"WebPage\",\"@id\":\"https:\/\/www.africa-press.net\/cameroun\/economie\/cameroun-les-centrales-solaires-de-guider-et-maroua-desormais-operationnelles\",\"url\":\"https:\/\/www.africa-press.net\/cameroun\/economie\/cameroun-les-centrales-solaires-de-guider-et-maroua-desormais-operationnelles\",\"name\":\"Cameroun : Les centrales solaires de Guider et Maroua d\u00e9sormais op\u00e9rationnelles - Cameroun\",\"isPartOf\":{\"@id\":\"https:\/\/www.africa-press.net\/cameroun\/#website\"},\"primaryImageOfPage\":{\"@id\":\"https:\/\/www.africa-press.net\/cameroun\/economie\/cameroun-les-centrales-solaires-de-guider-et-maroua-desormais-operationnelles#primaryimage\"},\"image\":{\"@id\":\"https:\/\/www.africa-press.net\/cameroun\/economie\/cameroun-les-centrales-solaires-de-guider-et-maroua-desormais-operationnelles#primaryimage\"},\"thumbnailUrl\":\"https:\/\/static.africa-press.net\/cameroun\/sites\/57\/2023\/09\/sm_1695755154.299843.jpg\",\"datePublished\":\"2023-09-26T22:11:03+00:00\",\"dateModified\":\"2023-09-27T00:37:10+00:00\",\"author\":{\"@id\":\"https:\/\/www.africa-press.net\/cameroun\/#\/schema\/person\/2b1cf3cd81a31e3cd26889ca66d677f1\"},\"description\":\"Les centrales solaires de Guider et de Maroua d'une capacite\u0301 cumule\u0301e de 30 MW ont e\u0301te\u0301 officiellement mises en servic ...\",\"breadcrumb\":{\"@id\":\"https:\/\/www.africa-press.net\/cameroun\/economie\/cameroun-les-centrales-solaires-de-guider-et-maroua-desormais-operationnelles#breadcrumb\"},\"inLanguage\":\"fr-FR\",\"potentialAction\":[{\"@type\":\"ReadAction\",\"target\":[\"https:\/\/www.africa-press.net\/cameroun\/economie\/cameroun-les-centrales-solaires-de-guider-et-maroua-desormais-operationnelles\"]}]},{\"@type\":\"ImageObject\",\"inLanguage\":\"fr-FR\",\"@id\":\"https:\/\/www.africa-press.net\/cameroun\/economie\/cameroun-les-centrales-solaires-de-guider-et-maroua-desormais-operationnelles#primaryimage\",\"url\":\"https:\/\/static.africa-press.net\/cameroun\/sites\/57\/2023\/09\/sm_1695755154.299843.jpg\",\"contentUrl\":\"https:\/\/static.africa-press.net\/cameroun\/sites\/57\/2023\/09\/sm_1695755154.299843.jpg\",\"width\":720,\"height\":464,\"caption\":\"Cameroun : Les centrales solaires de Guider et Maroua d\u00e9sormais op\u00e9rationnelles\"},{\"@type\":\"BreadcrumbList\",\"@id\":\"https:\/\/www.africa-press.net\/cameroun\/economie\/cameroun-les-centrales-solaires-de-guider-et-maroua-desormais-operationnelles#breadcrumb\",\"itemListElement\":[{\"@type\":\"ListItem\",\"position\":1,\"name\":\"Accueil\",\"item\":\"https:\/\/www.africa-press.net\/cameroun\/\"},{\"@type\":\"ListItem\",\"position\":2,\"name\":\"Cameroun : Les centrales solaires de Guider et Maroua d\u00e9sormais op\u00e9rationnelles\"}]},{\"@type\":\"WebSite\",\"@id\":\"https:\/\/www.africa-press.net\/cameroun\/#website\",\"url\":\"https:\/\/www.africa-press.net\/cameroun\/\",\"name\":\"Cameroun\",\"description\":\"Just another Africa News Agency Sites site\",\"potentialAction\":[{\"@type\":\"SearchAction\",\"target\":{\"@type\":\"EntryPoint\",\"urlTemplate\":\"https:\/\/www.africa-press.net\/cameroun\/?s={search_term_string}\"},\"query-input\":{\"@type\":\"PropertyValueSpecification\",\"valueRequired\":true,\"valueName\":\"search_term_string\"}}],\"inLanguage\":\"fr-FR\"},{\"@type\":\"Person\",\"@id\":\"https:\/\/www.africa-press.net\/cameroun\/#\/schema\/person\/2b1cf3cd81a31e3cd26889ca66d677f1\",\"name\":\"cfeditorfr\"}]}<\/script>\n<!-- \/ Yoast SEO Premium plugin. -->","yoast_head_json":{"title":"Cameroun : Les centrales solaires de Guider et Maroua d\u00e9sormais op\u00e9rationnelles - Cameroun","description":"Les centrales solaires de Guider et de Maroua d'une capacite\u0301 cumule\u0301e de 30 MW ont e\u0301te\u0301 officiellement mises en servic ...","robots":{"index":"index","follow":"follow","max-snippet":"max-snippet:-1","max-image-preview":"max-image-preview:large","max-video-preview":"max-video-preview:-1"},"canonical":"https:\/\/www.africa-press.net\/cameroun\/economie\/cameroun-les-centrales-solaires-de-guider-et-maroua-desormais-operationnelles","og_locale":"fr_FR","og_type":"article","og_title":"Cameroun : Les centrales solaires de Guider et Maroua d\u00e9sormais op\u00e9rationnelles","og_description":"Les centrales solaires de Guider et de Maroua d'une capacite\u0301 cumule\u0301e de 30 MW ont e\u0301te\u0301 officiellement mises en servic ...","og_url":"https:\/\/www.africa-press.net\/cameroun\/economie\/cameroun-les-centrales-solaires-de-guider-et-maroua-desormais-operationnelles","og_site_name":"Cameroun","article_published_time":"2023-09-26T22:11:03+00:00","article_modified_time":"2023-09-27T00:37:10+00:00","og_image":[{"width":720,"height":464,"url":"https:\/\/static.africa-press.net\/cameroun\/sites\/57\/2023\/09\/sm_1695755154.299843.jpg","type":"image\/jpeg"}],"author":"cfeditorfr","twitter_card":"summary_large_image","twitter_misc":{"\u00c9crit par":"cfeditorfr","Dur\u00e9e de lecture estim\u00e9e":"3 minutes"},"schema":{"@context":"https:\/\/schema.org","@graph":[{"@type":"Article","@id":"https:\/\/www.africa-press.net\/cameroun\/economie\/cameroun-les-centrales-solaires-de-guider-et-maroua-desormais-operationnelles#article","isPartOf":{"@id":"https:\/\/www.africa-press.net\/cameroun\/economie\/cameroun-les-centrales-solaires-de-guider-et-maroua-desormais-operationnelles"},"author":{"name":"cfeditorfr","@id":"https:\/\/www.africa-press.net\/cameroun\/#\/schema\/person\/2b1cf3cd81a31e3cd26889ca66d677f1"},"headline":"Cameroun : Les centrales solaires de Guider et Maroua d\u00e9sormais op\u00e9rationnelles","datePublished":"2023-09-26T22:11:03+00:00","dateModified":"2023-09-27T00:37:10+00:00","mainEntityOfPage":{"@id":"https:\/\/www.africa-press.net\/cameroun\/economie\/cameroun-les-centrales-solaires-de-guider-et-maroua-desormais-operationnelles"},"wordCount":622,"commentCount":0,"image":{"@id":"https:\/\/www.africa-press.net\/cameroun\/economie\/cameroun-les-centrales-solaires-de-guider-et-maroua-desormais-operationnelles#primaryimage"},"thumbnailUrl":"https:\/\/static.africa-press.net\/cameroun\/sites\/57\/2023\/09\/sm_1695755154.299843.jpg","keywords":["Africa Press","Africa Press-Cameroun","Cameroun"],"articleSection":["\u00c9conomie","Toutes les actualit\u00e9s"],"inLanguage":"fr-FR","potentialAction":[{"@type":"CommentAction","name":"Comment","target":["https:\/\/www.africa-press.net\/cameroun\/economie\/cameroun-les-centrales-solaires-de-guider-et-maroua-desormais-operationnelles#respond"]}]},{"@type":"WebPage","@id":"https:\/\/www.africa-press.net\/cameroun\/economie\/cameroun-les-centrales-solaires-de-guider-et-maroua-desormais-operationnelles","url":"https:\/\/www.africa-press.net\/cameroun\/economie\/cameroun-les-centrales-solaires-de-guider-et-maroua-desormais-operationnelles","name":"Cameroun : Les centrales solaires de Guider et Maroua d\u00e9sormais op\u00e9rationnelles - Cameroun","isPartOf":{"@id":"https:\/\/www.africa-press.net\/cameroun\/#website"},"primaryImageOfPage":{"@id":"https:\/\/www.africa-press.net\/cameroun\/economie\/cameroun-les-centrales-solaires-de-guider-et-maroua-desormais-operationnelles#primaryimage"},"image":{"@id":"https:\/\/www.africa-press.net\/cameroun\/economie\/cameroun-les-centrales-solaires-de-guider-et-maroua-desormais-operationnelles#primaryimage"},"thumbnailUrl":"https:\/\/static.africa-press.net\/cameroun\/sites\/57\/2023\/09\/sm_1695755154.299843.jpg","datePublished":"2023-09-26T22:11:03+00:00","dateModified":"2023-09-27T00:37:10+00:00","author":{"@id":"https:\/\/www.africa-press.net\/cameroun\/#\/schema\/person\/2b1cf3cd81a31e3cd26889ca66d677f1"},"description":"Les centrales solaires de Guider et de Maroua d'une capacite\u0301 cumule\u0301e de 30 MW ont e\u0301te\u0301 officiellement mises en servic ...","breadcrumb":{"@id":"https:\/\/www.africa-press.net\/cameroun\/economie\/cameroun-les-centrales-solaires-de-guider-et-maroua-desormais-operationnelles#breadcrumb"},"inLanguage":"fr-FR","potentialAction":[{"@type":"ReadAction","target":["https:\/\/www.africa-press.net\/cameroun\/economie\/cameroun-les-centrales-solaires-de-guider-et-maroua-desormais-operationnelles"]}]},{"@type":"ImageObject","inLanguage":"fr-FR","@id":"https:\/\/www.africa-press.net\/cameroun\/economie\/cameroun-les-centrales-solaires-de-guider-et-maroua-desormais-operationnelles#primaryimage","url":"https:\/\/static.africa-press.net\/cameroun\/sites\/57\/2023\/09\/sm_1695755154.299843.jpg","contentUrl":"https:\/\/static.africa-press.net\/cameroun\/sites\/57\/2023\/09\/sm_1695755154.299843.jpg","width":720,"height":464,"caption":"Cameroun : Les centrales solaires de Guider et Maroua d\u00e9sormais op\u00e9rationnelles"},{"@type":"BreadcrumbList","@id":"https:\/\/www.africa-press.net\/cameroun\/economie\/cameroun-les-centrales-solaires-de-guider-et-maroua-desormais-operationnelles#breadcrumb","itemListElement":[{"@type":"ListItem","position":1,"name":"Accueil","item":"https:\/\/www.africa-press.net\/cameroun\/"},{"@type":"ListItem","position":2,"name":"Cameroun : Les centrales solaires de Guider et Maroua d\u00e9sormais op\u00e9rationnelles"}]},{"@type":"WebSite","@id":"https:\/\/www.africa-press.net\/cameroun\/#website","url":"https:\/\/www.africa-press.net\/cameroun\/","name":"Cameroun","description":"Just another Africa News Agency Sites site","potentialAction":[{"@type":"SearchAction","target":{"@type":"EntryPoint","urlTemplate":"https:\/\/www.africa-press.net\/cameroun\/?s={search_term_string}"},"query-input":{"@type":"PropertyValueSpecification","valueRequired":true,"valueName":"search_term_string"}}],"inLanguage":"fr-FR"},{"@type":"Person","@id":"https:\/\/www.africa-press.net\/cameroun\/#\/schema\/person\/2b1cf3cd81a31e3cd26889ca66d677f1","name":"cfeditorfr"}]}},"_links":{"self":[{"href":"https:\/\/www.africa-press.net\/cameroun\/wp-json\/wp\/v2\/posts\/51709","targetHints":{"allow":["GET"]}}],"collection":[{"href":"https:\/\/www.africa-press.net\/cameroun\/wp-json\/wp\/v2\/posts"}],"about":[{"href":"https:\/\/www.africa-press.net\/cameroun\/wp-json\/wp\/v2\/types\/post"}],"author":[{"embeddable":true,"href":"https:\/\/www.africa-press.net\/cameroun\/wp-json\/wp\/v2\/users\/82"}],"replies":[{"embeddable":true,"href":"https:\/\/www.africa-press.net\/cameroun\/wp-json\/wp\/v2\/comments?post=51709"}],"version-history":[{"count":0,"href":"https:\/\/www.africa-press.net\/cameroun\/wp-json\/wp\/v2\/posts\/51709\/revisions"}],"wp:featuredmedia":[{"embeddable":true,"href":"https:\/\/www.africa-press.net\/cameroun\/wp-json\/wp\/v2\/media\/51708"}],"wp:attachment":[{"href":"https:\/\/www.africa-press.net\/cameroun\/wp-json\/wp\/v2\/media?parent=51709"}],"wp:term":[{"taxonomy":"category","embeddable":true,"href":"https:\/\/www.africa-press.net\/cameroun\/wp-json\/wp\/v2\/categories?post=51709"},{"taxonomy":"post_tag","embeddable":true,"href":"https:\/\/www.africa-press.net\/cameroun\/wp-json\/wp\/v2\/tags?post=51709"}],"curies":[{"name":"wp","href":"https:\/\/api.w.org\/{rel}","templated":true}]}}