{"id":51711,"date":"2023-09-26T22:11:14","date_gmt":"2023-09-26T22:11:14","guid":{"rendered":"https:\/\/www.africa-press.net\/cameroun\/politique\/cameroun-un-prefet-fait-enfermer-un-chef-traditionnel-et-ses-sujets"},"modified":"2023-09-27T00:37:41","modified_gmt":"2023-09-27T00:37:41","slug":"cameroun-un-prefet-fait-enfermer-un-chef-traditionnel-et-ses-sujets","status":"publish","type":"post","link":"https:\/\/www.africa-press.net\/cameroun\/toutes-les-actualites\/cameroun-un-prefet-fait-enfermer-un-chef-traditionnel-et-ses-sujets","title":{"rendered":"Cameroun : un pr\u00e9fet fait enfermer un chef traditionnel et ses sujets"},"content":{"rendered":"<p><span style=\"color: #ff6600\"><strong>Africa-Press &#8211; Cameroun. <\/strong><\/span>Libe\u0301rez notre majeste\u0301 Nganni Janvier !\u00bb \u00abPapa Paul, viens-nous en aide. Nous voulons la paix a\u0300 Nyamboya \u00bb. Ces messages sont e\u0301crits sur des pancartes le 17 septembre 2023 a\u0300 Nyamboya.<\/p>\n<p>La population de ce canton a\u0300 l\u2019entre\u0301e de l\u2019arrondissement de Bankim, de\u0301partement du Mayo-Banyo, re\u0301gion de l\u2019Adamaoua, a tenu a\u0300 exprimer sa cole\u0300re, en sortant en masse.<\/p>\n<p>Le mobile de ce soule\u0300vement est que : \u00abLe jeudi, 14 septembre 2023, le commandant de brigade de Bankim est venu remettre deux convocations pour les deux chefs qui sont convoque\u0301s a\u0300 la pre\u0301fecture de Banyo, le vendredi matin, 15 septembre 2023.<\/p>\n<p>Le commandant a d\u2019abord remis la convocation a\u0300 Nganni qui est a\u0300 la chefferie et ensuite, a\u0300 Nchia qui est dans son domicile prive\u0301. Le lendemain, Nganni prend la de\u0301cision de partir a\u0300 Banyo, de\u0301fe\u0301rer la convocation du pre\u0301fet, mais son fre\u0300re ai\u0302ne\u0301 Nchia ne part pas.<\/p>\n<p>Une fois a\u0300 Banyo, le pre\u0301fet a instruit le commandant de compagnie de servir une garde a\u0300 vue administrative de 15 jours, multiplie\u0301e par deux. Le pre\u0301fet s\u2019est montre\u0301 intransigeant et ferme, sans me\u0302me chercher a\u0300 e\u0301couter qui que ce soit\u00bb, relate un notable.<\/p>\n<p>\u00abQuand la population apprend qu\u2019on a garde\u0301 son chef Nganni Janvier, elle s\u2019est donc souleve\u0301e ; elle peine a\u0300 comprendre pourquoi le chef part de\u0301fe\u0301rer a\u0300 la convocation et est garde\u0301 a\u0300 vue sur ordre du pre\u0301fet, tandis que l\u2019autre qui a aussi e\u0301te\u0301 convoque\u0301 et n\u2019est pas parti, n\u2019est me\u0302me pas inquie\u0301te\u0301.<\/p>\n<p>En tout cas, la population a donc de\u0301cide\u0301 de maintenir Nchia Basile prisonnier public a\u0300 Nyamboya, durant la pe\u0301riode de de\u0301tention de Nganni Janvier a\u0300 Banyo\u00bb, poursuit-il. Le pre\u0301fet Charles Gall que nous avons joint, n\u2019a manifestement pas souhaite\u0301 s\u2019exprimer sur cette affaire.<\/p>\n<p>Mais a\u0300 en croire les sources proches du dossier, la de\u0301cision du pre\u0301fet de placer en garde-a\u0300-vue administrative, pour une dure\u0301e de 30 jours, le nomme\u0301 Nganni Janvier, a pour motifs : troubles graves a\u0300 l\u2019ordre public, incitation a\u0300 la re\u0301volte en masse des populations de Nyamboya, re\u0301bellion, usurpation de titre et atteinte aux institutions de la Re\u0301publique.<\/p>\n<p>Cette de\u0301cision, a\u0300 s\u2019en tenir par exemple au motif d\u2019usurpation de titre, s\u2019appuie sur l\u2019arre\u0302te\u0301 pre\u0301fectoral du 10 mai 2010, signe\u0301 du pre\u0301fet de l\u2019e\u0301poque Mbu Peter, qui pre\u0301cise : \u00abEst homologue\u0301e a\u0300 compter du 11 janvier 2010, la de\u0301signation faite selon la proce\u0301dure re\u0301glementaire, de monsieur Nchia, en qualite\u0301 de chef de 3e degre\u0301 du village Nyamboya (4 000 habitants environ), arrondissement de Bankim, de\u0301partement du Mayo-Banyo, en remplacement de M. Nganni Janvier, de\u0301missionnaire\u00bb. Cet arre\u0302te\u0301 reconnai\u0302t donc Nchia Basile comme chef de 3e degre\u0301 de Nyamboya depuis le 10 mai 2010.<\/p>\n<p><b>ABSENTE\u0301ISME PROLONGE\u0301 DU CHEF ?<\/b><\/p>\n<p>Sauf que, pour la population, Nchia Basile n\u2019a jamais assume\u0301 son ro\u0302le de chef. \u00abCe qui se passe a\u0300 Nyamboya, est une situation de gestion de la chefferie.<\/p>\n<p>Traditionnellement, la chefferie a son chef, Nganni Janvier ; il avait eu des proble\u0300mes avec les Peulhs entre 2007 et 2009, mais il n\u2019avait pas e\u0301te\u0301 chasse\u0301 par la population.<\/p>\n<p>Son ai\u0302ne\u0301 Nchia Basile e\u0301tait en service a\u0300 Bafoussam, a\u0300 la Camtel quand il y a eu troubles au village. Nganni lui a demande\u0301 de revenir assumer l\u2019inte\u0301rim pendant ce moment de trouble.<\/p>\n<p>Maintenant, avec ses moyens, Nchia Basile a corrompu les notables qui sont d\u2019ailleurs tous morts a\u0300 ce jour. Nchia Basile a fait au moins 11 ans et six mois sans mettre pied dans la chefferie.<\/p>\n<p>Ne\u0301anmoins, a\u0300 l\u2019e\u0301poque ou\u0300 Mbu Peter e\u0301tait pre\u0301fet du Mayo-Banyo, Nchia Basile a obtenu un arre\u0302te\u0301. Et la population a commence\u0301 a\u0300 lui demander quand est-ce qu\u2019il inte\u0300gre la chefferie, il ne faisait qu\u2019arguer qu\u2019il faut attendre, car il est encore en fonction a\u0300 la Camtel.<\/p>\n<p>En 2019, la population avait de\u0301ja\u0300 marre de voir la chefferie e\u0302tre envahie par la broussaille, les serpents y sortant et toutes les to\u0302les de cuisines vendues. La jeunesse s\u2019est donc souleve\u0301e. Elle lui a impose\u0301 d\u2019assumer sa fonction ou alors on intronise quelqu\u2019un d\u2019autre chef.<\/p>\n<p>C\u2019est comme c\u0327a que Nchia Basile dit devant tout le monde, devant le patriarche Zacharie Ngniman, que si a\u0300 la prochaine fe\u0302te de Noe\u0308l et Nouvel an, il n\u2019est pas en poste, qu\u2019on intronise une autre personne.<\/p>\n<p>Ces e\u0301che\u0301ances passe\u0301es, Nchia Basile n\u2019ayant pas tenu parole, ces jeunes se sont a\u0300 nouveau re\u0301volte\u0301s en fe\u0301vrier 2020. Ils ont refait appel a\u0300 son petit fre\u0300re Nganni Janvier, qui e\u0301tait chauffeur, de revenir prendre le pouvoir.<\/p>\n<p>Cette de\u0301cision n\u2019a pas plu a\u0300 Nchia Basile qui s\u2019est rattache\u0301 aux Peulhs pour commencer a\u0300 faire le bras de fer. En passant, Nchia n\u2019a aucun Kwandja dans son entourage, il est rattache\u0301 aux Peulhs\u00bb, explique un notable de la chefferie de Nyamboya.<\/p>\n<p>En tout cas, depuis le 15 septembre 2023, Nganni Janvier passe pour e\u0302tre \u00able prisonnier du pre\u0301fet \u00bb Charles Gall quand Nchia Basile a furtivement e\u0301te\u0301 le \u00abprisonnier de la population\u00bb.<\/p>\n<p>Sous l\u2019effet de cette pression populaire, et sans doute contre sa volonte\u0301, Nchia Basile a du\u0302 prendre un engagement e\u0301crit le 17 septembre 2023. Il dit \u00abdevoir faire en sorte que le nomme\u0301 Nganni Janvier de\u0301tenu a\u0300 la prison de Banyo soit libre.<\/p>\n<p>.<\/p>\n<p>. ce dernier e\u0301tant en prison sous l\u2019effet de plainte. Je veux vivre a\u0300 Nyamboya comme un simple habitant.<\/p>\n<p>Etant sorti de la prison, je m\u2019engage en sorte que Nganni Janvier soit libre d\u2019exercer ses droits a\u0300 la chefferie de Nyamboya. Cet engagement est fait en pre\u0301sence de toute la population de Nyamboya, par gre\u0301\u00bb.<\/p>\n<p>Aussito\u0302t apre\u0300s l\u2019engagement pris, apprend-on, Nchia Basile a e\u0301te\u0301 libe\u0301re\u0301 par la population. Un calme relatif a re\u0301gne\u0301 dans le village et Nchia Basile, selon des sources locales, a juge\u0301 utile de quitter le sol de Nyamboya avec sa famille, a\u0300 destination de Bafoussam ou\u0300 il fut en fonction.<\/p>\n<p>\u00abLa sous-pre\u0301fecture de Bankim a envoye\u0301 sceller la chefferie, mais, de\u0300s qu\u2019ils ont tourne\u0301 le dos, la porte s\u2019est ouverte seule et la population s\u2019est calme\u0301e pour voir ce qui va arriver\u00bb, susurre un notable.<\/p>\n<p>Mais la tension est manifestement remonte\u0301e a\u0300 l\u2019aube du 21 septembre dernier, au moins 17 personnes de Nyamboya ayant e\u0301te\u0301 rafle\u0301es par des e\u0301le\u0301ments des forces de l\u2019ordre.<\/p>\n<p>Une action qui a eu le don de refroidir la fougue de la population actuellement te\u0301tanise\u0301e. Ces 17 personnes ont e\u0301te\u0301 e\u0301croue\u0301es a\u0300 la prison de Banyo, rejoignant leur \u00abchef\u00bb, le nomme\u0301 Nganni Janvier de\u0301tenu depuis le 15 septembre 2023.<\/p>\n<p><strong>Pour plus d&rsquo;informations et d&rsquo;analyses sur la <a href=\"https:\/\/www.africa-press.net\/cameroun\">Cameroun<\/a>, suivez <a href=\"https:\/\/www.africa-press.net\/\">Africa-Press<\/a><\/strong><\/p>\n","protected":false},"excerpt":{"rendered":"<p>Africa-Press &#8211; Cameroun. Libe\u0301rez notre majeste\u0301 Nganni Janvier !\u00bb \u00abPapa Paul, viens-nous en aide. Nous voulons la paix a\u0300 Nyamboya \u00bb. Ces messages sont e\u0301crits sur des pancartes le 17 septembre 2023 a\u0300 Nyamboya. La population de ce canton a\u0300 l\u2019entre\u0301e de l\u2019arrondissement de Bankim, de\u0301partement du Mayo-Banyo, re\u0301gion de l\u2019Adamaoua, a tenu a\u0300 exprimer [&hellip;]<\/p>\n","protected":false},"author":82,"featured_media":51710,"comment_status":"open","ping_status":"closed","sticky":false,"template":"","format":"standard","meta":{"footnotes":""},"categories":[21,10],"tags":[36,50,49],"class_list":["post-51711","post","type-post","status-publish","format-standard","has-post-thumbnail","hentry","category-communaute","category-toutes-les-actualites","tag-africa-press","tag-africa-press-cameroun","tag-cameroun"],"yoast_head":"<!-- This site is optimized with the Yoast SEO Premium plugin v26.1 (Yoast SEO v27.0) - https:\/\/yoast.com\/product\/yoast-seo-premium-wordpress\/ -->\n<title>Cameroun : un pr\u00e9fet fait enfermer un chef traditionnel et ses sujets - Cameroun<\/title>\n<meta name=\"description\" content=\"Libe\u0301rez notre majeste\u0301 Nganni Janvier !\u00bb \u00abPapa Paul, viens-nous en aide. Nous voulons la paix a\u0300 Nyamboya \u00bb. Ces messag ...\" \/>\n<meta name=\"robots\" content=\"index, follow, max-snippet:-1, max-image-preview:large, max-video-preview:-1\" \/>\n<link rel=\"canonical\" href=\"https:\/\/www.africa-press.net\/cameroun\/toutes-les-actualites\/cameroun-un-prefet-fait-enfermer-un-chef-traditionnel-et-ses-sujets\" \/>\n<meta property=\"og:locale\" content=\"fr_FR\" \/>\n<meta property=\"og:type\" content=\"article\" \/>\n<meta property=\"og:title\" content=\"Cameroun : un pr\u00e9fet fait enfermer un chef traditionnel et ses sujets\" \/>\n<meta property=\"og:description\" content=\"Libe\u0301rez notre majeste\u0301 Nganni Janvier !\u00bb \u00abPapa Paul, viens-nous en aide. Nous voulons la paix a\u0300 Nyamboya \u00bb. Ces messag ...\" \/>\n<meta property=\"og:url\" content=\"https:\/\/www.africa-press.net\/cameroun\/toutes-les-actualites\/cameroun-un-prefet-fait-enfermer-un-chef-traditionnel-et-ses-sujets\" \/>\n<meta property=\"og:site_name\" content=\"Cameroun\" \/>\n<meta property=\"article:published_time\" content=\"2023-09-26T22:11:14+00:00\" \/>\n<meta property=\"article:modified_time\" content=\"2023-09-27T00:37:41+00:00\" \/>\n<meta property=\"og:image\" content=\"https:\/\/static.africa-press.net\/cameroun\/sites\/57\/2023\/09\/sm_1695755184.20133.jpg\" \/>\n\t<meta property=\"og:image:width\" content=\"720\" \/>\n\t<meta property=\"og:image:height\" content=\"360\" \/>\n\t<meta property=\"og:image:type\" content=\"image\/jpeg\" \/>\n<meta name=\"author\" content=\"cfeditorfr\" \/>\n<meta name=\"twitter:card\" content=\"summary_large_image\" \/>\n<meta name=\"twitter:label1\" content=\"\u00c9crit par\" \/>\n\t<meta name=\"twitter:data1\" content=\"cfeditorfr\" \/>\n\t<meta name=\"twitter:label2\" content=\"Dur\u00e9e de lecture estim\u00e9e\" \/>\n\t<meta name=\"twitter:data2\" content=\"6 minutes\" \/>\n<script type=\"application\/ld+json\" class=\"yoast-schema-graph\">{\"@context\":\"https:\/\/schema.org\",\"@graph\":[{\"@type\":\"Article\",\"@id\":\"https:\/\/www.africa-press.net\/cameroun\/toutes-les-actualites\/cameroun-un-prefet-fait-enfermer-un-chef-traditionnel-et-ses-sujets#article\",\"isPartOf\":{\"@id\":\"https:\/\/www.africa-press.net\/cameroun\/toutes-les-actualites\/cameroun-un-prefet-fait-enfermer-un-chef-traditionnel-et-ses-sujets\"},\"author\":{\"name\":\"cfeditorfr\",\"@id\":\"https:\/\/www.africa-press.net\/cameroun\/#\/schema\/person\/2b1cf3cd81a31e3cd26889ca66d677f1\"},\"headline\":\"Cameroun : un pr\u00e9fet fait enfermer un chef traditionnel et ses sujets\",\"datePublished\":\"2023-09-26T22:11:14+00:00\",\"dateModified\":\"2023-09-27T00:37:41+00:00\",\"mainEntityOfPage\":{\"@id\":\"https:\/\/www.africa-press.net\/cameroun\/toutes-les-actualites\/cameroun-un-prefet-fait-enfermer-un-chef-traditionnel-et-ses-sujets\"},\"wordCount\":1200,\"commentCount\":0,\"image\":{\"@id\":\"https:\/\/www.africa-press.net\/cameroun\/toutes-les-actualites\/cameroun-un-prefet-fait-enfermer-un-chef-traditionnel-et-ses-sujets#primaryimage\"},\"thumbnailUrl\":\"https:\/\/static.africa-press.net\/cameroun\/sites\/57\/2023\/09\/sm_1695755184.20133.jpg\",\"keywords\":[\"Africa Press\",\"Africa Press-Cameroun\",\"Cameroun\"],\"articleSection\":[\"Communaut\u00e9\",\"Toutes les actualit\u00e9s\"],\"inLanguage\":\"fr-FR\",\"potentialAction\":[{\"@type\":\"CommentAction\",\"name\":\"Comment\",\"target\":[\"https:\/\/www.africa-press.net\/cameroun\/toutes-les-actualites\/cameroun-un-prefet-fait-enfermer-un-chef-traditionnel-et-ses-sujets#respond\"]}]},{\"@type\":\"WebPage\",\"@id\":\"https:\/\/www.africa-press.net\/cameroun\/toutes-les-actualites\/cameroun-un-prefet-fait-enfermer-un-chef-traditionnel-et-ses-sujets\",\"url\":\"https:\/\/www.africa-press.net\/cameroun\/toutes-les-actualites\/cameroun-un-prefet-fait-enfermer-un-chef-traditionnel-et-ses-sujets\",\"name\":\"Cameroun : un pr\u00e9fet fait enfermer un chef traditionnel et ses sujets - Cameroun\",\"isPartOf\":{\"@id\":\"https:\/\/www.africa-press.net\/cameroun\/#website\"},\"primaryImageOfPage\":{\"@id\":\"https:\/\/www.africa-press.net\/cameroun\/toutes-les-actualites\/cameroun-un-prefet-fait-enfermer-un-chef-traditionnel-et-ses-sujets#primaryimage\"},\"image\":{\"@id\":\"https:\/\/www.africa-press.net\/cameroun\/toutes-les-actualites\/cameroun-un-prefet-fait-enfermer-un-chef-traditionnel-et-ses-sujets#primaryimage\"},\"thumbnailUrl\":\"https:\/\/static.africa-press.net\/cameroun\/sites\/57\/2023\/09\/sm_1695755184.20133.jpg\",\"datePublished\":\"2023-09-26T22:11:14+00:00\",\"dateModified\":\"2023-09-27T00:37:41+00:00\",\"author\":{\"@id\":\"https:\/\/www.africa-press.net\/cameroun\/#\/schema\/person\/2b1cf3cd81a31e3cd26889ca66d677f1\"},\"description\":\"Libe\u0301rez notre majeste\u0301 Nganni Janvier !\u00bb \u00abPapa Paul, viens-nous en aide. Nous voulons la paix a\u0300 Nyamboya \u00bb. Ces messag ...\",\"breadcrumb\":{\"@id\":\"https:\/\/www.africa-press.net\/cameroun\/toutes-les-actualites\/cameroun-un-prefet-fait-enfermer-un-chef-traditionnel-et-ses-sujets#breadcrumb\"},\"inLanguage\":\"fr-FR\",\"potentialAction\":[{\"@type\":\"ReadAction\",\"target\":[\"https:\/\/www.africa-press.net\/cameroun\/toutes-les-actualites\/cameroun-un-prefet-fait-enfermer-un-chef-traditionnel-et-ses-sujets\"]}]},{\"@type\":\"ImageObject\",\"inLanguage\":\"fr-FR\",\"@id\":\"https:\/\/www.africa-press.net\/cameroun\/toutes-les-actualites\/cameroun-un-prefet-fait-enfermer-un-chef-traditionnel-et-ses-sujets#primaryimage\",\"url\":\"https:\/\/static.africa-press.net\/cameroun\/sites\/57\/2023\/09\/sm_1695755184.20133.jpg\",\"contentUrl\":\"https:\/\/static.africa-press.net\/cameroun\/sites\/57\/2023\/09\/sm_1695755184.20133.jpg\",\"width\":720,\"height\":360,\"caption\":\"Cameroun : un pr\u00e9fet fait enfermer un chef traditionnel et ses sujets\"},{\"@type\":\"BreadcrumbList\",\"@id\":\"https:\/\/www.africa-press.net\/cameroun\/toutes-les-actualites\/cameroun-un-prefet-fait-enfermer-un-chef-traditionnel-et-ses-sujets#breadcrumb\",\"itemListElement\":[{\"@type\":\"ListItem\",\"position\":1,\"name\":\"Accueil\",\"item\":\"https:\/\/www.africa-press.net\/cameroun\/\"},{\"@type\":\"ListItem\",\"position\":2,\"name\":\"Cameroun : un pr\u00e9fet fait enfermer un chef traditionnel et ses sujets\"}]},{\"@type\":\"WebSite\",\"@id\":\"https:\/\/www.africa-press.net\/cameroun\/#website\",\"url\":\"https:\/\/www.africa-press.net\/cameroun\/\",\"name\":\"Cameroun\",\"description\":\"Just another Africa News Agency Sites site\",\"potentialAction\":[{\"@type\":\"SearchAction\",\"target\":{\"@type\":\"EntryPoint\",\"urlTemplate\":\"https:\/\/www.africa-press.net\/cameroun\/?s={search_term_string}\"},\"query-input\":{\"@type\":\"PropertyValueSpecification\",\"valueRequired\":true,\"valueName\":\"search_term_string\"}}],\"inLanguage\":\"fr-FR\"},{\"@type\":\"Person\",\"@id\":\"https:\/\/www.africa-press.net\/cameroun\/#\/schema\/person\/2b1cf3cd81a31e3cd26889ca66d677f1\",\"name\":\"cfeditorfr\"}]}<\/script>\n<!-- \/ Yoast SEO Premium plugin. -->","yoast_head_json":{"title":"Cameroun : un pr\u00e9fet fait enfermer un chef traditionnel et ses sujets - Cameroun","description":"Libe\u0301rez notre majeste\u0301 Nganni Janvier !\u00bb \u00abPapa Paul, viens-nous en aide. Nous voulons la paix a\u0300 Nyamboya \u00bb. Ces messag ...","robots":{"index":"index","follow":"follow","max-snippet":"max-snippet:-1","max-image-preview":"max-image-preview:large","max-video-preview":"max-video-preview:-1"},"canonical":"https:\/\/www.africa-press.net\/cameroun\/toutes-les-actualites\/cameroun-un-prefet-fait-enfermer-un-chef-traditionnel-et-ses-sujets","og_locale":"fr_FR","og_type":"article","og_title":"Cameroun : un pr\u00e9fet fait enfermer un chef traditionnel et ses sujets","og_description":"Libe\u0301rez notre majeste\u0301 Nganni Janvier !\u00bb \u00abPapa Paul, viens-nous en aide. Nous voulons la paix a\u0300 Nyamboya \u00bb. Ces messag ...","og_url":"https:\/\/www.africa-press.net\/cameroun\/toutes-les-actualites\/cameroun-un-prefet-fait-enfermer-un-chef-traditionnel-et-ses-sujets","og_site_name":"Cameroun","article_published_time":"2023-09-26T22:11:14+00:00","article_modified_time":"2023-09-27T00:37:41+00:00","og_image":[{"width":720,"height":360,"url":"https:\/\/static.africa-press.net\/cameroun\/sites\/57\/2023\/09\/sm_1695755184.20133.jpg","type":"image\/jpeg"}],"author":"cfeditorfr","twitter_card":"summary_large_image","twitter_misc":{"\u00c9crit par":"cfeditorfr","Dur\u00e9e de lecture estim\u00e9e":"6 minutes"},"schema":{"@context":"https:\/\/schema.org","@graph":[{"@type":"Article","@id":"https:\/\/www.africa-press.net\/cameroun\/toutes-les-actualites\/cameroun-un-prefet-fait-enfermer-un-chef-traditionnel-et-ses-sujets#article","isPartOf":{"@id":"https:\/\/www.africa-press.net\/cameroun\/toutes-les-actualites\/cameroun-un-prefet-fait-enfermer-un-chef-traditionnel-et-ses-sujets"},"author":{"name":"cfeditorfr","@id":"https:\/\/www.africa-press.net\/cameroun\/#\/schema\/person\/2b1cf3cd81a31e3cd26889ca66d677f1"},"headline":"Cameroun : un pr\u00e9fet fait enfermer un chef traditionnel et ses sujets","datePublished":"2023-09-26T22:11:14+00:00","dateModified":"2023-09-27T00:37:41+00:00","mainEntityOfPage":{"@id":"https:\/\/www.africa-press.net\/cameroun\/toutes-les-actualites\/cameroun-un-prefet-fait-enfermer-un-chef-traditionnel-et-ses-sujets"},"wordCount":1200,"commentCount":0,"image":{"@id":"https:\/\/www.africa-press.net\/cameroun\/toutes-les-actualites\/cameroun-un-prefet-fait-enfermer-un-chef-traditionnel-et-ses-sujets#primaryimage"},"thumbnailUrl":"https:\/\/static.africa-press.net\/cameroun\/sites\/57\/2023\/09\/sm_1695755184.20133.jpg","keywords":["Africa Press","Africa Press-Cameroun","Cameroun"],"articleSection":["Communaut\u00e9","Toutes les actualit\u00e9s"],"inLanguage":"fr-FR","potentialAction":[{"@type":"CommentAction","name":"Comment","target":["https:\/\/www.africa-press.net\/cameroun\/toutes-les-actualites\/cameroun-un-prefet-fait-enfermer-un-chef-traditionnel-et-ses-sujets#respond"]}]},{"@type":"WebPage","@id":"https:\/\/www.africa-press.net\/cameroun\/toutes-les-actualites\/cameroun-un-prefet-fait-enfermer-un-chef-traditionnel-et-ses-sujets","url":"https:\/\/www.africa-press.net\/cameroun\/toutes-les-actualites\/cameroun-un-prefet-fait-enfermer-un-chef-traditionnel-et-ses-sujets","name":"Cameroun : un pr\u00e9fet fait enfermer un chef traditionnel et ses sujets - Cameroun","isPartOf":{"@id":"https:\/\/www.africa-press.net\/cameroun\/#website"},"primaryImageOfPage":{"@id":"https:\/\/www.africa-press.net\/cameroun\/toutes-les-actualites\/cameroun-un-prefet-fait-enfermer-un-chef-traditionnel-et-ses-sujets#primaryimage"},"image":{"@id":"https:\/\/www.africa-press.net\/cameroun\/toutes-les-actualites\/cameroun-un-prefet-fait-enfermer-un-chef-traditionnel-et-ses-sujets#primaryimage"},"thumbnailUrl":"https:\/\/static.africa-press.net\/cameroun\/sites\/57\/2023\/09\/sm_1695755184.20133.jpg","datePublished":"2023-09-26T22:11:14+00:00","dateModified":"2023-09-27T00:37:41+00:00","author":{"@id":"https:\/\/www.africa-press.net\/cameroun\/#\/schema\/person\/2b1cf3cd81a31e3cd26889ca66d677f1"},"description":"Libe\u0301rez notre majeste\u0301 Nganni Janvier !\u00bb \u00abPapa Paul, viens-nous en aide. Nous voulons la paix a\u0300 Nyamboya \u00bb. Ces messag ...","breadcrumb":{"@id":"https:\/\/www.africa-press.net\/cameroun\/toutes-les-actualites\/cameroun-un-prefet-fait-enfermer-un-chef-traditionnel-et-ses-sujets#breadcrumb"},"inLanguage":"fr-FR","potentialAction":[{"@type":"ReadAction","target":["https:\/\/www.africa-press.net\/cameroun\/toutes-les-actualites\/cameroun-un-prefet-fait-enfermer-un-chef-traditionnel-et-ses-sujets"]}]},{"@type":"ImageObject","inLanguage":"fr-FR","@id":"https:\/\/www.africa-press.net\/cameroun\/toutes-les-actualites\/cameroun-un-prefet-fait-enfermer-un-chef-traditionnel-et-ses-sujets#primaryimage","url":"https:\/\/static.africa-press.net\/cameroun\/sites\/57\/2023\/09\/sm_1695755184.20133.jpg","contentUrl":"https:\/\/static.africa-press.net\/cameroun\/sites\/57\/2023\/09\/sm_1695755184.20133.jpg","width":720,"height":360,"caption":"Cameroun : un pr\u00e9fet fait enfermer un chef traditionnel et ses sujets"},{"@type":"BreadcrumbList","@id":"https:\/\/www.africa-press.net\/cameroun\/toutes-les-actualites\/cameroun-un-prefet-fait-enfermer-un-chef-traditionnel-et-ses-sujets#breadcrumb","itemListElement":[{"@type":"ListItem","position":1,"name":"Accueil","item":"https:\/\/www.africa-press.net\/cameroun\/"},{"@type":"ListItem","position":2,"name":"Cameroun : un pr\u00e9fet fait enfermer un chef traditionnel et ses sujets"}]},{"@type":"WebSite","@id":"https:\/\/www.africa-press.net\/cameroun\/#website","url":"https:\/\/www.africa-press.net\/cameroun\/","name":"Cameroun","description":"Just another Africa News Agency Sites site","potentialAction":[{"@type":"SearchAction","target":{"@type":"EntryPoint","urlTemplate":"https:\/\/www.africa-press.net\/cameroun\/?s={search_term_string}"},"query-input":{"@type":"PropertyValueSpecification","valueRequired":true,"valueName":"search_term_string"}}],"inLanguage":"fr-FR"},{"@type":"Person","@id":"https:\/\/www.africa-press.net\/cameroun\/#\/schema\/person\/2b1cf3cd81a31e3cd26889ca66d677f1","name":"cfeditorfr"}]}},"_links":{"self":[{"href":"https:\/\/www.africa-press.net\/cameroun\/wp-json\/wp\/v2\/posts\/51711","targetHints":{"allow":["GET"]}}],"collection":[{"href":"https:\/\/www.africa-press.net\/cameroun\/wp-json\/wp\/v2\/posts"}],"about":[{"href":"https:\/\/www.africa-press.net\/cameroun\/wp-json\/wp\/v2\/types\/post"}],"author":[{"embeddable":true,"href":"https:\/\/www.africa-press.net\/cameroun\/wp-json\/wp\/v2\/users\/82"}],"replies":[{"embeddable":true,"href":"https:\/\/www.africa-press.net\/cameroun\/wp-json\/wp\/v2\/comments?post=51711"}],"version-history":[{"count":0,"href":"https:\/\/www.africa-press.net\/cameroun\/wp-json\/wp\/v2\/posts\/51711\/revisions"}],"wp:featuredmedia":[{"embeddable":true,"href":"https:\/\/www.africa-press.net\/cameroun\/wp-json\/wp\/v2\/media\/51710"}],"wp:attachment":[{"href":"https:\/\/www.africa-press.net\/cameroun\/wp-json\/wp\/v2\/media?parent=51711"}],"wp:term":[{"taxonomy":"category","embeddable":true,"href":"https:\/\/www.africa-press.net\/cameroun\/wp-json\/wp\/v2\/categories?post=51711"},{"taxonomy":"post_tag","embeddable":true,"href":"https:\/\/www.africa-press.net\/cameroun\/wp-json\/wp\/v2\/tags?post=51711"}],"curies":[{"name":"wp","href":"https:\/\/api.w.org\/{rel}","templated":true}]}}