{"id":51713,"date":"2023-09-26T22:11:39","date_gmt":"2023-09-26T22:11:39","guid":{"rendered":"https:\/\/www.africa-press.net\/cameroun\/politique\/les-gens-vont-pleurer-le-president-paul-biya"},"modified":"2023-09-27T00:38:14","modified_gmt":"2023-09-27T00:38:14","slug":"les-gens-vont-pleurer-le-president-paul-biya","status":"publish","type":"post","link":"https:\/\/www.africa-press.net\/cameroun\/politique\/les-gens-vont-pleurer-le-president-paul-biya","title":{"rendered":"\u2018Les gens vont pleurer le Pr\u00e9sident Paul Biya\u2019"},"content":{"rendered":"<p><span style=\"color: #ff6600\"><strong>Africa-Press &#8211; Cameroun. <\/strong><\/span>Le coup d\u2019e\u0301tat intervenu au Gabon le 30 aou\u0302t 2023 a des conse\u0301quences au Cameroun. Plusieurs analystes invite\u0301s sur des plateaux de te\u0301le\u0301vision n\u2019excluent pas une situation similaire au Cameroun ; le re\u0301gime de Biya et celui des Bongo ayant en commun la longe\u0301vite\u0301 et la mauvaise gouvernance. Ces nombreux messages qui pre\u0301parent les esprits a\u0300 un e\u0301ventuel coup d\u2019Etat au Cameroun ont pousse\u0301 le gouvernement a\u0300 sortir un communique\u0301 pour remettre les pendules a\u0300 l\u2019heure.<\/p>\n<p>\u00ab Le Gouvernement invite donc instamment les personnes concerne\u0301es, a\u0300 se garder d&rsquo;e\u0301tablir des paralle\u0300les insense\u0301s et saugrenus, et de faire des pre\u0301dictions ubuesques sur le devenir du Cameroun, qui pourraient s&rsquo;apparenter a\u0300 des appels a\u0300 la de\u0301stabilisation de l&rsquo;Etat, et, de ce fait, justifier leur interpellation et leur traduction devant la Justice, conforme\u0301ment a\u0300 nos lois et re\u0300glements \u00bb, indique un communique\u0301 du gouvernement.<\/p>\n<p>Soutenant la sortie des autorite\u0301s camerounaises, le communicant du RDPC, Andre Luther Meka va plus loin en de\u0301clarant que les Camerounais vont regretter le de\u0301part de Paul Biya. \u00ab C&rsquo;est important pour le porte-parole du gouvernement de faire une mise en garde contre les sorties en rapport avec ce qui se passe au Gabon. J&rsquo;ai souvent dit que les gens vont pleurer le Pre\u0301sident Paul Biya. On ne peut pas dire que les camerounais sont manipulables ou pas pour ce\u0301der a\u0300 un certain type de communication de de\u0301stabilisation \u00bb, a-t-il de\u0301clare\u0301 ce jour sur les ondes de ABK Radio.<\/p>\n<p>Paul Biya au pouvoir au Cameroun depuis 1982 est jusqu\u2019a\u0300 preuve du contraire, le candidat naturel du RDPC pour la pre\u0301sidentielle de 2025. Age\u0301 de 90 ans des voix montent de plus en plus pour demandant au dirigeant de renoncer a\u0300 ce projet. L\u2019inte\u0301resse\u0301 pre\u0301fe\u0300re faire durer le suspens le plus longtemps possible. En juillet 2022, il avait de\u0301clare\u0301 devant le pre\u0301sident franc\u0327ais Emmanuel Macron qu\u2019il comptait bien achever ce mandat avant de se prononcer sur son avenir politique.<\/p>\n<p><strong>Pour plus d&rsquo;informations et d&rsquo;analyses sur la <a href=\"https:\/\/www.africa-press.net\/cameroun\">Cameroun<\/a>, suivez <a href=\"https:\/\/www.africa-press.net\/\">Africa-Press<\/a><\/strong><\/p>\n","protected":false},"excerpt":{"rendered":"<p>Africa-Press &#8211; Cameroun. Le coup d\u2019e\u0301tat intervenu au Gabon le 30 aou\u0302t 2023 a des conse\u0301quences au Cameroun. Plusieurs analystes invite\u0301s sur des plateaux de te\u0301le\u0301vision n\u2019excluent pas une situation similaire au Cameroun ; le re\u0301gime de Biya et celui des Bongo ayant en commun la longe\u0301vite\u0301 et la mauvaise gouvernance. Ces nombreux messages qui [&hellip;]<\/p>\n","protected":false},"author":82,"featured_media":51712,"comment_status":"open","ping_status":"closed","sticky":false,"template":"","format":"standard","meta":{"footnotes":""},"categories":[2,10],"tags":[36,50,49],"class_list":["post-51713","post","type-post","status-publish","format-standard","has-post-thumbnail","hentry","category-politique","category-toutes-les-actualites","tag-africa-press","tag-africa-press-cameroun","tag-cameroun"],"yoast_head":"<!-- This site is optimized with the Yoast SEO Premium plugin v26.1 (Yoast SEO v27.0) - https:\/\/yoast.com\/product\/yoast-seo-premium-wordpress\/ -->\n<title>\u2018Les gens vont pleurer le Pr\u00e9sident Paul Biya\u2019 - Cameroun<\/title>\n<meta name=\"description\" content=\"Le coup d\u2019e\u0301tat intervenu au Gabon le 30 aou\u0302t 2023 a des conse\u0301quences au Cameroun. Plusieurs analystes invite\u0301s sur de ...\" \/>\n<meta name=\"robots\" content=\"index, follow, max-snippet:-1, max-image-preview:large, max-video-preview:-1\" \/>\n<link rel=\"canonical\" href=\"https:\/\/www.africa-press.net\/cameroun\/politique\/les-gens-vont-pleurer-le-president-paul-biya\" \/>\n<meta property=\"og:locale\" content=\"fr_FR\" \/>\n<meta property=\"og:type\" content=\"article\" \/>\n<meta property=\"og:title\" content=\"\u2018Les gens vont pleurer le Pr\u00e9sident Paul Biya\u2019\" \/>\n<meta property=\"og:description\" content=\"Le coup d\u2019e\u0301tat intervenu au Gabon le 30 aou\u0302t 2023 a des conse\u0301quences au Cameroun. Plusieurs analystes invite\u0301s sur de ...\" \/>\n<meta property=\"og:url\" content=\"https:\/\/www.africa-press.net\/cameroun\/politique\/les-gens-vont-pleurer-le-president-paul-biya\" \/>\n<meta property=\"og:site_name\" content=\"Cameroun\" \/>\n<meta property=\"article:published_time\" content=\"2023-09-26T22:11:39+00:00\" \/>\n<meta property=\"article:modified_time\" content=\"2023-09-27T00:38:14+00:00\" \/>\n<meta property=\"og:image\" content=\"https:\/\/static.africa-press.net\/cameroun\/sites\/57\/2023\/09\/sm_1695755208.705134.jpg\" \/>\n\t<meta property=\"og:image:width\" content=\"720\" \/>\n\t<meta property=\"og:image:height\" content=\"470\" \/>\n\t<meta property=\"og:image:type\" content=\"image\/jpeg\" \/>\n<meta name=\"author\" content=\"cfeditorfr\" \/>\n<meta name=\"twitter:card\" content=\"summary_large_image\" \/>\n<meta name=\"twitter:label1\" content=\"\u00c9crit par\" \/>\n\t<meta name=\"twitter:data1\" content=\"cfeditorfr\" \/>\n\t<meta name=\"twitter:label2\" content=\"Dur\u00e9e de lecture estim\u00e9e\" \/>\n\t<meta name=\"twitter:data2\" content=\"2 minutes\" \/>\n<script type=\"application\/ld+json\" class=\"yoast-schema-graph\">{\"@context\":\"https:\/\/schema.org\",\"@graph\":[{\"@type\":\"Article\",\"@id\":\"https:\/\/www.africa-press.net\/cameroun\/politique\/les-gens-vont-pleurer-le-president-paul-biya#article\",\"isPartOf\":{\"@id\":\"https:\/\/www.africa-press.net\/cameroun\/politique\/les-gens-vont-pleurer-le-president-paul-biya\"},\"author\":{\"name\":\"cfeditorfr\",\"@id\":\"https:\/\/www.africa-press.net\/cameroun\/#\/schema\/person\/2b1cf3cd81a31e3cd26889ca66d677f1\"},\"headline\":\"\u2018Les gens vont pleurer le Pr\u00e9sident Paul Biya\u2019\",\"datePublished\":\"2023-09-26T22:11:39+00:00\",\"dateModified\":\"2023-09-27T00:38:14+00:00\",\"mainEntityOfPage\":{\"@id\":\"https:\/\/www.africa-press.net\/cameroun\/politique\/les-gens-vont-pleurer-le-president-paul-biya\"},\"wordCount\":376,\"commentCount\":0,\"image\":{\"@id\":\"https:\/\/www.africa-press.net\/cameroun\/politique\/les-gens-vont-pleurer-le-president-paul-biya#primaryimage\"},\"thumbnailUrl\":\"https:\/\/static.africa-press.net\/cameroun\/sites\/57\/2023\/09\/sm_1695755208.705134.jpg\",\"keywords\":[\"Africa Press\",\"Africa Press-Cameroun\",\"Cameroun\"],\"articleSection\":[\"Politique\",\"Toutes les actualit\u00e9s\"],\"inLanguage\":\"fr-FR\",\"potentialAction\":[{\"@type\":\"CommentAction\",\"name\":\"Comment\",\"target\":[\"https:\/\/www.africa-press.net\/cameroun\/politique\/les-gens-vont-pleurer-le-president-paul-biya#respond\"]}]},{\"@type\":\"WebPage\",\"@id\":\"https:\/\/www.africa-press.net\/cameroun\/politique\/les-gens-vont-pleurer-le-president-paul-biya\",\"url\":\"https:\/\/www.africa-press.net\/cameroun\/politique\/les-gens-vont-pleurer-le-president-paul-biya\",\"name\":\"\u2018Les gens vont pleurer le Pr\u00e9sident Paul Biya\u2019 - Cameroun\",\"isPartOf\":{\"@id\":\"https:\/\/www.africa-press.net\/cameroun\/#website\"},\"primaryImageOfPage\":{\"@id\":\"https:\/\/www.africa-press.net\/cameroun\/politique\/les-gens-vont-pleurer-le-president-paul-biya#primaryimage\"},\"image\":{\"@id\":\"https:\/\/www.africa-press.net\/cameroun\/politique\/les-gens-vont-pleurer-le-president-paul-biya#primaryimage\"},\"thumbnailUrl\":\"https:\/\/static.africa-press.net\/cameroun\/sites\/57\/2023\/09\/sm_1695755208.705134.jpg\",\"datePublished\":\"2023-09-26T22:11:39+00:00\",\"dateModified\":\"2023-09-27T00:38:14+00:00\",\"author\":{\"@id\":\"https:\/\/www.africa-press.net\/cameroun\/#\/schema\/person\/2b1cf3cd81a31e3cd26889ca66d677f1\"},\"description\":\"Le coup d\u2019e\u0301tat intervenu au Gabon le 30 aou\u0302t 2023 a des conse\u0301quences au Cameroun. Plusieurs analystes invite\u0301s sur de ...\",\"breadcrumb\":{\"@id\":\"https:\/\/www.africa-press.net\/cameroun\/politique\/les-gens-vont-pleurer-le-president-paul-biya#breadcrumb\"},\"inLanguage\":\"fr-FR\",\"potentialAction\":[{\"@type\":\"ReadAction\",\"target\":[\"https:\/\/www.africa-press.net\/cameroun\/politique\/les-gens-vont-pleurer-le-president-paul-biya\"]}]},{\"@type\":\"ImageObject\",\"inLanguage\":\"fr-FR\",\"@id\":\"https:\/\/www.africa-press.net\/cameroun\/politique\/les-gens-vont-pleurer-le-president-paul-biya#primaryimage\",\"url\":\"https:\/\/static.africa-press.net\/cameroun\/sites\/57\/2023\/09\/sm_1695755208.705134.jpg\",\"contentUrl\":\"https:\/\/static.africa-press.net\/cameroun\/sites\/57\/2023\/09\/sm_1695755208.705134.jpg\",\"width\":720,\"height\":470,\"caption\":\"\u2018Les gens vont pleurer le Pr\u00e9sident Paul Biya\u2019\"},{\"@type\":\"BreadcrumbList\",\"@id\":\"https:\/\/www.africa-press.net\/cameroun\/politique\/les-gens-vont-pleurer-le-president-paul-biya#breadcrumb\",\"itemListElement\":[{\"@type\":\"ListItem\",\"position\":1,\"name\":\"Accueil\",\"item\":\"https:\/\/www.africa-press.net\/cameroun\/\"},{\"@type\":\"ListItem\",\"position\":2,\"name\":\"\u2018Les gens vont pleurer le Pr\u00e9sident Paul Biya\u2019\"}]},{\"@type\":\"WebSite\",\"@id\":\"https:\/\/www.africa-press.net\/cameroun\/#website\",\"url\":\"https:\/\/www.africa-press.net\/cameroun\/\",\"name\":\"Cameroun\",\"description\":\"Just another Africa News Agency Sites site\",\"potentialAction\":[{\"@type\":\"SearchAction\",\"target\":{\"@type\":\"EntryPoint\",\"urlTemplate\":\"https:\/\/www.africa-press.net\/cameroun\/?s={search_term_string}\"},\"query-input\":{\"@type\":\"PropertyValueSpecification\",\"valueRequired\":true,\"valueName\":\"search_term_string\"}}],\"inLanguage\":\"fr-FR\"},{\"@type\":\"Person\",\"@id\":\"https:\/\/www.africa-press.net\/cameroun\/#\/schema\/person\/2b1cf3cd81a31e3cd26889ca66d677f1\",\"name\":\"cfeditorfr\"}]}<\/script>\n<!-- \/ Yoast SEO Premium plugin. -->","yoast_head_json":{"title":"\u2018Les gens vont pleurer le Pr\u00e9sident Paul Biya\u2019 - Cameroun","description":"Le coup d\u2019e\u0301tat intervenu au Gabon le 30 aou\u0302t 2023 a des conse\u0301quences au Cameroun. Plusieurs analystes invite\u0301s sur de ...","robots":{"index":"index","follow":"follow","max-snippet":"max-snippet:-1","max-image-preview":"max-image-preview:large","max-video-preview":"max-video-preview:-1"},"canonical":"https:\/\/www.africa-press.net\/cameroun\/politique\/les-gens-vont-pleurer-le-president-paul-biya","og_locale":"fr_FR","og_type":"article","og_title":"\u2018Les gens vont pleurer le Pr\u00e9sident Paul Biya\u2019","og_description":"Le coup d\u2019e\u0301tat intervenu au Gabon le 30 aou\u0302t 2023 a des conse\u0301quences au Cameroun. Plusieurs analystes invite\u0301s sur de ...","og_url":"https:\/\/www.africa-press.net\/cameroun\/politique\/les-gens-vont-pleurer-le-president-paul-biya","og_site_name":"Cameroun","article_published_time":"2023-09-26T22:11:39+00:00","article_modified_time":"2023-09-27T00:38:14+00:00","og_image":[{"width":720,"height":470,"url":"https:\/\/static.africa-press.net\/cameroun\/sites\/57\/2023\/09\/sm_1695755208.705134.jpg","type":"image\/jpeg"}],"author":"cfeditorfr","twitter_card":"summary_large_image","twitter_misc":{"\u00c9crit par":"cfeditorfr","Dur\u00e9e de lecture estim\u00e9e":"2 minutes"},"schema":{"@context":"https:\/\/schema.org","@graph":[{"@type":"Article","@id":"https:\/\/www.africa-press.net\/cameroun\/politique\/les-gens-vont-pleurer-le-president-paul-biya#article","isPartOf":{"@id":"https:\/\/www.africa-press.net\/cameroun\/politique\/les-gens-vont-pleurer-le-president-paul-biya"},"author":{"name":"cfeditorfr","@id":"https:\/\/www.africa-press.net\/cameroun\/#\/schema\/person\/2b1cf3cd81a31e3cd26889ca66d677f1"},"headline":"\u2018Les gens vont pleurer le Pr\u00e9sident Paul Biya\u2019","datePublished":"2023-09-26T22:11:39+00:00","dateModified":"2023-09-27T00:38:14+00:00","mainEntityOfPage":{"@id":"https:\/\/www.africa-press.net\/cameroun\/politique\/les-gens-vont-pleurer-le-president-paul-biya"},"wordCount":376,"commentCount":0,"image":{"@id":"https:\/\/www.africa-press.net\/cameroun\/politique\/les-gens-vont-pleurer-le-president-paul-biya#primaryimage"},"thumbnailUrl":"https:\/\/static.africa-press.net\/cameroun\/sites\/57\/2023\/09\/sm_1695755208.705134.jpg","keywords":["Africa Press","Africa Press-Cameroun","Cameroun"],"articleSection":["Politique","Toutes les actualit\u00e9s"],"inLanguage":"fr-FR","potentialAction":[{"@type":"CommentAction","name":"Comment","target":["https:\/\/www.africa-press.net\/cameroun\/politique\/les-gens-vont-pleurer-le-president-paul-biya#respond"]}]},{"@type":"WebPage","@id":"https:\/\/www.africa-press.net\/cameroun\/politique\/les-gens-vont-pleurer-le-president-paul-biya","url":"https:\/\/www.africa-press.net\/cameroun\/politique\/les-gens-vont-pleurer-le-president-paul-biya","name":"\u2018Les gens vont pleurer le Pr\u00e9sident Paul Biya\u2019 - Cameroun","isPartOf":{"@id":"https:\/\/www.africa-press.net\/cameroun\/#website"},"primaryImageOfPage":{"@id":"https:\/\/www.africa-press.net\/cameroun\/politique\/les-gens-vont-pleurer-le-president-paul-biya#primaryimage"},"image":{"@id":"https:\/\/www.africa-press.net\/cameroun\/politique\/les-gens-vont-pleurer-le-president-paul-biya#primaryimage"},"thumbnailUrl":"https:\/\/static.africa-press.net\/cameroun\/sites\/57\/2023\/09\/sm_1695755208.705134.jpg","datePublished":"2023-09-26T22:11:39+00:00","dateModified":"2023-09-27T00:38:14+00:00","author":{"@id":"https:\/\/www.africa-press.net\/cameroun\/#\/schema\/person\/2b1cf3cd81a31e3cd26889ca66d677f1"},"description":"Le coup d\u2019e\u0301tat intervenu au Gabon le 30 aou\u0302t 2023 a des conse\u0301quences au Cameroun. Plusieurs analystes invite\u0301s sur de ...","breadcrumb":{"@id":"https:\/\/www.africa-press.net\/cameroun\/politique\/les-gens-vont-pleurer-le-president-paul-biya#breadcrumb"},"inLanguage":"fr-FR","potentialAction":[{"@type":"ReadAction","target":["https:\/\/www.africa-press.net\/cameroun\/politique\/les-gens-vont-pleurer-le-president-paul-biya"]}]},{"@type":"ImageObject","inLanguage":"fr-FR","@id":"https:\/\/www.africa-press.net\/cameroun\/politique\/les-gens-vont-pleurer-le-president-paul-biya#primaryimage","url":"https:\/\/static.africa-press.net\/cameroun\/sites\/57\/2023\/09\/sm_1695755208.705134.jpg","contentUrl":"https:\/\/static.africa-press.net\/cameroun\/sites\/57\/2023\/09\/sm_1695755208.705134.jpg","width":720,"height":470,"caption":"\u2018Les gens vont pleurer le Pr\u00e9sident Paul Biya\u2019"},{"@type":"BreadcrumbList","@id":"https:\/\/www.africa-press.net\/cameroun\/politique\/les-gens-vont-pleurer-le-president-paul-biya#breadcrumb","itemListElement":[{"@type":"ListItem","position":1,"name":"Accueil","item":"https:\/\/www.africa-press.net\/cameroun\/"},{"@type":"ListItem","position":2,"name":"\u2018Les gens vont pleurer le Pr\u00e9sident Paul Biya\u2019"}]},{"@type":"WebSite","@id":"https:\/\/www.africa-press.net\/cameroun\/#website","url":"https:\/\/www.africa-press.net\/cameroun\/","name":"Cameroun","description":"Just another Africa News Agency Sites site","potentialAction":[{"@type":"SearchAction","target":{"@type":"EntryPoint","urlTemplate":"https:\/\/www.africa-press.net\/cameroun\/?s={search_term_string}"},"query-input":{"@type":"PropertyValueSpecification","valueRequired":true,"valueName":"search_term_string"}}],"inLanguage":"fr-FR"},{"@type":"Person","@id":"https:\/\/www.africa-press.net\/cameroun\/#\/schema\/person\/2b1cf3cd81a31e3cd26889ca66d677f1","name":"cfeditorfr"}]}},"_links":{"self":[{"href":"https:\/\/www.africa-press.net\/cameroun\/wp-json\/wp\/v2\/posts\/51713","targetHints":{"allow":["GET"]}}],"collection":[{"href":"https:\/\/www.africa-press.net\/cameroun\/wp-json\/wp\/v2\/posts"}],"about":[{"href":"https:\/\/www.africa-press.net\/cameroun\/wp-json\/wp\/v2\/types\/post"}],"author":[{"embeddable":true,"href":"https:\/\/www.africa-press.net\/cameroun\/wp-json\/wp\/v2\/users\/82"}],"replies":[{"embeddable":true,"href":"https:\/\/www.africa-press.net\/cameroun\/wp-json\/wp\/v2\/comments?post=51713"}],"version-history":[{"count":0,"href":"https:\/\/www.africa-press.net\/cameroun\/wp-json\/wp\/v2\/posts\/51713\/revisions"}],"wp:featuredmedia":[{"embeddable":true,"href":"https:\/\/www.africa-press.net\/cameroun\/wp-json\/wp\/v2\/media\/51712"}],"wp:attachment":[{"href":"https:\/\/www.africa-press.net\/cameroun\/wp-json\/wp\/v2\/media?parent=51713"}],"wp:term":[{"taxonomy":"category","embeddable":true,"href":"https:\/\/www.africa-press.net\/cameroun\/wp-json\/wp\/v2\/categories?post=51713"},{"taxonomy":"post_tag","embeddable":true,"href":"https:\/\/www.africa-press.net\/cameroun\/wp-json\/wp\/v2\/tags?post=51713"}],"curies":[{"name":"wp","href":"https:\/\/api.w.org\/{rel}","templated":true}]}}