{"id":51722,"date":"2023-09-26T22:12:08","date_gmt":"2023-09-26T22:12:08","guid":{"rendered":"https:\/\/www.africa-press.net\/cameroun\/politique\/necrologie-le-sdf-pleure-le-journaliste-alain"},"modified":"2023-09-27T00:40:15","modified_gmt":"2023-09-27T00:40:15","slug":"necrologie-le-sdf-pleure-le-journaliste-alain","status":"publish","type":"post","link":"https:\/\/www.africa-press.net\/cameroun\/toutes-les-actualites\/necrologie-le-sdf-pleure-le-journaliste-alain","title":{"rendered":"N\u00e9crologie: le SDF pleure le journaliste Alain"},"content":{"rendered":"<p><span style=\"color: #ff6600\"><strong>Africa-Press &#8211; Cameroun. <\/strong><\/span>Jean Michel Nintcheu a appris le de\u0301ce\u0300s de Alain NJIPOU, journaliste et ancien re\u0301dacteur en chef du journal, Le Messager.<\/p>\n<p>Dans une lettre adresse\u0301e a\u0300 Jean Franc\u0327ois CHANNON, directeur de publication de ce journal, Nintcheu du SDF pre\u0301sente ses plus since\u0300res condole\u0301ances.<\/p>\n<p>\u00ab\u00a0Monsieur le Directeur.<\/p>\n<p>C&rsquo;est avec une grande e\u0301motion double\u0301e d&rsquo;une profonde tristesse que l&rsquo;apprends le de\u0301ce\u0300s de votre collaborateur M. Alain NJIPOU. II a su affronter avec hauteur et courage la maladie qui n&rsquo;avait de cesse de le mettre mal en point. Malgre\u0301 cette terrible e\u0301preuve, il est reste\u0301 digne. La grande faucheuse a malheureusement fini par l&rsquo;arracher a\u0300 la vie.<\/p>\n<p>Avec cette disparition, la presse camerounaise perd un journaliste de qualite\u0301 qui avait a\u0300 tout instant le professionnalisme et les canons du me\u0301tier de journaliste visce\u0301ralement cheville\u0301s au corps.<\/p>\n<p>En cette douloureuse circonstance, je voudrais adresser mes since\u0300res condole\u0301ances a\u0300 la re\u0301daction du quotidien \u00ab\u00a0Le Messager qui vient de perdre un compagnon fide\u0300le et de\u0301voue\u0301, une plume exceptionnelle.<\/p>\n<p>Alain vient de rejoindre la fe\u0301licite\u0301 ce\u0301leste, cet endroit unique qui accueille les grands esprits qui ont marque\u0301 leur temps. Que la terre du Cameroun toujours en que\u0302te de liberte\u0301 lui soit le\u0301ge\u0300re !\u00bb<\/p>\n<p>Le journaliste Alain NJIPOU est de\u0301ce\u0301de\u0301 le samedi 23 septembre 2023 a\u0300 Douala a\u0300 l&rsquo;ho\u0302pital ge\u0301ne\u0301ral.<\/p>\n<p>Issu de la 31e\u0300 Promotion de l\u2019Ecole Supe\u0301rieure des Sciences de l\u2019information et de la Communication (ESSTIC), Alain Njipou e\u0301tait ancien re\u0301dacteur en chef du quotidien Le Messager et grand reporter\u00a0\u00bb.<\/p>\n<p><strong>Pour plus d&rsquo;informations et d&rsquo;analyses sur la <a href=\"https:\/\/www.africa-press.net\/cameroun\">Cameroun<\/a>, suivez <a href=\"https:\/\/www.africa-press.net\/\">Africa-Press<\/a><\/strong><\/p>\n","protected":false},"excerpt":{"rendered":"<p>Africa-Press &#8211; Cameroun. Jean Michel Nintcheu a appris le de\u0301ce\u0300s de Alain NJIPOU, journaliste et ancien re\u0301dacteur en chef du journal, Le Messager. Dans une lettre adresse\u0301e a\u0300 Jean Franc\u0327ois CHANNON, directeur de publication de ce journal, Nintcheu du SDF pre\u0301sente ses plus since\u0300res condole\u0301ances. \u00ab\u00a0Monsieur le Directeur. C&rsquo;est avec une grande e\u0301motion double\u0301e d&rsquo;une [&hellip;]<\/p>\n","protected":false},"author":82,"featured_media":51720,"comment_status":"open","ping_status":"closed","sticky":false,"template":"","format":"standard","meta":{"footnotes":""},"categories":[21,10],"tags":[36,50,49],"class_list":["post-51722","post","type-post","status-publish","format-standard","has-post-thumbnail","hentry","category-communaute","category-toutes-les-actualites","tag-africa-press","tag-africa-press-cameroun","tag-cameroun"],"yoast_head":"<!-- This site is optimized with the Yoast SEO Premium plugin v26.1 (Yoast SEO v27.0) - https:\/\/yoast.com\/product\/yoast-seo-premium-wordpress\/ -->\n<title>N\u00e9crologie: le SDF pleure le journaliste Alain - Cameroun<\/title>\n<meta name=\"description\" content=\"Jean Michel Nintcheu a appris le de\u0301ce\u0300s de Alain NJIPOU, journaliste et ancien re\u0301dacteur en chef du journal, Le Messag ...\" \/>\n<meta name=\"robots\" content=\"index, follow, max-snippet:-1, max-image-preview:large, max-video-preview:-1\" \/>\n<link rel=\"canonical\" href=\"https:\/\/www.africa-press.net\/cameroun\/toutes-les-actualites\/necrologie-le-sdf-pleure-le-journaliste-alain\" \/>\n<meta property=\"og:locale\" content=\"fr_FR\" \/>\n<meta property=\"og:type\" content=\"article\" \/>\n<meta property=\"og:title\" content=\"N\u00e9crologie: le SDF pleure le journaliste Alain\" \/>\n<meta property=\"og:description\" content=\"Jean Michel Nintcheu a appris le de\u0301ce\u0300s de Alain NJIPOU, journaliste et ancien re\u0301dacteur en chef du journal, Le Messag ...\" \/>\n<meta property=\"og:url\" content=\"https:\/\/www.africa-press.net\/cameroun\/toutes-les-actualites\/necrologie-le-sdf-pleure-le-journaliste-alain\" \/>\n<meta property=\"og:site_name\" content=\"Cameroun\" \/>\n<meta property=\"article:published_time\" content=\"2023-09-26T22:12:08+00:00\" \/>\n<meta property=\"article:modified_time\" content=\"2023-09-27T00:40:15+00:00\" \/>\n<meta property=\"og:image\" content=\"https:\/\/static.africa-press.net\/cameroun\/sites\/57\/2023\/09\/sm_1695755290.613382.jpg\" \/>\n\t<meta property=\"og:image:width\" content=\"720\" \/>\n\t<meta property=\"og:image:height\" content=\"360\" \/>\n\t<meta property=\"og:image:type\" content=\"image\/jpeg\" \/>\n<meta name=\"author\" content=\"cfeditorfr\" \/>\n<meta name=\"twitter:card\" content=\"summary_large_image\" \/>\n<meta name=\"twitter:label1\" content=\"\u00c9crit par\" \/>\n\t<meta name=\"twitter:data1\" content=\"cfeditorfr\" \/>\n\t<meta name=\"twitter:label2\" content=\"Dur\u00e9e de lecture estim\u00e9e\" \/>\n\t<meta name=\"twitter:data2\" content=\"2 minutes\" \/>\n<script type=\"application\/ld+json\" class=\"yoast-schema-graph\">{\"@context\":\"https:\/\/schema.org\",\"@graph\":[{\"@type\":\"Article\",\"@id\":\"https:\/\/www.africa-press.net\/cameroun\/toutes-les-actualites\/necrologie-le-sdf-pleure-le-journaliste-alain#article\",\"isPartOf\":{\"@id\":\"https:\/\/www.africa-press.net\/cameroun\/toutes-les-actualites\/necrologie-le-sdf-pleure-le-journaliste-alain\"},\"author\":{\"name\":\"cfeditorfr\",\"@id\":\"https:\/\/www.africa-press.net\/cameroun\/#\/schema\/person\/2b1cf3cd81a31e3cd26889ca66d677f1\"},\"headline\":\"N\u00e9crologie: le SDF pleure le journaliste Alain\",\"datePublished\":\"2023-09-26T22:12:08+00:00\",\"dateModified\":\"2023-09-27T00:40:15+00:00\",\"mainEntityOfPage\":{\"@id\":\"https:\/\/www.africa-press.net\/cameroun\/toutes-les-actualites\/necrologie-le-sdf-pleure-le-journaliste-alain\"},\"wordCount\":304,\"commentCount\":0,\"image\":{\"@id\":\"https:\/\/www.africa-press.net\/cameroun\/toutes-les-actualites\/necrologie-le-sdf-pleure-le-journaliste-alain#primaryimage\"},\"thumbnailUrl\":\"https:\/\/static.africa-press.net\/cameroun\/sites\/57\/2023\/09\/sm_1695755290.613382.jpg\",\"keywords\":[\"Africa Press\",\"Africa Press-Cameroun\",\"Cameroun\"],\"articleSection\":[\"Communaut\u00e9\",\"Toutes les actualit\u00e9s\"],\"inLanguage\":\"fr-FR\",\"potentialAction\":[{\"@type\":\"CommentAction\",\"name\":\"Comment\",\"target\":[\"https:\/\/www.africa-press.net\/cameroun\/toutes-les-actualites\/necrologie-le-sdf-pleure-le-journaliste-alain#respond\"]}]},{\"@type\":\"WebPage\",\"@id\":\"https:\/\/www.africa-press.net\/cameroun\/toutes-les-actualites\/necrologie-le-sdf-pleure-le-journaliste-alain\",\"url\":\"https:\/\/www.africa-press.net\/cameroun\/toutes-les-actualites\/necrologie-le-sdf-pleure-le-journaliste-alain\",\"name\":\"N\u00e9crologie: le SDF pleure le journaliste Alain - Cameroun\",\"isPartOf\":{\"@id\":\"https:\/\/www.africa-press.net\/cameroun\/#website\"},\"primaryImageOfPage\":{\"@id\":\"https:\/\/www.africa-press.net\/cameroun\/toutes-les-actualites\/necrologie-le-sdf-pleure-le-journaliste-alain#primaryimage\"},\"image\":{\"@id\":\"https:\/\/www.africa-press.net\/cameroun\/toutes-les-actualites\/necrologie-le-sdf-pleure-le-journaliste-alain#primaryimage\"},\"thumbnailUrl\":\"https:\/\/static.africa-press.net\/cameroun\/sites\/57\/2023\/09\/sm_1695755290.613382.jpg\",\"datePublished\":\"2023-09-26T22:12:08+00:00\",\"dateModified\":\"2023-09-27T00:40:15+00:00\",\"author\":{\"@id\":\"https:\/\/www.africa-press.net\/cameroun\/#\/schema\/person\/2b1cf3cd81a31e3cd26889ca66d677f1\"},\"description\":\"Jean Michel Nintcheu a appris le de\u0301ce\u0300s de Alain NJIPOU, journaliste et ancien re\u0301dacteur en chef du journal, Le Messag ...\",\"breadcrumb\":{\"@id\":\"https:\/\/www.africa-press.net\/cameroun\/toutes-les-actualites\/necrologie-le-sdf-pleure-le-journaliste-alain#breadcrumb\"},\"inLanguage\":\"fr-FR\",\"potentialAction\":[{\"@type\":\"ReadAction\",\"target\":[\"https:\/\/www.africa-press.net\/cameroun\/toutes-les-actualites\/necrologie-le-sdf-pleure-le-journaliste-alain\"]}]},{\"@type\":\"ImageObject\",\"inLanguage\":\"fr-FR\",\"@id\":\"https:\/\/www.africa-press.net\/cameroun\/toutes-les-actualites\/necrologie-le-sdf-pleure-le-journaliste-alain#primaryimage\",\"url\":\"https:\/\/static.africa-press.net\/cameroun\/sites\/57\/2023\/09\/sm_1695755290.613382.jpg\",\"contentUrl\":\"https:\/\/static.africa-press.net\/cameroun\/sites\/57\/2023\/09\/sm_1695755290.613382.jpg\",\"width\":720,\"height\":360,\"caption\":\"N\u00e9crologie: le SDF pleure le journaliste Alain\"},{\"@type\":\"BreadcrumbList\",\"@id\":\"https:\/\/www.africa-press.net\/cameroun\/toutes-les-actualites\/necrologie-le-sdf-pleure-le-journaliste-alain#breadcrumb\",\"itemListElement\":[{\"@type\":\"ListItem\",\"position\":1,\"name\":\"Accueil\",\"item\":\"https:\/\/www.africa-press.net\/cameroun\/\"},{\"@type\":\"ListItem\",\"position\":2,\"name\":\"N\u00e9crologie: le SDF pleure le journaliste Alain\"}]},{\"@type\":\"WebSite\",\"@id\":\"https:\/\/www.africa-press.net\/cameroun\/#website\",\"url\":\"https:\/\/www.africa-press.net\/cameroun\/\",\"name\":\"Cameroun\",\"description\":\"Just another Africa News Agency Sites site\",\"potentialAction\":[{\"@type\":\"SearchAction\",\"target\":{\"@type\":\"EntryPoint\",\"urlTemplate\":\"https:\/\/www.africa-press.net\/cameroun\/?s={search_term_string}\"},\"query-input\":{\"@type\":\"PropertyValueSpecification\",\"valueRequired\":true,\"valueName\":\"search_term_string\"}}],\"inLanguage\":\"fr-FR\"},{\"@type\":\"Person\",\"@id\":\"https:\/\/www.africa-press.net\/cameroun\/#\/schema\/person\/2b1cf3cd81a31e3cd26889ca66d677f1\",\"name\":\"cfeditorfr\"}]}<\/script>\n<!-- \/ Yoast SEO Premium plugin. -->","yoast_head_json":{"title":"N\u00e9crologie: le SDF pleure le journaliste Alain - Cameroun","description":"Jean Michel Nintcheu a appris le de\u0301ce\u0300s de Alain NJIPOU, journaliste et ancien re\u0301dacteur en chef du journal, Le Messag ...","robots":{"index":"index","follow":"follow","max-snippet":"max-snippet:-1","max-image-preview":"max-image-preview:large","max-video-preview":"max-video-preview:-1"},"canonical":"https:\/\/www.africa-press.net\/cameroun\/toutes-les-actualites\/necrologie-le-sdf-pleure-le-journaliste-alain","og_locale":"fr_FR","og_type":"article","og_title":"N\u00e9crologie: le SDF pleure le journaliste Alain","og_description":"Jean Michel Nintcheu a appris le de\u0301ce\u0300s de Alain NJIPOU, journaliste et ancien re\u0301dacteur en chef du journal, Le Messag ...","og_url":"https:\/\/www.africa-press.net\/cameroun\/toutes-les-actualites\/necrologie-le-sdf-pleure-le-journaliste-alain","og_site_name":"Cameroun","article_published_time":"2023-09-26T22:12:08+00:00","article_modified_time":"2023-09-27T00:40:15+00:00","og_image":[{"width":720,"height":360,"url":"https:\/\/static.africa-press.net\/cameroun\/sites\/57\/2023\/09\/sm_1695755290.613382.jpg","type":"image\/jpeg"}],"author":"cfeditorfr","twitter_card":"summary_large_image","twitter_misc":{"\u00c9crit par":"cfeditorfr","Dur\u00e9e de lecture estim\u00e9e":"2 minutes"},"schema":{"@context":"https:\/\/schema.org","@graph":[{"@type":"Article","@id":"https:\/\/www.africa-press.net\/cameroun\/toutes-les-actualites\/necrologie-le-sdf-pleure-le-journaliste-alain#article","isPartOf":{"@id":"https:\/\/www.africa-press.net\/cameroun\/toutes-les-actualites\/necrologie-le-sdf-pleure-le-journaliste-alain"},"author":{"name":"cfeditorfr","@id":"https:\/\/www.africa-press.net\/cameroun\/#\/schema\/person\/2b1cf3cd81a31e3cd26889ca66d677f1"},"headline":"N\u00e9crologie: le SDF pleure le journaliste Alain","datePublished":"2023-09-26T22:12:08+00:00","dateModified":"2023-09-27T00:40:15+00:00","mainEntityOfPage":{"@id":"https:\/\/www.africa-press.net\/cameroun\/toutes-les-actualites\/necrologie-le-sdf-pleure-le-journaliste-alain"},"wordCount":304,"commentCount":0,"image":{"@id":"https:\/\/www.africa-press.net\/cameroun\/toutes-les-actualites\/necrologie-le-sdf-pleure-le-journaliste-alain#primaryimage"},"thumbnailUrl":"https:\/\/static.africa-press.net\/cameroun\/sites\/57\/2023\/09\/sm_1695755290.613382.jpg","keywords":["Africa Press","Africa Press-Cameroun","Cameroun"],"articleSection":["Communaut\u00e9","Toutes les actualit\u00e9s"],"inLanguage":"fr-FR","potentialAction":[{"@type":"CommentAction","name":"Comment","target":["https:\/\/www.africa-press.net\/cameroun\/toutes-les-actualites\/necrologie-le-sdf-pleure-le-journaliste-alain#respond"]}]},{"@type":"WebPage","@id":"https:\/\/www.africa-press.net\/cameroun\/toutes-les-actualites\/necrologie-le-sdf-pleure-le-journaliste-alain","url":"https:\/\/www.africa-press.net\/cameroun\/toutes-les-actualites\/necrologie-le-sdf-pleure-le-journaliste-alain","name":"N\u00e9crologie: le SDF pleure le journaliste Alain - Cameroun","isPartOf":{"@id":"https:\/\/www.africa-press.net\/cameroun\/#website"},"primaryImageOfPage":{"@id":"https:\/\/www.africa-press.net\/cameroun\/toutes-les-actualites\/necrologie-le-sdf-pleure-le-journaliste-alain#primaryimage"},"image":{"@id":"https:\/\/www.africa-press.net\/cameroun\/toutes-les-actualites\/necrologie-le-sdf-pleure-le-journaliste-alain#primaryimage"},"thumbnailUrl":"https:\/\/static.africa-press.net\/cameroun\/sites\/57\/2023\/09\/sm_1695755290.613382.jpg","datePublished":"2023-09-26T22:12:08+00:00","dateModified":"2023-09-27T00:40:15+00:00","author":{"@id":"https:\/\/www.africa-press.net\/cameroun\/#\/schema\/person\/2b1cf3cd81a31e3cd26889ca66d677f1"},"description":"Jean Michel Nintcheu a appris le de\u0301ce\u0300s de Alain NJIPOU, journaliste et ancien re\u0301dacteur en chef du journal, Le Messag ...","breadcrumb":{"@id":"https:\/\/www.africa-press.net\/cameroun\/toutes-les-actualites\/necrologie-le-sdf-pleure-le-journaliste-alain#breadcrumb"},"inLanguage":"fr-FR","potentialAction":[{"@type":"ReadAction","target":["https:\/\/www.africa-press.net\/cameroun\/toutes-les-actualites\/necrologie-le-sdf-pleure-le-journaliste-alain"]}]},{"@type":"ImageObject","inLanguage":"fr-FR","@id":"https:\/\/www.africa-press.net\/cameroun\/toutes-les-actualites\/necrologie-le-sdf-pleure-le-journaliste-alain#primaryimage","url":"https:\/\/static.africa-press.net\/cameroun\/sites\/57\/2023\/09\/sm_1695755290.613382.jpg","contentUrl":"https:\/\/static.africa-press.net\/cameroun\/sites\/57\/2023\/09\/sm_1695755290.613382.jpg","width":720,"height":360,"caption":"N\u00e9crologie: le SDF pleure le journaliste Alain"},{"@type":"BreadcrumbList","@id":"https:\/\/www.africa-press.net\/cameroun\/toutes-les-actualites\/necrologie-le-sdf-pleure-le-journaliste-alain#breadcrumb","itemListElement":[{"@type":"ListItem","position":1,"name":"Accueil","item":"https:\/\/www.africa-press.net\/cameroun\/"},{"@type":"ListItem","position":2,"name":"N\u00e9crologie: le SDF pleure le journaliste Alain"}]},{"@type":"WebSite","@id":"https:\/\/www.africa-press.net\/cameroun\/#website","url":"https:\/\/www.africa-press.net\/cameroun\/","name":"Cameroun","description":"Just another Africa News Agency Sites site","potentialAction":[{"@type":"SearchAction","target":{"@type":"EntryPoint","urlTemplate":"https:\/\/www.africa-press.net\/cameroun\/?s={search_term_string}"},"query-input":{"@type":"PropertyValueSpecification","valueRequired":true,"valueName":"search_term_string"}}],"inLanguage":"fr-FR"},{"@type":"Person","@id":"https:\/\/www.africa-press.net\/cameroun\/#\/schema\/person\/2b1cf3cd81a31e3cd26889ca66d677f1","name":"cfeditorfr"}]}},"_links":{"self":[{"href":"https:\/\/www.africa-press.net\/cameroun\/wp-json\/wp\/v2\/posts\/51722","targetHints":{"allow":["GET"]}}],"collection":[{"href":"https:\/\/www.africa-press.net\/cameroun\/wp-json\/wp\/v2\/posts"}],"about":[{"href":"https:\/\/www.africa-press.net\/cameroun\/wp-json\/wp\/v2\/types\/post"}],"author":[{"embeddable":true,"href":"https:\/\/www.africa-press.net\/cameroun\/wp-json\/wp\/v2\/users\/82"}],"replies":[{"embeddable":true,"href":"https:\/\/www.africa-press.net\/cameroun\/wp-json\/wp\/v2\/comments?post=51722"}],"version-history":[{"count":0,"href":"https:\/\/www.africa-press.net\/cameroun\/wp-json\/wp\/v2\/posts\/51722\/revisions"}],"wp:featuredmedia":[{"embeddable":true,"href":"https:\/\/www.africa-press.net\/cameroun\/wp-json\/wp\/v2\/media\/51720"}],"wp:attachment":[{"href":"https:\/\/www.africa-press.net\/cameroun\/wp-json\/wp\/v2\/media?parent=51722"}],"wp:term":[{"taxonomy":"category","embeddable":true,"href":"https:\/\/www.africa-press.net\/cameroun\/wp-json\/wp\/v2\/categories?post=51722"},{"taxonomy":"post_tag","embeddable":true,"href":"https:\/\/www.africa-press.net\/cameroun\/wp-json\/wp\/v2\/tags?post=51722"}],"curies":[{"name":"wp","href":"https:\/\/api.w.org\/{rel}","templated":true}]}}