{"id":51730,"date":"2023-09-26T22:12:32","date_gmt":"2023-09-26T22:12:32","guid":{"rendered":"https:\/\/www.africa-press.net\/cameroun\/politique\/mouvement-ots-la-fin-du-regime-a-sonne"},"modified":"2023-09-27T00:42:00","modified_gmt":"2023-09-27T00:42:00","slug":"mouvement-ots-la-fin-du-regime-a-sonne","status":"publish","type":"post","link":"https:\/\/www.africa-press.net\/cameroun\/politique\/mouvement-ots-la-fin-du-regime-a-sonne","title":{"rendered":"Mouvement OTS : la fin du r\u00e9gime a sonn\u00e9"},"content":{"rendered":"<p><span style=\"color: #ff6600\"><strong>Africa-Press &#8211; Cameroun. <\/strong><\/span>Le mouvement OTS (On a Trop Supporte\u0301) des enseignants au Cameroun pendant la rentre\u0301e scolaire 2023\/2024 met en lumie\u0300re la non-application des instructions du Pre\u0301sident Paul Biya et les lacunes dans la gouvernance de l&rsquo;e\u0301ducation dans notre pays. Le syste\u0300me e\u0301ducatif camerounais souffre de plusieurs proble\u0300mes, mais il existe des mesures cle\u0301s qui pourraient contribuer a\u0300 son ame\u0301lioration :<\/p>\n<p>Investissement dans l&rsquo;e\u0301ducation : Le gouvernement doit allouer des fonds ade\u0301quats pour ame\u0301liorer les e\u0301coles, la formation des enseignants, les ressources pe\u0301dagogiques et les programmes e\u0301ducatifs. Cela permettrait d&rsquo;ame\u0301liorer la qualite\u0301 de l&rsquo;e\u0301ducation au Cameroun et de garantir l&rsquo;e\u0301quite\u0301 dans l&rsquo;acce\u0300s a\u0300 l&rsquo;e\u0301ducation pour tous.<\/p>\n<p>Modernisation des programmes e\u0301ducatifs : Les programmes d&rsquo;enseignement doivent e\u0302tre actualise\u0301s pour re\u0301pondre aux besoins actuels des e\u0301tudiants et du marche\u0301 du travail. Ils devraient e\u0302tre flexibles, axe\u0301s sur les re\u0301sultats et offrir des voies e\u0301ducatives diversifie\u0301es pour les e\u0301le\u0300ves.<\/p>\n<p>Renforcement de la technologie e\u0301ducative : L&rsquo;utilisation de la technologie e\u0301ducative, telle que les appareils mobiles et les plateformes d&rsquo;apprentissage en ligne, peut ame\u0301liorer l&rsquo;accessibilite\u0301 et la qualite\u0301 de l&rsquo;e\u0301ducation. Le Cameroun devrait investir dans l&rsquo;infrastructure technologique des e\u0301coles et former les enseignants a\u0300 l&rsquo;utilisation de ces outils.<\/p>\n<p>Collaboration public-prive\u0301 : La collaboration entre le gouvernement et le secteur prive\u0301 peut renforcer les ressources e\u0301ducatives. Les partenariats public-prive\u0301 peuvent apporter un financement supple\u0301mentaire, des ressources e\u0301ducatives et une expertise pour ame\u0301liorer l&rsquo;efficacite\u0301 du syste\u0300me e\u0301ducatif.<\/p>\n<p>Ame\u0301lioration du traitement des enseignants : Pour ame\u0301liorer la situation des enseignants au Cameroun, plusieurs mesures sont ne\u0301cessaires :<\/p>\n<p>Augmentation des salaires : Les enseignants me\u0301ritent des salaires compe\u0301titifs et e\u0301quitables pour valoriser leur profession et les motiver.<\/p>\n<p>Conditions de travail ame\u0301liore\u0301es : Les enseignants ont besoin d&rsquo;infrastructures de qualite\u0301 et de ressources pe\u0301dagogiques ade\u0301quates pour offrir un environnement d&rsquo;apprentissage optimal.<\/p>\n<p>Reconnaissance de la profession : La socie\u0301te\u0301 doit reconnai\u0302tre le ro\u0302le essentiel des enseignants et organiser des programmes de reconnaissance pour leur contribution a\u0300 l&rsquo;e\u0301ducation.<\/p>\n<p>Avantages sociaux : Les enseignants devraient be\u0301ne\u0301ficier de prestations sociales, telles que des re\u0301gimes de retraite et des assurances maladie, pour garantir leur bien-e\u0302tre.<\/p>\n<p>Gestion et gouvernance e\u0301ducatives solides : Une bonne gestion et gouvernance dans le syste\u0300me e\u0301ducatif sont essentielles pour garantir un traitement e\u0301quitable des enseignants et l&rsquo;efficacite\u0301 des ressources.<\/p>\n<p>En re\u0301sume\u0301, l&rsquo;ame\u0301lioration du syste\u0300me e\u0301ducatif au Cameroun ne\u0301cessite des investissements, une modernisation des programmes, une utilisation de la technologie, une collaboration public-prive\u0301 et une meilleure reconnaissance des enseignants. Ces mesures contribueront a\u0300 attirer et a\u0300 retenir des enseignants compe\u0301tents et motive\u0301s, tout en offrant une e\u0301ducation de qualite\u0301 a\u0300 tous les citoyens camerounais. Le mouvement OTS repre\u0301sente une opportunite\u0301 pour le Cameroun de repenser son syste\u0300me e\u0301ducatif et de travailler vers un avenir e\u0301ducatif plus prometteur. Nous sommes tous OTS, engage\u0301s dans la recherche d&rsquo;un meilleur syste\u0300me e\u0301ducatif pour notre pays.<\/p>\n<p><strong>Pour plus d&rsquo;informations et d&rsquo;analyses sur la <a href=\"https:\/\/www.africa-press.net\/cameroun\">Cameroun<\/a>, suivez <a href=\"https:\/\/www.africa-press.net\/\">Africa-Press<\/a><\/strong><\/p>\n","protected":false},"excerpt":{"rendered":"<p>Africa-Press &#8211; Cameroun. Le mouvement OTS (On a Trop Supporte\u0301) des enseignants au Cameroun pendant la rentre\u0301e scolaire 2023\/2024 met en lumie\u0300re la non-application des instructions du Pre\u0301sident Paul Biya et les lacunes dans la gouvernance de l&rsquo;e\u0301ducation dans notre pays. Le syste\u0300me e\u0301ducatif camerounais souffre de plusieurs proble\u0300mes, mais il existe des mesures cle\u0301s [&hellip;]<\/p>\n","protected":false},"author":82,"featured_media":51729,"comment_status":"open","ping_status":"closed","sticky":false,"template":"","format":"standard","meta":{"footnotes":""},"categories":[2,10],"tags":[36,50,49],"class_list":["post-51730","post","type-post","status-publish","format-standard","has-post-thumbnail","hentry","category-politique","category-toutes-les-actualites","tag-africa-press","tag-africa-press-cameroun","tag-cameroun"],"yoast_head":"<!-- This site is optimized with the Yoast SEO Premium plugin v26.1 (Yoast SEO v27.0) - https:\/\/yoast.com\/product\/yoast-seo-premium-wordpress\/ -->\n<title>Mouvement OTS : la fin du r\u00e9gime a sonn\u00e9 - Cameroun<\/title>\n<meta name=\"description\" content=\"Le mouvement OTS (On a Trop Supporte\u0301) des enseignants au Cameroun pendant la rentre\u0301e scolaire 2023\/2024 met en lumie\u0300r ...\" \/>\n<meta name=\"robots\" content=\"index, follow, max-snippet:-1, max-image-preview:large, max-video-preview:-1\" \/>\n<link rel=\"canonical\" href=\"https:\/\/www.africa-press.net\/cameroun\/politique\/mouvement-ots-la-fin-du-regime-a-sonne\" \/>\n<meta property=\"og:locale\" content=\"fr_FR\" \/>\n<meta property=\"og:type\" content=\"article\" \/>\n<meta property=\"og:title\" content=\"Mouvement OTS : la fin du r\u00e9gime a sonn\u00e9\" \/>\n<meta property=\"og:description\" content=\"Le mouvement OTS (On a Trop Supporte\u0301) des enseignants au Cameroun pendant la rentre\u0301e scolaire 2023\/2024 met en lumie\u0300r ...\" \/>\n<meta property=\"og:url\" content=\"https:\/\/www.africa-press.net\/cameroun\/politique\/mouvement-ots-la-fin-du-regime-a-sonne\" \/>\n<meta property=\"og:site_name\" content=\"Cameroun\" \/>\n<meta property=\"article:published_time\" content=\"2023-09-26T22:12:32+00:00\" \/>\n<meta property=\"article:modified_time\" content=\"2023-09-27T00:42:00+00:00\" \/>\n<meta property=\"og:image\" content=\"https:\/\/static.africa-press.net\/cameroun\/sites\/57\/2023\/09\/sm_1695755389.897073.jpg\" \/>\n\t<meta property=\"og:image:width\" content=\"720\" \/>\n\t<meta property=\"og:image:height\" content=\"404\" \/>\n\t<meta property=\"og:image:type\" content=\"image\/jpeg\" \/>\n<meta name=\"author\" content=\"cfeditorfr\" \/>\n<meta name=\"twitter:card\" content=\"summary_large_image\" \/>\n<meta name=\"twitter:label1\" content=\"\u00c9crit par\" \/>\n\t<meta name=\"twitter:data1\" content=\"cfeditorfr\" \/>\n\t<meta name=\"twitter:label2\" content=\"Dur\u00e9e de lecture estim\u00e9e\" \/>\n\t<meta name=\"twitter:data2\" content=\"3 minutes\" \/>\n<script type=\"application\/ld+json\" class=\"yoast-schema-graph\">{\"@context\":\"https:\/\/schema.org\",\"@graph\":[{\"@type\":\"Article\",\"@id\":\"https:\/\/www.africa-press.net\/cameroun\/politique\/mouvement-ots-la-fin-du-regime-a-sonne#article\",\"isPartOf\":{\"@id\":\"https:\/\/www.africa-press.net\/cameroun\/politique\/mouvement-ots-la-fin-du-regime-a-sonne\"},\"author\":{\"name\":\"cfeditorfr\",\"@id\":\"https:\/\/www.africa-press.net\/cameroun\/#\/schema\/person\/2b1cf3cd81a31e3cd26889ca66d677f1\"},\"headline\":\"Mouvement OTS : la fin du r\u00e9gime a sonn\u00e9\",\"datePublished\":\"2023-09-26T22:12:32+00:00\",\"dateModified\":\"2023-09-27T00:42:00+00:00\",\"mainEntityOfPage\":{\"@id\":\"https:\/\/www.africa-press.net\/cameroun\/politique\/mouvement-ots-la-fin-du-regime-a-sonne\"},\"wordCount\":571,\"commentCount\":0,\"image\":{\"@id\":\"https:\/\/www.africa-press.net\/cameroun\/politique\/mouvement-ots-la-fin-du-regime-a-sonne#primaryimage\"},\"thumbnailUrl\":\"https:\/\/static.africa-press.net\/cameroun\/sites\/57\/2023\/09\/sm_1695755389.897073.jpg\",\"keywords\":[\"Africa Press\",\"Africa Press-Cameroun\",\"Cameroun\"],\"articleSection\":[\"Politique\",\"Toutes les actualit\u00e9s\"],\"inLanguage\":\"fr-FR\",\"potentialAction\":[{\"@type\":\"CommentAction\",\"name\":\"Comment\",\"target\":[\"https:\/\/www.africa-press.net\/cameroun\/politique\/mouvement-ots-la-fin-du-regime-a-sonne#respond\"]}]},{\"@type\":\"WebPage\",\"@id\":\"https:\/\/www.africa-press.net\/cameroun\/politique\/mouvement-ots-la-fin-du-regime-a-sonne\",\"url\":\"https:\/\/www.africa-press.net\/cameroun\/politique\/mouvement-ots-la-fin-du-regime-a-sonne\",\"name\":\"Mouvement OTS : la fin du r\u00e9gime a sonn\u00e9 - Cameroun\",\"isPartOf\":{\"@id\":\"https:\/\/www.africa-press.net\/cameroun\/#website\"},\"primaryImageOfPage\":{\"@id\":\"https:\/\/www.africa-press.net\/cameroun\/politique\/mouvement-ots-la-fin-du-regime-a-sonne#primaryimage\"},\"image\":{\"@id\":\"https:\/\/www.africa-press.net\/cameroun\/politique\/mouvement-ots-la-fin-du-regime-a-sonne#primaryimage\"},\"thumbnailUrl\":\"https:\/\/static.africa-press.net\/cameroun\/sites\/57\/2023\/09\/sm_1695755389.897073.jpg\",\"datePublished\":\"2023-09-26T22:12:32+00:00\",\"dateModified\":\"2023-09-27T00:42:00+00:00\",\"author\":{\"@id\":\"https:\/\/www.africa-press.net\/cameroun\/#\/schema\/person\/2b1cf3cd81a31e3cd26889ca66d677f1\"},\"description\":\"Le mouvement OTS (On a Trop Supporte\u0301) des enseignants au Cameroun pendant la rentre\u0301e scolaire 2023\/2024 met en lumie\u0300r ...\",\"breadcrumb\":{\"@id\":\"https:\/\/www.africa-press.net\/cameroun\/politique\/mouvement-ots-la-fin-du-regime-a-sonne#breadcrumb\"},\"inLanguage\":\"fr-FR\",\"potentialAction\":[{\"@type\":\"ReadAction\",\"target\":[\"https:\/\/www.africa-press.net\/cameroun\/politique\/mouvement-ots-la-fin-du-regime-a-sonne\"]}]},{\"@type\":\"ImageObject\",\"inLanguage\":\"fr-FR\",\"@id\":\"https:\/\/www.africa-press.net\/cameroun\/politique\/mouvement-ots-la-fin-du-regime-a-sonne#primaryimage\",\"url\":\"https:\/\/static.africa-press.net\/cameroun\/sites\/57\/2023\/09\/sm_1695755389.897073.jpg\",\"contentUrl\":\"https:\/\/static.africa-press.net\/cameroun\/sites\/57\/2023\/09\/sm_1695755389.897073.jpg\",\"width\":720,\"height\":404,\"caption\":\"Mouvement OTS : la fin du r\u00e9gime a sonn\u00e9\"},{\"@type\":\"BreadcrumbList\",\"@id\":\"https:\/\/www.africa-press.net\/cameroun\/politique\/mouvement-ots-la-fin-du-regime-a-sonne#breadcrumb\",\"itemListElement\":[{\"@type\":\"ListItem\",\"position\":1,\"name\":\"Accueil\",\"item\":\"https:\/\/www.africa-press.net\/cameroun\/\"},{\"@type\":\"ListItem\",\"position\":2,\"name\":\"Mouvement OTS : la fin du r\u00e9gime a sonn\u00e9\"}]},{\"@type\":\"WebSite\",\"@id\":\"https:\/\/www.africa-press.net\/cameroun\/#website\",\"url\":\"https:\/\/www.africa-press.net\/cameroun\/\",\"name\":\"Cameroun\",\"description\":\"Just another Africa News Agency Sites site\",\"potentialAction\":[{\"@type\":\"SearchAction\",\"target\":{\"@type\":\"EntryPoint\",\"urlTemplate\":\"https:\/\/www.africa-press.net\/cameroun\/?s={search_term_string}\"},\"query-input\":{\"@type\":\"PropertyValueSpecification\",\"valueRequired\":true,\"valueName\":\"search_term_string\"}}],\"inLanguage\":\"fr-FR\"},{\"@type\":\"Person\",\"@id\":\"https:\/\/www.africa-press.net\/cameroun\/#\/schema\/person\/2b1cf3cd81a31e3cd26889ca66d677f1\",\"name\":\"cfeditorfr\"}]}<\/script>\n<!-- \/ Yoast SEO Premium plugin. -->","yoast_head_json":{"title":"Mouvement OTS : la fin du r\u00e9gime a sonn\u00e9 - Cameroun","description":"Le mouvement OTS (On a Trop Supporte\u0301) des enseignants au Cameroun pendant la rentre\u0301e scolaire 2023\/2024 met en lumie\u0300r ...","robots":{"index":"index","follow":"follow","max-snippet":"max-snippet:-1","max-image-preview":"max-image-preview:large","max-video-preview":"max-video-preview:-1"},"canonical":"https:\/\/www.africa-press.net\/cameroun\/politique\/mouvement-ots-la-fin-du-regime-a-sonne","og_locale":"fr_FR","og_type":"article","og_title":"Mouvement OTS : la fin du r\u00e9gime a sonn\u00e9","og_description":"Le mouvement OTS (On a Trop Supporte\u0301) des enseignants au Cameroun pendant la rentre\u0301e scolaire 2023\/2024 met en lumie\u0300r ...","og_url":"https:\/\/www.africa-press.net\/cameroun\/politique\/mouvement-ots-la-fin-du-regime-a-sonne","og_site_name":"Cameroun","article_published_time":"2023-09-26T22:12:32+00:00","article_modified_time":"2023-09-27T00:42:00+00:00","og_image":[{"width":720,"height":404,"url":"https:\/\/static.africa-press.net\/cameroun\/sites\/57\/2023\/09\/sm_1695755389.897073.jpg","type":"image\/jpeg"}],"author":"cfeditorfr","twitter_card":"summary_large_image","twitter_misc":{"\u00c9crit par":"cfeditorfr","Dur\u00e9e de lecture estim\u00e9e":"3 minutes"},"schema":{"@context":"https:\/\/schema.org","@graph":[{"@type":"Article","@id":"https:\/\/www.africa-press.net\/cameroun\/politique\/mouvement-ots-la-fin-du-regime-a-sonne#article","isPartOf":{"@id":"https:\/\/www.africa-press.net\/cameroun\/politique\/mouvement-ots-la-fin-du-regime-a-sonne"},"author":{"name":"cfeditorfr","@id":"https:\/\/www.africa-press.net\/cameroun\/#\/schema\/person\/2b1cf3cd81a31e3cd26889ca66d677f1"},"headline":"Mouvement OTS : la fin du r\u00e9gime a sonn\u00e9","datePublished":"2023-09-26T22:12:32+00:00","dateModified":"2023-09-27T00:42:00+00:00","mainEntityOfPage":{"@id":"https:\/\/www.africa-press.net\/cameroun\/politique\/mouvement-ots-la-fin-du-regime-a-sonne"},"wordCount":571,"commentCount":0,"image":{"@id":"https:\/\/www.africa-press.net\/cameroun\/politique\/mouvement-ots-la-fin-du-regime-a-sonne#primaryimage"},"thumbnailUrl":"https:\/\/static.africa-press.net\/cameroun\/sites\/57\/2023\/09\/sm_1695755389.897073.jpg","keywords":["Africa Press","Africa Press-Cameroun","Cameroun"],"articleSection":["Politique","Toutes les actualit\u00e9s"],"inLanguage":"fr-FR","potentialAction":[{"@type":"CommentAction","name":"Comment","target":["https:\/\/www.africa-press.net\/cameroun\/politique\/mouvement-ots-la-fin-du-regime-a-sonne#respond"]}]},{"@type":"WebPage","@id":"https:\/\/www.africa-press.net\/cameroun\/politique\/mouvement-ots-la-fin-du-regime-a-sonne","url":"https:\/\/www.africa-press.net\/cameroun\/politique\/mouvement-ots-la-fin-du-regime-a-sonne","name":"Mouvement OTS : la fin du r\u00e9gime a sonn\u00e9 - Cameroun","isPartOf":{"@id":"https:\/\/www.africa-press.net\/cameroun\/#website"},"primaryImageOfPage":{"@id":"https:\/\/www.africa-press.net\/cameroun\/politique\/mouvement-ots-la-fin-du-regime-a-sonne#primaryimage"},"image":{"@id":"https:\/\/www.africa-press.net\/cameroun\/politique\/mouvement-ots-la-fin-du-regime-a-sonne#primaryimage"},"thumbnailUrl":"https:\/\/static.africa-press.net\/cameroun\/sites\/57\/2023\/09\/sm_1695755389.897073.jpg","datePublished":"2023-09-26T22:12:32+00:00","dateModified":"2023-09-27T00:42:00+00:00","author":{"@id":"https:\/\/www.africa-press.net\/cameroun\/#\/schema\/person\/2b1cf3cd81a31e3cd26889ca66d677f1"},"description":"Le mouvement OTS (On a Trop Supporte\u0301) des enseignants au Cameroun pendant la rentre\u0301e scolaire 2023\/2024 met en lumie\u0300r ...","breadcrumb":{"@id":"https:\/\/www.africa-press.net\/cameroun\/politique\/mouvement-ots-la-fin-du-regime-a-sonne#breadcrumb"},"inLanguage":"fr-FR","potentialAction":[{"@type":"ReadAction","target":["https:\/\/www.africa-press.net\/cameroun\/politique\/mouvement-ots-la-fin-du-regime-a-sonne"]}]},{"@type":"ImageObject","inLanguage":"fr-FR","@id":"https:\/\/www.africa-press.net\/cameroun\/politique\/mouvement-ots-la-fin-du-regime-a-sonne#primaryimage","url":"https:\/\/static.africa-press.net\/cameroun\/sites\/57\/2023\/09\/sm_1695755389.897073.jpg","contentUrl":"https:\/\/static.africa-press.net\/cameroun\/sites\/57\/2023\/09\/sm_1695755389.897073.jpg","width":720,"height":404,"caption":"Mouvement OTS : la fin du r\u00e9gime a sonn\u00e9"},{"@type":"BreadcrumbList","@id":"https:\/\/www.africa-press.net\/cameroun\/politique\/mouvement-ots-la-fin-du-regime-a-sonne#breadcrumb","itemListElement":[{"@type":"ListItem","position":1,"name":"Accueil","item":"https:\/\/www.africa-press.net\/cameroun\/"},{"@type":"ListItem","position":2,"name":"Mouvement OTS : la fin du r\u00e9gime a sonn\u00e9"}]},{"@type":"WebSite","@id":"https:\/\/www.africa-press.net\/cameroun\/#website","url":"https:\/\/www.africa-press.net\/cameroun\/","name":"Cameroun","description":"Just another Africa News Agency Sites site","potentialAction":[{"@type":"SearchAction","target":{"@type":"EntryPoint","urlTemplate":"https:\/\/www.africa-press.net\/cameroun\/?s={search_term_string}"},"query-input":{"@type":"PropertyValueSpecification","valueRequired":true,"valueName":"search_term_string"}}],"inLanguage":"fr-FR"},{"@type":"Person","@id":"https:\/\/www.africa-press.net\/cameroun\/#\/schema\/person\/2b1cf3cd81a31e3cd26889ca66d677f1","name":"cfeditorfr"}]}},"_links":{"self":[{"href":"https:\/\/www.africa-press.net\/cameroun\/wp-json\/wp\/v2\/posts\/51730","targetHints":{"allow":["GET"]}}],"collection":[{"href":"https:\/\/www.africa-press.net\/cameroun\/wp-json\/wp\/v2\/posts"}],"about":[{"href":"https:\/\/www.africa-press.net\/cameroun\/wp-json\/wp\/v2\/types\/post"}],"author":[{"embeddable":true,"href":"https:\/\/www.africa-press.net\/cameroun\/wp-json\/wp\/v2\/users\/82"}],"replies":[{"embeddable":true,"href":"https:\/\/www.africa-press.net\/cameroun\/wp-json\/wp\/v2\/comments?post=51730"}],"version-history":[{"count":0,"href":"https:\/\/www.africa-press.net\/cameroun\/wp-json\/wp\/v2\/posts\/51730\/revisions"}],"wp:featuredmedia":[{"embeddable":true,"href":"https:\/\/www.africa-press.net\/cameroun\/wp-json\/wp\/v2\/media\/51729"}],"wp:attachment":[{"href":"https:\/\/www.africa-press.net\/cameroun\/wp-json\/wp\/v2\/media?parent=51730"}],"wp:term":[{"taxonomy":"category","embeddable":true,"href":"https:\/\/www.africa-press.net\/cameroun\/wp-json\/wp\/v2\/categories?post=51730"},{"taxonomy":"post_tag","embeddable":true,"href":"https:\/\/www.africa-press.net\/cameroun\/wp-json\/wp\/v2\/tags?post=51730"}],"curies":[{"name":"wp","href":"https:\/\/api.w.org\/{rel}","templated":true}]}}