{"id":51733,"date":"2023-09-26T22:12:40","date_gmt":"2023-09-26T22:12:40","guid":{"rendered":"https:\/\/www.africa-press.net\/cameroun\/politique\/urgent-laffaire-etoo-rebondit-a-la-fifa-et-la-caf"},"modified":"2023-09-27T00:42:37","modified_gmt":"2023-09-27T00:42:37","slug":"urgent-laffaire-etoo-rebondit-a-la-fifa-et-la-caf","status":"publish","type":"post","link":"https:\/\/www.africa-press.net\/cameroun\/sports\/urgent-laffaire-etoo-rebondit-a-la-fifa-et-la-caf","title":{"rendered":"URGENT : l\u2019affaire Eto\u2019o rebondit \u00e0 la FIFA et la CAF"},"content":{"rendered":"<p><span style=\"color: #ff6600\"><strong>Africa-Press &#8211; Cameroun. <\/strong><\/span>Plusieurs semaines apre\u0300s les annonces de la CAF sur l\u2019ouverture d\u2019une enque\u0302te sur de pre\u0301sume\u0301s faits graves reproche\u0301s a\u0300 Samuel Eto\u2019o, les de\u0301tracteurs du pre\u0301sident de la Fe\u0301de\u0301ration camerounaise de football s\u2019impatientent. Ils ont adresse\u0301 une tribune a\u0300 la Fifa et la Confe\u0301de\u0301ration africaine de football (CAF) pour de\u0301noncer le silence et la complicite\u0301 des deux institutions en charge du football sur le continent et dans le monde.<\/p>\n<p>Ont signe\u0301 la lettre qui met la pression a\u0300 la CAF et a\u0300 la FIFA, les dirigeants sportifs qui sont en froid avec Samuel Eto\u2019o. Il s\u2019agit entre autres du ge\u0301ne\u0301ral Pierre Semengue, pre\u0301sident de la Ligue de football professionnel du Cameroun (LFPC), Henry Njalla Quan Junior, ex quatrie\u0300me vice-pre\u0301sident de la Fecafoot, Joseph Feutcheu, pre\u0301sident de club, ex membre du comite\u0301 exe\u0301cutif de la Fecafoot, Henri Claude Balla Ongolo, pre\u0301sident de l\u2019association des clubs de football amateur du Cameroun (Acefac), Abdouraman Hamadou Babba, pre\u0301sident de club, Guibai\u0308 Gatama, membre du comite\u0301 exe\u0301cutif suspendu pour deux ans et Franc\u0327ois Kouedem, pre\u0301sident de la ligue re\u0301gionale de football de l\u2019Ouest.<\/p>\n<p>Tous reprochent a\u0300 la CAF et la FIFA leur complaisance vis-a\u0300-vis de Samuel Eto\u2019o pourtant accuse\u0301 de faits graves. \u00ab Si on a pu appre\u0301cier la rapidite\u0301 et la fermete\u0301 avec laquelle la Fifa a agi au sujet de Luis Rubiales, [le pre\u0301sident de la Fe\u0301de\u0301ration royale espagnole de football suspendu apre\u0300s un \u00ab baiser force\u0301 \u00bb a\u0300 la joueuse Jenni Hermoso, le 20 aou\u0302t 2023], l\u2019on est bien surpris [que la Fifa] reste silencieuse pour des cas similaires ou peut-e\u0302tre plus graves, enregistre\u0301s [a\u0300 la] Fecafoot \u00bb, e\u0301crivent-ils. Dans la tribune, ils rappellent que Samuel Eto\u2019o continue par pre\u0301sider la Fecafoot alors qu\u2019il a e\u0301te\u0301 condamne\u0301 par la justice espagnole pour fraude fiscale.<\/p>\n<p>\u00ab Suite a\u0300 cette condamnation et malgre\u0301 les dispositions tre\u0300s claires de l\u2019article 47 des statuts de la Fecafoot, Samuel Eto\u2019o a refuse\u0301 de quitter son poste et continue de s\u2019imposer ille\u0301galement a\u0300 la pre\u0301sidence de la Fecafoot \u00bb, peut-on lire dans la note qui revient e\u0301galement sur les graves accusations de matchs truque\u0301s qui pe\u0300sent sur Samuel Eto\u2019o sans oublier son contrat a\u0300 pole\u0301mique signe\u0301 a\u0300 la socie\u0301te\u0301 de paris sportifs 1xbet.<\/p>\n<p>\u00ab Comment la FIFA peut-elle continuer a\u0300 garder le silence devant autant de scandales qui compromettent la confiance du public dans l\u2019e\u0301thique sportive et la since\u0301rite\u0301 des matchs ? \u00bb, s\u2019interroge les de\u0301tracteurs de Samuel Eto\u2019o qui s\u2019indignent que le pre\u0301sident de la Fecafoot \u00ab frappe\u0301 de l\u2019infamie de trucage pre\u0301sume\u0301 des re\u0301sultats de matchs, s\u2019est toujours vante\u0301 d\u2019e\u0302tre sous la protection de Gianni Infantino et de Patrice Motsepe \u00bb.<\/p>\n<p>Malgre\u0301 ces scandales qui assombrissent le mandat de Samuel Eto\u2019o, il tente d\u2019honorer ses engagements vis-a\u0300-vis du monde sportif. Le championnat professionnel MTN Elite One de\u0301marre cette semaine avec 19 clubs.<\/p>\n<p><strong>Pour plus d&rsquo;informations et d&rsquo;analyses sur la <a href=\"https:\/\/www.africa-press.net\/cameroun\">Cameroun<\/a>, suivez <a href=\"https:\/\/www.africa-press.net\/\">Africa-Press<\/a><\/strong><\/p>\n","protected":false},"excerpt":{"rendered":"<p>Africa-Press &#8211; Cameroun. Plusieurs semaines apre\u0300s les annonces de la CAF sur l\u2019ouverture d\u2019une enque\u0302te sur de pre\u0301sume\u0301s faits graves reproche\u0301s a\u0300 Samuel Eto\u2019o, les de\u0301tracteurs du pre\u0301sident de la Fe\u0301de\u0301ration camerounaise de football s\u2019impatientent. Ils ont adresse\u0301 une tribune a\u0300 la Fifa et la Confe\u0301de\u0301ration africaine de football (CAF) pour de\u0301noncer le silence et [&hellip;]<\/p>\n","protected":false},"author":82,"featured_media":51732,"comment_status":"open","ping_status":"closed","sticky":false,"template":"","format":"standard","meta":{"footnotes":""},"categories":[6,10],"tags":[36,50,49],"class_list":["post-51733","post","type-post","status-publish","format-standard","has-post-thumbnail","hentry","category-sports","category-toutes-les-actualites","tag-africa-press","tag-africa-press-cameroun","tag-cameroun"],"yoast_head":"<!-- This site is optimized with the Yoast SEO Premium plugin v26.1 (Yoast SEO v27.0) - https:\/\/yoast.com\/product\/yoast-seo-premium-wordpress\/ -->\n<title>URGENT : l\u2019affaire Eto\u2019o rebondit \u00e0 la FIFA et la CAF - Cameroun<\/title>\n<meta name=\"description\" content=\"Plusieurs semaines apre\u0300s les annonces de la CAF sur l\u2019ouverture d\u2019une enque\u0302te sur de pre\u0301sume\u0301s faits graves reproche\u0301 ...\" \/>\n<meta name=\"robots\" content=\"index, follow, max-snippet:-1, max-image-preview:large, max-video-preview:-1\" \/>\n<link rel=\"canonical\" href=\"https:\/\/www.africa-press.net\/cameroun\/sports\/urgent-laffaire-etoo-rebondit-a-la-fifa-et-la-caf\" \/>\n<meta property=\"og:locale\" content=\"fr_FR\" \/>\n<meta property=\"og:type\" content=\"article\" \/>\n<meta property=\"og:title\" content=\"URGENT : l\u2019affaire Eto\u2019o rebondit \u00e0 la FIFA et la CAF\" \/>\n<meta property=\"og:description\" content=\"Plusieurs semaines apre\u0300s les annonces de la CAF sur l\u2019ouverture d\u2019une enque\u0302te sur de pre\u0301sume\u0301s faits graves reproche\u0301 ...\" \/>\n<meta property=\"og:url\" content=\"https:\/\/www.africa-press.net\/cameroun\/sports\/urgent-laffaire-etoo-rebondit-a-la-fifa-et-la-caf\" \/>\n<meta property=\"og:site_name\" content=\"Cameroun\" \/>\n<meta property=\"article:published_time\" content=\"2023-09-26T22:12:40+00:00\" \/>\n<meta property=\"article:modified_time\" content=\"2023-09-27T00:42:37+00:00\" \/>\n<meta property=\"og:image\" content=\"https:\/\/static.africa-press.net\/cameroun\/sites\/57\/2023\/09\/sm_1695755424.92341.jpg\" \/>\n\t<meta property=\"og:image:width\" content=\"720\" \/>\n\t<meta property=\"og:image:height\" content=\"478\" \/>\n\t<meta property=\"og:image:type\" content=\"image\/jpeg\" \/>\n<meta name=\"author\" content=\"cfeditorfr\" \/>\n<meta name=\"twitter:card\" content=\"summary_large_image\" \/>\n<meta name=\"twitter:label1\" content=\"\u00c9crit par\" \/>\n\t<meta name=\"twitter:data1\" content=\"cfeditorfr\" \/>\n\t<meta name=\"twitter:label2\" content=\"Dur\u00e9e de lecture estim\u00e9e\" \/>\n\t<meta name=\"twitter:data2\" content=\"3 minutes\" \/>\n<script type=\"application\/ld+json\" class=\"yoast-schema-graph\">{\"@context\":\"https:\/\/schema.org\",\"@graph\":[{\"@type\":\"Article\",\"@id\":\"https:\/\/www.africa-press.net\/cameroun\/sports\/urgent-laffaire-etoo-rebondit-a-la-fifa-et-la-caf#article\",\"isPartOf\":{\"@id\":\"https:\/\/www.africa-press.net\/cameroun\/sports\/urgent-laffaire-etoo-rebondit-a-la-fifa-et-la-caf\"},\"author\":{\"name\":\"cfeditorfr\",\"@id\":\"https:\/\/www.africa-press.net\/cameroun\/#\/schema\/person\/2b1cf3cd81a31e3cd26889ca66d677f1\"},\"headline\":\"URGENT : l\u2019affaire Eto\u2019o rebondit \u00e0 la FIFA et la CAF\",\"datePublished\":\"2023-09-26T22:12:40+00:00\",\"dateModified\":\"2023-09-27T00:42:37+00:00\",\"mainEntityOfPage\":{\"@id\":\"https:\/\/www.africa-press.net\/cameroun\/sports\/urgent-laffaire-etoo-rebondit-a-la-fifa-et-la-caf\"},\"wordCount\":555,\"commentCount\":0,\"image\":{\"@id\":\"https:\/\/www.africa-press.net\/cameroun\/sports\/urgent-laffaire-etoo-rebondit-a-la-fifa-et-la-caf#primaryimage\"},\"thumbnailUrl\":\"https:\/\/static.africa-press.net\/cameroun\/sites\/57\/2023\/09\/sm_1695755424.92341.jpg\",\"keywords\":[\"Africa Press\",\"Africa Press-Cameroun\",\"Cameroun\"],\"articleSection\":[\"Sports\",\"Toutes les actualit\u00e9s\"],\"inLanguage\":\"fr-FR\",\"potentialAction\":[{\"@type\":\"CommentAction\",\"name\":\"Comment\",\"target\":[\"https:\/\/www.africa-press.net\/cameroun\/sports\/urgent-laffaire-etoo-rebondit-a-la-fifa-et-la-caf#respond\"]}]},{\"@type\":\"WebPage\",\"@id\":\"https:\/\/www.africa-press.net\/cameroun\/sports\/urgent-laffaire-etoo-rebondit-a-la-fifa-et-la-caf\",\"url\":\"https:\/\/www.africa-press.net\/cameroun\/sports\/urgent-laffaire-etoo-rebondit-a-la-fifa-et-la-caf\",\"name\":\"URGENT : l\u2019affaire Eto\u2019o rebondit \u00e0 la FIFA et la CAF - Cameroun\",\"isPartOf\":{\"@id\":\"https:\/\/www.africa-press.net\/cameroun\/#website\"},\"primaryImageOfPage\":{\"@id\":\"https:\/\/www.africa-press.net\/cameroun\/sports\/urgent-laffaire-etoo-rebondit-a-la-fifa-et-la-caf#primaryimage\"},\"image\":{\"@id\":\"https:\/\/www.africa-press.net\/cameroun\/sports\/urgent-laffaire-etoo-rebondit-a-la-fifa-et-la-caf#primaryimage\"},\"thumbnailUrl\":\"https:\/\/static.africa-press.net\/cameroun\/sites\/57\/2023\/09\/sm_1695755424.92341.jpg\",\"datePublished\":\"2023-09-26T22:12:40+00:00\",\"dateModified\":\"2023-09-27T00:42:37+00:00\",\"author\":{\"@id\":\"https:\/\/www.africa-press.net\/cameroun\/#\/schema\/person\/2b1cf3cd81a31e3cd26889ca66d677f1\"},\"description\":\"Plusieurs semaines apre\u0300s les annonces de la CAF sur l\u2019ouverture d\u2019une enque\u0302te sur de pre\u0301sume\u0301s faits graves reproche\u0301 ...\",\"breadcrumb\":{\"@id\":\"https:\/\/www.africa-press.net\/cameroun\/sports\/urgent-laffaire-etoo-rebondit-a-la-fifa-et-la-caf#breadcrumb\"},\"inLanguage\":\"fr-FR\",\"potentialAction\":[{\"@type\":\"ReadAction\",\"target\":[\"https:\/\/www.africa-press.net\/cameroun\/sports\/urgent-laffaire-etoo-rebondit-a-la-fifa-et-la-caf\"]}]},{\"@type\":\"ImageObject\",\"inLanguage\":\"fr-FR\",\"@id\":\"https:\/\/www.africa-press.net\/cameroun\/sports\/urgent-laffaire-etoo-rebondit-a-la-fifa-et-la-caf#primaryimage\",\"url\":\"https:\/\/static.africa-press.net\/cameroun\/sites\/57\/2023\/09\/sm_1695755424.92341.jpg\",\"contentUrl\":\"https:\/\/static.africa-press.net\/cameroun\/sites\/57\/2023\/09\/sm_1695755424.92341.jpg\",\"width\":720,\"height\":478,\"caption\":\"URGENT : l\u2019affaire Eto\u2019o rebondit \u00e0 la FIFA et la CAF\"},{\"@type\":\"BreadcrumbList\",\"@id\":\"https:\/\/www.africa-press.net\/cameroun\/sports\/urgent-laffaire-etoo-rebondit-a-la-fifa-et-la-caf#breadcrumb\",\"itemListElement\":[{\"@type\":\"ListItem\",\"position\":1,\"name\":\"Accueil\",\"item\":\"https:\/\/www.africa-press.net\/cameroun\/\"},{\"@type\":\"ListItem\",\"position\":2,\"name\":\"URGENT : l\u2019affaire Eto\u2019o rebondit \u00e0 la FIFA et la CAF\"}]},{\"@type\":\"WebSite\",\"@id\":\"https:\/\/www.africa-press.net\/cameroun\/#website\",\"url\":\"https:\/\/www.africa-press.net\/cameroun\/\",\"name\":\"Cameroun\",\"description\":\"Just another Africa News Agency Sites site\",\"potentialAction\":[{\"@type\":\"SearchAction\",\"target\":{\"@type\":\"EntryPoint\",\"urlTemplate\":\"https:\/\/www.africa-press.net\/cameroun\/?s={search_term_string}\"},\"query-input\":{\"@type\":\"PropertyValueSpecification\",\"valueRequired\":true,\"valueName\":\"search_term_string\"}}],\"inLanguage\":\"fr-FR\"},{\"@type\":\"Person\",\"@id\":\"https:\/\/www.africa-press.net\/cameroun\/#\/schema\/person\/2b1cf3cd81a31e3cd26889ca66d677f1\",\"name\":\"cfeditorfr\"}]}<\/script>\n<!-- \/ Yoast SEO Premium plugin. -->","yoast_head_json":{"title":"URGENT : l\u2019affaire Eto\u2019o rebondit \u00e0 la FIFA et la CAF - Cameroun","description":"Plusieurs semaines apre\u0300s les annonces de la CAF sur l\u2019ouverture d\u2019une enque\u0302te sur de pre\u0301sume\u0301s faits graves reproche\u0301 ...","robots":{"index":"index","follow":"follow","max-snippet":"max-snippet:-1","max-image-preview":"max-image-preview:large","max-video-preview":"max-video-preview:-1"},"canonical":"https:\/\/www.africa-press.net\/cameroun\/sports\/urgent-laffaire-etoo-rebondit-a-la-fifa-et-la-caf","og_locale":"fr_FR","og_type":"article","og_title":"URGENT : l\u2019affaire Eto\u2019o rebondit \u00e0 la FIFA et la CAF","og_description":"Plusieurs semaines apre\u0300s les annonces de la CAF sur l\u2019ouverture d\u2019une enque\u0302te sur de pre\u0301sume\u0301s faits graves reproche\u0301 ...","og_url":"https:\/\/www.africa-press.net\/cameroun\/sports\/urgent-laffaire-etoo-rebondit-a-la-fifa-et-la-caf","og_site_name":"Cameroun","article_published_time":"2023-09-26T22:12:40+00:00","article_modified_time":"2023-09-27T00:42:37+00:00","og_image":[{"width":720,"height":478,"url":"https:\/\/static.africa-press.net\/cameroun\/sites\/57\/2023\/09\/sm_1695755424.92341.jpg","type":"image\/jpeg"}],"author":"cfeditorfr","twitter_card":"summary_large_image","twitter_misc":{"\u00c9crit par":"cfeditorfr","Dur\u00e9e de lecture estim\u00e9e":"3 minutes"},"schema":{"@context":"https:\/\/schema.org","@graph":[{"@type":"Article","@id":"https:\/\/www.africa-press.net\/cameroun\/sports\/urgent-laffaire-etoo-rebondit-a-la-fifa-et-la-caf#article","isPartOf":{"@id":"https:\/\/www.africa-press.net\/cameroun\/sports\/urgent-laffaire-etoo-rebondit-a-la-fifa-et-la-caf"},"author":{"name":"cfeditorfr","@id":"https:\/\/www.africa-press.net\/cameroun\/#\/schema\/person\/2b1cf3cd81a31e3cd26889ca66d677f1"},"headline":"URGENT : l\u2019affaire Eto\u2019o rebondit \u00e0 la FIFA et la CAF","datePublished":"2023-09-26T22:12:40+00:00","dateModified":"2023-09-27T00:42:37+00:00","mainEntityOfPage":{"@id":"https:\/\/www.africa-press.net\/cameroun\/sports\/urgent-laffaire-etoo-rebondit-a-la-fifa-et-la-caf"},"wordCount":555,"commentCount":0,"image":{"@id":"https:\/\/www.africa-press.net\/cameroun\/sports\/urgent-laffaire-etoo-rebondit-a-la-fifa-et-la-caf#primaryimage"},"thumbnailUrl":"https:\/\/static.africa-press.net\/cameroun\/sites\/57\/2023\/09\/sm_1695755424.92341.jpg","keywords":["Africa Press","Africa Press-Cameroun","Cameroun"],"articleSection":["Sports","Toutes les actualit\u00e9s"],"inLanguage":"fr-FR","potentialAction":[{"@type":"CommentAction","name":"Comment","target":["https:\/\/www.africa-press.net\/cameroun\/sports\/urgent-laffaire-etoo-rebondit-a-la-fifa-et-la-caf#respond"]}]},{"@type":"WebPage","@id":"https:\/\/www.africa-press.net\/cameroun\/sports\/urgent-laffaire-etoo-rebondit-a-la-fifa-et-la-caf","url":"https:\/\/www.africa-press.net\/cameroun\/sports\/urgent-laffaire-etoo-rebondit-a-la-fifa-et-la-caf","name":"URGENT : l\u2019affaire Eto\u2019o rebondit \u00e0 la FIFA et la CAF - Cameroun","isPartOf":{"@id":"https:\/\/www.africa-press.net\/cameroun\/#website"},"primaryImageOfPage":{"@id":"https:\/\/www.africa-press.net\/cameroun\/sports\/urgent-laffaire-etoo-rebondit-a-la-fifa-et-la-caf#primaryimage"},"image":{"@id":"https:\/\/www.africa-press.net\/cameroun\/sports\/urgent-laffaire-etoo-rebondit-a-la-fifa-et-la-caf#primaryimage"},"thumbnailUrl":"https:\/\/static.africa-press.net\/cameroun\/sites\/57\/2023\/09\/sm_1695755424.92341.jpg","datePublished":"2023-09-26T22:12:40+00:00","dateModified":"2023-09-27T00:42:37+00:00","author":{"@id":"https:\/\/www.africa-press.net\/cameroun\/#\/schema\/person\/2b1cf3cd81a31e3cd26889ca66d677f1"},"description":"Plusieurs semaines apre\u0300s les annonces de la CAF sur l\u2019ouverture d\u2019une enque\u0302te sur de pre\u0301sume\u0301s faits graves reproche\u0301 ...","breadcrumb":{"@id":"https:\/\/www.africa-press.net\/cameroun\/sports\/urgent-laffaire-etoo-rebondit-a-la-fifa-et-la-caf#breadcrumb"},"inLanguage":"fr-FR","potentialAction":[{"@type":"ReadAction","target":["https:\/\/www.africa-press.net\/cameroun\/sports\/urgent-laffaire-etoo-rebondit-a-la-fifa-et-la-caf"]}]},{"@type":"ImageObject","inLanguage":"fr-FR","@id":"https:\/\/www.africa-press.net\/cameroun\/sports\/urgent-laffaire-etoo-rebondit-a-la-fifa-et-la-caf#primaryimage","url":"https:\/\/static.africa-press.net\/cameroun\/sites\/57\/2023\/09\/sm_1695755424.92341.jpg","contentUrl":"https:\/\/static.africa-press.net\/cameroun\/sites\/57\/2023\/09\/sm_1695755424.92341.jpg","width":720,"height":478,"caption":"URGENT : l\u2019affaire Eto\u2019o rebondit \u00e0 la FIFA et la CAF"},{"@type":"BreadcrumbList","@id":"https:\/\/www.africa-press.net\/cameroun\/sports\/urgent-laffaire-etoo-rebondit-a-la-fifa-et-la-caf#breadcrumb","itemListElement":[{"@type":"ListItem","position":1,"name":"Accueil","item":"https:\/\/www.africa-press.net\/cameroun\/"},{"@type":"ListItem","position":2,"name":"URGENT : l\u2019affaire Eto\u2019o rebondit \u00e0 la FIFA et la CAF"}]},{"@type":"WebSite","@id":"https:\/\/www.africa-press.net\/cameroun\/#website","url":"https:\/\/www.africa-press.net\/cameroun\/","name":"Cameroun","description":"Just another Africa News Agency Sites site","potentialAction":[{"@type":"SearchAction","target":{"@type":"EntryPoint","urlTemplate":"https:\/\/www.africa-press.net\/cameroun\/?s={search_term_string}"},"query-input":{"@type":"PropertyValueSpecification","valueRequired":true,"valueName":"search_term_string"}}],"inLanguage":"fr-FR"},{"@type":"Person","@id":"https:\/\/www.africa-press.net\/cameroun\/#\/schema\/person\/2b1cf3cd81a31e3cd26889ca66d677f1","name":"cfeditorfr"}]}},"_links":{"self":[{"href":"https:\/\/www.africa-press.net\/cameroun\/wp-json\/wp\/v2\/posts\/51733","targetHints":{"allow":["GET"]}}],"collection":[{"href":"https:\/\/www.africa-press.net\/cameroun\/wp-json\/wp\/v2\/posts"}],"about":[{"href":"https:\/\/www.africa-press.net\/cameroun\/wp-json\/wp\/v2\/types\/post"}],"author":[{"embeddable":true,"href":"https:\/\/www.africa-press.net\/cameroun\/wp-json\/wp\/v2\/users\/82"}],"replies":[{"embeddable":true,"href":"https:\/\/www.africa-press.net\/cameroun\/wp-json\/wp\/v2\/comments?post=51733"}],"version-history":[{"count":0,"href":"https:\/\/www.africa-press.net\/cameroun\/wp-json\/wp\/v2\/posts\/51733\/revisions"}],"wp:featuredmedia":[{"embeddable":true,"href":"https:\/\/www.africa-press.net\/cameroun\/wp-json\/wp\/v2\/media\/51732"}],"wp:attachment":[{"href":"https:\/\/www.africa-press.net\/cameroun\/wp-json\/wp\/v2\/media?parent=51733"}],"wp:term":[{"taxonomy":"category","embeddable":true,"href":"https:\/\/www.africa-press.net\/cameroun\/wp-json\/wp\/v2\/categories?post=51733"},{"taxonomy":"post_tag","embeddable":true,"href":"https:\/\/www.africa-press.net\/cameroun\/wp-json\/wp\/v2\/tags?post=51733"}],"curies":[{"name":"wp","href":"https:\/\/api.w.org\/{rel}","templated":true}]}}