{"id":51736,"date":"2023-09-26T22:12:46","date_gmt":"2023-09-26T22:12:46","guid":{"rendered":"https:\/\/www.africa-press.net\/cameroun\/politique\/coup-detat-au-cameroun-paul-biya-donne-enfin-des-ordres-ca-va-sevir"},"modified":"2023-09-27T00:43:31","modified_gmt":"2023-09-27T00:43:31","slug":"coup-detat-au-cameroun-paul-biya-donne-enfin-des-ordres-ca-va-sevir","status":"publish","type":"post","link":"https:\/\/www.africa-press.net\/cameroun\/politique\/coup-detat-au-cameroun-paul-biya-donne-enfin-des-ordres-ca-va-sevir","title":{"rendered":"Coup d&rsquo;\u00c9tat au Cameroun : Paul Biya donne enfin des ordres ; \u00e7a va s\u00e9vir"},"content":{"rendered":"<p><span style=\"color: #ff6600\"><strong>Africa-Press &#8211; Cameroun. <\/strong><\/span>Gouvernement de la Re\u0301publique du Cameroun a e\u0301mis une de\u0301claration ferme interdisant toute tentative de pre\u0301dire un coup d&rsquo;E\u0301tat dans le pays. Cette de\u0301claration fait suite a\u0300 des analyses et commentaires re\u0301cents, aussi bien nationaux qu&rsquo;e\u0301trangers, qui ont spe\u0301cule\u0301 sur la possibilite\u0301 d&rsquo;une de\u0301stabilisation du Cameroun, inspire\u0301e par des e\u0301ve\u0301nements similaires dans d&rsquo;autres pays africains.<\/p>\n<p>Le gouvernement rappelle que le Cameroun est un E\u0301tat de droit, dote\u0301 d&rsquo;institutions de\u0301mocratiques, et que les me\u0301canismes d&rsquo;acce\u0300s au pouvoir y sont clairement de\u0301finis par la Constitution. Toute prise de pouvoir par des moyens anticonstitutionnels est fermement condamne\u0301e par le gouvernement.<\/p>\n<p>De plus, le gouvernement re\u0301affirme son engagement envers le principe de non-inge\u0301rence dans les affaires inte\u0301rieures d&rsquo;autres E\u0301tats et la souverainete\u0301 de chaque E\u0301tat pour de\u0301terminer ses propres affaires. Il souligne que chaque pays a ses re\u0301alite\u0301s, ses particularite\u0301s et ses solutions spe\u0301cifiques, qui ne peuvent pas e\u0302tre transpose\u0301es de manie\u0300re automatique.<\/p>\n<p>Le gouvernement met en garde les personnes implique\u0301es dans de telles pre\u0301dictions insense\u0301es et fantaisistes, les avertissant que de telles actions pourraient e\u0302tre interpre\u0301te\u0301es comme des appels a\u0300 la de\u0301stabilisation de l&rsquo;E\u0301tat. Ces personnes pourraient e\u0302tre poursuivies en justice conforme\u0301ment aux lois et re\u0300glements en vigueur.<\/p>\n<p>Enfin, le gouvernement appelle a\u0300 la vigilance et au patriotisme de tous les citoyens et les invite a\u0300 continuer de faire confiance aux institutions de la Re\u0301publique et a\u0300 ceux qui sont charge\u0301s de diriger le pays. Cette de\u0301claration vise a\u0300 pre\u0301server la stabilite\u0301 et la paix au Cameroun et a\u0300 de\u0301courager toute tentative de de\u0301stabilisation par des moyens ille\u0301gaux.<\/p>\n<p><strong>Pour plus d&rsquo;informations et d&rsquo;analyses sur la <a href=\"https:\/\/www.africa-press.net\/cameroun\">Cameroun<\/a>, suivez <a href=\"https:\/\/www.africa-press.net\/\">Africa-Press<\/a><\/strong><\/p>\n","protected":false},"excerpt":{"rendered":"<p>Africa-Press &#8211; Cameroun. Gouvernement de la Re\u0301publique du Cameroun a e\u0301mis une de\u0301claration ferme interdisant toute tentative de pre\u0301dire un coup d&rsquo;E\u0301tat dans le pays. Cette de\u0301claration fait suite a\u0300 des analyses et commentaires re\u0301cents, aussi bien nationaux qu&rsquo;e\u0301trangers, qui ont spe\u0301cule\u0301 sur la possibilite\u0301 d&rsquo;une de\u0301stabilisation du Cameroun, inspire\u0301e par des e\u0301ve\u0301nements similaires dans [&hellip;]<\/p>\n","protected":false},"author":82,"featured_media":51735,"comment_status":"open","ping_status":"closed","sticky":false,"template":"","format":"standard","meta":{"footnotes":""},"categories":[2,10],"tags":[36,50,49],"class_list":["post-51736","post","type-post","status-publish","format-standard","has-post-thumbnail","hentry","category-politique","category-toutes-les-actualites","tag-africa-press","tag-africa-press-cameroun","tag-cameroun"],"yoast_head":"<!-- This site is optimized with the Yoast SEO Premium plugin v26.1 (Yoast SEO v27.0) - https:\/\/yoast.com\/product\/yoast-seo-premium-wordpress\/ -->\n<title>Coup d&#039;\u00c9tat au Cameroun : Paul Biya donne enfin des ordres ; \u00e7a va s\u00e9vir - Cameroun<\/title>\n<meta name=\"description\" content=\"Gouvernement de la Re\u0301publique du Cameroun a e\u0301mis une de\u0301claration ferme interdisant toute tentative de pre\u0301dire un cou ...\" \/>\n<meta name=\"robots\" content=\"index, follow, max-snippet:-1, max-image-preview:large, max-video-preview:-1\" \/>\n<link rel=\"canonical\" href=\"https:\/\/www.africa-press.net\/cameroun\/politique\/coup-detat-au-cameroun-paul-biya-donne-enfin-des-ordres-ca-va-sevir\" \/>\n<meta property=\"og:locale\" content=\"fr_FR\" \/>\n<meta property=\"og:type\" content=\"article\" \/>\n<meta property=\"og:title\" content=\"Coup d&#039;\u00c9tat au Cameroun : Paul Biya donne enfin des ordres ; \u00e7a va s\u00e9vir\" \/>\n<meta property=\"og:description\" content=\"Gouvernement de la Re\u0301publique du Cameroun a e\u0301mis une de\u0301claration ferme interdisant toute tentative de pre\u0301dire un cou ...\" \/>\n<meta property=\"og:url\" content=\"https:\/\/www.africa-press.net\/cameroun\/politique\/coup-detat-au-cameroun-paul-biya-donne-enfin-des-ordres-ca-va-sevir\" \/>\n<meta property=\"og:site_name\" content=\"Cameroun\" \/>\n<meta property=\"article:published_time\" content=\"2023-09-26T22:12:46+00:00\" \/>\n<meta property=\"article:modified_time\" content=\"2023-09-27T00:43:31+00:00\" \/>\n<meta property=\"og:image\" content=\"https:\/\/static.africa-press.net\/cameroun\/sites\/57\/2023\/09\/sm_1695755455.202278.jpg\" \/>\n\t<meta property=\"og:image:width\" content=\"720\" \/>\n\t<meta property=\"og:image:height\" content=\"552\" \/>\n\t<meta property=\"og:image:type\" content=\"image\/jpeg\" \/>\n<meta name=\"author\" content=\"cfeditorfr\" \/>\n<meta name=\"twitter:card\" content=\"summary_large_image\" \/>\n<meta name=\"twitter:label1\" content=\"\u00c9crit par\" \/>\n\t<meta name=\"twitter:data1\" content=\"cfeditorfr\" \/>\n\t<meta name=\"twitter:label2\" content=\"Dur\u00e9e de lecture estim\u00e9e\" \/>\n\t<meta name=\"twitter:data2\" content=\"2 minutes\" \/>\n<script type=\"application\/ld+json\" class=\"yoast-schema-graph\">{\"@context\":\"https:\/\/schema.org\",\"@graph\":[{\"@type\":\"Article\",\"@id\":\"https:\/\/www.africa-press.net\/cameroun\/politique\/coup-detat-au-cameroun-paul-biya-donne-enfin-des-ordres-ca-va-sevir#article\",\"isPartOf\":{\"@id\":\"https:\/\/www.africa-press.net\/cameroun\/politique\/coup-detat-au-cameroun-paul-biya-donne-enfin-des-ordres-ca-va-sevir\"},\"author\":{\"name\":\"cfeditorfr\",\"@id\":\"https:\/\/www.africa-press.net\/cameroun\/#\/schema\/person\/2b1cf3cd81a31e3cd26889ca66d677f1\"},\"headline\":\"Coup d&rsquo;\u00c9tat au Cameroun : Paul Biya donne enfin des ordres ; \u00e7a va s\u00e9vir\",\"datePublished\":\"2023-09-26T22:12:46+00:00\",\"dateModified\":\"2023-09-27T00:43:31+00:00\",\"mainEntityOfPage\":{\"@id\":\"https:\/\/www.africa-press.net\/cameroun\/politique\/coup-detat-au-cameroun-paul-biya-donne-enfin-des-ordres-ca-va-sevir\"},\"wordCount\":343,\"commentCount\":0,\"image\":{\"@id\":\"https:\/\/www.africa-press.net\/cameroun\/politique\/coup-detat-au-cameroun-paul-biya-donne-enfin-des-ordres-ca-va-sevir#primaryimage\"},\"thumbnailUrl\":\"https:\/\/static.africa-press.net\/cameroun\/sites\/57\/2023\/09\/sm_1695755455.202278.jpg\",\"keywords\":[\"Africa Press\",\"Africa Press-Cameroun\",\"Cameroun\"],\"articleSection\":[\"Politique\",\"Toutes les actualit\u00e9s\"],\"inLanguage\":\"fr-FR\",\"potentialAction\":[{\"@type\":\"CommentAction\",\"name\":\"Comment\",\"target\":[\"https:\/\/www.africa-press.net\/cameroun\/politique\/coup-detat-au-cameroun-paul-biya-donne-enfin-des-ordres-ca-va-sevir#respond\"]}]},{\"@type\":\"WebPage\",\"@id\":\"https:\/\/www.africa-press.net\/cameroun\/politique\/coup-detat-au-cameroun-paul-biya-donne-enfin-des-ordres-ca-va-sevir\",\"url\":\"https:\/\/www.africa-press.net\/cameroun\/politique\/coup-detat-au-cameroun-paul-biya-donne-enfin-des-ordres-ca-va-sevir\",\"name\":\"Coup d'\u00c9tat au Cameroun : Paul Biya donne enfin des ordres ; \u00e7a va s\u00e9vir - Cameroun\",\"isPartOf\":{\"@id\":\"https:\/\/www.africa-press.net\/cameroun\/#website\"},\"primaryImageOfPage\":{\"@id\":\"https:\/\/www.africa-press.net\/cameroun\/politique\/coup-detat-au-cameroun-paul-biya-donne-enfin-des-ordres-ca-va-sevir#primaryimage\"},\"image\":{\"@id\":\"https:\/\/www.africa-press.net\/cameroun\/politique\/coup-detat-au-cameroun-paul-biya-donne-enfin-des-ordres-ca-va-sevir#primaryimage\"},\"thumbnailUrl\":\"https:\/\/static.africa-press.net\/cameroun\/sites\/57\/2023\/09\/sm_1695755455.202278.jpg\",\"datePublished\":\"2023-09-26T22:12:46+00:00\",\"dateModified\":\"2023-09-27T00:43:31+00:00\",\"author\":{\"@id\":\"https:\/\/www.africa-press.net\/cameroun\/#\/schema\/person\/2b1cf3cd81a31e3cd26889ca66d677f1\"},\"description\":\"Gouvernement de la Re\u0301publique du Cameroun a e\u0301mis une de\u0301claration ferme interdisant toute tentative de pre\u0301dire un cou ...\",\"breadcrumb\":{\"@id\":\"https:\/\/www.africa-press.net\/cameroun\/politique\/coup-detat-au-cameroun-paul-biya-donne-enfin-des-ordres-ca-va-sevir#breadcrumb\"},\"inLanguage\":\"fr-FR\",\"potentialAction\":[{\"@type\":\"ReadAction\",\"target\":[\"https:\/\/www.africa-press.net\/cameroun\/politique\/coup-detat-au-cameroun-paul-biya-donne-enfin-des-ordres-ca-va-sevir\"]}]},{\"@type\":\"ImageObject\",\"inLanguage\":\"fr-FR\",\"@id\":\"https:\/\/www.africa-press.net\/cameroun\/politique\/coup-detat-au-cameroun-paul-biya-donne-enfin-des-ordres-ca-va-sevir#primaryimage\",\"url\":\"https:\/\/static.africa-press.net\/cameroun\/sites\/57\/2023\/09\/sm_1695755455.202278.jpg\",\"contentUrl\":\"https:\/\/static.africa-press.net\/cameroun\/sites\/57\/2023\/09\/sm_1695755455.202278.jpg\",\"width\":720,\"height\":552,\"caption\":\"Coup d'\u00c9tat au Cameroun : Paul Biya donne enfin des ordres ; \u00e7a va s\u00e9vir\"},{\"@type\":\"BreadcrumbList\",\"@id\":\"https:\/\/www.africa-press.net\/cameroun\/politique\/coup-detat-au-cameroun-paul-biya-donne-enfin-des-ordres-ca-va-sevir#breadcrumb\",\"itemListElement\":[{\"@type\":\"ListItem\",\"position\":1,\"name\":\"Accueil\",\"item\":\"https:\/\/www.africa-press.net\/cameroun\/\"},{\"@type\":\"ListItem\",\"position\":2,\"name\":\"Coup d&#8217;\u00c9tat au Cameroun : Paul Biya donne enfin des ordres ; \u00e7a va s\u00e9vir\"}]},{\"@type\":\"WebSite\",\"@id\":\"https:\/\/www.africa-press.net\/cameroun\/#website\",\"url\":\"https:\/\/www.africa-press.net\/cameroun\/\",\"name\":\"Cameroun\",\"description\":\"Just another Africa News Agency Sites site\",\"potentialAction\":[{\"@type\":\"SearchAction\",\"target\":{\"@type\":\"EntryPoint\",\"urlTemplate\":\"https:\/\/www.africa-press.net\/cameroun\/?s={search_term_string}\"},\"query-input\":{\"@type\":\"PropertyValueSpecification\",\"valueRequired\":true,\"valueName\":\"search_term_string\"}}],\"inLanguage\":\"fr-FR\"},{\"@type\":\"Person\",\"@id\":\"https:\/\/www.africa-press.net\/cameroun\/#\/schema\/person\/2b1cf3cd81a31e3cd26889ca66d677f1\",\"name\":\"cfeditorfr\"}]}<\/script>\n<!-- \/ Yoast SEO Premium plugin. -->","yoast_head_json":{"title":"Coup d'\u00c9tat au Cameroun : Paul Biya donne enfin des ordres ; \u00e7a va s\u00e9vir - Cameroun","description":"Gouvernement de la Re\u0301publique du Cameroun a e\u0301mis une de\u0301claration ferme interdisant toute tentative de pre\u0301dire un cou ...","robots":{"index":"index","follow":"follow","max-snippet":"max-snippet:-1","max-image-preview":"max-image-preview:large","max-video-preview":"max-video-preview:-1"},"canonical":"https:\/\/www.africa-press.net\/cameroun\/politique\/coup-detat-au-cameroun-paul-biya-donne-enfin-des-ordres-ca-va-sevir","og_locale":"fr_FR","og_type":"article","og_title":"Coup d'\u00c9tat au Cameroun : Paul Biya donne enfin des ordres ; \u00e7a va s\u00e9vir","og_description":"Gouvernement de la Re\u0301publique du Cameroun a e\u0301mis une de\u0301claration ferme interdisant toute tentative de pre\u0301dire un cou ...","og_url":"https:\/\/www.africa-press.net\/cameroun\/politique\/coup-detat-au-cameroun-paul-biya-donne-enfin-des-ordres-ca-va-sevir","og_site_name":"Cameroun","article_published_time":"2023-09-26T22:12:46+00:00","article_modified_time":"2023-09-27T00:43:31+00:00","og_image":[{"width":720,"height":552,"url":"https:\/\/static.africa-press.net\/cameroun\/sites\/57\/2023\/09\/sm_1695755455.202278.jpg","type":"image\/jpeg"}],"author":"cfeditorfr","twitter_card":"summary_large_image","twitter_misc":{"\u00c9crit par":"cfeditorfr","Dur\u00e9e de lecture estim\u00e9e":"2 minutes"},"schema":{"@context":"https:\/\/schema.org","@graph":[{"@type":"Article","@id":"https:\/\/www.africa-press.net\/cameroun\/politique\/coup-detat-au-cameroun-paul-biya-donne-enfin-des-ordres-ca-va-sevir#article","isPartOf":{"@id":"https:\/\/www.africa-press.net\/cameroun\/politique\/coup-detat-au-cameroun-paul-biya-donne-enfin-des-ordres-ca-va-sevir"},"author":{"name":"cfeditorfr","@id":"https:\/\/www.africa-press.net\/cameroun\/#\/schema\/person\/2b1cf3cd81a31e3cd26889ca66d677f1"},"headline":"Coup d&rsquo;\u00c9tat au Cameroun : Paul Biya donne enfin des ordres ; \u00e7a va s\u00e9vir","datePublished":"2023-09-26T22:12:46+00:00","dateModified":"2023-09-27T00:43:31+00:00","mainEntityOfPage":{"@id":"https:\/\/www.africa-press.net\/cameroun\/politique\/coup-detat-au-cameroun-paul-biya-donne-enfin-des-ordres-ca-va-sevir"},"wordCount":343,"commentCount":0,"image":{"@id":"https:\/\/www.africa-press.net\/cameroun\/politique\/coup-detat-au-cameroun-paul-biya-donne-enfin-des-ordres-ca-va-sevir#primaryimage"},"thumbnailUrl":"https:\/\/static.africa-press.net\/cameroun\/sites\/57\/2023\/09\/sm_1695755455.202278.jpg","keywords":["Africa Press","Africa Press-Cameroun","Cameroun"],"articleSection":["Politique","Toutes les actualit\u00e9s"],"inLanguage":"fr-FR","potentialAction":[{"@type":"CommentAction","name":"Comment","target":["https:\/\/www.africa-press.net\/cameroun\/politique\/coup-detat-au-cameroun-paul-biya-donne-enfin-des-ordres-ca-va-sevir#respond"]}]},{"@type":"WebPage","@id":"https:\/\/www.africa-press.net\/cameroun\/politique\/coup-detat-au-cameroun-paul-biya-donne-enfin-des-ordres-ca-va-sevir","url":"https:\/\/www.africa-press.net\/cameroun\/politique\/coup-detat-au-cameroun-paul-biya-donne-enfin-des-ordres-ca-va-sevir","name":"Coup d'\u00c9tat au Cameroun : Paul Biya donne enfin des ordres ; \u00e7a va s\u00e9vir - Cameroun","isPartOf":{"@id":"https:\/\/www.africa-press.net\/cameroun\/#website"},"primaryImageOfPage":{"@id":"https:\/\/www.africa-press.net\/cameroun\/politique\/coup-detat-au-cameroun-paul-biya-donne-enfin-des-ordres-ca-va-sevir#primaryimage"},"image":{"@id":"https:\/\/www.africa-press.net\/cameroun\/politique\/coup-detat-au-cameroun-paul-biya-donne-enfin-des-ordres-ca-va-sevir#primaryimage"},"thumbnailUrl":"https:\/\/static.africa-press.net\/cameroun\/sites\/57\/2023\/09\/sm_1695755455.202278.jpg","datePublished":"2023-09-26T22:12:46+00:00","dateModified":"2023-09-27T00:43:31+00:00","author":{"@id":"https:\/\/www.africa-press.net\/cameroun\/#\/schema\/person\/2b1cf3cd81a31e3cd26889ca66d677f1"},"description":"Gouvernement de la Re\u0301publique du Cameroun a e\u0301mis une de\u0301claration ferme interdisant toute tentative de pre\u0301dire un cou ...","breadcrumb":{"@id":"https:\/\/www.africa-press.net\/cameroun\/politique\/coup-detat-au-cameroun-paul-biya-donne-enfin-des-ordres-ca-va-sevir#breadcrumb"},"inLanguage":"fr-FR","potentialAction":[{"@type":"ReadAction","target":["https:\/\/www.africa-press.net\/cameroun\/politique\/coup-detat-au-cameroun-paul-biya-donne-enfin-des-ordres-ca-va-sevir"]}]},{"@type":"ImageObject","inLanguage":"fr-FR","@id":"https:\/\/www.africa-press.net\/cameroun\/politique\/coup-detat-au-cameroun-paul-biya-donne-enfin-des-ordres-ca-va-sevir#primaryimage","url":"https:\/\/static.africa-press.net\/cameroun\/sites\/57\/2023\/09\/sm_1695755455.202278.jpg","contentUrl":"https:\/\/static.africa-press.net\/cameroun\/sites\/57\/2023\/09\/sm_1695755455.202278.jpg","width":720,"height":552,"caption":"Coup d'\u00c9tat au Cameroun : Paul Biya donne enfin des ordres ; \u00e7a va s\u00e9vir"},{"@type":"BreadcrumbList","@id":"https:\/\/www.africa-press.net\/cameroun\/politique\/coup-detat-au-cameroun-paul-biya-donne-enfin-des-ordres-ca-va-sevir#breadcrumb","itemListElement":[{"@type":"ListItem","position":1,"name":"Accueil","item":"https:\/\/www.africa-press.net\/cameroun\/"},{"@type":"ListItem","position":2,"name":"Coup d&#8217;\u00c9tat au Cameroun : Paul Biya donne enfin des ordres ; \u00e7a va s\u00e9vir"}]},{"@type":"WebSite","@id":"https:\/\/www.africa-press.net\/cameroun\/#website","url":"https:\/\/www.africa-press.net\/cameroun\/","name":"Cameroun","description":"Just another Africa News Agency Sites site","potentialAction":[{"@type":"SearchAction","target":{"@type":"EntryPoint","urlTemplate":"https:\/\/www.africa-press.net\/cameroun\/?s={search_term_string}"},"query-input":{"@type":"PropertyValueSpecification","valueRequired":true,"valueName":"search_term_string"}}],"inLanguage":"fr-FR"},{"@type":"Person","@id":"https:\/\/www.africa-press.net\/cameroun\/#\/schema\/person\/2b1cf3cd81a31e3cd26889ca66d677f1","name":"cfeditorfr"}]}},"_links":{"self":[{"href":"https:\/\/www.africa-press.net\/cameroun\/wp-json\/wp\/v2\/posts\/51736","targetHints":{"allow":["GET"]}}],"collection":[{"href":"https:\/\/www.africa-press.net\/cameroun\/wp-json\/wp\/v2\/posts"}],"about":[{"href":"https:\/\/www.africa-press.net\/cameroun\/wp-json\/wp\/v2\/types\/post"}],"author":[{"embeddable":true,"href":"https:\/\/www.africa-press.net\/cameroun\/wp-json\/wp\/v2\/users\/82"}],"replies":[{"embeddable":true,"href":"https:\/\/www.africa-press.net\/cameroun\/wp-json\/wp\/v2\/comments?post=51736"}],"version-history":[{"count":0,"href":"https:\/\/www.africa-press.net\/cameroun\/wp-json\/wp\/v2\/posts\/51736\/revisions"}],"wp:featuredmedia":[{"embeddable":true,"href":"https:\/\/www.africa-press.net\/cameroun\/wp-json\/wp\/v2\/media\/51735"}],"wp:attachment":[{"href":"https:\/\/www.africa-press.net\/cameroun\/wp-json\/wp\/v2\/media?parent=51736"}],"wp:term":[{"taxonomy":"category","embeddable":true,"href":"https:\/\/www.africa-press.net\/cameroun\/wp-json\/wp\/v2\/categories?post=51736"},{"taxonomy":"post_tag","embeddable":true,"href":"https:\/\/www.africa-press.net\/cameroun\/wp-json\/wp\/v2\/tags?post=51736"}],"curies":[{"name":"wp","href":"https:\/\/api.w.org\/{rel}","templated":true}]}}