{"id":51739,"date":"2023-09-26T22:12:57","date_gmt":"2023-09-26T22:12:57","guid":{"rendered":"https:\/\/www.africa-press.net\/cameroun\/politique\/mort-du-vice-consul-de-france-au-cameroun-macron-degaine-contre-biya-la-sanction-est-lourde"},"modified":"2023-09-27T00:44:16","modified_gmt":"2023-09-27T00:44:16","slug":"mort-du-vice-consul-de-france-au-cameroun-macron-degaine-contre-biya-la-sanction-est-lourde","status":"publish","type":"post","link":"https:\/\/www.africa-press.net\/cameroun\/politique\/mort-du-vice-consul-de-france-au-cameroun-macron-degaine-contre-biya-la-sanction-est-lourde","title":{"rendered":"Mort du vice-consul de France au Cameroun : Macron d\u00e9gaine contre Biya, la sanction est lourde"},"content":{"rendered":"<p><span style=\"color: #ff6600\"><strong>Africa-Press &#8211; Cameroun. <\/strong><\/span>Le silence de Paris sur la mort du Vice-consul de France a\u0300 Douala il y a quelques semaines ne pre\u0301sageait rien de bon et la confirmation de cette the\u0301orie vient d&rsquo;e\u0301clater au grand jour.<\/p>\n<p>En effet, depuis quelques jours, l&rsquo;on assiste a\u0300 un refus massif de visas aux e\u0301tudiants camerounais. Pour ne prendre qu\u2019un exemple, jeudi dernier au Consulat de France a\u0300 Douala, sur 200 passeports remis aux futurs e\u0301tudiants un seul a rec\u0327u un visa. A\u0300 Yaounde\u0301, la situation est encore plus grave les parents ne parviennent me\u0302me pas a\u0300 obtenir des rendez-vous.<\/p>\n<p>Mesure de re\u0301torsions contre la monte\u0301e du sentiment anti-franc\u0327ais ou mise en \u0153uvre d\u2019une politique inte\u0301rieure visant a\u0300 re\u0301duire l\u2019arrive\u0301e des e\u0301tudiants africains en France ?<\/p>\n<p>Pour le lanceur d&rsquo;alerte Boris Bertolt, il n&rsquo;y a pas que cette raison. L\u2019affaire re\u0301cente des scandales de visa dont la mort du consul ge\u0301ne\u0301ral de France a\u0300 Douala est une partie de l\u2019e\u0301pisode et apparemment cette e\u0301pisode n\u2019a pas arrange\u0301 les choses.<\/p>\n<p>Aussi, le nouvel ambassadeur de France au Cameroun, Thierry Marchand aurait produit des rapports qui ne jouent pas en faveur du Cameroun. Le ge\u0301ne\u0301ral Thierry Marchand avait adresse\u0301 un signalement au Quai d\u2019Orsay pour indiquer que ses services e\u0301taient anglues dans un important trafic de Visas. Des inspecteurs du Quai D\u2019Orsay avaient d\u2019ailleurs effectue\u0301 une mission d\u2019enque\u0302te au Cameroun et rendu leur rapport a\u0300 Catherine Colonna<\/p>\n<p><strong>Pour plus d&rsquo;informations et d&rsquo;analyses sur la <a href=\"https:\/\/www.africa-press.net\/cameroun\">Cameroun<\/a>, suivez <a href=\"https:\/\/www.africa-press.net\/\">Africa-Press<\/a><\/strong><\/p>\n","protected":false},"excerpt":{"rendered":"<p>Africa-Press &#8211; Cameroun. Le silence de Paris sur la mort du Vice-consul de France a\u0300 Douala il y a quelques semaines ne pre\u0301sageait rien de bon et la confirmation de cette the\u0301orie vient d&rsquo;e\u0301clater au grand jour. En effet, depuis quelques jours, l&rsquo;on assiste a\u0300 un refus massif de visas aux e\u0301tudiants camerounais. Pour ne [&hellip;]<\/p>\n","protected":false},"author":82,"featured_media":51737,"comment_status":"open","ping_status":"closed","sticky":false,"template":"","format":"standard","meta":{"footnotes":""},"categories":[2,10],"tags":[36,50,49],"class_list":["post-51739","post","type-post","status-publish","format-standard","has-post-thumbnail","hentry","category-politique","category-toutes-les-actualites","tag-africa-press","tag-africa-press-cameroun","tag-cameroun"],"yoast_head":"<!-- This site is optimized with the Yoast SEO Premium plugin v26.1 (Yoast SEO v27.0) - https:\/\/yoast.com\/product\/yoast-seo-premium-wordpress\/ -->\n<title>Mort du vice-consul de France au Cameroun : Macron d\u00e9gaine contre Biya, la sanction est lourde - Cameroun<\/title>\n<meta name=\"description\" content=\"Le silence de Paris sur la mort du Vice-consul de France a\u0300 Douala il y a quelques semaines ne pre\u0301sageait rien de bon e ...\" \/>\n<meta name=\"robots\" content=\"index, follow, max-snippet:-1, max-image-preview:large, max-video-preview:-1\" \/>\n<link rel=\"canonical\" href=\"https:\/\/www.africa-press.net\/cameroun\/politique\/mort-du-vice-consul-de-france-au-cameroun-macron-degaine-contre-biya-la-sanction-est-lourde\" \/>\n<meta property=\"og:locale\" content=\"fr_FR\" \/>\n<meta property=\"og:type\" content=\"article\" \/>\n<meta property=\"og:title\" content=\"Mort du vice-consul de France au Cameroun : Macron d\u00e9gaine contre Biya, la sanction est lourde\" \/>\n<meta property=\"og:description\" content=\"Le silence de Paris sur la mort du Vice-consul de France a\u0300 Douala il y a quelques semaines ne pre\u0301sageait rien de bon e ...\" \/>\n<meta property=\"og:url\" content=\"https:\/\/www.africa-press.net\/cameroun\/politique\/mort-du-vice-consul-de-france-au-cameroun-macron-degaine-contre-biya-la-sanction-est-lourde\" \/>\n<meta property=\"og:site_name\" content=\"Cameroun\" \/>\n<meta property=\"article:published_time\" content=\"2023-09-26T22:12:57+00:00\" \/>\n<meta property=\"article:modified_time\" content=\"2023-09-27T00:44:16+00:00\" \/>\n<meta property=\"og:image\" content=\"https:\/\/static.africa-press.net\/cameroun\/sites\/57\/2023\/09\/sm_1695755486.248137.jpg\" \/>\n\t<meta property=\"og:image:width\" content=\"720\" \/>\n\t<meta property=\"og:image:height\" content=\"360\" \/>\n\t<meta property=\"og:image:type\" content=\"image\/jpeg\" \/>\n<meta name=\"author\" content=\"cfeditorfr\" \/>\n<meta name=\"twitter:card\" content=\"summary_large_image\" \/>\n<meta name=\"twitter:label1\" content=\"\u00c9crit par\" \/>\n\t<meta name=\"twitter:data1\" content=\"cfeditorfr\" \/>\n\t<meta name=\"twitter:label2\" content=\"Dur\u00e9e de lecture estim\u00e9e\" \/>\n\t<meta name=\"twitter:data2\" content=\"1 minute\" \/>\n<script type=\"application\/ld+json\" class=\"yoast-schema-graph\">{\"@context\":\"https:\/\/schema.org\",\"@graph\":[{\"@type\":\"Article\",\"@id\":\"https:\/\/www.africa-press.net\/cameroun\/politique\/mort-du-vice-consul-de-france-au-cameroun-macron-degaine-contre-biya-la-sanction-est-lourde#article\",\"isPartOf\":{\"@id\":\"https:\/\/www.africa-press.net\/cameroun\/politique\/mort-du-vice-consul-de-france-au-cameroun-macron-degaine-contre-biya-la-sanction-est-lourde\"},\"author\":{\"name\":\"cfeditorfr\",\"@id\":\"https:\/\/www.africa-press.net\/cameroun\/#\/schema\/person\/2b1cf3cd81a31e3cd26889ca66d677f1\"},\"headline\":\"Mort du vice-consul de France au Cameroun : Macron d\u00e9gaine contre Biya, la sanction est lourde\",\"datePublished\":\"2023-09-26T22:12:57+00:00\",\"dateModified\":\"2023-09-27T00:44:16+00:00\",\"mainEntityOfPage\":{\"@id\":\"https:\/\/www.africa-press.net\/cameroun\/politique\/mort-du-vice-consul-de-france-au-cameroun-macron-degaine-contre-biya-la-sanction-est-lourde\"},\"wordCount\":295,\"commentCount\":0,\"image\":{\"@id\":\"https:\/\/www.africa-press.net\/cameroun\/politique\/mort-du-vice-consul-de-france-au-cameroun-macron-degaine-contre-biya-la-sanction-est-lourde#primaryimage\"},\"thumbnailUrl\":\"https:\/\/static.africa-press.net\/cameroun\/sites\/57\/2023\/09\/sm_1695755486.248137.jpg\",\"keywords\":[\"Africa Press\",\"Africa Press-Cameroun\",\"Cameroun\"],\"articleSection\":[\"Politique\",\"Toutes les actualit\u00e9s\"],\"inLanguage\":\"fr-FR\",\"potentialAction\":[{\"@type\":\"CommentAction\",\"name\":\"Comment\",\"target\":[\"https:\/\/www.africa-press.net\/cameroun\/politique\/mort-du-vice-consul-de-france-au-cameroun-macron-degaine-contre-biya-la-sanction-est-lourde#respond\"]}]},{\"@type\":\"WebPage\",\"@id\":\"https:\/\/www.africa-press.net\/cameroun\/politique\/mort-du-vice-consul-de-france-au-cameroun-macron-degaine-contre-biya-la-sanction-est-lourde\",\"url\":\"https:\/\/www.africa-press.net\/cameroun\/politique\/mort-du-vice-consul-de-france-au-cameroun-macron-degaine-contre-biya-la-sanction-est-lourde\",\"name\":\"Mort du vice-consul de France au Cameroun : Macron d\u00e9gaine contre Biya, la sanction est lourde - Cameroun\",\"isPartOf\":{\"@id\":\"https:\/\/www.africa-press.net\/cameroun\/#website\"},\"primaryImageOfPage\":{\"@id\":\"https:\/\/www.africa-press.net\/cameroun\/politique\/mort-du-vice-consul-de-france-au-cameroun-macron-degaine-contre-biya-la-sanction-est-lourde#primaryimage\"},\"image\":{\"@id\":\"https:\/\/www.africa-press.net\/cameroun\/politique\/mort-du-vice-consul-de-france-au-cameroun-macron-degaine-contre-biya-la-sanction-est-lourde#primaryimage\"},\"thumbnailUrl\":\"https:\/\/static.africa-press.net\/cameroun\/sites\/57\/2023\/09\/sm_1695755486.248137.jpg\",\"datePublished\":\"2023-09-26T22:12:57+00:00\",\"dateModified\":\"2023-09-27T00:44:16+00:00\",\"author\":{\"@id\":\"https:\/\/www.africa-press.net\/cameroun\/#\/schema\/person\/2b1cf3cd81a31e3cd26889ca66d677f1\"},\"description\":\"Le silence de Paris sur la mort du Vice-consul de France a\u0300 Douala il y a quelques semaines ne pre\u0301sageait rien de bon e ...\",\"breadcrumb\":{\"@id\":\"https:\/\/www.africa-press.net\/cameroun\/politique\/mort-du-vice-consul-de-france-au-cameroun-macron-degaine-contre-biya-la-sanction-est-lourde#breadcrumb\"},\"inLanguage\":\"fr-FR\",\"potentialAction\":[{\"@type\":\"ReadAction\",\"target\":[\"https:\/\/www.africa-press.net\/cameroun\/politique\/mort-du-vice-consul-de-france-au-cameroun-macron-degaine-contre-biya-la-sanction-est-lourde\"]}]},{\"@type\":\"ImageObject\",\"inLanguage\":\"fr-FR\",\"@id\":\"https:\/\/www.africa-press.net\/cameroun\/politique\/mort-du-vice-consul-de-france-au-cameroun-macron-degaine-contre-biya-la-sanction-est-lourde#primaryimage\",\"url\":\"https:\/\/static.africa-press.net\/cameroun\/sites\/57\/2023\/09\/sm_1695755486.248137.jpg\",\"contentUrl\":\"https:\/\/static.africa-press.net\/cameroun\/sites\/57\/2023\/09\/sm_1695755486.248137.jpg\",\"width\":720,\"height\":360,\"caption\":\"Mort du vice-consul de France au Cameroun : Macron d\u00e9gaine contre Biya, la sanction est lourde\"},{\"@type\":\"BreadcrumbList\",\"@id\":\"https:\/\/www.africa-press.net\/cameroun\/politique\/mort-du-vice-consul-de-france-au-cameroun-macron-degaine-contre-biya-la-sanction-est-lourde#breadcrumb\",\"itemListElement\":[{\"@type\":\"ListItem\",\"position\":1,\"name\":\"Accueil\",\"item\":\"https:\/\/www.africa-press.net\/cameroun\/\"},{\"@type\":\"ListItem\",\"position\":2,\"name\":\"Mort du vice-consul de France au Cameroun : Macron d\u00e9gaine contre Biya, la sanction est lourde\"}]},{\"@type\":\"WebSite\",\"@id\":\"https:\/\/www.africa-press.net\/cameroun\/#website\",\"url\":\"https:\/\/www.africa-press.net\/cameroun\/\",\"name\":\"Cameroun\",\"description\":\"Just another Africa News Agency Sites site\",\"potentialAction\":[{\"@type\":\"SearchAction\",\"target\":{\"@type\":\"EntryPoint\",\"urlTemplate\":\"https:\/\/www.africa-press.net\/cameroun\/?s={search_term_string}\"},\"query-input\":{\"@type\":\"PropertyValueSpecification\",\"valueRequired\":true,\"valueName\":\"search_term_string\"}}],\"inLanguage\":\"fr-FR\"},{\"@type\":\"Person\",\"@id\":\"https:\/\/www.africa-press.net\/cameroun\/#\/schema\/person\/2b1cf3cd81a31e3cd26889ca66d677f1\",\"name\":\"cfeditorfr\"}]}<\/script>\n<!-- \/ Yoast SEO Premium plugin. -->","yoast_head_json":{"title":"Mort du vice-consul de France au Cameroun : Macron d\u00e9gaine contre Biya, la sanction est lourde - Cameroun","description":"Le silence de Paris sur la mort du Vice-consul de France a\u0300 Douala il y a quelques semaines ne pre\u0301sageait rien de bon e ...","robots":{"index":"index","follow":"follow","max-snippet":"max-snippet:-1","max-image-preview":"max-image-preview:large","max-video-preview":"max-video-preview:-1"},"canonical":"https:\/\/www.africa-press.net\/cameroun\/politique\/mort-du-vice-consul-de-france-au-cameroun-macron-degaine-contre-biya-la-sanction-est-lourde","og_locale":"fr_FR","og_type":"article","og_title":"Mort du vice-consul de France au Cameroun : Macron d\u00e9gaine contre Biya, la sanction est lourde","og_description":"Le silence de Paris sur la mort du Vice-consul de France a\u0300 Douala il y a quelques semaines ne pre\u0301sageait rien de bon e ...","og_url":"https:\/\/www.africa-press.net\/cameroun\/politique\/mort-du-vice-consul-de-france-au-cameroun-macron-degaine-contre-biya-la-sanction-est-lourde","og_site_name":"Cameroun","article_published_time":"2023-09-26T22:12:57+00:00","article_modified_time":"2023-09-27T00:44:16+00:00","og_image":[{"width":720,"height":360,"url":"https:\/\/static.africa-press.net\/cameroun\/sites\/57\/2023\/09\/sm_1695755486.248137.jpg","type":"image\/jpeg"}],"author":"cfeditorfr","twitter_card":"summary_large_image","twitter_misc":{"\u00c9crit par":"cfeditorfr","Dur\u00e9e de lecture estim\u00e9e":"1 minute"},"schema":{"@context":"https:\/\/schema.org","@graph":[{"@type":"Article","@id":"https:\/\/www.africa-press.net\/cameroun\/politique\/mort-du-vice-consul-de-france-au-cameroun-macron-degaine-contre-biya-la-sanction-est-lourde#article","isPartOf":{"@id":"https:\/\/www.africa-press.net\/cameroun\/politique\/mort-du-vice-consul-de-france-au-cameroun-macron-degaine-contre-biya-la-sanction-est-lourde"},"author":{"name":"cfeditorfr","@id":"https:\/\/www.africa-press.net\/cameroun\/#\/schema\/person\/2b1cf3cd81a31e3cd26889ca66d677f1"},"headline":"Mort du vice-consul de France au Cameroun : Macron d\u00e9gaine contre Biya, la sanction est lourde","datePublished":"2023-09-26T22:12:57+00:00","dateModified":"2023-09-27T00:44:16+00:00","mainEntityOfPage":{"@id":"https:\/\/www.africa-press.net\/cameroun\/politique\/mort-du-vice-consul-de-france-au-cameroun-macron-degaine-contre-biya-la-sanction-est-lourde"},"wordCount":295,"commentCount":0,"image":{"@id":"https:\/\/www.africa-press.net\/cameroun\/politique\/mort-du-vice-consul-de-france-au-cameroun-macron-degaine-contre-biya-la-sanction-est-lourde#primaryimage"},"thumbnailUrl":"https:\/\/static.africa-press.net\/cameroun\/sites\/57\/2023\/09\/sm_1695755486.248137.jpg","keywords":["Africa Press","Africa Press-Cameroun","Cameroun"],"articleSection":["Politique","Toutes les actualit\u00e9s"],"inLanguage":"fr-FR","potentialAction":[{"@type":"CommentAction","name":"Comment","target":["https:\/\/www.africa-press.net\/cameroun\/politique\/mort-du-vice-consul-de-france-au-cameroun-macron-degaine-contre-biya-la-sanction-est-lourde#respond"]}]},{"@type":"WebPage","@id":"https:\/\/www.africa-press.net\/cameroun\/politique\/mort-du-vice-consul-de-france-au-cameroun-macron-degaine-contre-biya-la-sanction-est-lourde","url":"https:\/\/www.africa-press.net\/cameroun\/politique\/mort-du-vice-consul-de-france-au-cameroun-macron-degaine-contre-biya-la-sanction-est-lourde","name":"Mort du vice-consul de France au Cameroun : Macron d\u00e9gaine contre Biya, la sanction est lourde - Cameroun","isPartOf":{"@id":"https:\/\/www.africa-press.net\/cameroun\/#website"},"primaryImageOfPage":{"@id":"https:\/\/www.africa-press.net\/cameroun\/politique\/mort-du-vice-consul-de-france-au-cameroun-macron-degaine-contre-biya-la-sanction-est-lourde#primaryimage"},"image":{"@id":"https:\/\/www.africa-press.net\/cameroun\/politique\/mort-du-vice-consul-de-france-au-cameroun-macron-degaine-contre-biya-la-sanction-est-lourde#primaryimage"},"thumbnailUrl":"https:\/\/static.africa-press.net\/cameroun\/sites\/57\/2023\/09\/sm_1695755486.248137.jpg","datePublished":"2023-09-26T22:12:57+00:00","dateModified":"2023-09-27T00:44:16+00:00","author":{"@id":"https:\/\/www.africa-press.net\/cameroun\/#\/schema\/person\/2b1cf3cd81a31e3cd26889ca66d677f1"},"description":"Le silence de Paris sur la mort du Vice-consul de France a\u0300 Douala il y a quelques semaines ne pre\u0301sageait rien de bon e ...","breadcrumb":{"@id":"https:\/\/www.africa-press.net\/cameroun\/politique\/mort-du-vice-consul-de-france-au-cameroun-macron-degaine-contre-biya-la-sanction-est-lourde#breadcrumb"},"inLanguage":"fr-FR","potentialAction":[{"@type":"ReadAction","target":["https:\/\/www.africa-press.net\/cameroun\/politique\/mort-du-vice-consul-de-france-au-cameroun-macron-degaine-contre-biya-la-sanction-est-lourde"]}]},{"@type":"ImageObject","inLanguage":"fr-FR","@id":"https:\/\/www.africa-press.net\/cameroun\/politique\/mort-du-vice-consul-de-france-au-cameroun-macron-degaine-contre-biya-la-sanction-est-lourde#primaryimage","url":"https:\/\/static.africa-press.net\/cameroun\/sites\/57\/2023\/09\/sm_1695755486.248137.jpg","contentUrl":"https:\/\/static.africa-press.net\/cameroun\/sites\/57\/2023\/09\/sm_1695755486.248137.jpg","width":720,"height":360,"caption":"Mort du vice-consul de France au Cameroun : Macron d\u00e9gaine contre Biya, la sanction est lourde"},{"@type":"BreadcrumbList","@id":"https:\/\/www.africa-press.net\/cameroun\/politique\/mort-du-vice-consul-de-france-au-cameroun-macron-degaine-contre-biya-la-sanction-est-lourde#breadcrumb","itemListElement":[{"@type":"ListItem","position":1,"name":"Accueil","item":"https:\/\/www.africa-press.net\/cameroun\/"},{"@type":"ListItem","position":2,"name":"Mort du vice-consul de France au Cameroun : Macron d\u00e9gaine contre Biya, la sanction est lourde"}]},{"@type":"WebSite","@id":"https:\/\/www.africa-press.net\/cameroun\/#website","url":"https:\/\/www.africa-press.net\/cameroun\/","name":"Cameroun","description":"Just another Africa News Agency Sites site","potentialAction":[{"@type":"SearchAction","target":{"@type":"EntryPoint","urlTemplate":"https:\/\/www.africa-press.net\/cameroun\/?s={search_term_string}"},"query-input":{"@type":"PropertyValueSpecification","valueRequired":true,"valueName":"search_term_string"}}],"inLanguage":"fr-FR"},{"@type":"Person","@id":"https:\/\/www.africa-press.net\/cameroun\/#\/schema\/person\/2b1cf3cd81a31e3cd26889ca66d677f1","name":"cfeditorfr"}]}},"_links":{"self":[{"href":"https:\/\/www.africa-press.net\/cameroun\/wp-json\/wp\/v2\/posts\/51739","targetHints":{"allow":["GET"]}}],"collection":[{"href":"https:\/\/www.africa-press.net\/cameroun\/wp-json\/wp\/v2\/posts"}],"about":[{"href":"https:\/\/www.africa-press.net\/cameroun\/wp-json\/wp\/v2\/types\/post"}],"author":[{"embeddable":true,"href":"https:\/\/www.africa-press.net\/cameroun\/wp-json\/wp\/v2\/users\/82"}],"replies":[{"embeddable":true,"href":"https:\/\/www.africa-press.net\/cameroun\/wp-json\/wp\/v2\/comments?post=51739"}],"version-history":[{"count":0,"href":"https:\/\/www.africa-press.net\/cameroun\/wp-json\/wp\/v2\/posts\/51739\/revisions"}],"wp:featuredmedia":[{"embeddable":true,"href":"https:\/\/www.africa-press.net\/cameroun\/wp-json\/wp\/v2\/media\/51737"}],"wp:attachment":[{"href":"https:\/\/www.africa-press.net\/cameroun\/wp-json\/wp\/v2\/media?parent=51739"}],"wp:term":[{"taxonomy":"category","embeddable":true,"href":"https:\/\/www.africa-press.net\/cameroun\/wp-json\/wp\/v2\/categories?post=51739"},{"taxonomy":"post_tag","embeddable":true,"href":"https:\/\/www.africa-press.net\/cameroun\/wp-json\/wp\/v2\/tags?post=51739"}],"curies":[{"name":"wp","href":"https:\/\/api.w.org\/{rel}","templated":true}]}}