{"id":51742,"date":"2023-09-26T22:13:02","date_gmt":"2023-09-26T22:13:02","guid":{"rendered":"https:\/\/www.africa-press.net\/cameroun\/politique\/toujours-en-attente-de-son-evacuation-sanitaire-cavaye-yeguie-a-rencontre-lambassadeur-de-france"},"modified":"2023-09-27T00:45:08","modified_gmt":"2023-09-27T00:45:08","slug":"toujours-en-attente-de-son-evacuation-sanitaire-cavaye-yeguie-a-rencontre-lambassadeur-de-france","status":"publish","type":"post","link":"https:\/\/www.africa-press.net\/cameroun\/politique\/toujours-en-attente-de-son-evacuation-sanitaire-cavaye-yeguie-a-rencontre-lambassadeur-de-france","title":{"rendered":"Toujours en attente de son \u00e9vacuation sanitaire, Cavaye Yegui\u00e9 a rencontr\u00e9 l&rsquo;Ambassadeur de France"},"content":{"rendered":"<p><span style=\"color: #ff6600\"><strong>Africa-Press &#8211; Cameroun. <\/strong><\/span>Le pre\u0301sident de l&rsquo;Assemble\u0301e nationale n&rsquo;a toujours pas encore e\u0301te\u0301 e\u0301vacue\u0301 en France pour une prise en charge ade\u0301quate de ses proble\u0300mes de sante\u0301. Toujours donc au Cameroun, il a pu rencontrer dernie\u0300rement l&rsquo;Ambassadeur de France.<\/p>\n<p>\u00ab\u00a0Le 22 septembre 2023, l&rsquo;ambassadeur de France au Cameroun s&rsquo;est vu accorder une audience avec le tre\u0300s honorable pre\u0301sident de l&rsquo;Assemble\u0301e nationale. Cavaye Yeguie\u0301 Djibril et Thierry Marchand ont discute\u0301 non seulement de l&rsquo;ouverture de la session budge\u0301taire en novembre prochain, mais aussi de la situation dans la zone nord du Cameroun\u00a0\u00bb, e\u0301crivent les services de communication de l&rsquo;Assemble\u0301e nationale camerounaise dans un communique\u0301 publie\u0301 il y a quelques jours.<\/p>\n<p>\u00ab\u00a0Les deux personnalite\u0301s ont passe\u0301 plus de quarante minutes a\u0300 renforcer les relations de coope\u0301ration et d&rsquo;amitie\u0301 entre les deux pays fre\u0300res. Les e\u0301changes se sont termine\u0301s dans une ambiance conviviale\u00a0\u00bb, lit-on e\u0301galement dans le communique\u0301.<\/p>\n<p>Interdit de quitter le territoire<\/p>\n<p>Selon le journal \u00ab\u00a0Sans De\u0301tour\u00a0\u00bb, le PAN essaie de\u0301sespe\u0301re\u0301ment d&rsquo;obtenir l&rsquo;autorisation pour une e\u0301vacuation sanitaire. Ses proches inquiets, brisent le silence.<\/p>\n<p>\u00ab\u00a0Le pre\u0301sident de l&rsquo;Assemble\u0301e nationale est toujours prive\u0301 d&rsquo;une e\u0301vacuation sanitaire qu&rsquo;il re\u0301clame depuis plus de deux ans, alors que son e\u0301tat de sante\u0301 ne cesse de se de\u0301grader. Les cris de de\u0301tresse stridents de ses proches qui viennent de Meda \u00ab\u00a0, rapporte le journal.<\/p>\n<p>Depuis plusieurs anne\u0301es, l&rsquo;activite\u0301 parlementaire est devenue un calvaire pour le pre\u0301sident de l&rsquo;Assemble\u0301e nationale. Ayant perdu une bonne partie de ses faculte\u0301s, ses collaborateurs prennent sans son consentement de graves de\u0301cisions en son nom.<\/p>\n<p><strong>Pour plus d&rsquo;informations et d&rsquo;analyses sur la <a href=\"https:\/\/www.africa-press.net\/cameroun\">Cameroun<\/a>, suivez <a href=\"https:\/\/www.africa-press.net\/\">Africa-Press<\/a><\/strong><\/p>\n","protected":false},"excerpt":{"rendered":"<p>Africa-Press &#8211; Cameroun. Le pre\u0301sident de l&rsquo;Assemble\u0301e nationale n&rsquo;a toujours pas encore e\u0301te\u0301 e\u0301vacue\u0301 en France pour une prise en charge ade\u0301quate de ses proble\u0300mes de sante\u0301. Toujours donc au Cameroun, il a pu rencontrer dernie\u0300rement l&rsquo;Ambassadeur de France. \u00ab\u00a0Le 22 septembre 2023, l&rsquo;ambassadeur de France au Cameroun s&rsquo;est vu accorder une audience avec le [&hellip;]<\/p>\n","protected":false},"author":82,"featured_media":51740,"comment_status":"open","ping_status":"closed","sticky":false,"template":"","format":"standard","meta":{"footnotes":""},"categories":[2,10],"tags":[36,50,49],"class_list":["post-51742","post","type-post","status-publish","format-standard","has-post-thumbnail","hentry","category-politique","category-toutes-les-actualites","tag-africa-press","tag-africa-press-cameroun","tag-cameroun"],"yoast_head":"<!-- This site is optimized with the Yoast SEO Premium plugin v26.1 (Yoast SEO v27.0) - https:\/\/yoast.com\/product\/yoast-seo-premium-wordpress\/ -->\n<title>Toujours en attente de son \u00e9vacuation sanitaire, Cavaye Yegui\u00e9 a rencontr\u00e9 l&#039;Ambassadeur de France - Cameroun<\/title>\n<meta name=\"description\" content=\"Le pre\u0301sident de l&#039;Assemble\u0301e nationale n&#039;a toujours pas encore e\u0301te\u0301 e\u0301vacue\u0301 en France pour une prise en charge ade\u0301qu ...\" \/>\n<meta name=\"robots\" content=\"index, follow, max-snippet:-1, max-image-preview:large, max-video-preview:-1\" \/>\n<link rel=\"canonical\" href=\"https:\/\/www.africa-press.net\/cameroun\/politique\/toujours-en-attente-de-son-evacuation-sanitaire-cavaye-yeguie-a-rencontre-lambassadeur-de-france\" \/>\n<meta property=\"og:locale\" content=\"fr_FR\" \/>\n<meta property=\"og:type\" content=\"article\" \/>\n<meta property=\"og:title\" content=\"Toujours en attente de son \u00e9vacuation sanitaire, Cavaye Yegui\u00e9 a rencontr\u00e9 l&#039;Ambassadeur de France\" \/>\n<meta property=\"og:description\" content=\"Le pre\u0301sident de l&#039;Assemble\u0301e nationale n&#039;a toujours pas encore e\u0301te\u0301 e\u0301vacue\u0301 en France pour une prise en charge ade\u0301qu ...\" \/>\n<meta property=\"og:url\" content=\"https:\/\/www.africa-press.net\/cameroun\/politique\/toujours-en-attente-de-son-evacuation-sanitaire-cavaye-yeguie-a-rencontre-lambassadeur-de-france\" \/>\n<meta property=\"og:site_name\" content=\"Cameroun\" \/>\n<meta property=\"article:published_time\" content=\"2023-09-26T22:13:02+00:00\" \/>\n<meta property=\"article:modified_time\" content=\"2023-09-27T00:45:08+00:00\" \/>\n<meta property=\"og:image\" content=\"https:\/\/static.africa-press.net\/cameroun\/sites\/57\/2023\/09\/sm_1695755510.828173.jpg\" \/>\n\t<meta property=\"og:image:width\" content=\"720\" \/>\n\t<meta property=\"og:image:height\" content=\"378\" \/>\n\t<meta property=\"og:image:type\" content=\"image\/jpeg\" \/>\n<meta name=\"author\" content=\"cfeditorfr\" \/>\n<meta name=\"twitter:card\" content=\"summary_large_image\" \/>\n<meta name=\"twitter:label1\" content=\"\u00c9crit par\" \/>\n\t<meta name=\"twitter:data1\" content=\"cfeditorfr\" \/>\n\t<meta name=\"twitter:label2\" content=\"Dur\u00e9e de lecture estim\u00e9e\" \/>\n\t<meta name=\"twitter:data2\" content=\"2 minutes\" \/>\n<script type=\"application\/ld+json\" class=\"yoast-schema-graph\">{\"@context\":\"https:\/\/schema.org\",\"@graph\":[{\"@type\":\"Article\",\"@id\":\"https:\/\/www.africa-press.net\/cameroun\/politique\/toujours-en-attente-de-son-evacuation-sanitaire-cavaye-yeguie-a-rencontre-lambassadeur-de-france#article\",\"isPartOf\":{\"@id\":\"https:\/\/www.africa-press.net\/cameroun\/politique\/toujours-en-attente-de-son-evacuation-sanitaire-cavaye-yeguie-a-rencontre-lambassadeur-de-france\"},\"author\":{\"name\":\"cfeditorfr\",\"@id\":\"https:\/\/www.africa-press.net\/cameroun\/#\/schema\/person\/2b1cf3cd81a31e3cd26889ca66d677f1\"},\"headline\":\"Toujours en attente de son \u00e9vacuation sanitaire, Cavaye Yegui\u00e9 a rencontr\u00e9 l&rsquo;Ambassadeur de France\",\"datePublished\":\"2023-09-26T22:13:02+00:00\",\"dateModified\":\"2023-09-27T00:45:08+00:00\",\"mainEntityOfPage\":{\"@id\":\"https:\/\/www.africa-press.net\/cameroun\/politique\/toujours-en-attente-de-son-evacuation-sanitaire-cavaye-yeguie-a-rencontre-lambassadeur-de-france\"},\"wordCount\":327,\"commentCount\":0,\"image\":{\"@id\":\"https:\/\/www.africa-press.net\/cameroun\/politique\/toujours-en-attente-de-son-evacuation-sanitaire-cavaye-yeguie-a-rencontre-lambassadeur-de-france#primaryimage\"},\"thumbnailUrl\":\"https:\/\/static.africa-press.net\/cameroun\/sites\/57\/2023\/09\/sm_1695755510.828173.jpg\",\"keywords\":[\"Africa Press\",\"Africa Press-Cameroun\",\"Cameroun\"],\"articleSection\":[\"Politique\",\"Toutes les actualit\u00e9s\"],\"inLanguage\":\"fr-FR\",\"potentialAction\":[{\"@type\":\"CommentAction\",\"name\":\"Comment\",\"target\":[\"https:\/\/www.africa-press.net\/cameroun\/politique\/toujours-en-attente-de-son-evacuation-sanitaire-cavaye-yeguie-a-rencontre-lambassadeur-de-france#respond\"]}]},{\"@type\":\"WebPage\",\"@id\":\"https:\/\/www.africa-press.net\/cameroun\/politique\/toujours-en-attente-de-son-evacuation-sanitaire-cavaye-yeguie-a-rencontre-lambassadeur-de-france\",\"url\":\"https:\/\/www.africa-press.net\/cameroun\/politique\/toujours-en-attente-de-son-evacuation-sanitaire-cavaye-yeguie-a-rencontre-lambassadeur-de-france\",\"name\":\"Toujours en attente de son \u00e9vacuation sanitaire, Cavaye Yegui\u00e9 a rencontr\u00e9 l'Ambassadeur de France - Cameroun\",\"isPartOf\":{\"@id\":\"https:\/\/www.africa-press.net\/cameroun\/#website\"},\"primaryImageOfPage\":{\"@id\":\"https:\/\/www.africa-press.net\/cameroun\/politique\/toujours-en-attente-de-son-evacuation-sanitaire-cavaye-yeguie-a-rencontre-lambassadeur-de-france#primaryimage\"},\"image\":{\"@id\":\"https:\/\/www.africa-press.net\/cameroun\/politique\/toujours-en-attente-de-son-evacuation-sanitaire-cavaye-yeguie-a-rencontre-lambassadeur-de-france#primaryimage\"},\"thumbnailUrl\":\"https:\/\/static.africa-press.net\/cameroun\/sites\/57\/2023\/09\/sm_1695755510.828173.jpg\",\"datePublished\":\"2023-09-26T22:13:02+00:00\",\"dateModified\":\"2023-09-27T00:45:08+00:00\",\"author\":{\"@id\":\"https:\/\/www.africa-press.net\/cameroun\/#\/schema\/person\/2b1cf3cd81a31e3cd26889ca66d677f1\"},\"description\":\"Le pre\u0301sident de l'Assemble\u0301e nationale n'a toujours pas encore e\u0301te\u0301 e\u0301vacue\u0301 en France pour une prise en charge ade\u0301qu ...\",\"breadcrumb\":{\"@id\":\"https:\/\/www.africa-press.net\/cameroun\/politique\/toujours-en-attente-de-son-evacuation-sanitaire-cavaye-yeguie-a-rencontre-lambassadeur-de-france#breadcrumb\"},\"inLanguage\":\"fr-FR\",\"potentialAction\":[{\"@type\":\"ReadAction\",\"target\":[\"https:\/\/www.africa-press.net\/cameroun\/politique\/toujours-en-attente-de-son-evacuation-sanitaire-cavaye-yeguie-a-rencontre-lambassadeur-de-france\"]}]},{\"@type\":\"ImageObject\",\"inLanguage\":\"fr-FR\",\"@id\":\"https:\/\/www.africa-press.net\/cameroun\/politique\/toujours-en-attente-de-son-evacuation-sanitaire-cavaye-yeguie-a-rencontre-lambassadeur-de-france#primaryimage\",\"url\":\"https:\/\/static.africa-press.net\/cameroun\/sites\/57\/2023\/09\/sm_1695755510.828173.jpg\",\"contentUrl\":\"https:\/\/static.africa-press.net\/cameroun\/sites\/57\/2023\/09\/sm_1695755510.828173.jpg\",\"width\":720,\"height\":378,\"caption\":\"Toujours en attente de son \u00e9vacuation sanitaire, Cavaye Yegui\u00e9 a rencontr\u00e9 l'Ambassadeur de France\"},{\"@type\":\"BreadcrumbList\",\"@id\":\"https:\/\/www.africa-press.net\/cameroun\/politique\/toujours-en-attente-de-son-evacuation-sanitaire-cavaye-yeguie-a-rencontre-lambassadeur-de-france#breadcrumb\",\"itemListElement\":[{\"@type\":\"ListItem\",\"position\":1,\"name\":\"Accueil\",\"item\":\"https:\/\/www.africa-press.net\/cameroun\/\"},{\"@type\":\"ListItem\",\"position\":2,\"name\":\"Toujours en attente de son \u00e9vacuation sanitaire, Cavaye Yegui\u00e9 a rencontr\u00e9 l&#8217;Ambassadeur de France\"}]},{\"@type\":\"WebSite\",\"@id\":\"https:\/\/www.africa-press.net\/cameroun\/#website\",\"url\":\"https:\/\/www.africa-press.net\/cameroun\/\",\"name\":\"Cameroun\",\"description\":\"Just another Africa News Agency Sites site\",\"potentialAction\":[{\"@type\":\"SearchAction\",\"target\":{\"@type\":\"EntryPoint\",\"urlTemplate\":\"https:\/\/www.africa-press.net\/cameroun\/?s={search_term_string}\"},\"query-input\":{\"@type\":\"PropertyValueSpecification\",\"valueRequired\":true,\"valueName\":\"search_term_string\"}}],\"inLanguage\":\"fr-FR\"},{\"@type\":\"Person\",\"@id\":\"https:\/\/www.africa-press.net\/cameroun\/#\/schema\/person\/2b1cf3cd81a31e3cd26889ca66d677f1\",\"name\":\"cfeditorfr\"}]}<\/script>\n<!-- \/ Yoast SEO Premium plugin. -->","yoast_head_json":{"title":"Toujours en attente de son \u00e9vacuation sanitaire, Cavaye Yegui\u00e9 a rencontr\u00e9 l'Ambassadeur de France - Cameroun","description":"Le pre\u0301sident de l'Assemble\u0301e nationale n'a toujours pas encore e\u0301te\u0301 e\u0301vacue\u0301 en France pour une prise en charge ade\u0301qu ...","robots":{"index":"index","follow":"follow","max-snippet":"max-snippet:-1","max-image-preview":"max-image-preview:large","max-video-preview":"max-video-preview:-1"},"canonical":"https:\/\/www.africa-press.net\/cameroun\/politique\/toujours-en-attente-de-son-evacuation-sanitaire-cavaye-yeguie-a-rencontre-lambassadeur-de-france","og_locale":"fr_FR","og_type":"article","og_title":"Toujours en attente de son \u00e9vacuation sanitaire, Cavaye Yegui\u00e9 a rencontr\u00e9 l'Ambassadeur de France","og_description":"Le pre\u0301sident de l'Assemble\u0301e nationale n'a toujours pas encore e\u0301te\u0301 e\u0301vacue\u0301 en France pour une prise en charge ade\u0301qu ...","og_url":"https:\/\/www.africa-press.net\/cameroun\/politique\/toujours-en-attente-de-son-evacuation-sanitaire-cavaye-yeguie-a-rencontre-lambassadeur-de-france","og_site_name":"Cameroun","article_published_time":"2023-09-26T22:13:02+00:00","article_modified_time":"2023-09-27T00:45:08+00:00","og_image":[{"width":720,"height":378,"url":"https:\/\/static.africa-press.net\/cameroun\/sites\/57\/2023\/09\/sm_1695755510.828173.jpg","type":"image\/jpeg"}],"author":"cfeditorfr","twitter_card":"summary_large_image","twitter_misc":{"\u00c9crit par":"cfeditorfr","Dur\u00e9e de lecture estim\u00e9e":"2 minutes"},"schema":{"@context":"https:\/\/schema.org","@graph":[{"@type":"Article","@id":"https:\/\/www.africa-press.net\/cameroun\/politique\/toujours-en-attente-de-son-evacuation-sanitaire-cavaye-yeguie-a-rencontre-lambassadeur-de-france#article","isPartOf":{"@id":"https:\/\/www.africa-press.net\/cameroun\/politique\/toujours-en-attente-de-son-evacuation-sanitaire-cavaye-yeguie-a-rencontre-lambassadeur-de-france"},"author":{"name":"cfeditorfr","@id":"https:\/\/www.africa-press.net\/cameroun\/#\/schema\/person\/2b1cf3cd81a31e3cd26889ca66d677f1"},"headline":"Toujours en attente de son \u00e9vacuation sanitaire, Cavaye Yegui\u00e9 a rencontr\u00e9 l&rsquo;Ambassadeur de France","datePublished":"2023-09-26T22:13:02+00:00","dateModified":"2023-09-27T00:45:08+00:00","mainEntityOfPage":{"@id":"https:\/\/www.africa-press.net\/cameroun\/politique\/toujours-en-attente-de-son-evacuation-sanitaire-cavaye-yeguie-a-rencontre-lambassadeur-de-france"},"wordCount":327,"commentCount":0,"image":{"@id":"https:\/\/www.africa-press.net\/cameroun\/politique\/toujours-en-attente-de-son-evacuation-sanitaire-cavaye-yeguie-a-rencontre-lambassadeur-de-france#primaryimage"},"thumbnailUrl":"https:\/\/static.africa-press.net\/cameroun\/sites\/57\/2023\/09\/sm_1695755510.828173.jpg","keywords":["Africa Press","Africa Press-Cameroun","Cameroun"],"articleSection":["Politique","Toutes les actualit\u00e9s"],"inLanguage":"fr-FR","potentialAction":[{"@type":"CommentAction","name":"Comment","target":["https:\/\/www.africa-press.net\/cameroun\/politique\/toujours-en-attente-de-son-evacuation-sanitaire-cavaye-yeguie-a-rencontre-lambassadeur-de-france#respond"]}]},{"@type":"WebPage","@id":"https:\/\/www.africa-press.net\/cameroun\/politique\/toujours-en-attente-de-son-evacuation-sanitaire-cavaye-yeguie-a-rencontre-lambassadeur-de-france","url":"https:\/\/www.africa-press.net\/cameroun\/politique\/toujours-en-attente-de-son-evacuation-sanitaire-cavaye-yeguie-a-rencontre-lambassadeur-de-france","name":"Toujours en attente de son \u00e9vacuation sanitaire, Cavaye Yegui\u00e9 a rencontr\u00e9 l'Ambassadeur de France - Cameroun","isPartOf":{"@id":"https:\/\/www.africa-press.net\/cameroun\/#website"},"primaryImageOfPage":{"@id":"https:\/\/www.africa-press.net\/cameroun\/politique\/toujours-en-attente-de-son-evacuation-sanitaire-cavaye-yeguie-a-rencontre-lambassadeur-de-france#primaryimage"},"image":{"@id":"https:\/\/www.africa-press.net\/cameroun\/politique\/toujours-en-attente-de-son-evacuation-sanitaire-cavaye-yeguie-a-rencontre-lambassadeur-de-france#primaryimage"},"thumbnailUrl":"https:\/\/static.africa-press.net\/cameroun\/sites\/57\/2023\/09\/sm_1695755510.828173.jpg","datePublished":"2023-09-26T22:13:02+00:00","dateModified":"2023-09-27T00:45:08+00:00","author":{"@id":"https:\/\/www.africa-press.net\/cameroun\/#\/schema\/person\/2b1cf3cd81a31e3cd26889ca66d677f1"},"description":"Le pre\u0301sident de l'Assemble\u0301e nationale n'a toujours pas encore e\u0301te\u0301 e\u0301vacue\u0301 en France pour une prise en charge ade\u0301qu ...","breadcrumb":{"@id":"https:\/\/www.africa-press.net\/cameroun\/politique\/toujours-en-attente-de-son-evacuation-sanitaire-cavaye-yeguie-a-rencontre-lambassadeur-de-france#breadcrumb"},"inLanguage":"fr-FR","potentialAction":[{"@type":"ReadAction","target":["https:\/\/www.africa-press.net\/cameroun\/politique\/toujours-en-attente-de-son-evacuation-sanitaire-cavaye-yeguie-a-rencontre-lambassadeur-de-france"]}]},{"@type":"ImageObject","inLanguage":"fr-FR","@id":"https:\/\/www.africa-press.net\/cameroun\/politique\/toujours-en-attente-de-son-evacuation-sanitaire-cavaye-yeguie-a-rencontre-lambassadeur-de-france#primaryimage","url":"https:\/\/static.africa-press.net\/cameroun\/sites\/57\/2023\/09\/sm_1695755510.828173.jpg","contentUrl":"https:\/\/static.africa-press.net\/cameroun\/sites\/57\/2023\/09\/sm_1695755510.828173.jpg","width":720,"height":378,"caption":"Toujours en attente de son \u00e9vacuation sanitaire, Cavaye Yegui\u00e9 a rencontr\u00e9 l'Ambassadeur de France"},{"@type":"BreadcrumbList","@id":"https:\/\/www.africa-press.net\/cameroun\/politique\/toujours-en-attente-de-son-evacuation-sanitaire-cavaye-yeguie-a-rencontre-lambassadeur-de-france#breadcrumb","itemListElement":[{"@type":"ListItem","position":1,"name":"Accueil","item":"https:\/\/www.africa-press.net\/cameroun\/"},{"@type":"ListItem","position":2,"name":"Toujours en attente de son \u00e9vacuation sanitaire, Cavaye Yegui\u00e9 a rencontr\u00e9 l&#8217;Ambassadeur de France"}]},{"@type":"WebSite","@id":"https:\/\/www.africa-press.net\/cameroun\/#website","url":"https:\/\/www.africa-press.net\/cameroun\/","name":"Cameroun","description":"Just another Africa News Agency Sites site","potentialAction":[{"@type":"SearchAction","target":{"@type":"EntryPoint","urlTemplate":"https:\/\/www.africa-press.net\/cameroun\/?s={search_term_string}"},"query-input":{"@type":"PropertyValueSpecification","valueRequired":true,"valueName":"search_term_string"}}],"inLanguage":"fr-FR"},{"@type":"Person","@id":"https:\/\/www.africa-press.net\/cameroun\/#\/schema\/person\/2b1cf3cd81a31e3cd26889ca66d677f1","name":"cfeditorfr"}]}},"_links":{"self":[{"href":"https:\/\/www.africa-press.net\/cameroun\/wp-json\/wp\/v2\/posts\/51742","targetHints":{"allow":["GET"]}}],"collection":[{"href":"https:\/\/www.africa-press.net\/cameroun\/wp-json\/wp\/v2\/posts"}],"about":[{"href":"https:\/\/www.africa-press.net\/cameroun\/wp-json\/wp\/v2\/types\/post"}],"author":[{"embeddable":true,"href":"https:\/\/www.africa-press.net\/cameroun\/wp-json\/wp\/v2\/users\/82"}],"replies":[{"embeddable":true,"href":"https:\/\/www.africa-press.net\/cameroun\/wp-json\/wp\/v2\/comments?post=51742"}],"version-history":[{"count":0,"href":"https:\/\/www.africa-press.net\/cameroun\/wp-json\/wp\/v2\/posts\/51742\/revisions"}],"wp:featuredmedia":[{"embeddable":true,"href":"https:\/\/www.africa-press.net\/cameroun\/wp-json\/wp\/v2\/media\/51740"}],"wp:attachment":[{"href":"https:\/\/www.africa-press.net\/cameroun\/wp-json\/wp\/v2\/media?parent=51742"}],"wp:term":[{"taxonomy":"category","embeddable":true,"href":"https:\/\/www.africa-press.net\/cameroun\/wp-json\/wp\/v2\/categories?post=51742"},{"taxonomy":"post_tag","embeddable":true,"href":"https:\/\/www.africa-press.net\/cameroun\/wp-json\/wp\/v2\/tags?post=51742"}],"curies":[{"name":"wp","href":"https:\/\/api.w.org\/{rel}","templated":true}]}}