{"id":51747,"date":"2023-09-26T22:13:26","date_gmt":"2023-09-26T22:13:26","guid":{"rendered":"https:\/\/www.africa-press.net\/cameroun\/politique\/necrologie-et-remaniement-un-autre-homme-nomme-par-paul-biya-est-mort"},"modified":"2023-09-27T00:46:18","modified_gmt":"2023-09-27T00:46:18","slug":"necrologie-et-remaniement-un-autre-homme-nomme-par-paul-biya-est-mort","status":"publish","type":"post","link":"https:\/\/www.africa-press.net\/cameroun\/politique\/necrologie-et-remaniement-un-autre-homme-nomme-par-paul-biya-est-mort","title":{"rendered":"N\u00e9crologie et remaniement : un autre homme nomm\u00e9 par Paul Biya est mort"},"content":{"rendered":"<p><span style=\"color: #ff6600\"><strong>Africa-Press &#8211; Cameroun. <\/strong><\/span>C&rsquo;est de\u0301cide\u0301ment l&rsquo;he\u0301catombe au Cameroun ces derniers mois. Si Martinez Zogo a ouvert le bal de l&rsquo;effroyable et de la de\u0301solation au Cameroun en mourant assassine\u0301 a\u0300 Ebogo 3, d&rsquo;autres grands noms du pays ont suivi.<\/p>\n<p>La re\u0301daction de Cameroun Actuel a annonce\u0301 le de\u0301ce\u0300s de Dang Akuh Dominic, Secre\u0301taire exe\u0301cutif du Cameroon General Certificate of Education (GCE) Board. De\u0301ce\u0301de\u0301 le lundi 25 septembre 2023, il a rendu son dernier souffle a\u0300 l\u2019Ho\u0302pital Mount Mary de Buea, suite a\u0300 une bre\u0300ve maladie, apprend-on.<\/p>\n<p>Age\u0301 de 64 ans, Dang Dominic avait e\u0301te\u0301 nomme\u0301 Secre\u0301taire exe\u0301cutif du GCE Board par de\u0301cret ministe\u0301riel le 31 janvier 2018, succe\u0301dant ainsi a\u0300 Monono Ekema Humphrey qui e\u0301tait en poste depuis 2006. Avant sa nomination, il occupait le poste d\u2019Inspecteur Ge\u0301ne\u0301ral charge\u0301 du Bilinguisme au Ministe\u0300re de l\u2019Education Secondaire depuis 2013.<\/p>\n<p>Originaire de Befang dans le de\u0301partement de la Menchum de la Re\u0301gion du Nord-Ouest, Dang Dominic avait commence\u0301 sa carrie\u0300re au Ministe\u0300re de l\u2019Education Secondaire en 1982. Outre ses fonctions d\u2019e\u0301ducateur chevronne\u0301, feu Dang Dominic e\u0301tait e\u0301galement correcteur, organisateur et examinateur pour le GCE.<\/p>\n<p>En tant que Secre\u0301taire exe\u0301cutif, Dang Akuh e\u0301tait re\u0301pute\u0301 pour son approche me\u0301thodique, sa capacite\u0301 d\u2019adaptation et sa fermete\u0301 dans l\u2019administration du GCE Board. Malgre\u0301 la crise qui secoue les deux re\u0301gions anglophones du pays, il a e\u0301te\u0301 salue\u0301 par de nombreux acteurs pour avoir maintenu les normes des examens du GCE.<\/p>\n<p>Pour le confre\u0300re susmentionne\u0301, la disparition de Dang Akuh Dominic constitue une perte immense pour la communaute\u0301 e\u0301ducative du Cameroun. Son de\u0301vouement et son professionnalisme ont laisse\u0301 une empreinte inde\u0301le\u0301bile dans le domaine de l\u2019e\u0301ducation. Nos pense\u0301es vont a\u0300 sa famille, a\u0300 ses proches et a\u0300 tous ceux qui ont eu la chance de travailler avec lui. Que son a\u0302me repose en paix.<\/p>\n<p>Ne\u0301crologie : Paul Biya en deuil, Roger Meva&rsquo;a est mort<\/p>\n<p>La mort a durement frappe\u0301 le Cameroun depuis le de\u0301but d&rsquo;anne\u0301e. D&rsquo;illustres personnages s&rsquo;en ont alle\u0301 et cela continue. On peut compter Cabrel Nanjip, Samy Lenwr, Madame Cooper, des se\u0301nateurs du RDPC, des ministres dont Dodo Ndoke. Paul Roger Henry Bitoumou Meva\u2019a, le premier adjoint au maire de la commune d\u2019Ebolowa-2 est mort il y a quelques jours.<\/p>\n<p>Selon Jean Lodof, Paul Roger Henry Bitoumou Meva\u2019a a rendu l\u2019a\u0302me au matin du 23 septembre 2023 des suites d\u2019une courte maladie.<\/p>\n<p>Il e\u0301tait administrateur civil principal, diplo\u0302me\u0301 de l\u2019e\u0301cole nationale d\u2019administration et de magistrature (ENAM). Apre\u0300s une longue carrie\u0300re dans la fonction publique, il s\u2019engage dans la politique et est e\u0301lu conseiller municipal puis premier adjoint au maire de la commune d\u2019Ebolowa-2 lors de la dernie\u0300re e\u0301lection municipale de l\u2019anne\u0301e 2020.<\/p>\n<p>Fe\u0301ru des belles lettres, il e\u0301tait toujours entoure\u0301 de livres. Un homme intelligent, e\u0301le\u0301gant et propre, qui avait du gou\u0302t pour les beaux ve\u0302tements et les belles voitures, au point d\u2019en faire une bonne pochette de jaloux. Il laisse une famille biologique et politique en pleurs.<\/p>\n<p>Ne\u0301crologie : Bernard Tchaya est mort, les causes de sa mort de\u0301voile\u0301es<\/p>\n<p>Bernard Tchaya, le fondateur de Tchaya Optique International, de\u0301ce\u0301de\u0301 ce lundi 25 septembre 2023 des suites d&rsquo;une maladie. Cet homme exceptionnel e\u0301tait bien plus qu&rsquo;un opticien, il e\u0301tait un visionnaire et un entrepreneur qui a consacre\u0301 plus de 50 ans de sa vie a\u0300 ame\u0301liorer la vue de ses concitoyens.<\/p>\n<p>A en croire Camer.be, Bernard Tchaya e\u0301tait bien connu dans le secteur de l&rsquo;optique au Cameroun et au-dela\u0300. En tant que premier opticien camerounais, il a ouvert la voie a\u0300 de nombreuses ge\u0301ne\u0301rations d&rsquo;opticiens et a contribue\u0301 de manie\u0300re significative a\u0300 l&rsquo;ame\u0301lioration de la sante\u0301 visuelle de la population.<\/p>\n<p>Son de\u0301vouement a\u0300 la profession a laisse\u0301 une empreinte inde\u0301le\u0301bile dans le domaine de l&rsquo;optique au Cameroun. Au-dela\u0300 de ses re\u0301alisations professionnelles, Bernard Tchaya e\u0301tait appre\u0301cie\u0301 pour sa ge\u0301ne\u0301rosite\u0301 et son engagement envers la communaute\u0301. Il a toujours cherche\u0301 des moyens de redonner et de soutenir des initiatives visant a\u0300 ame\u0301liorer la vie des autres.<\/p>\n<p>Pour le confre\u0300re susmentionne\u0301, Bernard Tchaya e\u0301tait e\u0301galement une source d&rsquo;inspiration pour de nombreux entrepreneurs et jeunes professionnels au Cameroun. Il a montre\u0301 que la perse\u0301ve\u0301rance, la passion et le travail acharne\u0301 peuvent conduire a\u0300 la re\u0301ussite, me\u0302me dans des domaines moins explore\u0301s. Son histoire a e\u0301te\u0301 partage\u0301e avec les lecteurs du Magazine \u00ab\u00a0Cameroon Ceo Magazine\u00a0\u00bb par le Dr Claudel Noubissie, re\u0301ve\u0301lant ainsi une partie de son riche parcours.<\/p>\n<p>La disparition de Bernard Tchaya laisse un vide immense dans le monde de l&rsquo;optique au Cameroun et dans le c\u0153ur de tous ceux qui ont eu la chance de le connai\u0302tre. Sa me\u0301moire vivra a\u0300 travers son he\u0301ritage, son impact sur la profession et la gratitude de ceux dont la vue a e\u0301te\u0301 ame\u0301liore\u0301e gra\u0302ce a\u0300 son expertise.<\/p>\n<p><strong>Pour plus d&rsquo;informations et d&rsquo;analyses sur la <a href=\"https:\/\/www.africa-press.net\/cameroun\">Cameroun<\/a>, suivez <a href=\"https:\/\/www.africa-press.net\/\">Africa-Press<\/a><\/strong><\/p>\n","protected":false},"excerpt":{"rendered":"<p>Africa-Press &#8211; Cameroun. C&rsquo;est de\u0301cide\u0301ment l&rsquo;he\u0301catombe au Cameroun ces derniers mois. Si Martinez Zogo a ouvert le bal de l&rsquo;effroyable et de la de\u0301solation au Cameroun en mourant assassine\u0301 a\u0300 Ebogo 3, d&rsquo;autres grands noms du pays ont suivi. La re\u0301daction de Cameroun Actuel a annonce\u0301 le de\u0301ce\u0300s de Dang Akuh Dominic, Secre\u0301taire exe\u0301cutif du [&hellip;]<\/p>\n","protected":false},"author":82,"featured_media":51746,"comment_status":"open","ping_status":"closed","sticky":false,"template":"","format":"standard","meta":{"footnotes":""},"categories":[2,10],"tags":[36,50,49],"class_list":["post-51747","post","type-post","status-publish","format-standard","has-post-thumbnail","hentry","category-politique","category-toutes-les-actualites","tag-africa-press","tag-africa-press-cameroun","tag-cameroun"],"yoast_head":"<!-- This site is optimized with the Yoast SEO Premium plugin v26.1 (Yoast SEO v27.0) - https:\/\/yoast.com\/product\/yoast-seo-premium-wordpress\/ -->\n<title>N\u00e9crologie et remaniement : un autre homme nomm\u00e9 par Paul Biya est mort - Cameroun<\/title>\n<meta name=\"description\" content=\"C&#039;est de\u0301cide\u0301ment l&#039;he\u0301catombe au Cameroun ces derniers mois. Si Martinez Zogo a ouvert le bal de l&#039;effroyable et de la ...\" \/>\n<meta name=\"robots\" content=\"index, follow, max-snippet:-1, max-image-preview:large, max-video-preview:-1\" \/>\n<link rel=\"canonical\" href=\"https:\/\/www.africa-press.net\/cameroun\/politique\/necrologie-et-remaniement-un-autre-homme-nomme-par-paul-biya-est-mort\" \/>\n<meta property=\"og:locale\" content=\"fr_FR\" \/>\n<meta property=\"og:type\" content=\"article\" \/>\n<meta property=\"og:title\" content=\"N\u00e9crologie et remaniement : un autre homme nomm\u00e9 par Paul Biya est mort\" \/>\n<meta property=\"og:description\" content=\"C&#039;est de\u0301cide\u0301ment l&#039;he\u0301catombe au Cameroun ces derniers mois. Si Martinez Zogo a ouvert le bal de l&#039;effroyable et de la ...\" \/>\n<meta property=\"og:url\" content=\"https:\/\/www.africa-press.net\/cameroun\/politique\/necrologie-et-remaniement-un-autre-homme-nomme-par-paul-biya-est-mort\" \/>\n<meta property=\"og:site_name\" content=\"Cameroun\" \/>\n<meta property=\"article:published_time\" content=\"2023-09-26T22:13:26+00:00\" \/>\n<meta property=\"article:modified_time\" content=\"2023-09-27T00:46:18+00:00\" \/>\n<meta property=\"og:image\" content=\"https:\/\/static.africa-press.net\/cameroun\/sites\/57\/2023\/09\/sm_1695755568.654567.jpg\" \/>\n\t<meta property=\"og:image:width\" content=\"720\" \/>\n\t<meta property=\"og:image:height\" content=\"480\" \/>\n\t<meta property=\"og:image:type\" content=\"image\/jpeg\" \/>\n<meta name=\"author\" content=\"cfeditorfr\" \/>\n<meta name=\"twitter:card\" content=\"summary_large_image\" \/>\n<meta name=\"twitter:label1\" content=\"\u00c9crit par\" \/>\n\t<meta name=\"twitter:data1\" content=\"cfeditorfr\" \/>\n\t<meta name=\"twitter:label2\" content=\"Dur\u00e9e de lecture estim\u00e9e\" \/>\n\t<meta name=\"twitter:data2\" content=\"4 minutes\" \/>\n<script type=\"application\/ld+json\" class=\"yoast-schema-graph\">{\"@context\":\"https:\/\/schema.org\",\"@graph\":[{\"@type\":\"Article\",\"@id\":\"https:\/\/www.africa-press.net\/cameroun\/politique\/necrologie-et-remaniement-un-autre-homme-nomme-par-paul-biya-est-mort#article\",\"isPartOf\":{\"@id\":\"https:\/\/www.africa-press.net\/cameroun\/politique\/necrologie-et-remaniement-un-autre-homme-nomme-par-paul-biya-est-mort\"},\"author\":{\"name\":\"cfeditorfr\",\"@id\":\"https:\/\/www.africa-press.net\/cameroun\/#\/schema\/person\/2b1cf3cd81a31e3cd26889ca66d677f1\"},\"headline\":\"N\u00e9crologie et remaniement : un autre homme nomm\u00e9 par Paul Biya est mort\",\"datePublished\":\"2023-09-26T22:13:26+00:00\",\"dateModified\":\"2023-09-27T00:46:18+00:00\",\"mainEntityOfPage\":{\"@id\":\"https:\/\/www.africa-press.net\/cameroun\/politique\/necrologie-et-remaniement-un-autre-homme-nomme-par-paul-biya-est-mort\"},\"wordCount\":927,\"commentCount\":0,\"image\":{\"@id\":\"https:\/\/www.africa-press.net\/cameroun\/politique\/necrologie-et-remaniement-un-autre-homme-nomme-par-paul-biya-est-mort#primaryimage\"},\"thumbnailUrl\":\"https:\/\/static.africa-press.net\/cameroun\/sites\/57\/2023\/09\/sm_1695755568.654567.jpg\",\"keywords\":[\"Africa Press\",\"Africa Press-Cameroun\",\"Cameroun\"],\"articleSection\":[\"Politique\",\"Toutes les actualit\u00e9s\"],\"inLanguage\":\"fr-FR\",\"potentialAction\":[{\"@type\":\"CommentAction\",\"name\":\"Comment\",\"target\":[\"https:\/\/www.africa-press.net\/cameroun\/politique\/necrologie-et-remaniement-un-autre-homme-nomme-par-paul-biya-est-mort#respond\"]}]},{\"@type\":\"WebPage\",\"@id\":\"https:\/\/www.africa-press.net\/cameroun\/politique\/necrologie-et-remaniement-un-autre-homme-nomme-par-paul-biya-est-mort\",\"url\":\"https:\/\/www.africa-press.net\/cameroun\/politique\/necrologie-et-remaniement-un-autre-homme-nomme-par-paul-biya-est-mort\",\"name\":\"N\u00e9crologie et remaniement : un autre homme nomm\u00e9 par Paul Biya est mort - Cameroun\",\"isPartOf\":{\"@id\":\"https:\/\/www.africa-press.net\/cameroun\/#website\"},\"primaryImageOfPage\":{\"@id\":\"https:\/\/www.africa-press.net\/cameroun\/politique\/necrologie-et-remaniement-un-autre-homme-nomme-par-paul-biya-est-mort#primaryimage\"},\"image\":{\"@id\":\"https:\/\/www.africa-press.net\/cameroun\/politique\/necrologie-et-remaniement-un-autre-homme-nomme-par-paul-biya-est-mort#primaryimage\"},\"thumbnailUrl\":\"https:\/\/static.africa-press.net\/cameroun\/sites\/57\/2023\/09\/sm_1695755568.654567.jpg\",\"datePublished\":\"2023-09-26T22:13:26+00:00\",\"dateModified\":\"2023-09-27T00:46:18+00:00\",\"author\":{\"@id\":\"https:\/\/www.africa-press.net\/cameroun\/#\/schema\/person\/2b1cf3cd81a31e3cd26889ca66d677f1\"},\"description\":\"C'est de\u0301cide\u0301ment l'he\u0301catombe au Cameroun ces derniers mois. Si Martinez Zogo a ouvert le bal de l'effroyable et de la ...\",\"breadcrumb\":{\"@id\":\"https:\/\/www.africa-press.net\/cameroun\/politique\/necrologie-et-remaniement-un-autre-homme-nomme-par-paul-biya-est-mort#breadcrumb\"},\"inLanguage\":\"fr-FR\",\"potentialAction\":[{\"@type\":\"ReadAction\",\"target\":[\"https:\/\/www.africa-press.net\/cameroun\/politique\/necrologie-et-remaniement-un-autre-homme-nomme-par-paul-biya-est-mort\"]}]},{\"@type\":\"ImageObject\",\"inLanguage\":\"fr-FR\",\"@id\":\"https:\/\/www.africa-press.net\/cameroun\/politique\/necrologie-et-remaniement-un-autre-homme-nomme-par-paul-biya-est-mort#primaryimage\",\"url\":\"https:\/\/static.africa-press.net\/cameroun\/sites\/57\/2023\/09\/sm_1695755568.654567.jpg\",\"contentUrl\":\"https:\/\/static.africa-press.net\/cameroun\/sites\/57\/2023\/09\/sm_1695755568.654567.jpg\",\"width\":720,\"height\":480,\"caption\":\"N\u00e9crologie et remaniement : un autre homme nomm\u00e9 par Paul Biya est mort\"},{\"@type\":\"BreadcrumbList\",\"@id\":\"https:\/\/www.africa-press.net\/cameroun\/politique\/necrologie-et-remaniement-un-autre-homme-nomme-par-paul-biya-est-mort#breadcrumb\",\"itemListElement\":[{\"@type\":\"ListItem\",\"position\":1,\"name\":\"Accueil\",\"item\":\"https:\/\/www.africa-press.net\/cameroun\/\"},{\"@type\":\"ListItem\",\"position\":2,\"name\":\"N\u00e9crologie et remaniement : un autre homme nomm\u00e9 par Paul Biya est mort\"}]},{\"@type\":\"WebSite\",\"@id\":\"https:\/\/www.africa-press.net\/cameroun\/#website\",\"url\":\"https:\/\/www.africa-press.net\/cameroun\/\",\"name\":\"Cameroun\",\"description\":\"Just another Africa News Agency Sites site\",\"potentialAction\":[{\"@type\":\"SearchAction\",\"target\":{\"@type\":\"EntryPoint\",\"urlTemplate\":\"https:\/\/www.africa-press.net\/cameroun\/?s={search_term_string}\"},\"query-input\":{\"@type\":\"PropertyValueSpecification\",\"valueRequired\":true,\"valueName\":\"search_term_string\"}}],\"inLanguage\":\"fr-FR\"},{\"@type\":\"Person\",\"@id\":\"https:\/\/www.africa-press.net\/cameroun\/#\/schema\/person\/2b1cf3cd81a31e3cd26889ca66d677f1\",\"name\":\"cfeditorfr\"}]}<\/script>\n<!-- \/ Yoast SEO Premium plugin. -->","yoast_head_json":{"title":"N\u00e9crologie et remaniement : un autre homme nomm\u00e9 par Paul Biya est mort - Cameroun","description":"C'est de\u0301cide\u0301ment l'he\u0301catombe au Cameroun ces derniers mois. Si Martinez Zogo a ouvert le bal de l'effroyable et de la ...","robots":{"index":"index","follow":"follow","max-snippet":"max-snippet:-1","max-image-preview":"max-image-preview:large","max-video-preview":"max-video-preview:-1"},"canonical":"https:\/\/www.africa-press.net\/cameroun\/politique\/necrologie-et-remaniement-un-autre-homme-nomme-par-paul-biya-est-mort","og_locale":"fr_FR","og_type":"article","og_title":"N\u00e9crologie et remaniement : un autre homme nomm\u00e9 par Paul Biya est mort","og_description":"C'est de\u0301cide\u0301ment l'he\u0301catombe au Cameroun ces derniers mois. Si Martinez Zogo a ouvert le bal de l'effroyable et de la ...","og_url":"https:\/\/www.africa-press.net\/cameroun\/politique\/necrologie-et-remaniement-un-autre-homme-nomme-par-paul-biya-est-mort","og_site_name":"Cameroun","article_published_time":"2023-09-26T22:13:26+00:00","article_modified_time":"2023-09-27T00:46:18+00:00","og_image":[{"width":720,"height":480,"url":"https:\/\/static.africa-press.net\/cameroun\/sites\/57\/2023\/09\/sm_1695755568.654567.jpg","type":"image\/jpeg"}],"author":"cfeditorfr","twitter_card":"summary_large_image","twitter_misc":{"\u00c9crit par":"cfeditorfr","Dur\u00e9e de lecture estim\u00e9e":"4 minutes"},"schema":{"@context":"https:\/\/schema.org","@graph":[{"@type":"Article","@id":"https:\/\/www.africa-press.net\/cameroun\/politique\/necrologie-et-remaniement-un-autre-homme-nomme-par-paul-biya-est-mort#article","isPartOf":{"@id":"https:\/\/www.africa-press.net\/cameroun\/politique\/necrologie-et-remaniement-un-autre-homme-nomme-par-paul-biya-est-mort"},"author":{"name":"cfeditorfr","@id":"https:\/\/www.africa-press.net\/cameroun\/#\/schema\/person\/2b1cf3cd81a31e3cd26889ca66d677f1"},"headline":"N\u00e9crologie et remaniement : un autre homme nomm\u00e9 par Paul Biya est mort","datePublished":"2023-09-26T22:13:26+00:00","dateModified":"2023-09-27T00:46:18+00:00","mainEntityOfPage":{"@id":"https:\/\/www.africa-press.net\/cameroun\/politique\/necrologie-et-remaniement-un-autre-homme-nomme-par-paul-biya-est-mort"},"wordCount":927,"commentCount":0,"image":{"@id":"https:\/\/www.africa-press.net\/cameroun\/politique\/necrologie-et-remaniement-un-autre-homme-nomme-par-paul-biya-est-mort#primaryimage"},"thumbnailUrl":"https:\/\/static.africa-press.net\/cameroun\/sites\/57\/2023\/09\/sm_1695755568.654567.jpg","keywords":["Africa Press","Africa Press-Cameroun","Cameroun"],"articleSection":["Politique","Toutes les actualit\u00e9s"],"inLanguage":"fr-FR","potentialAction":[{"@type":"CommentAction","name":"Comment","target":["https:\/\/www.africa-press.net\/cameroun\/politique\/necrologie-et-remaniement-un-autre-homme-nomme-par-paul-biya-est-mort#respond"]}]},{"@type":"WebPage","@id":"https:\/\/www.africa-press.net\/cameroun\/politique\/necrologie-et-remaniement-un-autre-homme-nomme-par-paul-biya-est-mort","url":"https:\/\/www.africa-press.net\/cameroun\/politique\/necrologie-et-remaniement-un-autre-homme-nomme-par-paul-biya-est-mort","name":"N\u00e9crologie et remaniement : un autre homme nomm\u00e9 par Paul Biya est mort - Cameroun","isPartOf":{"@id":"https:\/\/www.africa-press.net\/cameroun\/#website"},"primaryImageOfPage":{"@id":"https:\/\/www.africa-press.net\/cameroun\/politique\/necrologie-et-remaniement-un-autre-homme-nomme-par-paul-biya-est-mort#primaryimage"},"image":{"@id":"https:\/\/www.africa-press.net\/cameroun\/politique\/necrologie-et-remaniement-un-autre-homme-nomme-par-paul-biya-est-mort#primaryimage"},"thumbnailUrl":"https:\/\/static.africa-press.net\/cameroun\/sites\/57\/2023\/09\/sm_1695755568.654567.jpg","datePublished":"2023-09-26T22:13:26+00:00","dateModified":"2023-09-27T00:46:18+00:00","author":{"@id":"https:\/\/www.africa-press.net\/cameroun\/#\/schema\/person\/2b1cf3cd81a31e3cd26889ca66d677f1"},"description":"C'est de\u0301cide\u0301ment l'he\u0301catombe au Cameroun ces derniers mois. Si Martinez Zogo a ouvert le bal de l'effroyable et de la ...","breadcrumb":{"@id":"https:\/\/www.africa-press.net\/cameroun\/politique\/necrologie-et-remaniement-un-autre-homme-nomme-par-paul-biya-est-mort#breadcrumb"},"inLanguage":"fr-FR","potentialAction":[{"@type":"ReadAction","target":["https:\/\/www.africa-press.net\/cameroun\/politique\/necrologie-et-remaniement-un-autre-homme-nomme-par-paul-biya-est-mort"]}]},{"@type":"ImageObject","inLanguage":"fr-FR","@id":"https:\/\/www.africa-press.net\/cameroun\/politique\/necrologie-et-remaniement-un-autre-homme-nomme-par-paul-biya-est-mort#primaryimage","url":"https:\/\/static.africa-press.net\/cameroun\/sites\/57\/2023\/09\/sm_1695755568.654567.jpg","contentUrl":"https:\/\/static.africa-press.net\/cameroun\/sites\/57\/2023\/09\/sm_1695755568.654567.jpg","width":720,"height":480,"caption":"N\u00e9crologie et remaniement : un autre homme nomm\u00e9 par Paul Biya est mort"},{"@type":"BreadcrumbList","@id":"https:\/\/www.africa-press.net\/cameroun\/politique\/necrologie-et-remaniement-un-autre-homme-nomme-par-paul-biya-est-mort#breadcrumb","itemListElement":[{"@type":"ListItem","position":1,"name":"Accueil","item":"https:\/\/www.africa-press.net\/cameroun\/"},{"@type":"ListItem","position":2,"name":"N\u00e9crologie et remaniement : un autre homme nomm\u00e9 par Paul Biya est mort"}]},{"@type":"WebSite","@id":"https:\/\/www.africa-press.net\/cameroun\/#website","url":"https:\/\/www.africa-press.net\/cameroun\/","name":"Cameroun","description":"Just another Africa News Agency Sites site","potentialAction":[{"@type":"SearchAction","target":{"@type":"EntryPoint","urlTemplate":"https:\/\/www.africa-press.net\/cameroun\/?s={search_term_string}"},"query-input":{"@type":"PropertyValueSpecification","valueRequired":true,"valueName":"search_term_string"}}],"inLanguage":"fr-FR"},{"@type":"Person","@id":"https:\/\/www.africa-press.net\/cameroun\/#\/schema\/person\/2b1cf3cd81a31e3cd26889ca66d677f1","name":"cfeditorfr"}]}},"_links":{"self":[{"href":"https:\/\/www.africa-press.net\/cameroun\/wp-json\/wp\/v2\/posts\/51747","targetHints":{"allow":["GET"]}}],"collection":[{"href":"https:\/\/www.africa-press.net\/cameroun\/wp-json\/wp\/v2\/posts"}],"about":[{"href":"https:\/\/www.africa-press.net\/cameroun\/wp-json\/wp\/v2\/types\/post"}],"author":[{"embeddable":true,"href":"https:\/\/www.africa-press.net\/cameroun\/wp-json\/wp\/v2\/users\/82"}],"replies":[{"embeddable":true,"href":"https:\/\/www.africa-press.net\/cameroun\/wp-json\/wp\/v2\/comments?post=51747"}],"version-history":[{"count":0,"href":"https:\/\/www.africa-press.net\/cameroun\/wp-json\/wp\/v2\/posts\/51747\/revisions"}],"wp:featuredmedia":[{"embeddable":true,"href":"https:\/\/www.africa-press.net\/cameroun\/wp-json\/wp\/v2\/media\/51746"}],"wp:attachment":[{"href":"https:\/\/www.africa-press.net\/cameroun\/wp-json\/wp\/v2\/media?parent=51747"}],"wp:term":[{"taxonomy":"category","embeddable":true,"href":"https:\/\/www.africa-press.net\/cameroun\/wp-json\/wp\/v2\/categories?post=51747"},{"taxonomy":"post_tag","embeddable":true,"href":"https:\/\/www.africa-press.net\/cameroun\/wp-json\/wp\/v2\/tags?post=51747"}],"curies":[{"name":"wp","href":"https:\/\/api.w.org\/{rel}","templated":true}]}}