{"id":51756,"date":"2023-09-26T22:13:45","date_gmt":"2023-09-26T22:13:45","guid":{"rendered":"https:\/\/www.africa-press.net\/cameroun\/politique\/election-presidentielle-elecam-officialise-lannonce-la-plus-attendue"},"modified":"2023-09-27T00:49:05","modified_gmt":"2023-09-27T00:49:05","slug":"election-presidentielle-elecam-officialise-lannonce-la-plus-attendue","status":"publish","type":"post","link":"https:\/\/www.africa-press.net\/cameroun\/politique\/election-presidentielle-elecam-officialise-lannonce-la-plus-attendue","title":{"rendered":"\u00c9lection pr\u00e9sidentielle : Elecam officialise l&rsquo;annonce la plus attendue"},"content":{"rendered":"<p><span style=\"color: #ff6600\"><strong>Africa-Press &#8211; Cameroun. <\/strong><\/span>Un chapelet de satisfe\u0301cits pour Enow Abrams Egbe. C\u2019est le message essentiel rendu par le patron d\u2019Elections Cameroon (Elecam) au cours de la 3e\u0300me session ordinaire de son Conseil e\u0301lectoral tenue a\u0300 Yaounde\u0301 le 21 septembre dernier a\u0300 son sie\u0300ge.<\/p>\n<p>Au nombre des satisfactions releve\u0301es par le mai\u0302tre des ce\u0301ans figurent en bonne place les inscriptions sur les listes e\u0301lectorales. \u00ab En effet, malgre\u0301 quelques difficulte\u0301s persistantes d\u2019ordre technique et se\u0301curitaire inhe\u0301rentes au contexte ge\u0301ne\u0301ral et aux ope\u0301rations courantes, les commissions a\u0300 l\u2019\u0153uvre sur l\u2019ensemble du territoire national ont pu atteindre 94 % des objectifs assigne\u0301s, en enro\u0302lant un total de 368 119 citoyens sur les listes e\u0301lectorales cette anne\u0301es \u00bb, confie-t-il avant de pre\u0301ciser que 139 223 sont des femmes, 255 742 jeunes et 444 personnes vivant avec un handicap.<\/p>\n<p>Ce qui, a\u0300 date, porte le fichier national des e\u0301lecteurs camerounais a\u0300 7 523 184 avec les jeunes et les femmes repre\u0301sentant 36,28 % et 46,31 % respectivement ; soit une variation de 8,79 % compare\u0301e a\u0300 l\u2019anne\u0301e dernie\u0300re. \u00ab Au vu de ces re\u0301sultats fort encourageants, il y a lieu d\u2019espe\u0301rer, a\u0300 la faveur de nouveaux e\u0301quipements biome\u0301triques en cours de livraison, que nos performances globales seront plus satisfaisantes a\u0300 l\u2019avenir \u00bb, s\u2019est-il ouvert tout optimiste.<\/p>\n<p>L\u2019autre raison de satisfaction du patron d\u2019Elecam est venue de \u00ab la re\u0301ception re\u0301cente du magnifique joyau architectural qui abrite de\u0301sormais la de\u0301le\u0301gation re\u0301gionale Elecam du Nord \u00bb. Il a du reste ajoute\u0301 dans ce sens que suivant le plan d\u2019investissement approuve\u0301 l\u2019anne\u0301e dernie\u0300re, d\u2019autres infrastructures similaires sont en voie d\u2019ache\u0300vement, \u00ab au grand satisfe\u0301cit du personnel des de\u0301membrements territoriaux, des honorables membres du Conseil e\u0301lectoral ainsi que des acteurs du processus e\u0301lectoral, qui be\u0301ne\u0301ficient ainsi d\u2019un cadre de travail ade\u0301quat qui participe de l\u2019image et de la visibilite\u0301 de notre institution \u00bb.<\/p>\n<p>Le de\u0301ploiement a\u0300 l\u2019international est le troisie\u0300me point sur lequel Abrams Enow Egbe a dit aussi sa satisfaction. Il a de ce fait e\u0301voque\u0301 la coope\u0301ration avec la Commission e\u0301lectorale centrale de la Fe\u0301de\u0301ration de Russie, au sommet e\u0301conomique et humanitaire Russie-Afrique tenu a\u0300 St Pe\u0301tersbourg. Au cours de ce sommet, Nga Gesper Thairinyuy du Conseil e\u0301lectoral, a tenu \u00ab un brillant expose\u0301 \u00bb sur \u00ab les syste\u0300mes e\u0301lectoraux face aux de\u0301fis de la souverainete\u0301 e\u0301lectorale : le\u0301gislation et technologies \u00bb.<\/p>\n<p>Des partenariats a\u0300 venir. Dans le me\u0302me sillage, Enow Abrams, himself, a e\u0301te\u0301 convie\u0301 par l\u2019Union africaine et l\u2019Association des autorite\u0301s e\u0301lectorales africaines (Aaea) dont Elecam est membre, en partenariat avec la Commission e\u0301lectorale inde\u0301pendante d\u2019Afrique du sud (Iec) du 5 au 8 septembre dernier \u00ab a\u0300 l\u2019effet de pre\u0301senter le re\u0301sume\u0301 de nos observations sur le projet de Document-cadre fixant les principes et directives a\u0300 adopter par les organismes de gestion e\u0301lectorale africains, pour l\u2019usage du digital et des re\u0301seaux sociaux dans le cycle e\u0301lectoral \u00bb.<\/p>\n<p>Pour re\u0301sumer sa satisfaction au sortir de ces deux rencontres internationales, \u00ab riches d\u2019expe\u0301riences et surtout de perspectives \u00bb, \u00ab nous avons grand espoir en de meilleurs partenariats a\u0300 venir \u00bb, a-t-il souligne\u0301 a\u0300 ce propos.<\/p>\n<p>Il faut pre\u0301ciser par ailleurs que l\u2019ordre du jour de cette 3e\u0300me session ordinaire e\u0301tait tout aussi alle\u0301chant. Il y avait entre autres, la pre\u0301sentation du rapport trimestriel d\u2019activite\u0301s (juillet-septembre 2023) par le directeur ge\u0301ne\u0301ral des E\u0301lections ; la situation de l\u2019exe\u0301cution a\u0300 mi-parcours du budget de l\u2019exercice 2023 et la dotation spe\u0301ciale ; le suivi de la mise en \u0153uvre des re\u0301solutions du Conseil e\u0301lectoral ; les re\u0301sume\u0301s d\u2019activite\u0301s relatives au lancement officiel des plateformes re\u0301gionales de concertation permanente : articulations, lec\u0327ons tire\u0301es, perspectives, recommandations et la synthe\u0300se des rapports de descente sur le terrain des membres du Conseil e\u0301lectoral dans le cadre de la clo\u0302ture des inscriptions sur les listes e\u0301lectorales au titre de l\u2019exercice.<\/p>\n<p><strong>Pour plus d&rsquo;informations et d&rsquo;analyses sur la <a href=\"https:\/\/www.africa-press.net\/cameroun\">Cameroun<\/a>, suivez <a href=\"https:\/\/www.africa-press.net\/\">Africa-Press<\/a><\/strong><\/p>\n","protected":false},"excerpt":{"rendered":"<p>Africa-Press &#8211; Cameroun. Un chapelet de satisfe\u0301cits pour Enow Abrams Egbe. C\u2019est le message essentiel rendu par le patron d\u2019Elections Cameroon (Elecam) au cours de la 3e\u0300me session ordinaire de son Conseil e\u0301lectoral tenue a\u0300 Yaounde\u0301 le 21 septembre dernier a\u0300 son sie\u0300ge. Au nombre des satisfactions releve\u0301es par le mai\u0302tre des ce\u0301ans figurent en [&hellip;]<\/p>\n","protected":false},"author":82,"featured_media":51755,"comment_status":"open","ping_status":"closed","sticky":false,"template":"","format":"standard","meta":{"footnotes":""},"categories":[2,20,10],"tags":[36,50,49],"class_list":["post-51756","post","type-post","status-publish","format-standard","has-post-thumbnail","hentry","category-politique","category-top-nouvelles","category-toutes-les-actualites","tag-africa-press","tag-africa-press-cameroun","tag-cameroun"],"yoast_head":"<!-- This site is optimized with the Yoast SEO Premium plugin v26.1 (Yoast SEO v27.0) - https:\/\/yoast.com\/product\/yoast-seo-premium-wordpress\/ -->\n<title>\u00c9lection pr\u00e9sidentielle : Elecam officialise l&#039;annonce la plus attendue - Cameroun<\/title>\n<meta name=\"description\" content=\"Un chapelet de satisfe\u0301cits pour Enow Abrams Egbe. C\u2019est le message essentiel rendu par le patron d\u2019Elections Cameroon ( ...\" \/>\n<meta name=\"robots\" content=\"index, follow, max-snippet:-1, max-image-preview:large, max-video-preview:-1\" \/>\n<link rel=\"canonical\" href=\"https:\/\/www.africa-press.net\/cameroun\/politique\/election-presidentielle-elecam-officialise-lannonce-la-plus-attendue\" \/>\n<meta property=\"og:locale\" content=\"fr_FR\" \/>\n<meta property=\"og:type\" content=\"article\" \/>\n<meta property=\"og:title\" content=\"\u00c9lection pr\u00e9sidentielle : Elecam officialise l&#039;annonce la plus attendue\" \/>\n<meta property=\"og:description\" content=\"Un chapelet de satisfe\u0301cits pour Enow Abrams Egbe. C\u2019est le message essentiel rendu par le patron d\u2019Elections Cameroon ( ...\" \/>\n<meta property=\"og:url\" content=\"https:\/\/www.africa-press.net\/cameroun\/politique\/election-presidentielle-elecam-officialise-lannonce-la-plus-attendue\" \/>\n<meta property=\"og:site_name\" content=\"Cameroun\" \/>\n<meta property=\"article:published_time\" content=\"2023-09-26T22:13:45+00:00\" \/>\n<meta property=\"article:modified_time\" content=\"2023-09-27T00:49:05+00:00\" \/>\n<meta property=\"og:image\" content=\"https:\/\/static.africa-press.net\/cameroun\/sites\/57\/2023\/09\/sm_1695755708.257211.jpg\" \/>\n\t<meta property=\"og:image:width\" content=\"720\" \/>\n\t<meta property=\"og:image:height\" content=\"547\" \/>\n\t<meta property=\"og:image:type\" content=\"image\/jpeg\" \/>\n<meta name=\"author\" content=\"cfeditorfr\" \/>\n<meta name=\"twitter:card\" content=\"summary_large_image\" \/>\n<meta name=\"twitter:label1\" content=\"\u00c9crit par\" \/>\n\t<meta name=\"twitter:data1\" content=\"cfeditorfr\" \/>\n\t<meta name=\"twitter:label2\" content=\"Dur\u00e9e de lecture estim\u00e9e\" \/>\n\t<meta name=\"twitter:data2\" content=\"4 minutes\" \/>\n<script type=\"application\/ld+json\" class=\"yoast-schema-graph\">{\"@context\":\"https:\/\/schema.org\",\"@graph\":[{\"@type\":\"Article\",\"@id\":\"https:\/\/www.africa-press.net\/cameroun\/politique\/election-presidentielle-elecam-officialise-lannonce-la-plus-attendue#article\",\"isPartOf\":{\"@id\":\"https:\/\/www.africa-press.net\/cameroun\/politique\/election-presidentielle-elecam-officialise-lannonce-la-plus-attendue\"},\"author\":{\"name\":\"cfeditorfr\",\"@id\":\"https:\/\/www.africa-press.net\/cameroun\/#\/schema\/person\/2b1cf3cd81a31e3cd26889ca66d677f1\"},\"headline\":\"\u00c9lection pr\u00e9sidentielle : Elecam officialise l&rsquo;annonce la plus attendue\",\"datePublished\":\"2023-09-26T22:13:45+00:00\",\"dateModified\":\"2023-09-27T00:49:05+00:00\",\"mainEntityOfPage\":{\"@id\":\"https:\/\/www.africa-press.net\/cameroun\/politique\/election-presidentielle-elecam-officialise-lannonce-la-plus-attendue\"},\"wordCount\":725,\"commentCount\":0,\"image\":{\"@id\":\"https:\/\/www.africa-press.net\/cameroun\/politique\/election-presidentielle-elecam-officialise-lannonce-la-plus-attendue#primaryimage\"},\"thumbnailUrl\":\"https:\/\/static.africa-press.net\/cameroun\/sites\/57\/2023\/09\/sm_1695755708.257211.jpg\",\"keywords\":[\"Africa Press\",\"Africa Press-Cameroun\",\"Cameroun\"],\"articleSection\":[\"Politique\",\"Top Nouvelles\",\"Toutes les actualit\u00e9s\"],\"inLanguage\":\"fr-FR\",\"potentialAction\":[{\"@type\":\"CommentAction\",\"name\":\"Comment\",\"target\":[\"https:\/\/www.africa-press.net\/cameroun\/politique\/election-presidentielle-elecam-officialise-lannonce-la-plus-attendue#respond\"]}]},{\"@type\":\"WebPage\",\"@id\":\"https:\/\/www.africa-press.net\/cameroun\/politique\/election-presidentielle-elecam-officialise-lannonce-la-plus-attendue\",\"url\":\"https:\/\/www.africa-press.net\/cameroun\/politique\/election-presidentielle-elecam-officialise-lannonce-la-plus-attendue\",\"name\":\"\u00c9lection pr\u00e9sidentielle : Elecam officialise l'annonce la plus attendue - Cameroun\",\"isPartOf\":{\"@id\":\"https:\/\/www.africa-press.net\/cameroun\/#website\"},\"primaryImageOfPage\":{\"@id\":\"https:\/\/www.africa-press.net\/cameroun\/politique\/election-presidentielle-elecam-officialise-lannonce-la-plus-attendue#primaryimage\"},\"image\":{\"@id\":\"https:\/\/www.africa-press.net\/cameroun\/politique\/election-presidentielle-elecam-officialise-lannonce-la-plus-attendue#primaryimage\"},\"thumbnailUrl\":\"https:\/\/static.africa-press.net\/cameroun\/sites\/57\/2023\/09\/sm_1695755708.257211.jpg\",\"datePublished\":\"2023-09-26T22:13:45+00:00\",\"dateModified\":\"2023-09-27T00:49:05+00:00\",\"author\":{\"@id\":\"https:\/\/www.africa-press.net\/cameroun\/#\/schema\/person\/2b1cf3cd81a31e3cd26889ca66d677f1\"},\"description\":\"Un chapelet de satisfe\u0301cits pour Enow Abrams Egbe. C\u2019est le message essentiel rendu par le patron d\u2019Elections Cameroon ( ...\",\"breadcrumb\":{\"@id\":\"https:\/\/www.africa-press.net\/cameroun\/politique\/election-presidentielle-elecam-officialise-lannonce-la-plus-attendue#breadcrumb\"},\"inLanguage\":\"fr-FR\",\"potentialAction\":[{\"@type\":\"ReadAction\",\"target\":[\"https:\/\/www.africa-press.net\/cameroun\/politique\/election-presidentielle-elecam-officialise-lannonce-la-plus-attendue\"]}]},{\"@type\":\"ImageObject\",\"inLanguage\":\"fr-FR\",\"@id\":\"https:\/\/www.africa-press.net\/cameroun\/politique\/election-presidentielle-elecam-officialise-lannonce-la-plus-attendue#primaryimage\",\"url\":\"https:\/\/static.africa-press.net\/cameroun\/sites\/57\/2023\/09\/sm_1695755708.257211.jpg\",\"contentUrl\":\"https:\/\/static.africa-press.net\/cameroun\/sites\/57\/2023\/09\/sm_1695755708.257211.jpg\",\"width\":720,\"height\":547,\"caption\":\"\u00c9lection pr\u00e9sidentielle : Elecam officialise l'annonce la plus attendue\"},{\"@type\":\"BreadcrumbList\",\"@id\":\"https:\/\/www.africa-press.net\/cameroun\/politique\/election-presidentielle-elecam-officialise-lannonce-la-plus-attendue#breadcrumb\",\"itemListElement\":[{\"@type\":\"ListItem\",\"position\":1,\"name\":\"Accueil\",\"item\":\"https:\/\/www.africa-press.net\/cameroun\/\"},{\"@type\":\"ListItem\",\"position\":2,\"name\":\"\u00c9lection pr\u00e9sidentielle : Elecam officialise l&#8217;annonce la plus attendue\"}]},{\"@type\":\"WebSite\",\"@id\":\"https:\/\/www.africa-press.net\/cameroun\/#website\",\"url\":\"https:\/\/www.africa-press.net\/cameroun\/\",\"name\":\"Cameroun\",\"description\":\"Just another Africa News Agency Sites site\",\"potentialAction\":[{\"@type\":\"SearchAction\",\"target\":{\"@type\":\"EntryPoint\",\"urlTemplate\":\"https:\/\/www.africa-press.net\/cameroun\/?s={search_term_string}\"},\"query-input\":{\"@type\":\"PropertyValueSpecification\",\"valueRequired\":true,\"valueName\":\"search_term_string\"}}],\"inLanguage\":\"fr-FR\"},{\"@type\":\"Person\",\"@id\":\"https:\/\/www.africa-press.net\/cameroun\/#\/schema\/person\/2b1cf3cd81a31e3cd26889ca66d677f1\",\"name\":\"cfeditorfr\"}]}<\/script>\n<!-- \/ Yoast SEO Premium plugin. -->","yoast_head_json":{"title":"\u00c9lection pr\u00e9sidentielle : Elecam officialise l'annonce la plus attendue - Cameroun","description":"Un chapelet de satisfe\u0301cits pour Enow Abrams Egbe. C\u2019est le message essentiel rendu par le patron d\u2019Elections Cameroon ( ...","robots":{"index":"index","follow":"follow","max-snippet":"max-snippet:-1","max-image-preview":"max-image-preview:large","max-video-preview":"max-video-preview:-1"},"canonical":"https:\/\/www.africa-press.net\/cameroun\/politique\/election-presidentielle-elecam-officialise-lannonce-la-plus-attendue","og_locale":"fr_FR","og_type":"article","og_title":"\u00c9lection pr\u00e9sidentielle : Elecam officialise l'annonce la plus attendue","og_description":"Un chapelet de satisfe\u0301cits pour Enow Abrams Egbe. C\u2019est le message essentiel rendu par le patron d\u2019Elections Cameroon ( ...","og_url":"https:\/\/www.africa-press.net\/cameroun\/politique\/election-presidentielle-elecam-officialise-lannonce-la-plus-attendue","og_site_name":"Cameroun","article_published_time":"2023-09-26T22:13:45+00:00","article_modified_time":"2023-09-27T00:49:05+00:00","og_image":[{"width":720,"height":547,"url":"https:\/\/static.africa-press.net\/cameroun\/sites\/57\/2023\/09\/sm_1695755708.257211.jpg","type":"image\/jpeg"}],"author":"cfeditorfr","twitter_card":"summary_large_image","twitter_misc":{"\u00c9crit par":"cfeditorfr","Dur\u00e9e de lecture estim\u00e9e":"4 minutes"},"schema":{"@context":"https:\/\/schema.org","@graph":[{"@type":"Article","@id":"https:\/\/www.africa-press.net\/cameroun\/politique\/election-presidentielle-elecam-officialise-lannonce-la-plus-attendue#article","isPartOf":{"@id":"https:\/\/www.africa-press.net\/cameroun\/politique\/election-presidentielle-elecam-officialise-lannonce-la-plus-attendue"},"author":{"name":"cfeditorfr","@id":"https:\/\/www.africa-press.net\/cameroun\/#\/schema\/person\/2b1cf3cd81a31e3cd26889ca66d677f1"},"headline":"\u00c9lection pr\u00e9sidentielle : Elecam officialise l&rsquo;annonce la plus attendue","datePublished":"2023-09-26T22:13:45+00:00","dateModified":"2023-09-27T00:49:05+00:00","mainEntityOfPage":{"@id":"https:\/\/www.africa-press.net\/cameroun\/politique\/election-presidentielle-elecam-officialise-lannonce-la-plus-attendue"},"wordCount":725,"commentCount":0,"image":{"@id":"https:\/\/www.africa-press.net\/cameroun\/politique\/election-presidentielle-elecam-officialise-lannonce-la-plus-attendue#primaryimage"},"thumbnailUrl":"https:\/\/static.africa-press.net\/cameroun\/sites\/57\/2023\/09\/sm_1695755708.257211.jpg","keywords":["Africa Press","Africa Press-Cameroun","Cameroun"],"articleSection":["Politique","Top Nouvelles","Toutes les actualit\u00e9s"],"inLanguage":"fr-FR","potentialAction":[{"@type":"CommentAction","name":"Comment","target":["https:\/\/www.africa-press.net\/cameroun\/politique\/election-presidentielle-elecam-officialise-lannonce-la-plus-attendue#respond"]}]},{"@type":"WebPage","@id":"https:\/\/www.africa-press.net\/cameroun\/politique\/election-presidentielle-elecam-officialise-lannonce-la-plus-attendue","url":"https:\/\/www.africa-press.net\/cameroun\/politique\/election-presidentielle-elecam-officialise-lannonce-la-plus-attendue","name":"\u00c9lection pr\u00e9sidentielle : Elecam officialise l'annonce la plus attendue - Cameroun","isPartOf":{"@id":"https:\/\/www.africa-press.net\/cameroun\/#website"},"primaryImageOfPage":{"@id":"https:\/\/www.africa-press.net\/cameroun\/politique\/election-presidentielle-elecam-officialise-lannonce-la-plus-attendue#primaryimage"},"image":{"@id":"https:\/\/www.africa-press.net\/cameroun\/politique\/election-presidentielle-elecam-officialise-lannonce-la-plus-attendue#primaryimage"},"thumbnailUrl":"https:\/\/static.africa-press.net\/cameroun\/sites\/57\/2023\/09\/sm_1695755708.257211.jpg","datePublished":"2023-09-26T22:13:45+00:00","dateModified":"2023-09-27T00:49:05+00:00","author":{"@id":"https:\/\/www.africa-press.net\/cameroun\/#\/schema\/person\/2b1cf3cd81a31e3cd26889ca66d677f1"},"description":"Un chapelet de satisfe\u0301cits pour Enow Abrams Egbe. C\u2019est le message essentiel rendu par le patron d\u2019Elections Cameroon ( ...","breadcrumb":{"@id":"https:\/\/www.africa-press.net\/cameroun\/politique\/election-presidentielle-elecam-officialise-lannonce-la-plus-attendue#breadcrumb"},"inLanguage":"fr-FR","potentialAction":[{"@type":"ReadAction","target":["https:\/\/www.africa-press.net\/cameroun\/politique\/election-presidentielle-elecam-officialise-lannonce-la-plus-attendue"]}]},{"@type":"ImageObject","inLanguage":"fr-FR","@id":"https:\/\/www.africa-press.net\/cameroun\/politique\/election-presidentielle-elecam-officialise-lannonce-la-plus-attendue#primaryimage","url":"https:\/\/static.africa-press.net\/cameroun\/sites\/57\/2023\/09\/sm_1695755708.257211.jpg","contentUrl":"https:\/\/static.africa-press.net\/cameroun\/sites\/57\/2023\/09\/sm_1695755708.257211.jpg","width":720,"height":547,"caption":"\u00c9lection pr\u00e9sidentielle : Elecam officialise l'annonce la plus attendue"},{"@type":"BreadcrumbList","@id":"https:\/\/www.africa-press.net\/cameroun\/politique\/election-presidentielle-elecam-officialise-lannonce-la-plus-attendue#breadcrumb","itemListElement":[{"@type":"ListItem","position":1,"name":"Accueil","item":"https:\/\/www.africa-press.net\/cameroun\/"},{"@type":"ListItem","position":2,"name":"\u00c9lection pr\u00e9sidentielle : Elecam officialise l&#8217;annonce la plus attendue"}]},{"@type":"WebSite","@id":"https:\/\/www.africa-press.net\/cameroun\/#website","url":"https:\/\/www.africa-press.net\/cameroun\/","name":"Cameroun","description":"Just another Africa News Agency Sites site","potentialAction":[{"@type":"SearchAction","target":{"@type":"EntryPoint","urlTemplate":"https:\/\/www.africa-press.net\/cameroun\/?s={search_term_string}"},"query-input":{"@type":"PropertyValueSpecification","valueRequired":true,"valueName":"search_term_string"}}],"inLanguage":"fr-FR"},{"@type":"Person","@id":"https:\/\/www.africa-press.net\/cameroun\/#\/schema\/person\/2b1cf3cd81a31e3cd26889ca66d677f1","name":"cfeditorfr"}]}},"_links":{"self":[{"href":"https:\/\/www.africa-press.net\/cameroun\/wp-json\/wp\/v2\/posts\/51756","targetHints":{"allow":["GET"]}}],"collection":[{"href":"https:\/\/www.africa-press.net\/cameroun\/wp-json\/wp\/v2\/posts"}],"about":[{"href":"https:\/\/www.africa-press.net\/cameroun\/wp-json\/wp\/v2\/types\/post"}],"author":[{"embeddable":true,"href":"https:\/\/www.africa-press.net\/cameroun\/wp-json\/wp\/v2\/users\/82"}],"replies":[{"embeddable":true,"href":"https:\/\/www.africa-press.net\/cameroun\/wp-json\/wp\/v2\/comments?post=51756"}],"version-history":[{"count":0,"href":"https:\/\/www.africa-press.net\/cameroun\/wp-json\/wp\/v2\/posts\/51756\/revisions"}],"wp:featuredmedia":[{"embeddable":true,"href":"https:\/\/www.africa-press.net\/cameroun\/wp-json\/wp\/v2\/media\/51755"}],"wp:attachment":[{"href":"https:\/\/www.africa-press.net\/cameroun\/wp-json\/wp\/v2\/media?parent=51756"}],"wp:term":[{"taxonomy":"category","embeddable":true,"href":"https:\/\/www.africa-press.net\/cameroun\/wp-json\/wp\/v2\/categories?post=51756"},{"taxonomy":"post_tag","embeddable":true,"href":"https:\/\/www.africa-press.net\/cameroun\/wp-json\/wp\/v2\/tags?post=51756"}],"curies":[{"name":"wp","href":"https:\/\/api.w.org\/{rel}","templated":true}]}}