{"id":51759,"date":"2023-09-26T22:13:53","date_gmt":"2023-09-26T22:13:53","guid":{"rendered":"https:\/\/www.africa-press.net\/cameroun\/politique\/assemblee-nationale-la-mauvaise-nouvelle-est-tombee-pour-cavaye-yeguie-qui-pour-le-remplacer"},"modified":"2023-09-27T00:50:12","modified_gmt":"2023-09-27T00:50:12","slug":"assemblee-nationale-la-mauvaise-nouvelle-est-tombee-pour-cavaye-yeguie-qui-pour-le-remplacer","status":"publish","type":"post","link":"https:\/\/www.africa-press.net\/cameroun\/politique\/assemblee-nationale-la-mauvaise-nouvelle-est-tombee-pour-cavaye-yeguie-qui-pour-le-remplacer","title":{"rendered":"Assembl\u00e9e nationale : la mauvaise nouvelle est tomb\u00e9e pour Cavay\u00e9 Yegui\u00e9, qui pour le remplacer"},"content":{"rendered":"<p><span style=\"color: #ff6600\"><strong>Africa-Press &#8211; Cameroun. <\/strong><\/span>Ulce\u0301re\u0301s par les propos juge\u0301s tribalistes du directeur de cabinet de la Chambre basse du Parlement, mais jamais condamne\u0301s par le pre\u0301sident de l\u2019Assemble\u0301e nationale qui continue d\u2019entretenir une gestion avaricieuse des postes au sein du bureau, les de\u0301pute\u0301s du Nord-Ouest, sous la coordination de l\u2019honorable Njingum Musa, menacent de boycotter la session de novembre si le Dircab n\u2019est pas de\u0301chu de son poste.<\/p>\n<p>Affaire non classe\u0301e ! \u00ab J\u2019ai dit a\u0300 notre pe\u0300re Cavaye\u0301 Yeguie\u0301 Djibril qu\u2019il a donne\u0301, pendant plus de vingt ans, les gros postes de l\u2019Assemble\u0301e nationale aux gens d\u2019ailleurs. Maintenant c\u2019est au tour des enfants de Tokombe\u0301re\u0301 [&#8230;] Nous avons arrache\u0301 le poste de conseiller spe\u0301cial entre les mains d\u2019un ressortissant de Tchollire\u0301 [&#8230;] Nous avons aussi arrache\u0301 celui de charge\u0301 des caisses du pre\u0301sident des mains d\u2019un anglophone de Mbengwi, dans le Nord-Ouest, et nous l\u2019avons donne\u0301 a\u0300 votre enfant \u00bb.<\/p>\n<p>Un mois apre\u0300s cette sortie enflamme\u0301e du directeur de cabinet du pre\u0301sident de l\u2019Assemble\u0301e nationale (le 28 aou\u0302t 2023), a\u0300 l\u2019occasion de la finale d\u2019un championnat de football a\u0300 Tokombe\u0301re\u0301, dans l\u2019arrondissement d\u2019origine de Cavaye\u0301 Yeguie\u0301 Djibril, les e\u0301lus du peuple originaires de la re\u0301gion du Nord-Ouest, remettent le sujet sur la table et exigent que le Pan rende gorge.<\/p>\n<p>Choque\u0301s que la sortie incendiaire de Boukar Abdourahim soit reste\u0301e impunie en de\u0301pit du tolle\u0301 que cela a suscite\u0301 au sein de la Chambre basse du Parlement et me\u0302me dans le se\u0301rail, les de\u0301pute\u0301s du Nord-Ouest (20 au total) sous la coordination de leur ai\u0302ne\u0301 Hon Njingum Musa, menacent de boycotter la session de novembre si l\u2019auteur de ces de\u0301clarations qui, croient-ils savoir, ont relance\u0301 le de\u0301bat autour des soupc\u0327ons de cliente\u0301lisme qui entourent la gestion de l\u2019Assemble\u0301e nationale, n\u2019est pas de\u0301mis de ses fonctions.<\/p>\n<p>A\u0300 la ve\u0301rite\u0301, ces e\u0301lus du peuple se seraient attendus a\u0300 une re\u0301action forte de Cavaye\u0301 Yeguie\u0301 pour au moins condamner la sortie de son homme de main lors de cette 9e e\u0301dition du \u00ab Tournoi Aziz \u00bb qui ce\u0301le\u0301brait curieusement les valeurs de paix, d\u2019unite\u0301 et de vivre-ensemble.<\/p>\n<p>Mais, le silence (complice) de l\u2019inoxydable pre\u0301sident de l\u2019Assemble\u0301e nationale te\u0301moigne a\u0300 suffire de son assentiment face a\u0300 ces propos visant a\u0300 militer pour le positionnement de ses fre\u0300res et s\u0153urs du Mayo-Sava a\u0300 des postes strate\u0301giques dans l\u2019appareil de l\u2019E\u0301tat. Toute chose que les de\u0301pute\u0301s refusent de cautionner. D\u2019ailleurs, pour faire entendre leur voix de fac\u0327on officielle, \u00ab ils ont adresse\u0301 une correspondance au Pan le vendredi 22 septembre \u00bb, renseigne une source bien introduite a\u0300 l\u2019auguste Chambre.<\/p>\n<p>Dans cette volumineuse lettre aux allures de brulot, ils expriment leur frustration. \u00ab Ils soutiennent que la discrimination dont ils sont sujets a\u0300 l\u2019Assemble\u0301e nationale est indescriptible. Pendant les anne\u0301es ante\u0301rieures, le Nord-Ouest avait quatre postes au bureau. Pendant les trois dernie\u0300res mandatures, ces postes e\u0301taient occupe\u0301s a\u0300 75 % par le SDF et 25 % par le RDPC. Mais depuis que le parti au pouvoir a rafle\u0301 tous les 20 sie\u0300ges du Nord-Ouest, ils n\u2019ont plus qu\u2019un seul poste au bureau \u00bb, re\u0301ve\u0300le notre source. De quoi se demander si le Pan se sent plus confortablement entoure\u0301 avec le SDF qu\u2019avec le RDPC.<\/p>\n<p>Le dossier sur la table de Jean Nkuete. Pour soutenir leur postulat, ces de\u0301pute\u0301s brandissent des documents ou\u0300 sont consigne\u0301s les juteux avantages re\u0301serve\u0301s exclusivement aux membres dudit bureau et assimile\u0301s. Entre cre\u0301dits d\u2019achat et d\u2019entretien de ve\u0301hicules, primes d\u2019installation et indemnite\u0301s pour conge\u0301s e\u0301value\u0301s a\u0300 des dizaines de millions de francs CFA, les plaignants se disent indigne\u0301s de ce qu\u2019en cette pe\u0301riode de crise ou\u0300 ils espe\u0301raient avoir le plus grand soutien de leur Pan \u00ab pour pouvoir assister leurs populations afin de les e\u0301loigner du terrorisme, ils observent pluto\u0302t le contraire \u00bb.<\/p>\n<p>La\u0300 ou\u0300 le ba\u0302t blesse, c\u2019est qu\u2019aucun d\u2019eux n\u2019occupe un poste de repre\u0301sentation au sein des parlements comme la Cemac ; l\u2019ACP\/Union europe\u0301enne ; l\u2019Union panafricaine ; le Commonwealth&#8230; Suffisant pour frapper du poing sur la table et refuser d\u2019e\u0302tre e\u0301ternellement orphelins des postes juteux.<\/p>\n<p>Dans la foule\u0301e, apprend-on, les de\u0301pute\u0301s du Nord-Ouest ont e\u0301galement saisi le Secre\u0301taire ge\u0301ne\u0301ral du Comite\u0301 central du RDPC a\u0300 travers le pre\u0301sident du groupe parlementaire pour \u00ab attirer l\u2019attention de la plus haute instance du parti en ce qui concerne notre situation. Nous voulons que cette injustice soit re\u0301pare\u0301e lors de la re\u0301organisation des bureaux dans les mois a\u0300 venir. Car, nous pensons que le Nord-ouest me\u0301rite mieux et c\u2019est un droit \u00bb, commente un des signataires, joint au te\u0301le\u0301phone par nos soins. Affaire a\u0300 suivre !<\/p>\n<p><strong>Pour plus d&rsquo;informations et d&rsquo;analyses sur la <a href=\"https:\/\/www.africa-press.net\/cameroun\">Cameroun<\/a>, suivez <a href=\"https:\/\/www.africa-press.net\/\">Africa-Press<\/a><\/strong><\/p>\n","protected":false},"excerpt":{"rendered":"<p>Africa-Press &#8211; Cameroun. Ulce\u0301re\u0301s par les propos juge\u0301s tribalistes du directeur de cabinet de la Chambre basse du Parlement, mais jamais condamne\u0301s par le pre\u0301sident de l\u2019Assemble\u0301e nationale qui continue d\u2019entretenir une gestion avaricieuse des postes au sein du bureau, les de\u0301pute\u0301s du Nord-Ouest, sous la coordination de l\u2019honorable Njingum Musa, menacent de boycotter la [&hellip;]<\/p>\n","protected":false},"author":82,"featured_media":51757,"comment_status":"open","ping_status":"closed","sticky":false,"template":"","format":"standard","meta":{"footnotes":""},"categories":[2,10],"tags":[36,50,49],"class_list":["post-51759","post","type-post","status-publish","format-standard","has-post-thumbnail","hentry","category-politique","category-toutes-les-actualites","tag-africa-press","tag-africa-press-cameroun","tag-cameroun"],"yoast_head":"<!-- This site is optimized with the Yoast SEO Premium plugin v26.1 (Yoast SEO v27.0) - https:\/\/yoast.com\/product\/yoast-seo-premium-wordpress\/ -->\n<title>Assembl\u00e9e nationale : la mauvaise nouvelle est tomb\u00e9e pour Cavay\u00e9 Yegui\u00e9, qui pour le remplacer - Cameroun<\/title>\n<meta name=\"description\" content=\"Ulce\u0301re\u0301s par les propos juge\u0301s tribalistes du directeur de cabinet de la Chambre basse du Parlement, mais jamais condam ...\" \/>\n<meta name=\"robots\" content=\"index, follow, max-snippet:-1, max-image-preview:large, max-video-preview:-1\" \/>\n<link rel=\"canonical\" href=\"https:\/\/www.africa-press.net\/cameroun\/politique\/assemblee-nationale-la-mauvaise-nouvelle-est-tombee-pour-cavaye-yeguie-qui-pour-le-remplacer\" \/>\n<meta property=\"og:locale\" content=\"fr_FR\" \/>\n<meta property=\"og:type\" content=\"article\" \/>\n<meta property=\"og:title\" content=\"Assembl\u00e9e nationale : la mauvaise nouvelle est tomb\u00e9e pour Cavay\u00e9 Yegui\u00e9, qui pour le remplacer\" \/>\n<meta property=\"og:description\" content=\"Ulce\u0301re\u0301s par les propos juge\u0301s tribalistes du directeur de cabinet de la Chambre basse du Parlement, mais jamais condam ...\" \/>\n<meta property=\"og:url\" content=\"https:\/\/www.africa-press.net\/cameroun\/politique\/assemblee-nationale-la-mauvaise-nouvelle-est-tombee-pour-cavaye-yeguie-qui-pour-le-remplacer\" \/>\n<meta property=\"og:site_name\" content=\"Cameroun\" \/>\n<meta property=\"article:published_time\" content=\"2023-09-26T22:13:53+00:00\" \/>\n<meta property=\"article:modified_time\" content=\"2023-09-27T00:50:12+00:00\" \/>\n<meta property=\"og:image\" content=\"https:\/\/static.africa-press.net\/cameroun\/sites\/57\/2023\/09\/sm_1695755739.262356.jpg\" \/>\n\t<meta property=\"og:image:width\" content=\"720\" \/>\n\t<meta property=\"og:image:height\" content=\"483\" \/>\n\t<meta property=\"og:image:type\" content=\"image\/jpeg\" \/>\n<meta name=\"author\" content=\"cfeditorfr\" \/>\n<meta name=\"twitter:card\" content=\"summary_large_image\" \/>\n<meta name=\"twitter:label1\" content=\"\u00c9crit par\" \/>\n\t<meta name=\"twitter:data1\" content=\"cfeditorfr\" \/>\n\t<meta name=\"twitter:label2\" content=\"Dur\u00e9e de lecture estim\u00e9e\" \/>\n\t<meta name=\"twitter:data2\" content=\"4 minutes\" \/>\n<script type=\"application\/ld+json\" class=\"yoast-schema-graph\">{\"@context\":\"https:\/\/schema.org\",\"@graph\":[{\"@type\":\"Article\",\"@id\":\"https:\/\/www.africa-press.net\/cameroun\/politique\/assemblee-nationale-la-mauvaise-nouvelle-est-tombee-pour-cavaye-yeguie-qui-pour-le-remplacer#article\",\"isPartOf\":{\"@id\":\"https:\/\/www.africa-press.net\/cameroun\/politique\/assemblee-nationale-la-mauvaise-nouvelle-est-tombee-pour-cavaye-yeguie-qui-pour-le-remplacer\"},\"author\":{\"name\":\"cfeditorfr\",\"@id\":\"https:\/\/www.africa-press.net\/cameroun\/#\/schema\/person\/2b1cf3cd81a31e3cd26889ca66d677f1\"},\"headline\":\"Assembl\u00e9e nationale : la mauvaise nouvelle est tomb\u00e9e pour Cavay\u00e9 Yegui\u00e9, qui pour le remplacer\",\"datePublished\":\"2023-09-26T22:13:53+00:00\",\"dateModified\":\"2023-09-27T00:50:12+00:00\",\"mainEntityOfPage\":{\"@id\":\"https:\/\/www.africa-press.net\/cameroun\/politique\/assemblee-nationale-la-mauvaise-nouvelle-est-tombee-pour-cavaye-yeguie-qui-pour-le-remplacer\"},\"wordCount\":897,\"commentCount\":0,\"image\":{\"@id\":\"https:\/\/www.africa-press.net\/cameroun\/politique\/assemblee-nationale-la-mauvaise-nouvelle-est-tombee-pour-cavaye-yeguie-qui-pour-le-remplacer#primaryimage\"},\"thumbnailUrl\":\"https:\/\/static.africa-press.net\/cameroun\/sites\/57\/2023\/09\/sm_1695755739.262356.jpg\",\"keywords\":[\"Africa Press\",\"Africa Press-Cameroun\",\"Cameroun\"],\"articleSection\":[\"Politique\",\"Toutes les actualit\u00e9s\"],\"inLanguage\":\"fr-FR\",\"potentialAction\":[{\"@type\":\"CommentAction\",\"name\":\"Comment\",\"target\":[\"https:\/\/www.africa-press.net\/cameroun\/politique\/assemblee-nationale-la-mauvaise-nouvelle-est-tombee-pour-cavaye-yeguie-qui-pour-le-remplacer#respond\"]}]},{\"@type\":\"WebPage\",\"@id\":\"https:\/\/www.africa-press.net\/cameroun\/politique\/assemblee-nationale-la-mauvaise-nouvelle-est-tombee-pour-cavaye-yeguie-qui-pour-le-remplacer\",\"url\":\"https:\/\/www.africa-press.net\/cameroun\/politique\/assemblee-nationale-la-mauvaise-nouvelle-est-tombee-pour-cavaye-yeguie-qui-pour-le-remplacer\",\"name\":\"Assembl\u00e9e nationale : la mauvaise nouvelle est tomb\u00e9e pour Cavay\u00e9 Yegui\u00e9, qui pour le remplacer - Cameroun\",\"isPartOf\":{\"@id\":\"https:\/\/www.africa-press.net\/cameroun\/#website\"},\"primaryImageOfPage\":{\"@id\":\"https:\/\/www.africa-press.net\/cameroun\/politique\/assemblee-nationale-la-mauvaise-nouvelle-est-tombee-pour-cavaye-yeguie-qui-pour-le-remplacer#primaryimage\"},\"image\":{\"@id\":\"https:\/\/www.africa-press.net\/cameroun\/politique\/assemblee-nationale-la-mauvaise-nouvelle-est-tombee-pour-cavaye-yeguie-qui-pour-le-remplacer#primaryimage\"},\"thumbnailUrl\":\"https:\/\/static.africa-press.net\/cameroun\/sites\/57\/2023\/09\/sm_1695755739.262356.jpg\",\"datePublished\":\"2023-09-26T22:13:53+00:00\",\"dateModified\":\"2023-09-27T00:50:12+00:00\",\"author\":{\"@id\":\"https:\/\/www.africa-press.net\/cameroun\/#\/schema\/person\/2b1cf3cd81a31e3cd26889ca66d677f1\"},\"description\":\"Ulce\u0301re\u0301s par les propos juge\u0301s tribalistes du directeur de cabinet de la Chambre basse du Parlement, mais jamais condam ...\",\"breadcrumb\":{\"@id\":\"https:\/\/www.africa-press.net\/cameroun\/politique\/assemblee-nationale-la-mauvaise-nouvelle-est-tombee-pour-cavaye-yeguie-qui-pour-le-remplacer#breadcrumb\"},\"inLanguage\":\"fr-FR\",\"potentialAction\":[{\"@type\":\"ReadAction\",\"target\":[\"https:\/\/www.africa-press.net\/cameroun\/politique\/assemblee-nationale-la-mauvaise-nouvelle-est-tombee-pour-cavaye-yeguie-qui-pour-le-remplacer\"]}]},{\"@type\":\"ImageObject\",\"inLanguage\":\"fr-FR\",\"@id\":\"https:\/\/www.africa-press.net\/cameroun\/politique\/assemblee-nationale-la-mauvaise-nouvelle-est-tombee-pour-cavaye-yeguie-qui-pour-le-remplacer#primaryimage\",\"url\":\"https:\/\/static.africa-press.net\/cameroun\/sites\/57\/2023\/09\/sm_1695755739.262356.jpg\",\"contentUrl\":\"https:\/\/static.africa-press.net\/cameroun\/sites\/57\/2023\/09\/sm_1695755739.262356.jpg\",\"width\":720,\"height\":483,\"caption\":\"Assembl\u00e9e nationale : la mauvaise nouvelle est tomb\u00e9e pour Cavay\u00e9 Yegui\u00e9, qui pour le remplacer\"},{\"@type\":\"BreadcrumbList\",\"@id\":\"https:\/\/www.africa-press.net\/cameroun\/politique\/assemblee-nationale-la-mauvaise-nouvelle-est-tombee-pour-cavaye-yeguie-qui-pour-le-remplacer#breadcrumb\",\"itemListElement\":[{\"@type\":\"ListItem\",\"position\":1,\"name\":\"Accueil\",\"item\":\"https:\/\/www.africa-press.net\/cameroun\/\"},{\"@type\":\"ListItem\",\"position\":2,\"name\":\"Assembl\u00e9e nationale : la mauvaise nouvelle est tomb\u00e9e pour Cavay\u00e9 Yegui\u00e9, qui pour le remplacer\"}]},{\"@type\":\"WebSite\",\"@id\":\"https:\/\/www.africa-press.net\/cameroun\/#website\",\"url\":\"https:\/\/www.africa-press.net\/cameroun\/\",\"name\":\"Cameroun\",\"description\":\"Just another Africa News Agency Sites site\",\"potentialAction\":[{\"@type\":\"SearchAction\",\"target\":{\"@type\":\"EntryPoint\",\"urlTemplate\":\"https:\/\/www.africa-press.net\/cameroun\/?s={search_term_string}\"},\"query-input\":{\"@type\":\"PropertyValueSpecification\",\"valueRequired\":true,\"valueName\":\"search_term_string\"}}],\"inLanguage\":\"fr-FR\"},{\"@type\":\"Person\",\"@id\":\"https:\/\/www.africa-press.net\/cameroun\/#\/schema\/person\/2b1cf3cd81a31e3cd26889ca66d677f1\",\"name\":\"cfeditorfr\"}]}<\/script>\n<!-- \/ Yoast SEO Premium plugin. -->","yoast_head_json":{"title":"Assembl\u00e9e nationale : la mauvaise nouvelle est tomb\u00e9e pour Cavay\u00e9 Yegui\u00e9, qui pour le remplacer - Cameroun","description":"Ulce\u0301re\u0301s par les propos juge\u0301s tribalistes du directeur de cabinet de la Chambre basse du Parlement, mais jamais condam ...","robots":{"index":"index","follow":"follow","max-snippet":"max-snippet:-1","max-image-preview":"max-image-preview:large","max-video-preview":"max-video-preview:-1"},"canonical":"https:\/\/www.africa-press.net\/cameroun\/politique\/assemblee-nationale-la-mauvaise-nouvelle-est-tombee-pour-cavaye-yeguie-qui-pour-le-remplacer","og_locale":"fr_FR","og_type":"article","og_title":"Assembl\u00e9e nationale : la mauvaise nouvelle est tomb\u00e9e pour Cavay\u00e9 Yegui\u00e9, qui pour le remplacer","og_description":"Ulce\u0301re\u0301s par les propos juge\u0301s tribalistes du directeur de cabinet de la Chambre basse du Parlement, mais jamais condam ...","og_url":"https:\/\/www.africa-press.net\/cameroun\/politique\/assemblee-nationale-la-mauvaise-nouvelle-est-tombee-pour-cavaye-yeguie-qui-pour-le-remplacer","og_site_name":"Cameroun","article_published_time":"2023-09-26T22:13:53+00:00","article_modified_time":"2023-09-27T00:50:12+00:00","og_image":[{"width":720,"height":483,"url":"https:\/\/static.africa-press.net\/cameroun\/sites\/57\/2023\/09\/sm_1695755739.262356.jpg","type":"image\/jpeg"}],"author":"cfeditorfr","twitter_card":"summary_large_image","twitter_misc":{"\u00c9crit par":"cfeditorfr","Dur\u00e9e de lecture estim\u00e9e":"4 minutes"},"schema":{"@context":"https:\/\/schema.org","@graph":[{"@type":"Article","@id":"https:\/\/www.africa-press.net\/cameroun\/politique\/assemblee-nationale-la-mauvaise-nouvelle-est-tombee-pour-cavaye-yeguie-qui-pour-le-remplacer#article","isPartOf":{"@id":"https:\/\/www.africa-press.net\/cameroun\/politique\/assemblee-nationale-la-mauvaise-nouvelle-est-tombee-pour-cavaye-yeguie-qui-pour-le-remplacer"},"author":{"name":"cfeditorfr","@id":"https:\/\/www.africa-press.net\/cameroun\/#\/schema\/person\/2b1cf3cd81a31e3cd26889ca66d677f1"},"headline":"Assembl\u00e9e nationale : la mauvaise nouvelle est tomb\u00e9e pour Cavay\u00e9 Yegui\u00e9, qui pour le remplacer","datePublished":"2023-09-26T22:13:53+00:00","dateModified":"2023-09-27T00:50:12+00:00","mainEntityOfPage":{"@id":"https:\/\/www.africa-press.net\/cameroun\/politique\/assemblee-nationale-la-mauvaise-nouvelle-est-tombee-pour-cavaye-yeguie-qui-pour-le-remplacer"},"wordCount":897,"commentCount":0,"image":{"@id":"https:\/\/www.africa-press.net\/cameroun\/politique\/assemblee-nationale-la-mauvaise-nouvelle-est-tombee-pour-cavaye-yeguie-qui-pour-le-remplacer#primaryimage"},"thumbnailUrl":"https:\/\/static.africa-press.net\/cameroun\/sites\/57\/2023\/09\/sm_1695755739.262356.jpg","keywords":["Africa Press","Africa Press-Cameroun","Cameroun"],"articleSection":["Politique","Toutes les actualit\u00e9s"],"inLanguage":"fr-FR","potentialAction":[{"@type":"CommentAction","name":"Comment","target":["https:\/\/www.africa-press.net\/cameroun\/politique\/assemblee-nationale-la-mauvaise-nouvelle-est-tombee-pour-cavaye-yeguie-qui-pour-le-remplacer#respond"]}]},{"@type":"WebPage","@id":"https:\/\/www.africa-press.net\/cameroun\/politique\/assemblee-nationale-la-mauvaise-nouvelle-est-tombee-pour-cavaye-yeguie-qui-pour-le-remplacer","url":"https:\/\/www.africa-press.net\/cameroun\/politique\/assemblee-nationale-la-mauvaise-nouvelle-est-tombee-pour-cavaye-yeguie-qui-pour-le-remplacer","name":"Assembl\u00e9e nationale : la mauvaise nouvelle est tomb\u00e9e pour Cavay\u00e9 Yegui\u00e9, qui pour le remplacer - Cameroun","isPartOf":{"@id":"https:\/\/www.africa-press.net\/cameroun\/#website"},"primaryImageOfPage":{"@id":"https:\/\/www.africa-press.net\/cameroun\/politique\/assemblee-nationale-la-mauvaise-nouvelle-est-tombee-pour-cavaye-yeguie-qui-pour-le-remplacer#primaryimage"},"image":{"@id":"https:\/\/www.africa-press.net\/cameroun\/politique\/assemblee-nationale-la-mauvaise-nouvelle-est-tombee-pour-cavaye-yeguie-qui-pour-le-remplacer#primaryimage"},"thumbnailUrl":"https:\/\/static.africa-press.net\/cameroun\/sites\/57\/2023\/09\/sm_1695755739.262356.jpg","datePublished":"2023-09-26T22:13:53+00:00","dateModified":"2023-09-27T00:50:12+00:00","author":{"@id":"https:\/\/www.africa-press.net\/cameroun\/#\/schema\/person\/2b1cf3cd81a31e3cd26889ca66d677f1"},"description":"Ulce\u0301re\u0301s par les propos juge\u0301s tribalistes du directeur de cabinet de la Chambre basse du Parlement, mais jamais condam ...","breadcrumb":{"@id":"https:\/\/www.africa-press.net\/cameroun\/politique\/assemblee-nationale-la-mauvaise-nouvelle-est-tombee-pour-cavaye-yeguie-qui-pour-le-remplacer#breadcrumb"},"inLanguage":"fr-FR","potentialAction":[{"@type":"ReadAction","target":["https:\/\/www.africa-press.net\/cameroun\/politique\/assemblee-nationale-la-mauvaise-nouvelle-est-tombee-pour-cavaye-yeguie-qui-pour-le-remplacer"]}]},{"@type":"ImageObject","inLanguage":"fr-FR","@id":"https:\/\/www.africa-press.net\/cameroun\/politique\/assemblee-nationale-la-mauvaise-nouvelle-est-tombee-pour-cavaye-yeguie-qui-pour-le-remplacer#primaryimage","url":"https:\/\/static.africa-press.net\/cameroun\/sites\/57\/2023\/09\/sm_1695755739.262356.jpg","contentUrl":"https:\/\/static.africa-press.net\/cameroun\/sites\/57\/2023\/09\/sm_1695755739.262356.jpg","width":720,"height":483,"caption":"Assembl\u00e9e nationale : la mauvaise nouvelle est tomb\u00e9e pour Cavay\u00e9 Yegui\u00e9, qui pour le remplacer"},{"@type":"BreadcrumbList","@id":"https:\/\/www.africa-press.net\/cameroun\/politique\/assemblee-nationale-la-mauvaise-nouvelle-est-tombee-pour-cavaye-yeguie-qui-pour-le-remplacer#breadcrumb","itemListElement":[{"@type":"ListItem","position":1,"name":"Accueil","item":"https:\/\/www.africa-press.net\/cameroun\/"},{"@type":"ListItem","position":2,"name":"Assembl\u00e9e nationale : la mauvaise nouvelle est tomb\u00e9e pour Cavay\u00e9 Yegui\u00e9, qui pour le remplacer"}]},{"@type":"WebSite","@id":"https:\/\/www.africa-press.net\/cameroun\/#website","url":"https:\/\/www.africa-press.net\/cameroun\/","name":"Cameroun","description":"Just another Africa News Agency Sites site","potentialAction":[{"@type":"SearchAction","target":{"@type":"EntryPoint","urlTemplate":"https:\/\/www.africa-press.net\/cameroun\/?s={search_term_string}"},"query-input":{"@type":"PropertyValueSpecification","valueRequired":true,"valueName":"search_term_string"}}],"inLanguage":"fr-FR"},{"@type":"Person","@id":"https:\/\/www.africa-press.net\/cameroun\/#\/schema\/person\/2b1cf3cd81a31e3cd26889ca66d677f1","name":"cfeditorfr"}]}},"_links":{"self":[{"href":"https:\/\/www.africa-press.net\/cameroun\/wp-json\/wp\/v2\/posts\/51759","targetHints":{"allow":["GET"]}}],"collection":[{"href":"https:\/\/www.africa-press.net\/cameroun\/wp-json\/wp\/v2\/posts"}],"about":[{"href":"https:\/\/www.africa-press.net\/cameroun\/wp-json\/wp\/v2\/types\/post"}],"author":[{"embeddable":true,"href":"https:\/\/www.africa-press.net\/cameroun\/wp-json\/wp\/v2\/users\/82"}],"replies":[{"embeddable":true,"href":"https:\/\/www.africa-press.net\/cameroun\/wp-json\/wp\/v2\/comments?post=51759"}],"version-history":[{"count":0,"href":"https:\/\/www.africa-press.net\/cameroun\/wp-json\/wp\/v2\/posts\/51759\/revisions"}],"wp:featuredmedia":[{"embeddable":true,"href":"https:\/\/www.africa-press.net\/cameroun\/wp-json\/wp\/v2\/media\/51757"}],"wp:attachment":[{"href":"https:\/\/www.africa-press.net\/cameroun\/wp-json\/wp\/v2\/media?parent=51759"}],"wp:term":[{"taxonomy":"category","embeddable":true,"href":"https:\/\/www.africa-press.net\/cameroun\/wp-json\/wp\/v2\/categories?post=51759"},{"taxonomy":"post_tag","embeddable":true,"href":"https:\/\/www.africa-press.net\/cameroun\/wp-json\/wp\/v2\/tags?post=51759"}],"curies":[{"name":"wp","href":"https:\/\/api.w.org\/{rel}","templated":true}]}}