{"id":51762,"date":"2023-09-26T22:14:17","date_gmt":"2023-09-26T22:14:17","guid":{"rendered":"https:\/\/www.africa-press.net\/cameroun\/politique\/cameroun-le-gouvernement-condamne-les-predictions-de-coup-detat"},"modified":"2023-09-27T00:51:13","modified_gmt":"2023-09-27T00:51:13","slug":"cameroun-le-gouvernement-condamne-les-predictions-de-coup-detat","status":"publish","type":"post","link":"https:\/\/www.africa-press.net\/cameroun\/politique\/cameroun-le-gouvernement-condamne-les-predictions-de-coup-detat","title":{"rendered":"Cameroun : le gouvernement condamne les pr\u00e9dictions de coup d\u2019Etat"},"content":{"rendered":"<p><span style=\"color: #ff6600\"><strong>Africa-Press &#8211; Cameroun. <\/strong><\/span><b>Le ministre de la Communication Rene\u0301 Emmanuel Sadi interpelle des personnes qui s\u2019e\u0301rigent en prophe\u0300tes pour pre\u0301dire le renversement du re\u0301gime au Cameroun.<\/b><\/p>\n<p>La multiplication des coups d\u2019Etat en Afrique ces dernie\u0300res anne\u0301es suscite de nombreuses re\u0301actions et interventions au sein de l\u2019opinion publique camerounaise et internationale. Dans les me\u0301dias, des personnes \u00ab se livrent a\u0300 des analyses ou commentaires inspire\u0301s par des coups de force (&#8230;) \u00bb. Ces me\u0302mes personnes croient pouvoir \u00ab prophe\u0301tiser la de\u0301stabilisation d\u2019autres pays, par effet de contagion, y compris le Cameroun \u00bb, fait remarquer le Porte-parole du gouvernement.<\/p>\n<p>Rene\u0301 Emmanuel Sadi conside\u0300re que ces sorties sont des \u00ab analyses spe\u0301cieuses \u00bb, des \u00ab spe\u0301culations fantaisistes et des conjectures \u00bb. Toutes choses qui \u00ab donnent lieu a\u0300 des extrapolations ha\u0302tives \u00bb. D\u2019ou\u0300 l\u2019invitation adresse\u0301e a\u0300 ces personnes \u00ab de se garder d\u2019e\u0301tablir des paralle\u0300les insense\u0301s et saugrenus, et de faire des pre\u0301dictions ubuesques sur le devenir du Cameroun \u00bb. Ces paralle\u0300les pourraient s\u2019apparenter a\u0300 des appels a\u0300 la de\u0301stabilisation de l\u2019Etat et, de ce fait, justifier leur interpellation et leur traduction devant la justice, conforme\u0301ment a\u0300 nos lois et re\u0300glements \u00bb. Ainsi pre\u0301vient le membre du gouvernement, institution qui dit condamner sans re\u0301serve toute prise de pouvoir par des voies anticonstitutionnelles.<\/p>\n<p>La sortie du gouvernement camerounais arrive pre\u0300s d\u2019un mois apre\u0300s le renversement du pre\u0301sident gabonais Ali Bongo et de son re\u0301gime. La prise du pouvoir par le ge\u0301ne\u0301ral Brice Oligui Nguema et ses hommes a mis fin a\u0300 une cinquantaine d\u2019anne\u0301es des Bongo a\u0300 la te\u0302te du Gabon. Ce coup d\u2019Etat sans cre\u0301pitement des armes ni effusion de sang a\u0300 quelques centaines de kilome\u0300tres du Cameroun a davantage alimente\u0301 des analyses condamne\u0301es par le gouvernement camerounais.<\/p>\n<p><strong>Pour plus d&rsquo;informations et d&rsquo;analyses sur la <a href=\"https:\/\/www.africa-press.net\/cameroun\">Cameroun<\/a>, suivez <a href=\"https:\/\/www.africa-press.net\/\">Africa-Press<\/a><\/strong><\/p>\n","protected":false},"excerpt":{"rendered":"<p>Africa-Press &#8211; Cameroun. Le ministre de la Communication Rene\u0301 Emmanuel Sadi interpelle des personnes qui s\u2019e\u0301rigent en prophe\u0300tes pour pre\u0301dire le renversement du re\u0301gime au Cameroun. La multiplication des coups d\u2019Etat en Afrique ces dernie\u0300res anne\u0301es suscite de nombreuses re\u0301actions et interventions au sein de l\u2019opinion publique camerounaise et internationale. Dans les me\u0301dias, des personnes [&hellip;]<\/p>\n","protected":false},"author":82,"featured_media":51760,"comment_status":"open","ping_status":"closed","sticky":false,"template":"","format":"standard","meta":{"footnotes":""},"categories":[2,56,20,10],"tags":[36,50,49],"class_list":["post-51762","post","type-post","status-publish","format-standard","has-post-thumbnail","hentry","category-politique","category-to-homepage","category-top-nouvelles","category-toutes-les-actualites","tag-africa-press","tag-africa-press-cameroun","tag-cameroun"],"yoast_head":"<!-- This site is optimized with the Yoast SEO Premium plugin v26.1 (Yoast SEO v27.0) - https:\/\/yoast.com\/product\/yoast-seo-premium-wordpress\/ -->\n<title>Cameroun : le gouvernement condamne les pr\u00e9dictions de coup d\u2019Etat - Cameroun<\/title>\n<meta name=\"description\" content=\"Le ministre de la Communication Rene\u0301 Emmanuel Sadi interpelle des personnes qui s\u2019e\u0301rigent en prophe\u0300tes pour pre\u0301di ...\" \/>\n<meta name=\"robots\" content=\"index, follow, max-snippet:-1, max-image-preview:large, max-video-preview:-1\" \/>\n<link rel=\"canonical\" href=\"https:\/\/www.africa-press.net\/cameroun\/politique\/cameroun-le-gouvernement-condamne-les-predictions-de-coup-detat\" \/>\n<meta property=\"og:locale\" content=\"fr_FR\" \/>\n<meta property=\"og:type\" content=\"article\" \/>\n<meta property=\"og:title\" content=\"Cameroun : le gouvernement condamne les pr\u00e9dictions de coup d\u2019Etat\" \/>\n<meta property=\"og:description\" content=\"Le ministre de la Communication Rene\u0301 Emmanuel Sadi interpelle des personnes qui s\u2019e\u0301rigent en prophe\u0300tes pour pre\u0301di ...\" \/>\n<meta property=\"og:url\" content=\"https:\/\/www.africa-press.net\/cameroun\/politique\/cameroun-le-gouvernement-condamne-les-predictions-de-coup-detat\" \/>\n<meta property=\"og:site_name\" content=\"Cameroun\" \/>\n<meta property=\"article:published_time\" content=\"2023-09-26T22:14:17+00:00\" \/>\n<meta property=\"article:modified_time\" content=\"2023-09-27T00:51:13+00:00\" \/>\n<meta property=\"og:image\" content=\"https:\/\/static.africa-press.net\/cameroun\/sites\/57\/2023\/09\/sm_1695755772.497334.jpg\" \/>\n\t<meta property=\"og:image:width\" content=\"780\" \/>\n\t<meta property=\"og:image:height\" content=\"440\" \/>\n\t<meta property=\"og:image:type\" content=\"image\/jpeg\" \/>\n<meta name=\"author\" content=\"cfeditorfr\" \/>\n<meta name=\"twitter:card\" content=\"summary_large_image\" \/>\n<meta name=\"twitter:label1\" content=\"\u00c9crit par\" \/>\n\t<meta name=\"twitter:data1\" content=\"cfeditorfr\" \/>\n\t<meta name=\"twitter:label2\" content=\"Dur\u00e9e de lecture estim\u00e9e\" \/>\n\t<meta name=\"twitter:data2\" content=\"2 minutes\" \/>\n<script type=\"application\/ld+json\" class=\"yoast-schema-graph\">{\"@context\":\"https:\/\/schema.org\",\"@graph\":[{\"@type\":\"Article\",\"@id\":\"https:\/\/www.africa-press.net\/cameroun\/politique\/cameroun-le-gouvernement-condamne-les-predictions-de-coup-detat#article\",\"isPartOf\":{\"@id\":\"https:\/\/www.africa-press.net\/cameroun\/politique\/cameroun-le-gouvernement-condamne-les-predictions-de-coup-detat\"},\"author\":{\"name\":\"cfeditorfr\",\"@id\":\"https:\/\/www.africa-press.net\/cameroun\/#\/schema\/person\/2b1cf3cd81a31e3cd26889ca66d677f1\"},\"headline\":\"Cameroun : le gouvernement condamne les pr\u00e9dictions de coup d\u2019Etat\",\"datePublished\":\"2023-09-26T22:14:17+00:00\",\"dateModified\":\"2023-09-27T00:51:13+00:00\",\"mainEntityOfPage\":{\"@id\":\"https:\/\/www.africa-press.net\/cameroun\/politique\/cameroun-le-gouvernement-condamne-les-predictions-de-coup-detat\"},\"wordCount\":344,\"commentCount\":0,\"image\":{\"@id\":\"https:\/\/www.africa-press.net\/cameroun\/politique\/cameroun-le-gouvernement-condamne-les-predictions-de-coup-detat#primaryimage\"},\"thumbnailUrl\":\"https:\/\/static.africa-press.net\/cameroun\/sites\/57\/2023\/09\/sm_1695755772.497334.jpg\",\"keywords\":[\"Africa Press\",\"Africa Press-Cameroun\",\"Cameroun\"],\"articleSection\":[\"Politique\",\"to-homepage\",\"Top Nouvelles\",\"Toutes les actualit\u00e9s\"],\"inLanguage\":\"fr-FR\",\"potentialAction\":[{\"@type\":\"CommentAction\",\"name\":\"Comment\",\"target\":[\"https:\/\/www.africa-press.net\/cameroun\/politique\/cameroun-le-gouvernement-condamne-les-predictions-de-coup-detat#respond\"]}]},{\"@type\":\"WebPage\",\"@id\":\"https:\/\/www.africa-press.net\/cameroun\/politique\/cameroun-le-gouvernement-condamne-les-predictions-de-coup-detat\",\"url\":\"https:\/\/www.africa-press.net\/cameroun\/politique\/cameroun-le-gouvernement-condamne-les-predictions-de-coup-detat\",\"name\":\"Cameroun : le gouvernement condamne les pr\u00e9dictions de coup d\u2019Etat - Cameroun\",\"isPartOf\":{\"@id\":\"https:\/\/www.africa-press.net\/cameroun\/#website\"},\"primaryImageOfPage\":{\"@id\":\"https:\/\/www.africa-press.net\/cameroun\/politique\/cameroun-le-gouvernement-condamne-les-predictions-de-coup-detat#primaryimage\"},\"image\":{\"@id\":\"https:\/\/www.africa-press.net\/cameroun\/politique\/cameroun-le-gouvernement-condamne-les-predictions-de-coup-detat#primaryimage\"},\"thumbnailUrl\":\"https:\/\/static.africa-press.net\/cameroun\/sites\/57\/2023\/09\/sm_1695755772.497334.jpg\",\"datePublished\":\"2023-09-26T22:14:17+00:00\",\"dateModified\":\"2023-09-27T00:51:13+00:00\",\"author\":{\"@id\":\"https:\/\/www.africa-press.net\/cameroun\/#\/schema\/person\/2b1cf3cd81a31e3cd26889ca66d677f1\"},\"description\":\"Le ministre de la Communication Rene\u0301 Emmanuel Sadi interpelle des personnes qui s\u2019e\u0301rigent en prophe\u0300tes pour pre\u0301di ...\",\"breadcrumb\":{\"@id\":\"https:\/\/www.africa-press.net\/cameroun\/politique\/cameroun-le-gouvernement-condamne-les-predictions-de-coup-detat#breadcrumb\"},\"inLanguage\":\"fr-FR\",\"potentialAction\":[{\"@type\":\"ReadAction\",\"target\":[\"https:\/\/www.africa-press.net\/cameroun\/politique\/cameroun-le-gouvernement-condamne-les-predictions-de-coup-detat\"]}]},{\"@type\":\"ImageObject\",\"inLanguage\":\"fr-FR\",\"@id\":\"https:\/\/www.africa-press.net\/cameroun\/politique\/cameroun-le-gouvernement-condamne-les-predictions-de-coup-detat#primaryimage\",\"url\":\"https:\/\/static.africa-press.net\/cameroun\/sites\/57\/2023\/09\/sm_1695755772.497334.jpg\",\"contentUrl\":\"https:\/\/static.africa-press.net\/cameroun\/sites\/57\/2023\/09\/sm_1695755772.497334.jpg\",\"width\":780,\"height\":440,\"caption\":\"Cameroun : le gouvernement condamne les pr\u00e9dictions de coup d\u2019Etat\"},{\"@type\":\"BreadcrumbList\",\"@id\":\"https:\/\/www.africa-press.net\/cameroun\/politique\/cameroun-le-gouvernement-condamne-les-predictions-de-coup-detat#breadcrumb\",\"itemListElement\":[{\"@type\":\"ListItem\",\"position\":1,\"name\":\"Accueil\",\"item\":\"https:\/\/www.africa-press.net\/cameroun\/\"},{\"@type\":\"ListItem\",\"position\":2,\"name\":\"Cameroun : le gouvernement condamne les pr\u00e9dictions de coup d\u2019Etat\"}]},{\"@type\":\"WebSite\",\"@id\":\"https:\/\/www.africa-press.net\/cameroun\/#website\",\"url\":\"https:\/\/www.africa-press.net\/cameroun\/\",\"name\":\"Cameroun\",\"description\":\"Just another Africa News Agency Sites site\",\"potentialAction\":[{\"@type\":\"SearchAction\",\"target\":{\"@type\":\"EntryPoint\",\"urlTemplate\":\"https:\/\/www.africa-press.net\/cameroun\/?s={search_term_string}\"},\"query-input\":{\"@type\":\"PropertyValueSpecification\",\"valueRequired\":true,\"valueName\":\"search_term_string\"}}],\"inLanguage\":\"fr-FR\"},{\"@type\":\"Person\",\"@id\":\"https:\/\/www.africa-press.net\/cameroun\/#\/schema\/person\/2b1cf3cd81a31e3cd26889ca66d677f1\",\"name\":\"cfeditorfr\"}]}<\/script>\n<!-- \/ Yoast SEO Premium plugin. -->","yoast_head_json":{"title":"Cameroun : le gouvernement condamne les pr\u00e9dictions de coup d\u2019Etat - Cameroun","description":"Le ministre de la Communication Rene\u0301 Emmanuel Sadi interpelle des personnes qui s\u2019e\u0301rigent en prophe\u0300tes pour pre\u0301di ...","robots":{"index":"index","follow":"follow","max-snippet":"max-snippet:-1","max-image-preview":"max-image-preview:large","max-video-preview":"max-video-preview:-1"},"canonical":"https:\/\/www.africa-press.net\/cameroun\/politique\/cameroun-le-gouvernement-condamne-les-predictions-de-coup-detat","og_locale":"fr_FR","og_type":"article","og_title":"Cameroun : le gouvernement condamne les pr\u00e9dictions de coup d\u2019Etat","og_description":"Le ministre de la Communication Rene\u0301 Emmanuel Sadi interpelle des personnes qui s\u2019e\u0301rigent en prophe\u0300tes pour pre\u0301di ...","og_url":"https:\/\/www.africa-press.net\/cameroun\/politique\/cameroun-le-gouvernement-condamne-les-predictions-de-coup-detat","og_site_name":"Cameroun","article_published_time":"2023-09-26T22:14:17+00:00","article_modified_time":"2023-09-27T00:51:13+00:00","og_image":[{"width":780,"height":440,"url":"https:\/\/static.africa-press.net\/cameroun\/sites\/57\/2023\/09\/sm_1695755772.497334.jpg","type":"image\/jpeg"}],"author":"cfeditorfr","twitter_card":"summary_large_image","twitter_misc":{"\u00c9crit par":"cfeditorfr","Dur\u00e9e de lecture estim\u00e9e":"2 minutes"},"schema":{"@context":"https:\/\/schema.org","@graph":[{"@type":"Article","@id":"https:\/\/www.africa-press.net\/cameroun\/politique\/cameroun-le-gouvernement-condamne-les-predictions-de-coup-detat#article","isPartOf":{"@id":"https:\/\/www.africa-press.net\/cameroun\/politique\/cameroun-le-gouvernement-condamne-les-predictions-de-coup-detat"},"author":{"name":"cfeditorfr","@id":"https:\/\/www.africa-press.net\/cameroun\/#\/schema\/person\/2b1cf3cd81a31e3cd26889ca66d677f1"},"headline":"Cameroun : le gouvernement condamne les pr\u00e9dictions de coup d\u2019Etat","datePublished":"2023-09-26T22:14:17+00:00","dateModified":"2023-09-27T00:51:13+00:00","mainEntityOfPage":{"@id":"https:\/\/www.africa-press.net\/cameroun\/politique\/cameroun-le-gouvernement-condamne-les-predictions-de-coup-detat"},"wordCount":344,"commentCount":0,"image":{"@id":"https:\/\/www.africa-press.net\/cameroun\/politique\/cameroun-le-gouvernement-condamne-les-predictions-de-coup-detat#primaryimage"},"thumbnailUrl":"https:\/\/static.africa-press.net\/cameroun\/sites\/57\/2023\/09\/sm_1695755772.497334.jpg","keywords":["Africa Press","Africa Press-Cameroun","Cameroun"],"articleSection":["Politique","to-homepage","Top Nouvelles","Toutes les actualit\u00e9s"],"inLanguage":"fr-FR","potentialAction":[{"@type":"CommentAction","name":"Comment","target":["https:\/\/www.africa-press.net\/cameroun\/politique\/cameroun-le-gouvernement-condamne-les-predictions-de-coup-detat#respond"]}]},{"@type":"WebPage","@id":"https:\/\/www.africa-press.net\/cameroun\/politique\/cameroun-le-gouvernement-condamne-les-predictions-de-coup-detat","url":"https:\/\/www.africa-press.net\/cameroun\/politique\/cameroun-le-gouvernement-condamne-les-predictions-de-coup-detat","name":"Cameroun : le gouvernement condamne les pr\u00e9dictions de coup d\u2019Etat - Cameroun","isPartOf":{"@id":"https:\/\/www.africa-press.net\/cameroun\/#website"},"primaryImageOfPage":{"@id":"https:\/\/www.africa-press.net\/cameroun\/politique\/cameroun-le-gouvernement-condamne-les-predictions-de-coup-detat#primaryimage"},"image":{"@id":"https:\/\/www.africa-press.net\/cameroun\/politique\/cameroun-le-gouvernement-condamne-les-predictions-de-coup-detat#primaryimage"},"thumbnailUrl":"https:\/\/static.africa-press.net\/cameroun\/sites\/57\/2023\/09\/sm_1695755772.497334.jpg","datePublished":"2023-09-26T22:14:17+00:00","dateModified":"2023-09-27T00:51:13+00:00","author":{"@id":"https:\/\/www.africa-press.net\/cameroun\/#\/schema\/person\/2b1cf3cd81a31e3cd26889ca66d677f1"},"description":"Le ministre de la Communication Rene\u0301 Emmanuel Sadi interpelle des personnes qui s\u2019e\u0301rigent en prophe\u0300tes pour pre\u0301di ...","breadcrumb":{"@id":"https:\/\/www.africa-press.net\/cameroun\/politique\/cameroun-le-gouvernement-condamne-les-predictions-de-coup-detat#breadcrumb"},"inLanguage":"fr-FR","potentialAction":[{"@type":"ReadAction","target":["https:\/\/www.africa-press.net\/cameroun\/politique\/cameroun-le-gouvernement-condamne-les-predictions-de-coup-detat"]}]},{"@type":"ImageObject","inLanguage":"fr-FR","@id":"https:\/\/www.africa-press.net\/cameroun\/politique\/cameroun-le-gouvernement-condamne-les-predictions-de-coup-detat#primaryimage","url":"https:\/\/static.africa-press.net\/cameroun\/sites\/57\/2023\/09\/sm_1695755772.497334.jpg","contentUrl":"https:\/\/static.africa-press.net\/cameroun\/sites\/57\/2023\/09\/sm_1695755772.497334.jpg","width":780,"height":440,"caption":"Cameroun : le gouvernement condamne les pr\u00e9dictions de coup d\u2019Etat"},{"@type":"BreadcrumbList","@id":"https:\/\/www.africa-press.net\/cameroun\/politique\/cameroun-le-gouvernement-condamne-les-predictions-de-coup-detat#breadcrumb","itemListElement":[{"@type":"ListItem","position":1,"name":"Accueil","item":"https:\/\/www.africa-press.net\/cameroun\/"},{"@type":"ListItem","position":2,"name":"Cameroun : le gouvernement condamne les pr\u00e9dictions de coup d\u2019Etat"}]},{"@type":"WebSite","@id":"https:\/\/www.africa-press.net\/cameroun\/#website","url":"https:\/\/www.africa-press.net\/cameroun\/","name":"Cameroun","description":"Just another Africa News Agency Sites site","potentialAction":[{"@type":"SearchAction","target":{"@type":"EntryPoint","urlTemplate":"https:\/\/www.africa-press.net\/cameroun\/?s={search_term_string}"},"query-input":{"@type":"PropertyValueSpecification","valueRequired":true,"valueName":"search_term_string"}}],"inLanguage":"fr-FR"},{"@type":"Person","@id":"https:\/\/www.africa-press.net\/cameroun\/#\/schema\/person\/2b1cf3cd81a31e3cd26889ca66d677f1","name":"cfeditorfr"}]}},"_links":{"self":[{"href":"https:\/\/www.africa-press.net\/cameroun\/wp-json\/wp\/v2\/posts\/51762","targetHints":{"allow":["GET"]}}],"collection":[{"href":"https:\/\/www.africa-press.net\/cameroun\/wp-json\/wp\/v2\/posts"}],"about":[{"href":"https:\/\/www.africa-press.net\/cameroun\/wp-json\/wp\/v2\/types\/post"}],"author":[{"embeddable":true,"href":"https:\/\/www.africa-press.net\/cameroun\/wp-json\/wp\/v2\/users\/82"}],"replies":[{"embeddable":true,"href":"https:\/\/www.africa-press.net\/cameroun\/wp-json\/wp\/v2\/comments?post=51762"}],"version-history":[{"count":0,"href":"https:\/\/www.africa-press.net\/cameroun\/wp-json\/wp\/v2\/posts\/51762\/revisions"}],"wp:featuredmedia":[{"embeddable":true,"href":"https:\/\/www.africa-press.net\/cameroun\/wp-json\/wp\/v2\/media\/51760"}],"wp:attachment":[{"href":"https:\/\/www.africa-press.net\/cameroun\/wp-json\/wp\/v2\/media?parent=51762"}],"wp:term":[{"taxonomy":"category","embeddable":true,"href":"https:\/\/www.africa-press.net\/cameroun\/wp-json\/wp\/v2\/categories?post=51762"},{"taxonomy":"post_tag","embeddable":true,"href":"https:\/\/www.africa-press.net\/cameroun\/wp-json\/wp\/v2\/tags?post=51762"}],"curies":[{"name":"wp","href":"https:\/\/api.w.org\/{rel}","templated":true}]}}