{"id":51765,"date":"2023-09-26T22:14:30","date_gmt":"2023-09-26T22:14:30","guid":{"rendered":"https:\/\/www.africa-press.net\/cameroun\/politique\/cameroun-eric-delphin-kwegoue-est-laureat-du-prix-theatre-rfi-2023"},"modified":"2023-09-27T00:52:21","modified_gmt":"2023-09-27T00:52:21","slug":"cameroun-eric-delphin-kwegoue-est-laureat-du-prix-theatre-rfi-2023","status":"publish","type":"post","link":"https:\/\/www.africa-press.net\/cameroun\/culture-et-art\/cameroun-eric-delphin-kwegoue-est-laureat-du-prix-theatre-rfi-2023","title":{"rendered":"Cameroun : \u00c9ric Delphin Kw\u00e9gou\u00e9 est Laur\u00e9at du Prix Th\u00e9\u00e2tre RFI 2023"},"content":{"rendered":"<p><span style=\"color: #ff6600\"><strong>Africa-Press &#8211; Cameroun. <\/strong><\/span><b>La 10e\u0300me e\u0301dition du Prix The\u0301a\u0302tre RFI connait son laure\u0301at. Il a e\u0301te\u0301 de\u0301cerne\u0301 a\u0300 l\u2019auteur camerounais E\u0301ric Delphin Kwe\u0301goue\u0301 pour sa pie\u0300ce \u00ab A\u0300 c\u0153ur ouvert \u00bb. <\/b><\/p>\n<p>Il a e\u0301te\u0301 remis le dimanche 24 septembre a\u0300 Limoges dans le cadre du festival \u00abLes Francophonie\u2013Des e\u0301critures a\u0300 la sce\u0300ne \u00bb, dont RFI est partenaire. Le jury* pre\u0301side\u0301 cette anne\u0301e par le come\u0301dien franco-se\u0301ne\u0301galais Adama Diop, a salue\u0301 \u00ab une pie\u0300ce ose\u0301e, moderne, connecte\u0301e au monde d\u2019aujourd\u2019hui dans une forme presque cine\u0301matographique aux allures de polar. Avec une grande vitalite\u0301 d\u2019e\u0301criture, le texte aborde de plein fouet la question de la corruption, le combat pour la de\u0301mocratie, la liberte\u0301 de la presse et le ro\u0302le des re\u0301seaux sociaux. En donnant une image moderne de l\u2019Afrique, Eric Delphin Kwe\u0301goue\u0301 invente un the\u0301a\u0302tre susceptible d\u2019interpeller ses contemporains pour renouer avec cet art de la sce\u0300ne \u00bb.<\/p>\n<p>A c\u0153ur ouvert raconte le de\u0301roulement d\u2019une prise d\u2019otages. Un commando s\u2019introduit dans la maison d\u2019un journaliste et menace sa femme et ses enfants pour obtenir des documents compromettants pour le pouvoir. Une fable contemporaine e\u0301crite comme un thriller qui de\u0301peint une socie\u0301te\u0301 en proie aux multiples crises, sociales et politiques.<\/p>\n<p>Ne\u0301 en 1977 a\u0300 Bana, dans l\u2019ouest du Cameroun, Eric Delphin Kwe\u0301goue\u0301 a de\u0301ja\u0300 e\u0301crit une vingtaine de pie\u0300ces, parmi lesquelles Lez-Zanimal lue au festival d\u2019Avignon en 2023 dans le cadre du cycle de lecture C\u0327a va, C\u0327a va le monde !, organise\u0301 par RFI. Il a e\u0301galement e\u0301crit Taxiwoman, Igonshua, La me\u0301nopause du quotidien, Autopsie d\u2019une poubelle ou encore Jamais sans eux, texte re\u0301compense\u0301 par le Prix des Ine\u0301dits d\u2019Afrique et d\u2019Outremer en 2017. E\u0301ric Delphin Kwe\u0301goue\u0301 est aujourd\u2019hui un acteur important de la vie culturelle et artistique de son pays et assure la direction artistique du Festival Compto\u2019Art54.<\/p>\n<p>Le jury 2023, pre\u0301side\u0301 par Adama Diop, e\u0301tait compose\u0301 de : Virginie Andriamirado (pre\u0301sidente de l\u2019Institut des Afriques), Alexandra Badea (autrice et metteuse en sce\u0300ne), Catherine Blondeau (directrice du Grand T), Brigitte Buc, (vice-pre\u0301sidente de la SACD pour la commission the\u0301a\u0302tre), Kossi Efoui (e\u0301crivain), Hassane Kassi Kouyate\u0301 (directeur Des Francophonies \u2013 Des e\u0301critures a\u0300 la sce\u0300ne), Muriel Maalouf (journaliste RFI), Caroline Marcilhac (directrice de The\u0301a\u0302tre Ouvert), Gae\u0308lle Massicot Bitty (responsable du Po\u0302le Artistes et Professionnels de l\u2019Institut franc\u0327ais), Estelle Savasta (autrice et metteuse en sce\u0300ne, associe\u0301e au CDN de Normandie Rouen), et Johanna Silberstein (directrice de la maison Maria Casare\u0300s),<\/p>\n<p>A\u0300 c\u0153ur ouvert fera l\u2019ouverture en juillet 2024 de la 12e\u0300me e\u0301dition du cycle de lectures C\u0327a va, c\u0327a va le monde ! organise\u0301 au Festival d\u2019Avignon par RFI, et sera ensuite diffuse\u0301 sur les antennes de la radio.<\/p>\n<p><b>Toutes les informations sur la se\u0301lection du Prix The\u0301a\u0302tre RFI 2023<\/b><\/p>\n<p>Les laure\u0301ats et laure\u0301ates des 9 e\u0301ditions pre\u0301ce\u0301dentes du Prix The\u0301a\u0302tre RFI : Gae\u0308lle Bien-Aime\u0301 \u2013 Port-au-Prince et sa douce nuit (2022, Hai\u0308ti) ; Jean D\u2019Ame\u0301rique \u2013 Ope\u0301ra poussie\u0300re (2021, Hai\u0308ti) ; Souleymane Bah \u2013 La Cargaison (2020, Guine\u0301e) ; Vale\u0301rie Cachard \u2013 Victoria K, Delphine Seyrig et moi ou la petite chaise jaune (2019, Liban) ; Sedjro Giovanni Houansou \u2013 Les inamovibles (2018, Be\u0301nin) ; Edouard Elvis Bvouma \u2013 La poupe\u0301e barbue (2017, Cameroun) ; Hakim Bah \u2013 Convulsions (2016, Guine\u0301e) ; Hala Moughanie \u2013 Tais-toi ou creuse (2015, Guine\u0301e) ; Julien Mabiala Bissila \u2013 Chemin de fer (2014, Congo-Brazzaville).<\/p>\n<p><b>A propos du \u00ab Prix The\u0301a\u0302tre RFI \u00bb :<\/b><\/p>\n<p>Cre\u0301e\u0301 en 2014, le \u00ab Prix The\u0301a\u0302tre RFI \u00bb a pour objectif de promouvoir la richesse des e\u0301critures dramatiques contemporaines francophones du Sud et de favoriser le de\u0301veloppement de carrie\u0300re de jeunes auteurs e\u0301crivant en franc\u0327ais.<\/p>\n<p>RFI et ses partenaires offrent ainsi au laure\u0301at un soutien professionnel et une exposition me\u0301diatique a\u0300 travers : une re\u0301sidence de cre\u0301ation sce\u0301nique sur le texte laure\u0301at au Centre Dramatique National de Normandie-Rouen; une lecture au Festival Les Ze\u0301brures du printemps \/ Les Francophonies-Des e\u0301critures a\u0300 la sce\u0300ne ; une dotation financie\u0300re attribue\u0301e par la SACD ; une participation financie\u0300re et un accompagnement de l\u2019Institut franc\u0327ais aux re\u0301sidences d\u2019e\u0301criture ; un accompagnement dramaturgique par The\u0301a\u0302tre Ouvert ; une re\u0301sidence a\u0300 la Villa Ndar, a\u0300 Saint-Louis du Se\u0301ne\u0301gal.<\/p>\n<p><strong>Pour plus d&rsquo;informations et d&rsquo;analyses sur la <a href=\"https:\/\/www.africa-press.net\/cameroun\">Cameroun<\/a>, suivez <a href=\"https:\/\/www.africa-press.net\/\">Africa-Press<\/a><\/strong><\/p>\n","protected":false},"excerpt":{"rendered":"<p>Africa-Press &#8211; Cameroun. La 10e\u0300me e\u0301dition du Prix The\u0301a\u0302tre RFI connait son laure\u0301at. Il a e\u0301te\u0301 de\u0301cerne\u0301 a\u0300 l\u2019auteur camerounais E\u0301ric Delphin Kwe\u0301goue\u0301 pour sa pie\u0300ce \u00ab A\u0300 c\u0153ur ouvert \u00bb. Il a e\u0301te\u0301 remis le dimanche 24 septembre a\u0300 Limoges dans le cadre du festival \u00abLes Francophonie\u2013Des e\u0301critures a\u0300 la sce\u0300ne \u00bb, dont RFI [&hellip;]<\/p>\n","protected":false},"author":82,"featured_media":51764,"comment_status":"open","ping_status":"closed","sticky":false,"template":"","format":"standard","meta":{"footnotes":""},"categories":[5,10],"tags":[36,50,49],"class_list":["post-51765","post","type-post","status-publish","format-standard","has-post-thumbnail","hentry","category-culture-et-art","category-toutes-les-actualites","tag-africa-press","tag-africa-press-cameroun","tag-cameroun"],"yoast_head":"<!-- This site is optimized with the Yoast SEO Premium plugin v26.1 (Yoast SEO v27.0) - https:\/\/yoast.com\/product\/yoast-seo-premium-wordpress\/ -->\n<title>Cameroun : \u00c9ric Delphin Kw\u00e9gou\u00e9 est Laur\u00e9at du Prix Th\u00e9\u00e2tre RFI 2023 - Cameroun<\/title>\n<meta name=\"description\" content=\"La 10e\u0300me e\u0301dition du Prix The\u0301a\u0302tre RFI connait son laure\u0301at. Il a e\u0301te\u0301 de\u0301cerne\u0301 a\u0300 l\u2019auteur camerounais E\u0301ric Del ...\" \/>\n<meta name=\"robots\" content=\"index, follow, max-snippet:-1, max-image-preview:large, max-video-preview:-1\" \/>\n<link rel=\"canonical\" href=\"https:\/\/www.africa-press.net\/cameroun\/culture-et-art\/cameroun-eric-delphin-kwegoue-est-laureat-du-prix-theatre-rfi-2023\" \/>\n<meta property=\"og:locale\" content=\"fr_FR\" \/>\n<meta property=\"og:type\" content=\"article\" \/>\n<meta property=\"og:title\" content=\"Cameroun : \u00c9ric Delphin Kw\u00e9gou\u00e9 est Laur\u00e9at du Prix Th\u00e9\u00e2tre RFI 2023\" \/>\n<meta property=\"og:description\" content=\"La 10e\u0300me e\u0301dition du Prix The\u0301a\u0302tre RFI connait son laure\u0301at. Il a e\u0301te\u0301 de\u0301cerne\u0301 a\u0300 l\u2019auteur camerounais E\u0301ric Del ...\" \/>\n<meta property=\"og:url\" content=\"https:\/\/www.africa-press.net\/cameroun\/culture-et-art\/cameroun-eric-delphin-kwegoue-est-laureat-du-prix-theatre-rfi-2023\" \/>\n<meta property=\"og:site_name\" content=\"Cameroun\" \/>\n<meta property=\"article:published_time\" content=\"2023-09-26T22:14:30+00:00\" \/>\n<meta property=\"article:modified_time\" content=\"2023-09-27T00:52:21+00:00\" \/>\n<meta property=\"og:image\" content=\"https:\/\/static.africa-press.net\/cameroun\/sites\/57\/2023\/09\/sm_1695755818.694686.jpg\" \/>\n\t<meta property=\"og:image:width\" content=\"780\" \/>\n\t<meta property=\"og:image:height\" content=\"440\" \/>\n\t<meta property=\"og:image:type\" content=\"image\/jpeg\" \/>\n<meta name=\"author\" content=\"cfeditorfr\" \/>\n<meta name=\"twitter:card\" content=\"summary_large_image\" \/>\n<meta name=\"twitter:label1\" content=\"\u00c9crit par\" \/>\n\t<meta name=\"twitter:data1\" content=\"cfeditorfr\" \/>\n\t<meta name=\"twitter:label2\" content=\"Dur\u00e9e de lecture estim\u00e9e\" \/>\n\t<meta name=\"twitter:data2\" content=\"4 minutes\" \/>\n<script type=\"application\/ld+json\" class=\"yoast-schema-graph\">{\"@context\":\"https:\/\/schema.org\",\"@graph\":[{\"@type\":\"Article\",\"@id\":\"https:\/\/www.africa-press.net\/cameroun\/culture-et-art\/cameroun-eric-delphin-kwegoue-est-laureat-du-prix-theatre-rfi-2023#article\",\"isPartOf\":{\"@id\":\"https:\/\/www.africa-press.net\/cameroun\/culture-et-art\/cameroun-eric-delphin-kwegoue-est-laureat-du-prix-theatre-rfi-2023\"},\"author\":{\"name\":\"cfeditorfr\",\"@id\":\"https:\/\/www.africa-press.net\/cameroun\/#\/schema\/person\/2b1cf3cd81a31e3cd26889ca66d677f1\"},\"headline\":\"Cameroun : \u00c9ric Delphin Kw\u00e9gou\u00e9 est Laur\u00e9at du Prix Th\u00e9\u00e2tre RFI 2023\",\"datePublished\":\"2023-09-26T22:14:30+00:00\",\"dateModified\":\"2023-09-27T00:52:21+00:00\",\"mainEntityOfPage\":{\"@id\":\"https:\/\/www.africa-press.net\/cameroun\/culture-et-art\/cameroun-eric-delphin-kwegoue-est-laureat-du-prix-theatre-rfi-2023\"},\"wordCount\":798,\"commentCount\":0,\"image\":{\"@id\":\"https:\/\/www.africa-press.net\/cameroun\/culture-et-art\/cameroun-eric-delphin-kwegoue-est-laureat-du-prix-theatre-rfi-2023#primaryimage\"},\"thumbnailUrl\":\"https:\/\/static.africa-press.net\/cameroun\/sites\/57\/2023\/09\/sm_1695755818.694686.jpg\",\"keywords\":[\"Africa Press\",\"Africa Press-Cameroun\",\"Cameroun\"],\"articleSection\":[\"Culture et Art\",\"Toutes les actualit\u00e9s\"],\"inLanguage\":\"fr-FR\",\"potentialAction\":[{\"@type\":\"CommentAction\",\"name\":\"Comment\",\"target\":[\"https:\/\/www.africa-press.net\/cameroun\/culture-et-art\/cameroun-eric-delphin-kwegoue-est-laureat-du-prix-theatre-rfi-2023#respond\"]}]},{\"@type\":\"WebPage\",\"@id\":\"https:\/\/www.africa-press.net\/cameroun\/culture-et-art\/cameroun-eric-delphin-kwegoue-est-laureat-du-prix-theatre-rfi-2023\",\"url\":\"https:\/\/www.africa-press.net\/cameroun\/culture-et-art\/cameroun-eric-delphin-kwegoue-est-laureat-du-prix-theatre-rfi-2023\",\"name\":\"Cameroun : \u00c9ric Delphin Kw\u00e9gou\u00e9 est Laur\u00e9at du Prix Th\u00e9\u00e2tre RFI 2023 - Cameroun\",\"isPartOf\":{\"@id\":\"https:\/\/www.africa-press.net\/cameroun\/#website\"},\"primaryImageOfPage\":{\"@id\":\"https:\/\/www.africa-press.net\/cameroun\/culture-et-art\/cameroun-eric-delphin-kwegoue-est-laureat-du-prix-theatre-rfi-2023#primaryimage\"},\"image\":{\"@id\":\"https:\/\/www.africa-press.net\/cameroun\/culture-et-art\/cameroun-eric-delphin-kwegoue-est-laureat-du-prix-theatre-rfi-2023#primaryimage\"},\"thumbnailUrl\":\"https:\/\/static.africa-press.net\/cameroun\/sites\/57\/2023\/09\/sm_1695755818.694686.jpg\",\"datePublished\":\"2023-09-26T22:14:30+00:00\",\"dateModified\":\"2023-09-27T00:52:21+00:00\",\"author\":{\"@id\":\"https:\/\/www.africa-press.net\/cameroun\/#\/schema\/person\/2b1cf3cd81a31e3cd26889ca66d677f1\"},\"description\":\"La 10e\u0300me e\u0301dition du Prix The\u0301a\u0302tre RFI connait son laure\u0301at. Il a e\u0301te\u0301 de\u0301cerne\u0301 a\u0300 l\u2019auteur camerounais E\u0301ric Del ...\",\"breadcrumb\":{\"@id\":\"https:\/\/www.africa-press.net\/cameroun\/culture-et-art\/cameroun-eric-delphin-kwegoue-est-laureat-du-prix-theatre-rfi-2023#breadcrumb\"},\"inLanguage\":\"fr-FR\",\"potentialAction\":[{\"@type\":\"ReadAction\",\"target\":[\"https:\/\/www.africa-press.net\/cameroun\/culture-et-art\/cameroun-eric-delphin-kwegoue-est-laureat-du-prix-theatre-rfi-2023\"]}]},{\"@type\":\"ImageObject\",\"inLanguage\":\"fr-FR\",\"@id\":\"https:\/\/www.africa-press.net\/cameroun\/culture-et-art\/cameroun-eric-delphin-kwegoue-est-laureat-du-prix-theatre-rfi-2023#primaryimage\",\"url\":\"https:\/\/static.africa-press.net\/cameroun\/sites\/57\/2023\/09\/sm_1695755818.694686.jpg\",\"contentUrl\":\"https:\/\/static.africa-press.net\/cameroun\/sites\/57\/2023\/09\/sm_1695755818.694686.jpg\",\"width\":780,\"height\":440,\"caption\":\"Cameroun : \u00c9ric Delphin Kw\u00e9gou\u00e9 est Laur\u00e9at du Prix Th\u00e9\u00e2tre RFI 2023\"},{\"@type\":\"BreadcrumbList\",\"@id\":\"https:\/\/www.africa-press.net\/cameroun\/culture-et-art\/cameroun-eric-delphin-kwegoue-est-laureat-du-prix-theatre-rfi-2023#breadcrumb\",\"itemListElement\":[{\"@type\":\"ListItem\",\"position\":1,\"name\":\"Accueil\",\"item\":\"https:\/\/www.africa-press.net\/cameroun\/\"},{\"@type\":\"ListItem\",\"position\":2,\"name\":\"Cameroun : \u00c9ric Delphin Kw\u00e9gou\u00e9 est Laur\u00e9at du Prix Th\u00e9\u00e2tre RFI 2023\"}]},{\"@type\":\"WebSite\",\"@id\":\"https:\/\/www.africa-press.net\/cameroun\/#website\",\"url\":\"https:\/\/www.africa-press.net\/cameroun\/\",\"name\":\"Cameroun\",\"description\":\"Just another Africa News Agency Sites site\",\"potentialAction\":[{\"@type\":\"SearchAction\",\"target\":{\"@type\":\"EntryPoint\",\"urlTemplate\":\"https:\/\/www.africa-press.net\/cameroun\/?s={search_term_string}\"},\"query-input\":{\"@type\":\"PropertyValueSpecification\",\"valueRequired\":true,\"valueName\":\"search_term_string\"}}],\"inLanguage\":\"fr-FR\"},{\"@type\":\"Person\",\"@id\":\"https:\/\/www.africa-press.net\/cameroun\/#\/schema\/person\/2b1cf3cd81a31e3cd26889ca66d677f1\",\"name\":\"cfeditorfr\"}]}<\/script>\n<!-- \/ Yoast SEO Premium plugin. -->","yoast_head_json":{"title":"Cameroun : \u00c9ric Delphin Kw\u00e9gou\u00e9 est Laur\u00e9at du Prix Th\u00e9\u00e2tre RFI 2023 - Cameroun","description":"La 10e\u0300me e\u0301dition du Prix The\u0301a\u0302tre RFI connait son laure\u0301at. Il a e\u0301te\u0301 de\u0301cerne\u0301 a\u0300 l\u2019auteur camerounais E\u0301ric Del ...","robots":{"index":"index","follow":"follow","max-snippet":"max-snippet:-1","max-image-preview":"max-image-preview:large","max-video-preview":"max-video-preview:-1"},"canonical":"https:\/\/www.africa-press.net\/cameroun\/culture-et-art\/cameroun-eric-delphin-kwegoue-est-laureat-du-prix-theatre-rfi-2023","og_locale":"fr_FR","og_type":"article","og_title":"Cameroun : \u00c9ric Delphin Kw\u00e9gou\u00e9 est Laur\u00e9at du Prix Th\u00e9\u00e2tre RFI 2023","og_description":"La 10e\u0300me e\u0301dition du Prix The\u0301a\u0302tre RFI connait son laure\u0301at. Il a e\u0301te\u0301 de\u0301cerne\u0301 a\u0300 l\u2019auteur camerounais E\u0301ric Del ...","og_url":"https:\/\/www.africa-press.net\/cameroun\/culture-et-art\/cameroun-eric-delphin-kwegoue-est-laureat-du-prix-theatre-rfi-2023","og_site_name":"Cameroun","article_published_time":"2023-09-26T22:14:30+00:00","article_modified_time":"2023-09-27T00:52:21+00:00","og_image":[{"width":780,"height":440,"url":"https:\/\/static.africa-press.net\/cameroun\/sites\/57\/2023\/09\/sm_1695755818.694686.jpg","type":"image\/jpeg"}],"author":"cfeditorfr","twitter_card":"summary_large_image","twitter_misc":{"\u00c9crit par":"cfeditorfr","Dur\u00e9e de lecture estim\u00e9e":"4 minutes"},"schema":{"@context":"https:\/\/schema.org","@graph":[{"@type":"Article","@id":"https:\/\/www.africa-press.net\/cameroun\/culture-et-art\/cameroun-eric-delphin-kwegoue-est-laureat-du-prix-theatre-rfi-2023#article","isPartOf":{"@id":"https:\/\/www.africa-press.net\/cameroun\/culture-et-art\/cameroun-eric-delphin-kwegoue-est-laureat-du-prix-theatre-rfi-2023"},"author":{"name":"cfeditorfr","@id":"https:\/\/www.africa-press.net\/cameroun\/#\/schema\/person\/2b1cf3cd81a31e3cd26889ca66d677f1"},"headline":"Cameroun : \u00c9ric Delphin Kw\u00e9gou\u00e9 est Laur\u00e9at du Prix Th\u00e9\u00e2tre RFI 2023","datePublished":"2023-09-26T22:14:30+00:00","dateModified":"2023-09-27T00:52:21+00:00","mainEntityOfPage":{"@id":"https:\/\/www.africa-press.net\/cameroun\/culture-et-art\/cameroun-eric-delphin-kwegoue-est-laureat-du-prix-theatre-rfi-2023"},"wordCount":798,"commentCount":0,"image":{"@id":"https:\/\/www.africa-press.net\/cameroun\/culture-et-art\/cameroun-eric-delphin-kwegoue-est-laureat-du-prix-theatre-rfi-2023#primaryimage"},"thumbnailUrl":"https:\/\/static.africa-press.net\/cameroun\/sites\/57\/2023\/09\/sm_1695755818.694686.jpg","keywords":["Africa Press","Africa Press-Cameroun","Cameroun"],"articleSection":["Culture et Art","Toutes les actualit\u00e9s"],"inLanguage":"fr-FR","potentialAction":[{"@type":"CommentAction","name":"Comment","target":["https:\/\/www.africa-press.net\/cameroun\/culture-et-art\/cameroun-eric-delphin-kwegoue-est-laureat-du-prix-theatre-rfi-2023#respond"]}]},{"@type":"WebPage","@id":"https:\/\/www.africa-press.net\/cameroun\/culture-et-art\/cameroun-eric-delphin-kwegoue-est-laureat-du-prix-theatre-rfi-2023","url":"https:\/\/www.africa-press.net\/cameroun\/culture-et-art\/cameroun-eric-delphin-kwegoue-est-laureat-du-prix-theatre-rfi-2023","name":"Cameroun : \u00c9ric Delphin Kw\u00e9gou\u00e9 est Laur\u00e9at du Prix Th\u00e9\u00e2tre RFI 2023 - Cameroun","isPartOf":{"@id":"https:\/\/www.africa-press.net\/cameroun\/#website"},"primaryImageOfPage":{"@id":"https:\/\/www.africa-press.net\/cameroun\/culture-et-art\/cameroun-eric-delphin-kwegoue-est-laureat-du-prix-theatre-rfi-2023#primaryimage"},"image":{"@id":"https:\/\/www.africa-press.net\/cameroun\/culture-et-art\/cameroun-eric-delphin-kwegoue-est-laureat-du-prix-theatre-rfi-2023#primaryimage"},"thumbnailUrl":"https:\/\/static.africa-press.net\/cameroun\/sites\/57\/2023\/09\/sm_1695755818.694686.jpg","datePublished":"2023-09-26T22:14:30+00:00","dateModified":"2023-09-27T00:52:21+00:00","author":{"@id":"https:\/\/www.africa-press.net\/cameroun\/#\/schema\/person\/2b1cf3cd81a31e3cd26889ca66d677f1"},"description":"La 10e\u0300me e\u0301dition du Prix The\u0301a\u0302tre RFI connait son laure\u0301at. Il a e\u0301te\u0301 de\u0301cerne\u0301 a\u0300 l\u2019auteur camerounais E\u0301ric Del ...","breadcrumb":{"@id":"https:\/\/www.africa-press.net\/cameroun\/culture-et-art\/cameroun-eric-delphin-kwegoue-est-laureat-du-prix-theatre-rfi-2023#breadcrumb"},"inLanguage":"fr-FR","potentialAction":[{"@type":"ReadAction","target":["https:\/\/www.africa-press.net\/cameroun\/culture-et-art\/cameroun-eric-delphin-kwegoue-est-laureat-du-prix-theatre-rfi-2023"]}]},{"@type":"ImageObject","inLanguage":"fr-FR","@id":"https:\/\/www.africa-press.net\/cameroun\/culture-et-art\/cameroun-eric-delphin-kwegoue-est-laureat-du-prix-theatre-rfi-2023#primaryimage","url":"https:\/\/static.africa-press.net\/cameroun\/sites\/57\/2023\/09\/sm_1695755818.694686.jpg","contentUrl":"https:\/\/static.africa-press.net\/cameroun\/sites\/57\/2023\/09\/sm_1695755818.694686.jpg","width":780,"height":440,"caption":"Cameroun : \u00c9ric Delphin Kw\u00e9gou\u00e9 est Laur\u00e9at du Prix Th\u00e9\u00e2tre RFI 2023"},{"@type":"BreadcrumbList","@id":"https:\/\/www.africa-press.net\/cameroun\/culture-et-art\/cameroun-eric-delphin-kwegoue-est-laureat-du-prix-theatre-rfi-2023#breadcrumb","itemListElement":[{"@type":"ListItem","position":1,"name":"Accueil","item":"https:\/\/www.africa-press.net\/cameroun\/"},{"@type":"ListItem","position":2,"name":"Cameroun : \u00c9ric Delphin Kw\u00e9gou\u00e9 est Laur\u00e9at du Prix Th\u00e9\u00e2tre RFI 2023"}]},{"@type":"WebSite","@id":"https:\/\/www.africa-press.net\/cameroun\/#website","url":"https:\/\/www.africa-press.net\/cameroun\/","name":"Cameroun","description":"Just another Africa News Agency Sites site","potentialAction":[{"@type":"SearchAction","target":{"@type":"EntryPoint","urlTemplate":"https:\/\/www.africa-press.net\/cameroun\/?s={search_term_string}"},"query-input":{"@type":"PropertyValueSpecification","valueRequired":true,"valueName":"search_term_string"}}],"inLanguage":"fr-FR"},{"@type":"Person","@id":"https:\/\/www.africa-press.net\/cameroun\/#\/schema\/person\/2b1cf3cd81a31e3cd26889ca66d677f1","name":"cfeditorfr"}]}},"_links":{"self":[{"href":"https:\/\/www.africa-press.net\/cameroun\/wp-json\/wp\/v2\/posts\/51765","targetHints":{"allow":["GET"]}}],"collection":[{"href":"https:\/\/www.africa-press.net\/cameroun\/wp-json\/wp\/v2\/posts"}],"about":[{"href":"https:\/\/www.africa-press.net\/cameroun\/wp-json\/wp\/v2\/types\/post"}],"author":[{"embeddable":true,"href":"https:\/\/www.africa-press.net\/cameroun\/wp-json\/wp\/v2\/users\/82"}],"replies":[{"embeddable":true,"href":"https:\/\/www.africa-press.net\/cameroun\/wp-json\/wp\/v2\/comments?post=51765"}],"version-history":[{"count":0,"href":"https:\/\/www.africa-press.net\/cameroun\/wp-json\/wp\/v2\/posts\/51765\/revisions"}],"wp:featuredmedia":[{"embeddable":true,"href":"https:\/\/www.africa-press.net\/cameroun\/wp-json\/wp\/v2\/media\/51764"}],"wp:attachment":[{"href":"https:\/\/www.africa-press.net\/cameroun\/wp-json\/wp\/v2\/media?parent=51765"}],"wp:term":[{"taxonomy":"category","embeddable":true,"href":"https:\/\/www.africa-press.net\/cameroun\/wp-json\/wp\/v2\/categories?post=51765"},{"taxonomy":"post_tag","embeddable":true,"href":"https:\/\/www.africa-press.net\/cameroun\/wp-json\/wp\/v2\/tags?post=51765"}],"curies":[{"name":"wp","href":"https:\/\/api.w.org\/{rel}","templated":true}]}}