{"id":52268,"date":"2023-09-25T11:40:40","date_gmt":"2023-09-25T11:40:40","guid":{"rendered":"https:\/\/www.africa-press.net\/cameroun\/politique\/energie-solaire-le-cameroun-inaugure-son-premier-projet-dune-capacite-de-30-mw-2"},"modified":"2023-09-30T12:08:48","modified_gmt":"2023-09-30T12:08:48","slug":"energie-solaire-le-cameroun-inaugure-son-premier-projet-dune-capacite-de-30-mw-2","status":"publish","type":"post","link":"https:\/\/www.africa-press.net\/cameroun\/economie\/energie-solaire-le-cameroun-inaugure-son-premier-projet-dune-capacite-de-30-mw-2","title":{"rendered":"\u00c9nergie solaire\u00a0: le Cameroun inaugure son premier projet d\u2019une capacit\u00e9 de 30 MW"},"content":{"rendered":"<p><span style=\"color: #ff6600\"><strong>Africa-Press &#8211; Cameroun. <\/strong><\/span>Investir au Cameroun) &#8211; Au cours d\u2019une descente sur le terrain qu\u2019il effectuera du 19 au 23 septembre 2023 dans la partie septentrionale du Cameroun, le ministre de l\u2019Eau et de l\u2019E\u0301nergie, Gaston Eloundou Essomba, proce\u0301dera a\u0300 l\u2019inauguration des deux plus grandes centrales solaires du pays, apprend-on dans un communique\u0301 officiel signe\u0301 ce 14 septembre 2023. Dote\u0301es d\u2019une capacite\u0301 cumule\u0301e de 30 MW, ces infrastructures e\u0301nerge\u0301tiques ont e\u0301te\u0301 construites dans les villes de Guider, dans la re\u0301gion du Nord, et de Maroua, la capitale re\u0301gionale de l\u2019Extre\u0302me-Nord.<\/p>\n<p>\u00ab L\u2019entre\u0301e en service officielle de ces deux centrales solaires permettra d\u2019ame\u0301liorer de manie\u0300re substantielle la qualite\u0301 du service public de l\u2019e\u0301lectricite\u0301 dans la partie septentrionale du pays, jadis sujette a\u0300 des baisses drastiques de production du barrage de Lagdo, dues a\u0300 des proble\u0300mes d\u2019hydrologie. Ces centrales induisent l\u2019arre\u0302t des centrales thermiques autrefois utilise\u0301es pour renforcer l\u2019offre de production dans cette partie du pays, ge\u0301ne\u0301rant ainsi des e\u0301conomies budge\u0301taires pour l\u2019E\u0301tat \u00bb, indique le ministre Gaston Eloundou Essomba dans le communique\u0301 sus-mentionne\u0301.<\/p>\n<p>Bien qu\u2019elles soient inaugure\u0301es et officiellement mises en service en ce mois de septembre 2023, les centrales solaires de Maroua et Guider, qui injectent progressivement leurs me\u0301gawatts dans le re\u0301seau interconnecte\u0301 Nord (RIN) depuis fin 2022, ont de\u0301ja\u0300 contribue\u0301 a\u0300 ame\u0301liorer la fourniture de l\u2019e\u0301lectricite\u0301 dans la partie septentrionale du Cameroun. Selon Eneo, le concessionnaire du service public de l\u2019e\u0301lectricite\u0301 dans le pays, au premier trimestre 2023, par exemple, les re\u0301gions du Nord, de l\u2019Adamaoua et de l\u2019Extre\u0302me-Nord, qui constituent le RIN, n\u2019ont pas connu les habituels de\u0301lestages pour cause de de\u0301ficit de production. Il s\u2019agit d\u2019une grande premie\u0300re depuis 3 ans, alors que les centrales solaires modulaires sus-mentionne\u0301es n\u2019injectaient sur cette pe\u0301riode qu\u2019entre 15 et 18 MW dans le re\u0301seau, apprend-on.<\/p>\n<p>Pour rappel, le projet d\u2019installation de centrales solaires modulaires dans la partie septentrionale du Cameroun remonte a\u0300 l\u2019anne\u0301e 2021. En effet, c\u2019est cette anne\u0301e-la\u0300 que le gouvernement camerounais, par le truchement du ministe\u0300re de l\u2019Eau et de l\u2019E\u0301nergie, valide l\u2019offre de la socie\u0301te\u0301 Scatec. Cette entreprise norve\u0301gienne se propose alors de re\u0301sorber au moyen de la construction de centrales photovoltai\u0308ques d\u2019une capacite\u0301 de 30 MW, la baisse drastique du niveau des eaux dans le barrage de Lagdo, qui a ramene\u0301 la production de cette infrastructure a\u0300 seulement 20 MW, sur une capacite\u0301 installe\u0301e de 72 MW.<\/p>\n<p><b>Des e\u0301conomies de 5 milliards de FCFA en 9 mois<\/b><\/p>\n<p>Mais, eu e\u0301gard a\u0300 des contingences techniques, le projet n\u2019a pas pu de\u0301marrer en mars 2021, comme souhaite\u0301 par le gouvernement. \u00ab C\u2019est un projet inte\u0301ressant. Mais, nous sommes oblige\u0301s d\u2019e\u0302tre prudents pour deux raisons. D\u2019abord, c\u2019est une technique nouvelle au Cameroun. Et l\u2019e\u0301nergie solaire est un peu particulie\u0300re. Me\u0302me si au Nord il y a beaucoup de soleil, le solaire est par de\u0301finition une e\u0301nergie variable. Il faut qu\u2019on se rassure que la quantite\u0301 d\u2019e\u0301nergie qui sera injecte\u0301e a\u0300 partir de ces centrales modulaires sera stable, comme l\u2019exigent les clients aussi bien industriels que re\u0301sidentiels. Il y a donc des aspects techniques qu\u2019il faut ve\u0301rifier. Ensuite, face a\u0300 cette offre spontane\u0301e, nous sommes tout de me\u0302me tenus de faire des consultations, pour nous assurer qu\u2019il n\u2019y a pas d\u2019offres alternatives \u00bb, avait confie\u0301 a\u0300 Investir au Cameroun une source proche du dossier. C\u2019e\u0301tait en mai 2021.<\/p>\n<p>Le retard pris dans la re\u0301alisation de ce projet avait contraint le gouvernement camerounais et Eneo, en 2021, a\u0300 transfe\u0301rer 20 MW de thermique de la centrale d\u2019Ahala (non loin de Yaounde\u0301) a\u0300 Garoua (12 MW a\u0300 Djamboutou) et Ngaounde\u0301re\u0301 (8 MW), pour soulager les populations et les entreprises du Septentrion, alors en proie a\u0300 des de\u0301lestages quotidiens. Ce transfert des capacite\u0301s d\u2019Ahala avait engendre\u0301 des surcou\u0302ts de combustibles intenables, alors estime\u0301s a\u0300 environ 2,4 milliards de FCFA supple\u0301mentaires chaque mois (80 millions de FCFA par jour), avaient re\u0301ve\u0301le\u0301es des sources internes a\u0300 Eneo.<\/p>\n<p>Selon les estimations du ministe\u0300re de l\u2019Eau et de l\u2019E\u0301nergie, la location des centrales solaires modulaires de Scatec, pour une pe\u0301riode de 4 ans, comme le pre\u0301voit le gouvernement depuis 2021, devrait engendre des gains de l\u2019ordre de 5 milliards de FCFA sur les neuf premiers mois d\u2019exploitation, en raison de l\u2019arre\u0302t de certaines centrales thermiques dans cette partie du Cameroun.<\/p>\n<p><b>Brice R. Mbodiam<\/b><\/p>\n<p><strong>Pour plus d&rsquo;informations et d&rsquo;analyses sur la <a href=\"https:\/\/www.africa-press.net\/cameroun\">Cameroun<\/a>, suivez <a href=\"https:\/\/www.africa-press.net\/\">Africa-Press<\/a><\/strong><\/p>\n","protected":false},"excerpt":{"rendered":"<p>Africa-Press &#8211; Cameroun. Investir au Cameroun) &#8211; Au cours d\u2019une descente sur le terrain qu\u2019il effectuera du 19 au 23 septembre 2023 dans la partie septentrionale du Cameroun, le ministre de l\u2019Eau et de l\u2019E\u0301nergie, Gaston Eloundou Essomba, proce\u0301dera a\u0300 l\u2019inauguration des deux plus grandes centrales solaires du pays, apprend-on dans un communique\u0301 officiel signe\u0301 [&hellip;]<\/p>\n","protected":false},"author":82,"featured_media":52266,"comment_status":"open","ping_status":"closed","sticky":false,"template":"","format":"standard","meta":{"footnotes":""},"categories":[3,10],"tags":[36,50,49],"class_list":["post-52268","post","type-post","status-publish","format-standard","has-post-thumbnail","hentry","category-economie","category-toutes-les-actualites","tag-africa-press","tag-africa-press-cameroun","tag-cameroun"],"yoast_head":"<!-- This site is optimized with the Yoast SEO Premium plugin v26.1 (Yoast SEO v27.0) - https:\/\/yoast.com\/product\/yoast-seo-premium-wordpress\/ -->\n<title>\u00c9nergie solaire\u00a0: le Cameroun inaugure son premier projet d\u2019une capacit\u00e9 de 30 MW - Cameroun<\/title>\n<meta name=\"description\" content=\"Investir au Cameroun) - Au cours d\u2019une descente sur le terrain qu\u2019il effectuera du 19 au 23 septembre 2023 dans la parti ...\" \/>\n<meta name=\"robots\" content=\"index, follow, max-snippet:-1, max-image-preview:large, max-video-preview:-1\" \/>\n<link rel=\"canonical\" href=\"https:\/\/www.africa-press.net\/cameroun\/economie\/energie-solaire-le-cameroun-inaugure-son-premier-projet-dune-capacite-de-30-mw-2\" \/>\n<meta property=\"og:locale\" content=\"fr_FR\" \/>\n<meta property=\"og:type\" content=\"article\" \/>\n<meta property=\"og:title\" content=\"\u00c9nergie solaire\u00a0: le Cameroun inaugure son premier projet d\u2019une capacit\u00e9 de 30 MW\" \/>\n<meta property=\"og:description\" content=\"Investir au Cameroun) - Au cours d\u2019une descente sur le terrain qu\u2019il effectuera du 19 au 23 septembre 2023 dans la parti ...\" \/>\n<meta property=\"og:url\" content=\"https:\/\/www.africa-press.net\/cameroun\/economie\/energie-solaire-le-cameroun-inaugure-son-premier-projet-dune-capacite-de-30-mw-2\" \/>\n<meta property=\"og:site_name\" content=\"Cameroun\" \/>\n<meta property=\"article:published_time\" content=\"2023-09-25T11:40:40+00:00\" \/>\n<meta property=\"article:modified_time\" content=\"2023-09-30T12:08:48+00:00\" \/>\n<meta property=\"og:image\" content=\"https:\/\/static.africa-press.net\/cameroun\/sites\/57\/2023\/09\/sm_1696062815.154453.jpg\" \/>\n\t<meta property=\"og:image:width\" content=\"720\" \/>\n\t<meta property=\"og:image:height\" content=\"479\" \/>\n\t<meta property=\"og:image:type\" content=\"image\/jpeg\" \/>\n<meta name=\"author\" content=\"cfeditorfr\" \/>\n<meta name=\"twitter:card\" content=\"summary_large_image\" \/>\n<meta name=\"twitter:label1\" content=\"\u00c9crit par\" \/>\n\t<meta name=\"twitter:data1\" content=\"cfeditorfr\" \/>\n\t<meta name=\"twitter:label2\" content=\"Dur\u00e9e de lecture estim\u00e9e\" \/>\n\t<meta name=\"twitter:data2\" content=\"4 minutes\" \/>\n<script type=\"application\/ld+json\" class=\"yoast-schema-graph\">{\"@context\":\"https:\/\/schema.org\",\"@graph\":[{\"@type\":\"Article\",\"@id\":\"https:\/\/www.africa-press.net\/cameroun\/economie\/energie-solaire-le-cameroun-inaugure-son-premier-projet-dune-capacite-de-30-mw-2#article\",\"isPartOf\":{\"@id\":\"https:\/\/www.africa-press.net\/cameroun\/economie\/energie-solaire-le-cameroun-inaugure-son-premier-projet-dune-capacite-de-30-mw-2\"},\"author\":{\"name\":\"cfeditorfr\",\"@id\":\"https:\/\/www.africa-press.net\/cameroun\/#\/schema\/person\/2b1cf3cd81a31e3cd26889ca66d677f1\"},\"headline\":\"\u00c9nergie solaire\u00a0: le Cameroun inaugure son premier projet d\u2019une capacit\u00e9 de 30 MW\",\"datePublished\":\"2023-09-25T11:40:40+00:00\",\"dateModified\":\"2023-09-30T12:08:48+00:00\",\"mainEntityOfPage\":{\"@id\":\"https:\/\/www.africa-press.net\/cameroun\/economie\/energie-solaire-le-cameroun-inaugure-son-premier-projet-dune-capacite-de-30-mw-2\"},\"wordCount\":829,\"commentCount\":0,\"image\":{\"@id\":\"https:\/\/www.africa-press.net\/cameroun\/economie\/energie-solaire-le-cameroun-inaugure-son-premier-projet-dune-capacite-de-30-mw-2#primaryimage\"},\"thumbnailUrl\":\"https:\/\/static.africa-press.net\/cameroun\/sites\/57\/2023\/09\/sm_1696062815.154453.jpg\",\"keywords\":[\"Africa Press\",\"Africa Press-Cameroun\",\"Cameroun\"],\"articleSection\":[\"\u00c9conomie\",\"Toutes les actualit\u00e9s\"],\"inLanguage\":\"fr-FR\",\"potentialAction\":[{\"@type\":\"CommentAction\",\"name\":\"Comment\",\"target\":[\"https:\/\/www.africa-press.net\/cameroun\/economie\/energie-solaire-le-cameroun-inaugure-son-premier-projet-dune-capacite-de-30-mw-2#respond\"]}]},{\"@type\":\"WebPage\",\"@id\":\"https:\/\/www.africa-press.net\/cameroun\/economie\/energie-solaire-le-cameroun-inaugure-son-premier-projet-dune-capacite-de-30-mw-2\",\"url\":\"https:\/\/www.africa-press.net\/cameroun\/economie\/energie-solaire-le-cameroun-inaugure-son-premier-projet-dune-capacite-de-30-mw-2\",\"name\":\"\u00c9nergie solaire\u00a0: le Cameroun inaugure son premier projet d\u2019une capacit\u00e9 de 30 MW - Cameroun\",\"isPartOf\":{\"@id\":\"https:\/\/www.africa-press.net\/cameroun\/#website\"},\"primaryImageOfPage\":{\"@id\":\"https:\/\/www.africa-press.net\/cameroun\/economie\/energie-solaire-le-cameroun-inaugure-son-premier-projet-dune-capacite-de-30-mw-2#primaryimage\"},\"image\":{\"@id\":\"https:\/\/www.africa-press.net\/cameroun\/economie\/energie-solaire-le-cameroun-inaugure-son-premier-projet-dune-capacite-de-30-mw-2#primaryimage\"},\"thumbnailUrl\":\"https:\/\/static.africa-press.net\/cameroun\/sites\/57\/2023\/09\/sm_1696062815.154453.jpg\",\"datePublished\":\"2023-09-25T11:40:40+00:00\",\"dateModified\":\"2023-09-30T12:08:48+00:00\",\"author\":{\"@id\":\"https:\/\/www.africa-press.net\/cameroun\/#\/schema\/person\/2b1cf3cd81a31e3cd26889ca66d677f1\"},\"description\":\"Investir au Cameroun) - Au cours d\u2019une descente sur le terrain qu\u2019il effectuera du 19 au 23 septembre 2023 dans la parti ...\",\"breadcrumb\":{\"@id\":\"https:\/\/www.africa-press.net\/cameroun\/economie\/energie-solaire-le-cameroun-inaugure-son-premier-projet-dune-capacite-de-30-mw-2#breadcrumb\"},\"inLanguage\":\"fr-FR\",\"potentialAction\":[{\"@type\":\"ReadAction\",\"target\":[\"https:\/\/www.africa-press.net\/cameroun\/economie\/energie-solaire-le-cameroun-inaugure-son-premier-projet-dune-capacite-de-30-mw-2\"]}]},{\"@type\":\"ImageObject\",\"inLanguage\":\"fr-FR\",\"@id\":\"https:\/\/www.africa-press.net\/cameroun\/economie\/energie-solaire-le-cameroun-inaugure-son-premier-projet-dune-capacite-de-30-mw-2#primaryimage\",\"url\":\"https:\/\/static.africa-press.net\/cameroun\/sites\/57\/2023\/09\/sm_1696062815.154453.jpg\",\"contentUrl\":\"https:\/\/static.africa-press.net\/cameroun\/sites\/57\/2023\/09\/sm_1696062815.154453.jpg\",\"width\":720,\"height\":479,\"caption\":\"\u00c9nergie solaire\u00a0: le Cameroun inaugure son premier projet d\u2019une capacit\u00e9 de 30 MW\"},{\"@type\":\"BreadcrumbList\",\"@id\":\"https:\/\/www.africa-press.net\/cameroun\/economie\/energie-solaire-le-cameroun-inaugure-son-premier-projet-dune-capacite-de-30-mw-2#breadcrumb\",\"itemListElement\":[{\"@type\":\"ListItem\",\"position\":1,\"name\":\"Accueil\",\"item\":\"https:\/\/www.africa-press.net\/cameroun\/\"},{\"@type\":\"ListItem\",\"position\":2,\"name\":\"\u00c9nergie solaire\u00a0: le Cameroun inaugure son premier projet d\u2019une capacit\u00e9 de 30 MW\"}]},{\"@type\":\"WebSite\",\"@id\":\"https:\/\/www.africa-press.net\/cameroun\/#website\",\"url\":\"https:\/\/www.africa-press.net\/cameroun\/\",\"name\":\"Cameroun\",\"description\":\"Just another Africa News Agency Sites site\",\"potentialAction\":[{\"@type\":\"SearchAction\",\"target\":{\"@type\":\"EntryPoint\",\"urlTemplate\":\"https:\/\/www.africa-press.net\/cameroun\/?s={search_term_string}\"},\"query-input\":{\"@type\":\"PropertyValueSpecification\",\"valueRequired\":true,\"valueName\":\"search_term_string\"}}],\"inLanguage\":\"fr-FR\"},{\"@type\":\"Person\",\"@id\":\"https:\/\/www.africa-press.net\/cameroun\/#\/schema\/person\/2b1cf3cd81a31e3cd26889ca66d677f1\",\"name\":\"cfeditorfr\"}]}<\/script>\n<!-- \/ Yoast SEO Premium plugin. -->","yoast_head_json":{"title":"\u00c9nergie solaire\u00a0: le Cameroun inaugure son premier projet d\u2019une capacit\u00e9 de 30 MW - Cameroun","description":"Investir au Cameroun) - Au cours d\u2019une descente sur le terrain qu\u2019il effectuera du 19 au 23 septembre 2023 dans la parti ...","robots":{"index":"index","follow":"follow","max-snippet":"max-snippet:-1","max-image-preview":"max-image-preview:large","max-video-preview":"max-video-preview:-1"},"canonical":"https:\/\/www.africa-press.net\/cameroun\/economie\/energie-solaire-le-cameroun-inaugure-son-premier-projet-dune-capacite-de-30-mw-2","og_locale":"fr_FR","og_type":"article","og_title":"\u00c9nergie solaire\u00a0: le Cameroun inaugure son premier projet d\u2019une capacit\u00e9 de 30 MW","og_description":"Investir au Cameroun) - Au cours d\u2019une descente sur le terrain qu\u2019il effectuera du 19 au 23 septembre 2023 dans la parti ...","og_url":"https:\/\/www.africa-press.net\/cameroun\/economie\/energie-solaire-le-cameroun-inaugure-son-premier-projet-dune-capacite-de-30-mw-2","og_site_name":"Cameroun","article_published_time":"2023-09-25T11:40:40+00:00","article_modified_time":"2023-09-30T12:08:48+00:00","og_image":[{"width":720,"height":479,"url":"https:\/\/static.africa-press.net\/cameroun\/sites\/57\/2023\/09\/sm_1696062815.154453.jpg","type":"image\/jpeg"}],"author":"cfeditorfr","twitter_card":"summary_large_image","twitter_misc":{"\u00c9crit par":"cfeditorfr","Dur\u00e9e de lecture estim\u00e9e":"4 minutes"},"schema":{"@context":"https:\/\/schema.org","@graph":[{"@type":"Article","@id":"https:\/\/www.africa-press.net\/cameroun\/economie\/energie-solaire-le-cameroun-inaugure-son-premier-projet-dune-capacite-de-30-mw-2#article","isPartOf":{"@id":"https:\/\/www.africa-press.net\/cameroun\/economie\/energie-solaire-le-cameroun-inaugure-son-premier-projet-dune-capacite-de-30-mw-2"},"author":{"name":"cfeditorfr","@id":"https:\/\/www.africa-press.net\/cameroun\/#\/schema\/person\/2b1cf3cd81a31e3cd26889ca66d677f1"},"headline":"\u00c9nergie solaire\u00a0: le Cameroun inaugure son premier projet d\u2019une capacit\u00e9 de 30 MW","datePublished":"2023-09-25T11:40:40+00:00","dateModified":"2023-09-30T12:08:48+00:00","mainEntityOfPage":{"@id":"https:\/\/www.africa-press.net\/cameroun\/economie\/energie-solaire-le-cameroun-inaugure-son-premier-projet-dune-capacite-de-30-mw-2"},"wordCount":829,"commentCount":0,"image":{"@id":"https:\/\/www.africa-press.net\/cameroun\/economie\/energie-solaire-le-cameroun-inaugure-son-premier-projet-dune-capacite-de-30-mw-2#primaryimage"},"thumbnailUrl":"https:\/\/static.africa-press.net\/cameroun\/sites\/57\/2023\/09\/sm_1696062815.154453.jpg","keywords":["Africa Press","Africa Press-Cameroun","Cameroun"],"articleSection":["\u00c9conomie","Toutes les actualit\u00e9s"],"inLanguage":"fr-FR","potentialAction":[{"@type":"CommentAction","name":"Comment","target":["https:\/\/www.africa-press.net\/cameroun\/economie\/energie-solaire-le-cameroun-inaugure-son-premier-projet-dune-capacite-de-30-mw-2#respond"]}]},{"@type":"WebPage","@id":"https:\/\/www.africa-press.net\/cameroun\/economie\/energie-solaire-le-cameroun-inaugure-son-premier-projet-dune-capacite-de-30-mw-2","url":"https:\/\/www.africa-press.net\/cameroun\/economie\/energie-solaire-le-cameroun-inaugure-son-premier-projet-dune-capacite-de-30-mw-2","name":"\u00c9nergie solaire\u00a0: le Cameroun inaugure son premier projet d\u2019une capacit\u00e9 de 30 MW - Cameroun","isPartOf":{"@id":"https:\/\/www.africa-press.net\/cameroun\/#website"},"primaryImageOfPage":{"@id":"https:\/\/www.africa-press.net\/cameroun\/economie\/energie-solaire-le-cameroun-inaugure-son-premier-projet-dune-capacite-de-30-mw-2#primaryimage"},"image":{"@id":"https:\/\/www.africa-press.net\/cameroun\/economie\/energie-solaire-le-cameroun-inaugure-son-premier-projet-dune-capacite-de-30-mw-2#primaryimage"},"thumbnailUrl":"https:\/\/static.africa-press.net\/cameroun\/sites\/57\/2023\/09\/sm_1696062815.154453.jpg","datePublished":"2023-09-25T11:40:40+00:00","dateModified":"2023-09-30T12:08:48+00:00","author":{"@id":"https:\/\/www.africa-press.net\/cameroun\/#\/schema\/person\/2b1cf3cd81a31e3cd26889ca66d677f1"},"description":"Investir au Cameroun) - Au cours d\u2019une descente sur le terrain qu\u2019il effectuera du 19 au 23 septembre 2023 dans la parti ...","breadcrumb":{"@id":"https:\/\/www.africa-press.net\/cameroun\/economie\/energie-solaire-le-cameroun-inaugure-son-premier-projet-dune-capacite-de-30-mw-2#breadcrumb"},"inLanguage":"fr-FR","potentialAction":[{"@type":"ReadAction","target":["https:\/\/www.africa-press.net\/cameroun\/economie\/energie-solaire-le-cameroun-inaugure-son-premier-projet-dune-capacite-de-30-mw-2"]}]},{"@type":"ImageObject","inLanguage":"fr-FR","@id":"https:\/\/www.africa-press.net\/cameroun\/economie\/energie-solaire-le-cameroun-inaugure-son-premier-projet-dune-capacite-de-30-mw-2#primaryimage","url":"https:\/\/static.africa-press.net\/cameroun\/sites\/57\/2023\/09\/sm_1696062815.154453.jpg","contentUrl":"https:\/\/static.africa-press.net\/cameroun\/sites\/57\/2023\/09\/sm_1696062815.154453.jpg","width":720,"height":479,"caption":"\u00c9nergie solaire\u00a0: le Cameroun inaugure son premier projet d\u2019une capacit\u00e9 de 30 MW"},{"@type":"BreadcrumbList","@id":"https:\/\/www.africa-press.net\/cameroun\/economie\/energie-solaire-le-cameroun-inaugure-son-premier-projet-dune-capacite-de-30-mw-2#breadcrumb","itemListElement":[{"@type":"ListItem","position":1,"name":"Accueil","item":"https:\/\/www.africa-press.net\/cameroun\/"},{"@type":"ListItem","position":2,"name":"\u00c9nergie solaire\u00a0: le Cameroun inaugure son premier projet d\u2019une capacit\u00e9 de 30 MW"}]},{"@type":"WebSite","@id":"https:\/\/www.africa-press.net\/cameroun\/#website","url":"https:\/\/www.africa-press.net\/cameroun\/","name":"Cameroun","description":"Just another Africa News Agency Sites site","potentialAction":[{"@type":"SearchAction","target":{"@type":"EntryPoint","urlTemplate":"https:\/\/www.africa-press.net\/cameroun\/?s={search_term_string}"},"query-input":{"@type":"PropertyValueSpecification","valueRequired":true,"valueName":"search_term_string"}}],"inLanguage":"fr-FR"},{"@type":"Person","@id":"https:\/\/www.africa-press.net\/cameroun\/#\/schema\/person\/2b1cf3cd81a31e3cd26889ca66d677f1","name":"cfeditorfr"}]}},"_links":{"self":[{"href":"https:\/\/www.africa-press.net\/cameroun\/wp-json\/wp\/v2\/posts\/52268","targetHints":{"allow":["GET"]}}],"collection":[{"href":"https:\/\/www.africa-press.net\/cameroun\/wp-json\/wp\/v2\/posts"}],"about":[{"href":"https:\/\/www.africa-press.net\/cameroun\/wp-json\/wp\/v2\/types\/post"}],"author":[{"embeddable":true,"href":"https:\/\/www.africa-press.net\/cameroun\/wp-json\/wp\/v2\/users\/82"}],"replies":[{"embeddable":true,"href":"https:\/\/www.africa-press.net\/cameroun\/wp-json\/wp\/v2\/comments?post=52268"}],"version-history":[{"count":0,"href":"https:\/\/www.africa-press.net\/cameroun\/wp-json\/wp\/v2\/posts\/52268\/revisions"}],"wp:featuredmedia":[{"embeddable":true,"href":"https:\/\/www.africa-press.net\/cameroun\/wp-json\/wp\/v2\/media\/52266"}],"wp:attachment":[{"href":"https:\/\/www.africa-press.net\/cameroun\/wp-json\/wp\/v2\/media?parent=52268"}],"wp:term":[{"taxonomy":"category","embeddable":true,"href":"https:\/\/www.africa-press.net\/cameroun\/wp-json\/wp\/v2\/categories?post=52268"},{"taxonomy":"post_tag","embeddable":true,"href":"https:\/\/www.africa-press.net\/cameroun\/wp-json\/wp\/v2\/tags?post=52268"}],"curies":[{"name":"wp","href":"https:\/\/api.w.org\/{rel}","templated":true}]}}