{"id":59579,"date":"2023-12-30T11:22:04","date_gmt":"2023-12-30T11:22:04","guid":{"rendered":"https:\/\/www.africa-press.net\/cameroun\/politique\/le-cameroun-a-la-can-nos-dirigeant-ny-croient-pas"},"modified":"2023-12-30T11:41:45","modified_gmt":"2023-12-30T11:41:45","slug":"le-cameroun-a-la-can-nos-dirigeant-ny-croient-pas","status":"publish","type":"post","link":"https:\/\/www.africa-press.net\/cameroun\/politique\/le-cameroun-a-la-can-nos-dirigeant-ny-croient-pas","title":{"rendered":"Le Cameroun \u00e0 la CAN : \u2018nos dirigeant n\u2019y croient pas\u2019"},"content":{"rendered":"<p><span style=\"color: #ff6600\"><strong>Africa-Press &#8211; Cameroun. <\/strong><\/span>Le directeur du cabinet civil de la Pre\u0301sidence de la Re\u0301publique, repre\u0301sentant du chef de l&rsquo;E\u0301tat, Samuel Mvondo Ayolo a remis hier le drapeau du Cameroun a\u0300 Fabrice Ondoa, dans la grande salle du Palais polyvalent des sports de Yaounde\u0301. Cette ce\u0301re\u0301monie marque la mise en route de l\u2019e\u0301quipe nationale du Cameroun pour la Coupe d\u2019Afrique des Nations qui de\u0301marre le 13 janvier 2023.<\/p>\n<p>Cette pratique est une routine qui est observe\u0301e avant chaque grande compe\u0301tition internationale a\u0300 laquelle participent les ambassadeurs du Cameroun. Le proble\u0300me cette anne\u0301e c\u2019est le profil du joueur a\u0300 qui le repre\u0301sentant de Paul Biya a remis le drapeau. Selon l\u2019avocat Me De\u0301sire Sikati, Fabrice Ondoa un joueur re\u0301serviste ne devrait pas se voir attribuer cette mission hautement symbolique.<\/p>\n<p>\u00ab Ils ont remis le drapeau national a\u0300 Fabrice ONDOA un gardien remplac\u0327ant. Donc c&rsquo;est un chauffeur de banc qui va porter l&rsquo;e\u0301quipe sur ses e\u0301paules ! Je n&rsquo;y comprends vraiment rien. En tout cas comme on fait son lit on se couche. La coupe me\u0302me voit que nos dirigeants n&rsquo;y croient pas. \u00bb, e\u0301crit-il sur sa page Facebook. Le juriste souhaite que le drapeau soit remis au se\u0301lectionneur national Rigobert Song.<\/p>\n<p>\u00ab Rappelons que Fabrice ONDOA joue en 3e division en France, niveau amateur et que vu sur cet angle selon les crite\u0300res du football professionnel, il est classe\u0301 4e gardien parmi les quatre gardiens retenus pour la CAN. Il fallait me\u0302me remettre le drapeau au coach.<\/p>\n<p>Imaginez une arme\u0301e confie\u0301e a\u0300 un soldat la\u0300 ou\u0300 il y a des ge\u0301ne\u0301raux \u00bb, poursuit-il.<\/p>\n<p><strong>Pour plus d&rsquo;informations et d&rsquo;analyses sur la <a href=\"https:\/\/www.africa-press.net\/cameroun\">Cameroun<\/a>, suivez <a href=\"https:\/\/www.africa-press.net\/\">Africa-Press<\/a><\/strong><\/p>\n","protected":false},"excerpt":{"rendered":"<p>Africa-Press &#8211; Cameroun. Le directeur du cabinet civil de la Pre\u0301sidence de la Re\u0301publique, repre\u0301sentant du chef de l&rsquo;E\u0301tat, Samuel Mvondo Ayolo a remis hier le drapeau du Cameroun a\u0300 Fabrice Ondoa, dans la grande salle du Palais polyvalent des sports de Yaounde\u0301. Cette ce\u0301re\u0301monie marque la mise en route de l\u2019e\u0301quipe nationale du Cameroun [&hellip;]<\/p>\n","protected":false},"author":82,"featured_media":59577,"comment_status":"open","ping_status":"closed","sticky":false,"template":"","format":"standard","meta":{"footnotes":""},"categories":[2,10],"tags":[36,50,49],"class_list":["post-59579","post","type-post","status-publish","format-standard","has-post-thumbnail","hentry","category-politique","category-toutes-les-actualites","tag-africa-press","tag-africa-press-cameroun","tag-cameroun"],"yoast_head":"<!-- This site is optimized with the Yoast SEO Premium plugin v26.1 (Yoast SEO v27.0) - https:\/\/yoast.com\/product\/yoast-seo-premium-wordpress\/ -->\n<title>Le Cameroun \u00e0 la CAN : \u2018nos dirigeant n\u2019y croient pas\u2019 - Cameroun<\/title>\n<meta name=\"description\" content=\"Le directeur du cabinet civil de la Pre\u0301sidence de la Re\u0301publique, repre\u0301sentant du chef de l&#039;E\u0301tat, Samuel Mvondo Ayolo ...\" \/>\n<meta name=\"robots\" content=\"index, follow, max-snippet:-1, max-image-preview:large, max-video-preview:-1\" \/>\n<link rel=\"canonical\" href=\"https:\/\/www.africa-press.net\/cameroun\/politique\/le-cameroun-a-la-can-nos-dirigeant-ny-croient-pas\" \/>\n<meta property=\"og:locale\" content=\"fr_FR\" \/>\n<meta property=\"og:type\" content=\"article\" \/>\n<meta property=\"og:title\" content=\"Le Cameroun \u00e0 la CAN : \u2018nos dirigeant n\u2019y croient pas\u2019\" \/>\n<meta property=\"og:description\" content=\"Le directeur du cabinet civil de la Pre\u0301sidence de la Re\u0301publique, repre\u0301sentant du chef de l&#039;E\u0301tat, Samuel Mvondo Ayolo ...\" \/>\n<meta property=\"og:url\" content=\"https:\/\/www.africa-press.net\/cameroun\/politique\/le-cameroun-a-la-can-nos-dirigeant-ny-croient-pas\" \/>\n<meta property=\"og:site_name\" content=\"Cameroun\" \/>\n<meta property=\"article:published_time\" content=\"2023-12-30T11:22:04+00:00\" \/>\n<meta property=\"article:modified_time\" content=\"2023-12-30T11:41:45+00:00\" \/>\n<meta property=\"og:image\" content=\"https:\/\/static.africa-press.net\/cameroun\/sites\/57\/2023\/12\/sm_1703923575.909858.jpg\" \/>\n\t<meta property=\"og:image:width\" content=\"720\" \/>\n\t<meta property=\"og:image:height\" content=\"480\" \/>\n\t<meta property=\"og:image:type\" content=\"image\/jpeg\" \/>\n<meta name=\"author\" content=\"cfeditorfr\" \/>\n<meta name=\"twitter:card\" content=\"summary_large_image\" \/>\n<meta name=\"twitter:label1\" content=\"\u00c9crit par\" \/>\n\t<meta name=\"twitter:data1\" content=\"cfeditorfr\" \/>\n\t<meta name=\"twitter:label2\" content=\"Dur\u00e9e de lecture estim\u00e9e\" \/>\n\t<meta name=\"twitter:data2\" content=\"1 minute\" \/>\n<script type=\"application\/ld+json\" class=\"yoast-schema-graph\">{\"@context\":\"https:\/\/schema.org\",\"@graph\":[{\"@type\":\"Article\",\"@id\":\"https:\/\/www.africa-press.net\/cameroun\/politique\/le-cameroun-a-la-can-nos-dirigeant-ny-croient-pas#article\",\"isPartOf\":{\"@id\":\"https:\/\/www.africa-press.net\/cameroun\/politique\/le-cameroun-a-la-can-nos-dirigeant-ny-croient-pas\"},\"author\":{\"name\":\"cfeditorfr\",\"@id\":\"https:\/\/www.africa-press.net\/cameroun\/#\/schema\/person\/2b1cf3cd81a31e3cd26889ca66d677f1\"},\"headline\":\"Le Cameroun \u00e0 la CAN : \u2018nos dirigeant n\u2019y croient pas\u2019\",\"datePublished\":\"2023-12-30T11:22:04+00:00\",\"dateModified\":\"2023-12-30T11:41:45+00:00\",\"mainEntityOfPage\":{\"@id\":\"https:\/\/www.africa-press.net\/cameroun\/politique\/le-cameroun-a-la-can-nos-dirigeant-ny-croient-pas\"},\"wordCount\":312,\"commentCount\":0,\"image\":{\"@id\":\"https:\/\/www.africa-press.net\/cameroun\/politique\/le-cameroun-a-la-can-nos-dirigeant-ny-croient-pas#primaryimage\"},\"thumbnailUrl\":\"https:\/\/static.africa-press.net\/cameroun\/sites\/57\/2023\/12\/sm_1703923575.909858.jpg\",\"keywords\":[\"Africa Press\",\"Africa Press-Cameroun\",\"Cameroun\"],\"articleSection\":[\"Politique\",\"Toutes les actualit\u00e9s\"],\"inLanguage\":\"fr-FR\",\"potentialAction\":[{\"@type\":\"CommentAction\",\"name\":\"Comment\",\"target\":[\"https:\/\/www.africa-press.net\/cameroun\/politique\/le-cameroun-a-la-can-nos-dirigeant-ny-croient-pas#respond\"]}]},{\"@type\":\"WebPage\",\"@id\":\"https:\/\/www.africa-press.net\/cameroun\/politique\/le-cameroun-a-la-can-nos-dirigeant-ny-croient-pas\",\"url\":\"https:\/\/www.africa-press.net\/cameroun\/politique\/le-cameroun-a-la-can-nos-dirigeant-ny-croient-pas\",\"name\":\"Le Cameroun \u00e0 la CAN : \u2018nos dirigeant n\u2019y croient pas\u2019 - Cameroun\",\"isPartOf\":{\"@id\":\"https:\/\/www.africa-press.net\/cameroun\/#website\"},\"primaryImageOfPage\":{\"@id\":\"https:\/\/www.africa-press.net\/cameroun\/politique\/le-cameroun-a-la-can-nos-dirigeant-ny-croient-pas#primaryimage\"},\"image\":{\"@id\":\"https:\/\/www.africa-press.net\/cameroun\/politique\/le-cameroun-a-la-can-nos-dirigeant-ny-croient-pas#primaryimage\"},\"thumbnailUrl\":\"https:\/\/static.africa-press.net\/cameroun\/sites\/57\/2023\/12\/sm_1703923575.909858.jpg\",\"datePublished\":\"2023-12-30T11:22:04+00:00\",\"dateModified\":\"2023-12-30T11:41:45+00:00\",\"author\":{\"@id\":\"https:\/\/www.africa-press.net\/cameroun\/#\/schema\/person\/2b1cf3cd81a31e3cd26889ca66d677f1\"},\"description\":\"Le directeur du cabinet civil de la Pre\u0301sidence de la Re\u0301publique, repre\u0301sentant du chef de l'E\u0301tat, Samuel Mvondo Ayolo ...\",\"breadcrumb\":{\"@id\":\"https:\/\/www.africa-press.net\/cameroun\/politique\/le-cameroun-a-la-can-nos-dirigeant-ny-croient-pas#breadcrumb\"},\"inLanguage\":\"fr-FR\",\"potentialAction\":[{\"@type\":\"ReadAction\",\"target\":[\"https:\/\/www.africa-press.net\/cameroun\/politique\/le-cameroun-a-la-can-nos-dirigeant-ny-croient-pas\"]}]},{\"@type\":\"ImageObject\",\"inLanguage\":\"fr-FR\",\"@id\":\"https:\/\/www.africa-press.net\/cameroun\/politique\/le-cameroun-a-la-can-nos-dirigeant-ny-croient-pas#primaryimage\",\"url\":\"https:\/\/static.africa-press.net\/cameroun\/sites\/57\/2023\/12\/sm_1703923575.909858.jpg\",\"contentUrl\":\"https:\/\/static.africa-press.net\/cameroun\/sites\/57\/2023\/12\/sm_1703923575.909858.jpg\",\"width\":720,\"height\":480,\"caption\":\"Le Cameroun \u00e0 la CAN : \u2018nos dirigeant n\u2019y croient pas\u2019\"},{\"@type\":\"BreadcrumbList\",\"@id\":\"https:\/\/www.africa-press.net\/cameroun\/politique\/le-cameroun-a-la-can-nos-dirigeant-ny-croient-pas#breadcrumb\",\"itemListElement\":[{\"@type\":\"ListItem\",\"position\":1,\"name\":\"Accueil\",\"item\":\"https:\/\/www.africa-press.net\/cameroun\/\"},{\"@type\":\"ListItem\",\"position\":2,\"name\":\"Le Cameroun \u00e0 la CAN : \u2018nos dirigeant n\u2019y croient pas\u2019\"}]},{\"@type\":\"WebSite\",\"@id\":\"https:\/\/www.africa-press.net\/cameroun\/#website\",\"url\":\"https:\/\/www.africa-press.net\/cameroun\/\",\"name\":\"Cameroun\",\"description\":\"Just another Africa News Agency Sites site\",\"potentialAction\":[{\"@type\":\"SearchAction\",\"target\":{\"@type\":\"EntryPoint\",\"urlTemplate\":\"https:\/\/www.africa-press.net\/cameroun\/?s={search_term_string}\"},\"query-input\":{\"@type\":\"PropertyValueSpecification\",\"valueRequired\":true,\"valueName\":\"search_term_string\"}}],\"inLanguage\":\"fr-FR\"},{\"@type\":\"Person\",\"@id\":\"https:\/\/www.africa-press.net\/cameroun\/#\/schema\/person\/2b1cf3cd81a31e3cd26889ca66d677f1\",\"name\":\"cfeditorfr\"}]}<\/script>\n<!-- \/ Yoast SEO Premium plugin. -->","yoast_head_json":{"title":"Le Cameroun \u00e0 la CAN : \u2018nos dirigeant n\u2019y croient pas\u2019 - Cameroun","description":"Le directeur du cabinet civil de la Pre\u0301sidence de la Re\u0301publique, repre\u0301sentant du chef de l'E\u0301tat, Samuel Mvondo Ayolo ...","robots":{"index":"index","follow":"follow","max-snippet":"max-snippet:-1","max-image-preview":"max-image-preview:large","max-video-preview":"max-video-preview:-1"},"canonical":"https:\/\/www.africa-press.net\/cameroun\/politique\/le-cameroun-a-la-can-nos-dirigeant-ny-croient-pas","og_locale":"fr_FR","og_type":"article","og_title":"Le Cameroun \u00e0 la CAN : \u2018nos dirigeant n\u2019y croient pas\u2019","og_description":"Le directeur du cabinet civil de la Pre\u0301sidence de la Re\u0301publique, repre\u0301sentant du chef de l'E\u0301tat, Samuel Mvondo Ayolo ...","og_url":"https:\/\/www.africa-press.net\/cameroun\/politique\/le-cameroun-a-la-can-nos-dirigeant-ny-croient-pas","og_site_name":"Cameroun","article_published_time":"2023-12-30T11:22:04+00:00","article_modified_time":"2023-12-30T11:41:45+00:00","og_image":[{"width":720,"height":480,"url":"https:\/\/static.africa-press.net\/cameroun\/sites\/57\/2023\/12\/sm_1703923575.909858.jpg","type":"image\/jpeg"}],"author":"cfeditorfr","twitter_card":"summary_large_image","twitter_misc":{"\u00c9crit par":"cfeditorfr","Dur\u00e9e de lecture estim\u00e9e":"1 minute"},"schema":{"@context":"https:\/\/schema.org","@graph":[{"@type":"Article","@id":"https:\/\/www.africa-press.net\/cameroun\/politique\/le-cameroun-a-la-can-nos-dirigeant-ny-croient-pas#article","isPartOf":{"@id":"https:\/\/www.africa-press.net\/cameroun\/politique\/le-cameroun-a-la-can-nos-dirigeant-ny-croient-pas"},"author":{"name":"cfeditorfr","@id":"https:\/\/www.africa-press.net\/cameroun\/#\/schema\/person\/2b1cf3cd81a31e3cd26889ca66d677f1"},"headline":"Le Cameroun \u00e0 la CAN : \u2018nos dirigeant n\u2019y croient pas\u2019","datePublished":"2023-12-30T11:22:04+00:00","dateModified":"2023-12-30T11:41:45+00:00","mainEntityOfPage":{"@id":"https:\/\/www.africa-press.net\/cameroun\/politique\/le-cameroun-a-la-can-nos-dirigeant-ny-croient-pas"},"wordCount":312,"commentCount":0,"image":{"@id":"https:\/\/www.africa-press.net\/cameroun\/politique\/le-cameroun-a-la-can-nos-dirigeant-ny-croient-pas#primaryimage"},"thumbnailUrl":"https:\/\/static.africa-press.net\/cameroun\/sites\/57\/2023\/12\/sm_1703923575.909858.jpg","keywords":["Africa Press","Africa Press-Cameroun","Cameroun"],"articleSection":["Politique","Toutes les actualit\u00e9s"],"inLanguage":"fr-FR","potentialAction":[{"@type":"CommentAction","name":"Comment","target":["https:\/\/www.africa-press.net\/cameroun\/politique\/le-cameroun-a-la-can-nos-dirigeant-ny-croient-pas#respond"]}]},{"@type":"WebPage","@id":"https:\/\/www.africa-press.net\/cameroun\/politique\/le-cameroun-a-la-can-nos-dirigeant-ny-croient-pas","url":"https:\/\/www.africa-press.net\/cameroun\/politique\/le-cameroun-a-la-can-nos-dirigeant-ny-croient-pas","name":"Le Cameroun \u00e0 la CAN : \u2018nos dirigeant n\u2019y croient pas\u2019 - Cameroun","isPartOf":{"@id":"https:\/\/www.africa-press.net\/cameroun\/#website"},"primaryImageOfPage":{"@id":"https:\/\/www.africa-press.net\/cameroun\/politique\/le-cameroun-a-la-can-nos-dirigeant-ny-croient-pas#primaryimage"},"image":{"@id":"https:\/\/www.africa-press.net\/cameroun\/politique\/le-cameroun-a-la-can-nos-dirigeant-ny-croient-pas#primaryimage"},"thumbnailUrl":"https:\/\/static.africa-press.net\/cameroun\/sites\/57\/2023\/12\/sm_1703923575.909858.jpg","datePublished":"2023-12-30T11:22:04+00:00","dateModified":"2023-12-30T11:41:45+00:00","author":{"@id":"https:\/\/www.africa-press.net\/cameroun\/#\/schema\/person\/2b1cf3cd81a31e3cd26889ca66d677f1"},"description":"Le directeur du cabinet civil de la Pre\u0301sidence de la Re\u0301publique, repre\u0301sentant du chef de l'E\u0301tat, Samuel Mvondo Ayolo ...","breadcrumb":{"@id":"https:\/\/www.africa-press.net\/cameroun\/politique\/le-cameroun-a-la-can-nos-dirigeant-ny-croient-pas#breadcrumb"},"inLanguage":"fr-FR","potentialAction":[{"@type":"ReadAction","target":["https:\/\/www.africa-press.net\/cameroun\/politique\/le-cameroun-a-la-can-nos-dirigeant-ny-croient-pas"]}]},{"@type":"ImageObject","inLanguage":"fr-FR","@id":"https:\/\/www.africa-press.net\/cameroun\/politique\/le-cameroun-a-la-can-nos-dirigeant-ny-croient-pas#primaryimage","url":"https:\/\/static.africa-press.net\/cameroun\/sites\/57\/2023\/12\/sm_1703923575.909858.jpg","contentUrl":"https:\/\/static.africa-press.net\/cameroun\/sites\/57\/2023\/12\/sm_1703923575.909858.jpg","width":720,"height":480,"caption":"Le Cameroun \u00e0 la CAN : \u2018nos dirigeant n\u2019y croient pas\u2019"},{"@type":"BreadcrumbList","@id":"https:\/\/www.africa-press.net\/cameroun\/politique\/le-cameroun-a-la-can-nos-dirigeant-ny-croient-pas#breadcrumb","itemListElement":[{"@type":"ListItem","position":1,"name":"Accueil","item":"https:\/\/www.africa-press.net\/cameroun\/"},{"@type":"ListItem","position":2,"name":"Le Cameroun \u00e0 la CAN : \u2018nos dirigeant n\u2019y croient pas\u2019"}]},{"@type":"WebSite","@id":"https:\/\/www.africa-press.net\/cameroun\/#website","url":"https:\/\/www.africa-press.net\/cameroun\/","name":"Cameroun","description":"Just another Africa News Agency Sites site","potentialAction":[{"@type":"SearchAction","target":{"@type":"EntryPoint","urlTemplate":"https:\/\/www.africa-press.net\/cameroun\/?s={search_term_string}"},"query-input":{"@type":"PropertyValueSpecification","valueRequired":true,"valueName":"search_term_string"}}],"inLanguage":"fr-FR"},{"@type":"Person","@id":"https:\/\/www.africa-press.net\/cameroun\/#\/schema\/person\/2b1cf3cd81a31e3cd26889ca66d677f1","name":"cfeditorfr"}]}},"_links":{"self":[{"href":"https:\/\/www.africa-press.net\/cameroun\/wp-json\/wp\/v2\/posts\/59579","targetHints":{"allow":["GET"]}}],"collection":[{"href":"https:\/\/www.africa-press.net\/cameroun\/wp-json\/wp\/v2\/posts"}],"about":[{"href":"https:\/\/www.africa-press.net\/cameroun\/wp-json\/wp\/v2\/types\/post"}],"author":[{"embeddable":true,"href":"https:\/\/www.africa-press.net\/cameroun\/wp-json\/wp\/v2\/users\/82"}],"replies":[{"embeddable":true,"href":"https:\/\/www.africa-press.net\/cameroun\/wp-json\/wp\/v2\/comments?post=59579"}],"version-history":[{"count":0,"href":"https:\/\/www.africa-press.net\/cameroun\/wp-json\/wp\/v2\/posts\/59579\/revisions"}],"wp:featuredmedia":[{"embeddable":true,"href":"https:\/\/www.africa-press.net\/cameroun\/wp-json\/wp\/v2\/media\/59577"}],"wp:attachment":[{"href":"https:\/\/www.africa-press.net\/cameroun\/wp-json\/wp\/v2\/media?parent=59579"}],"wp:term":[{"taxonomy":"category","embeddable":true,"href":"https:\/\/www.africa-press.net\/cameroun\/wp-json\/wp\/v2\/categories?post=59579"},{"taxonomy":"post_tag","embeddable":true,"href":"https:\/\/www.africa-press.net\/cameroun\/wp-json\/wp\/v2\/tags?post=59579"}],"curies":[{"name":"wp","href":"https:\/\/api.w.org\/{rel}","templated":true}]}}