{"id":59634,"date":"2023-12-31T21:19:12","date_gmt":"2023-12-31T21:19:12","guid":{"rendered":"https:\/\/www.africa-press.net\/cameroun\/politique\/paul-biya-frappe-fort-les-enseignants-grevistes-prevenus-lors-de-son-discours-de-fin-dannee"},"modified":"2024-01-02T02:48:16","modified_gmt":"2024-01-02T02:48:16","slug":"paul-biya-frappe-fort-les-enseignants-grevistes-prevenus-lors-de-son-discours-de-fin-dannee","status":"publish","type":"post","link":"https:\/\/www.africa-press.net\/cameroun\/politique\/paul-biya-frappe-fort-les-enseignants-grevistes-prevenus-lors-de-son-discours-de-fin-dannee","title":{"rendered":"Paul Biya frappe fort : les enseignants gr\u00e9vistes pr\u00e9venus lors de son discours de fin d&rsquo;ann\u00e9e"},"content":{"rendered":"<p><span style=\"color: #ff6600\"><strong>Africa-Press &#8211; Cameroun. <\/strong><\/span>Dans son discours de fin d&rsquo;anne\u0301e, le pre\u0301sident Paul Biya a e\u0301mis une se\u0301ve\u0300re mise en garde, affirmant que l&rsquo;E\u0301tat ne tole\u0301rera pas que l&rsquo;e\u0301ducation nationale soit \u00ab\u00a0prise en otage\u00a0\u00bb par des mouvements de gre\u0300ve enseignante persistants.<\/p>\n<p>Le chef de l&rsquo;E\u0301tat a reconnu que malgre\u0301 les efforts du gouvernement, le secteur de l&rsquo;e\u0301ducation nationale demeure instable. \u00ab\u00a0Mes chers compatriotes, permettez-moi a\u0300 pre\u0301sent de dire quelques mots sur le secteur de l&rsquo;e\u0301ducation nationale. Malgre\u0301 les efforts du Gouvernement, la se\u0301re\u0301nite\u0301 n\u2019y est en effet pas comple\u0300tement revenue\u00a0\u00bb, a souligne\u0301 Paul Biya dans son allocution.<\/p>\n<p>Le pre\u0301sident a rappele\u0301 que des mesures significatives ont e\u0301te\u0301 prises pour re\u0301pondre aux pre\u0301occupations des enseignants, de\u0301bloquant plus de 72 milliards de francs CFA en 2023 pour couvrir les de\u0301penses associe\u0301es. De plus, une provision comple\u0301mentaire de 102 milliards de francs CFA a e\u0301te\u0301 constitue\u0301e dans le budget de l&rsquo;E\u0301tat pour l&rsquo;anne\u0301e 2024 afin d&rsquo;apurer les de\u0301penses re\u0301siduelles.<\/p>\n<p>Cependant, Paul Biya a averti fermement les enseignants qui pourraient persister dans les mouvements de gre\u0300ve. \u00ab\u00a0Il sera de\u0300s lors difficilement admissible que l&rsquo;e\u0301ducation de nos enfants continue d&rsquo;e\u0302tre prise en otage par une frange d&rsquo;enseignants, dont les motivations re\u0301elles semblent s&rsquo;e\u0301carter des objectifs affiche\u0301s\u00a0\u00bb, a-t-il de\u0301clare\u0301.<\/p>\n<p>Le pre\u0301sident a souligne\u0301 son engagement envers les enseignants, tout en e\u0301tant intransigeant sur le droit a\u0300 l&rsquo;e\u0301ducation des jeunes. Des mesures fermes seront prises pour garantir que les enfants ne soient pas prive\u0301s d&rsquo;une e\u0301ducation de qualite\u0301, a-t-il ajoute\u0301. Paul Biya a e\u0301galement annonce\u0301 la poursuite d&rsquo;un dialogue constructif avec les syndicats reconnus pour re\u0301soudre les pre\u0301occupations des enseignants.<\/p>\n<p>Cette de\u0301claration pre\u0301sidentielle marque une position ferme vis-a\u0300-vis des mouvements de gre\u0300ve dans le secteur de l&rsquo;e\u0301ducation, soulignant l&rsquo;importance cruciale de garantir une e\u0301ducation de qualite\u0301 pour la jeunesse camerounaise.<\/p>\n<p><strong>Pour plus d&rsquo;informations et d&rsquo;analyses sur la <a href=\"https:\/\/www.africa-press.net\/cameroun\">Cameroun<\/a>, suivez <a href=\"https:\/\/www.africa-press.net\/\">Africa-Press<\/a><\/strong><\/p>\n","protected":false},"excerpt":{"rendered":"<p>Africa-Press &#8211; Cameroun. Dans son discours de fin d&rsquo;anne\u0301e, le pre\u0301sident Paul Biya a e\u0301mis une se\u0301ve\u0300re mise en garde, affirmant que l&rsquo;E\u0301tat ne tole\u0301rera pas que l&rsquo;e\u0301ducation nationale soit \u00ab\u00a0prise en otage\u00a0\u00bb par des mouvements de gre\u0300ve enseignante persistants. Le chef de l&rsquo;E\u0301tat a reconnu que malgre\u0301 les efforts du gouvernement, le secteur de [&hellip;]<\/p>\n","protected":false},"author":82,"featured_media":59633,"comment_status":"open","ping_status":"closed","sticky":false,"template":"","format":"standard","meta":{"footnotes":""},"categories":[2,10],"tags":[36,50,49],"class_list":["post-59634","post","type-post","status-publish","format-standard","has-post-thumbnail","hentry","category-politique","category-toutes-les-actualites","tag-africa-press","tag-africa-press-cameroun","tag-cameroun"],"yoast_head":"<!-- This site is optimized with the Yoast SEO Premium plugin v26.1 (Yoast SEO v27.0) - https:\/\/yoast.com\/product\/yoast-seo-premium-wordpress\/ -->\n<title>Paul Biya frappe fort : les enseignants gr\u00e9vistes pr\u00e9venus lors de son discours de fin d&#039;ann\u00e9e - Cameroun<\/title>\n<meta name=\"description\" content=\"Dans son discours de fin d&#039;anne\u0301e, le pre\u0301sident Paul Biya a e\u0301mis une se\u0301ve\u0300re mise en garde, affirmant que l&#039;E\u0301tat ne ...\" \/>\n<meta name=\"robots\" content=\"index, follow, max-snippet:-1, max-image-preview:large, max-video-preview:-1\" \/>\n<link rel=\"canonical\" href=\"https:\/\/www.africa-press.net\/cameroun\/politique\/paul-biya-frappe-fort-les-enseignants-grevistes-prevenus-lors-de-son-discours-de-fin-dannee\" \/>\n<meta property=\"og:locale\" content=\"fr_FR\" \/>\n<meta property=\"og:type\" content=\"article\" \/>\n<meta property=\"og:title\" content=\"Paul Biya frappe fort : les enseignants gr\u00e9vistes pr\u00e9venus lors de son discours de fin d&#039;ann\u00e9e\" \/>\n<meta property=\"og:description\" content=\"Dans son discours de fin d&#039;anne\u0301e, le pre\u0301sident Paul Biya a e\u0301mis une se\u0301ve\u0300re mise en garde, affirmant que l&#039;E\u0301tat ne ...\" \/>\n<meta property=\"og:url\" content=\"https:\/\/www.africa-press.net\/cameroun\/politique\/paul-biya-frappe-fort-les-enseignants-grevistes-prevenus-lors-de-son-discours-de-fin-dannee\" \/>\n<meta property=\"og:site_name\" content=\"Cameroun\" \/>\n<meta property=\"article:published_time\" content=\"2023-12-31T21:19:12+00:00\" \/>\n<meta property=\"article:modified_time\" content=\"2024-01-02T02:48:16+00:00\" \/>\n<meta property=\"og:image\" content=\"https:\/\/static.africa-press.net\/cameroun\/sites\/57\/2024\/01\/sm_1704150913.073721.jpg\" \/>\n\t<meta property=\"og:image:width\" content=\"720\" \/>\n\t<meta property=\"og:image:height\" content=\"477\" \/>\n\t<meta property=\"og:image:type\" content=\"image\/jpeg\" \/>\n<meta name=\"author\" content=\"cfeditorfr\" \/>\n<meta name=\"twitter:card\" content=\"summary_large_image\" \/>\n<meta name=\"twitter:label1\" content=\"\u00c9crit par\" \/>\n\t<meta name=\"twitter:data1\" content=\"cfeditorfr\" \/>\n\t<meta name=\"twitter:label2\" content=\"Dur\u00e9e de lecture estim\u00e9e\" \/>\n\t<meta name=\"twitter:data2\" content=\"2 minutes\" \/>\n<script type=\"application\/ld+json\" class=\"yoast-schema-graph\">{\"@context\":\"https:\/\/schema.org\",\"@graph\":[{\"@type\":\"Article\",\"@id\":\"https:\/\/www.africa-press.net\/cameroun\/politique\/paul-biya-frappe-fort-les-enseignants-grevistes-prevenus-lors-de-son-discours-de-fin-dannee#article\",\"isPartOf\":{\"@id\":\"https:\/\/www.africa-press.net\/cameroun\/politique\/paul-biya-frappe-fort-les-enseignants-grevistes-prevenus-lors-de-son-discours-de-fin-dannee\"},\"author\":{\"name\":\"cfeditorfr\",\"@id\":\"https:\/\/www.africa-press.net\/cameroun\/#\/schema\/person\/2b1cf3cd81a31e3cd26889ca66d677f1\"},\"headline\":\"Paul Biya frappe fort : les enseignants gr\u00e9vistes pr\u00e9venus lors de son discours de fin d&rsquo;ann\u00e9e\",\"datePublished\":\"2023-12-31T21:19:12+00:00\",\"dateModified\":\"2024-01-02T02:48:16+00:00\",\"mainEntityOfPage\":{\"@id\":\"https:\/\/www.africa-press.net\/cameroun\/politique\/paul-biya-frappe-fort-les-enseignants-grevistes-prevenus-lors-de-son-discours-de-fin-dannee\"},\"wordCount\":390,\"commentCount\":0,\"image\":{\"@id\":\"https:\/\/www.africa-press.net\/cameroun\/politique\/paul-biya-frappe-fort-les-enseignants-grevistes-prevenus-lors-de-son-discours-de-fin-dannee#primaryimage\"},\"thumbnailUrl\":\"https:\/\/static.africa-press.net\/cameroun\/sites\/57\/2024\/01\/sm_1704150913.073721.jpg\",\"keywords\":[\"Africa Press\",\"Africa Press-Cameroun\",\"Cameroun\"],\"articleSection\":[\"Politique\",\"Toutes les actualit\u00e9s\"],\"inLanguage\":\"fr-FR\",\"potentialAction\":[{\"@type\":\"CommentAction\",\"name\":\"Comment\",\"target\":[\"https:\/\/www.africa-press.net\/cameroun\/politique\/paul-biya-frappe-fort-les-enseignants-grevistes-prevenus-lors-de-son-discours-de-fin-dannee#respond\"]}]},{\"@type\":\"WebPage\",\"@id\":\"https:\/\/www.africa-press.net\/cameroun\/politique\/paul-biya-frappe-fort-les-enseignants-grevistes-prevenus-lors-de-son-discours-de-fin-dannee\",\"url\":\"https:\/\/www.africa-press.net\/cameroun\/politique\/paul-biya-frappe-fort-les-enseignants-grevistes-prevenus-lors-de-son-discours-de-fin-dannee\",\"name\":\"Paul Biya frappe fort : les enseignants gr\u00e9vistes pr\u00e9venus lors de son discours de fin d'ann\u00e9e - Cameroun\",\"isPartOf\":{\"@id\":\"https:\/\/www.africa-press.net\/cameroun\/#website\"},\"primaryImageOfPage\":{\"@id\":\"https:\/\/www.africa-press.net\/cameroun\/politique\/paul-biya-frappe-fort-les-enseignants-grevistes-prevenus-lors-de-son-discours-de-fin-dannee#primaryimage\"},\"image\":{\"@id\":\"https:\/\/www.africa-press.net\/cameroun\/politique\/paul-biya-frappe-fort-les-enseignants-grevistes-prevenus-lors-de-son-discours-de-fin-dannee#primaryimage\"},\"thumbnailUrl\":\"https:\/\/static.africa-press.net\/cameroun\/sites\/57\/2024\/01\/sm_1704150913.073721.jpg\",\"datePublished\":\"2023-12-31T21:19:12+00:00\",\"dateModified\":\"2024-01-02T02:48:16+00:00\",\"author\":{\"@id\":\"https:\/\/www.africa-press.net\/cameroun\/#\/schema\/person\/2b1cf3cd81a31e3cd26889ca66d677f1\"},\"description\":\"Dans son discours de fin d'anne\u0301e, le pre\u0301sident Paul Biya a e\u0301mis une se\u0301ve\u0300re mise en garde, affirmant que l'E\u0301tat ne ...\",\"breadcrumb\":{\"@id\":\"https:\/\/www.africa-press.net\/cameroun\/politique\/paul-biya-frappe-fort-les-enseignants-grevistes-prevenus-lors-de-son-discours-de-fin-dannee#breadcrumb\"},\"inLanguage\":\"fr-FR\",\"potentialAction\":[{\"@type\":\"ReadAction\",\"target\":[\"https:\/\/www.africa-press.net\/cameroun\/politique\/paul-biya-frappe-fort-les-enseignants-grevistes-prevenus-lors-de-son-discours-de-fin-dannee\"]}]},{\"@type\":\"ImageObject\",\"inLanguage\":\"fr-FR\",\"@id\":\"https:\/\/www.africa-press.net\/cameroun\/politique\/paul-biya-frappe-fort-les-enseignants-grevistes-prevenus-lors-de-son-discours-de-fin-dannee#primaryimage\",\"url\":\"https:\/\/static.africa-press.net\/cameroun\/sites\/57\/2024\/01\/sm_1704150913.073721.jpg\",\"contentUrl\":\"https:\/\/static.africa-press.net\/cameroun\/sites\/57\/2024\/01\/sm_1704150913.073721.jpg\",\"width\":720,\"height\":477,\"caption\":\"Paul Biya frappe fort : les enseignants gr\u00e9vistes pr\u00e9venus lors de son discours de fin d'ann\u00e9e\"},{\"@type\":\"BreadcrumbList\",\"@id\":\"https:\/\/www.africa-press.net\/cameroun\/politique\/paul-biya-frappe-fort-les-enseignants-grevistes-prevenus-lors-de-son-discours-de-fin-dannee#breadcrumb\",\"itemListElement\":[{\"@type\":\"ListItem\",\"position\":1,\"name\":\"Accueil\",\"item\":\"https:\/\/www.africa-press.net\/cameroun\/\"},{\"@type\":\"ListItem\",\"position\":2,\"name\":\"Paul Biya frappe fort : les enseignants gr\u00e9vistes pr\u00e9venus lors de son discours de fin d&#8217;ann\u00e9e\"}]},{\"@type\":\"WebSite\",\"@id\":\"https:\/\/www.africa-press.net\/cameroun\/#website\",\"url\":\"https:\/\/www.africa-press.net\/cameroun\/\",\"name\":\"Cameroun\",\"description\":\"Just another Africa News Agency Sites site\",\"potentialAction\":[{\"@type\":\"SearchAction\",\"target\":{\"@type\":\"EntryPoint\",\"urlTemplate\":\"https:\/\/www.africa-press.net\/cameroun\/?s={search_term_string}\"},\"query-input\":{\"@type\":\"PropertyValueSpecification\",\"valueRequired\":true,\"valueName\":\"search_term_string\"}}],\"inLanguage\":\"fr-FR\"},{\"@type\":\"Person\",\"@id\":\"https:\/\/www.africa-press.net\/cameroun\/#\/schema\/person\/2b1cf3cd81a31e3cd26889ca66d677f1\",\"name\":\"cfeditorfr\"}]}<\/script>\n<!-- \/ Yoast SEO Premium plugin. -->","yoast_head_json":{"title":"Paul Biya frappe fort : les enseignants gr\u00e9vistes pr\u00e9venus lors de son discours de fin d'ann\u00e9e - Cameroun","description":"Dans son discours de fin d'anne\u0301e, le pre\u0301sident Paul Biya a e\u0301mis une se\u0301ve\u0300re mise en garde, affirmant que l'E\u0301tat ne ...","robots":{"index":"index","follow":"follow","max-snippet":"max-snippet:-1","max-image-preview":"max-image-preview:large","max-video-preview":"max-video-preview:-1"},"canonical":"https:\/\/www.africa-press.net\/cameroun\/politique\/paul-biya-frappe-fort-les-enseignants-grevistes-prevenus-lors-de-son-discours-de-fin-dannee","og_locale":"fr_FR","og_type":"article","og_title":"Paul Biya frappe fort : les enseignants gr\u00e9vistes pr\u00e9venus lors de son discours de fin d'ann\u00e9e","og_description":"Dans son discours de fin d'anne\u0301e, le pre\u0301sident Paul Biya a e\u0301mis une se\u0301ve\u0300re mise en garde, affirmant que l'E\u0301tat ne ...","og_url":"https:\/\/www.africa-press.net\/cameroun\/politique\/paul-biya-frappe-fort-les-enseignants-grevistes-prevenus-lors-de-son-discours-de-fin-dannee","og_site_name":"Cameroun","article_published_time":"2023-12-31T21:19:12+00:00","article_modified_time":"2024-01-02T02:48:16+00:00","og_image":[{"width":720,"height":477,"url":"https:\/\/static.africa-press.net\/cameroun\/sites\/57\/2024\/01\/sm_1704150913.073721.jpg","type":"image\/jpeg"}],"author":"cfeditorfr","twitter_card":"summary_large_image","twitter_misc":{"\u00c9crit par":"cfeditorfr","Dur\u00e9e de lecture estim\u00e9e":"2 minutes"},"schema":{"@context":"https:\/\/schema.org","@graph":[{"@type":"Article","@id":"https:\/\/www.africa-press.net\/cameroun\/politique\/paul-biya-frappe-fort-les-enseignants-grevistes-prevenus-lors-de-son-discours-de-fin-dannee#article","isPartOf":{"@id":"https:\/\/www.africa-press.net\/cameroun\/politique\/paul-biya-frappe-fort-les-enseignants-grevistes-prevenus-lors-de-son-discours-de-fin-dannee"},"author":{"name":"cfeditorfr","@id":"https:\/\/www.africa-press.net\/cameroun\/#\/schema\/person\/2b1cf3cd81a31e3cd26889ca66d677f1"},"headline":"Paul Biya frappe fort : les enseignants gr\u00e9vistes pr\u00e9venus lors de son discours de fin d&rsquo;ann\u00e9e","datePublished":"2023-12-31T21:19:12+00:00","dateModified":"2024-01-02T02:48:16+00:00","mainEntityOfPage":{"@id":"https:\/\/www.africa-press.net\/cameroun\/politique\/paul-biya-frappe-fort-les-enseignants-grevistes-prevenus-lors-de-son-discours-de-fin-dannee"},"wordCount":390,"commentCount":0,"image":{"@id":"https:\/\/www.africa-press.net\/cameroun\/politique\/paul-biya-frappe-fort-les-enseignants-grevistes-prevenus-lors-de-son-discours-de-fin-dannee#primaryimage"},"thumbnailUrl":"https:\/\/static.africa-press.net\/cameroun\/sites\/57\/2024\/01\/sm_1704150913.073721.jpg","keywords":["Africa Press","Africa Press-Cameroun","Cameroun"],"articleSection":["Politique","Toutes les actualit\u00e9s"],"inLanguage":"fr-FR","potentialAction":[{"@type":"CommentAction","name":"Comment","target":["https:\/\/www.africa-press.net\/cameroun\/politique\/paul-biya-frappe-fort-les-enseignants-grevistes-prevenus-lors-de-son-discours-de-fin-dannee#respond"]}]},{"@type":"WebPage","@id":"https:\/\/www.africa-press.net\/cameroun\/politique\/paul-biya-frappe-fort-les-enseignants-grevistes-prevenus-lors-de-son-discours-de-fin-dannee","url":"https:\/\/www.africa-press.net\/cameroun\/politique\/paul-biya-frappe-fort-les-enseignants-grevistes-prevenus-lors-de-son-discours-de-fin-dannee","name":"Paul Biya frappe fort : les enseignants gr\u00e9vistes pr\u00e9venus lors de son discours de fin d'ann\u00e9e - Cameroun","isPartOf":{"@id":"https:\/\/www.africa-press.net\/cameroun\/#website"},"primaryImageOfPage":{"@id":"https:\/\/www.africa-press.net\/cameroun\/politique\/paul-biya-frappe-fort-les-enseignants-grevistes-prevenus-lors-de-son-discours-de-fin-dannee#primaryimage"},"image":{"@id":"https:\/\/www.africa-press.net\/cameroun\/politique\/paul-biya-frappe-fort-les-enseignants-grevistes-prevenus-lors-de-son-discours-de-fin-dannee#primaryimage"},"thumbnailUrl":"https:\/\/static.africa-press.net\/cameroun\/sites\/57\/2024\/01\/sm_1704150913.073721.jpg","datePublished":"2023-12-31T21:19:12+00:00","dateModified":"2024-01-02T02:48:16+00:00","author":{"@id":"https:\/\/www.africa-press.net\/cameroun\/#\/schema\/person\/2b1cf3cd81a31e3cd26889ca66d677f1"},"description":"Dans son discours de fin d'anne\u0301e, le pre\u0301sident Paul Biya a e\u0301mis une se\u0301ve\u0300re mise en garde, affirmant que l'E\u0301tat ne ...","breadcrumb":{"@id":"https:\/\/www.africa-press.net\/cameroun\/politique\/paul-biya-frappe-fort-les-enseignants-grevistes-prevenus-lors-de-son-discours-de-fin-dannee#breadcrumb"},"inLanguage":"fr-FR","potentialAction":[{"@type":"ReadAction","target":["https:\/\/www.africa-press.net\/cameroun\/politique\/paul-biya-frappe-fort-les-enseignants-grevistes-prevenus-lors-de-son-discours-de-fin-dannee"]}]},{"@type":"ImageObject","inLanguage":"fr-FR","@id":"https:\/\/www.africa-press.net\/cameroun\/politique\/paul-biya-frappe-fort-les-enseignants-grevistes-prevenus-lors-de-son-discours-de-fin-dannee#primaryimage","url":"https:\/\/static.africa-press.net\/cameroun\/sites\/57\/2024\/01\/sm_1704150913.073721.jpg","contentUrl":"https:\/\/static.africa-press.net\/cameroun\/sites\/57\/2024\/01\/sm_1704150913.073721.jpg","width":720,"height":477,"caption":"Paul Biya frappe fort : les enseignants gr\u00e9vistes pr\u00e9venus lors de son discours de fin d'ann\u00e9e"},{"@type":"BreadcrumbList","@id":"https:\/\/www.africa-press.net\/cameroun\/politique\/paul-biya-frappe-fort-les-enseignants-grevistes-prevenus-lors-de-son-discours-de-fin-dannee#breadcrumb","itemListElement":[{"@type":"ListItem","position":1,"name":"Accueil","item":"https:\/\/www.africa-press.net\/cameroun\/"},{"@type":"ListItem","position":2,"name":"Paul Biya frappe fort : les enseignants gr\u00e9vistes pr\u00e9venus lors de son discours de fin d&#8217;ann\u00e9e"}]},{"@type":"WebSite","@id":"https:\/\/www.africa-press.net\/cameroun\/#website","url":"https:\/\/www.africa-press.net\/cameroun\/","name":"Cameroun","description":"Just another Africa News Agency Sites site","potentialAction":[{"@type":"SearchAction","target":{"@type":"EntryPoint","urlTemplate":"https:\/\/www.africa-press.net\/cameroun\/?s={search_term_string}"},"query-input":{"@type":"PropertyValueSpecification","valueRequired":true,"valueName":"search_term_string"}}],"inLanguage":"fr-FR"},{"@type":"Person","@id":"https:\/\/www.africa-press.net\/cameroun\/#\/schema\/person\/2b1cf3cd81a31e3cd26889ca66d677f1","name":"cfeditorfr"}]}},"_links":{"self":[{"href":"https:\/\/www.africa-press.net\/cameroun\/wp-json\/wp\/v2\/posts\/59634","targetHints":{"allow":["GET"]}}],"collection":[{"href":"https:\/\/www.africa-press.net\/cameroun\/wp-json\/wp\/v2\/posts"}],"about":[{"href":"https:\/\/www.africa-press.net\/cameroun\/wp-json\/wp\/v2\/types\/post"}],"author":[{"embeddable":true,"href":"https:\/\/www.africa-press.net\/cameroun\/wp-json\/wp\/v2\/users\/82"}],"replies":[{"embeddable":true,"href":"https:\/\/www.africa-press.net\/cameroun\/wp-json\/wp\/v2\/comments?post=59634"}],"version-history":[{"count":0,"href":"https:\/\/www.africa-press.net\/cameroun\/wp-json\/wp\/v2\/posts\/59634\/revisions"}],"wp:featuredmedia":[{"embeddable":true,"href":"https:\/\/www.africa-press.net\/cameroun\/wp-json\/wp\/v2\/media\/59633"}],"wp:attachment":[{"href":"https:\/\/www.africa-press.net\/cameroun\/wp-json\/wp\/v2\/media?parent=59634"}],"wp:term":[{"taxonomy":"category","embeddable":true,"href":"https:\/\/www.africa-press.net\/cameroun\/wp-json\/wp\/v2\/categories?post=59634"},{"taxonomy":"post_tag","embeddable":true,"href":"https:\/\/www.africa-press.net\/cameroun\/wp-json\/wp\/v2\/tags?post=59634"}],"curies":[{"name":"wp","href":"https:\/\/api.w.org\/{rel}","templated":true}]}}