{"id":59652,"date":"2024-01-01T21:19:59","date_gmt":"2024-01-01T21:19:59","guid":{"rendered":"https:\/\/www.africa-press.net\/cameroun\/politique\/fin-dannee-le-discours-de-maurice-kamto-qui-fait-trembler-etoudi-la-peur-a-change-de-camp"},"modified":"2024-01-02T02:53:50","modified_gmt":"2024-01-02T02:53:50","slug":"fin-dannee-le-discours-de-maurice-kamto-qui-fait-trembler-etoudi-la-peur-a-change-de-camp","status":"publish","type":"post","link":"https:\/\/www.africa-press.net\/cameroun\/politique\/fin-dannee-le-discours-de-maurice-kamto-qui-fait-trembler-etoudi-la-peur-a-change-de-camp","title":{"rendered":"Fin d&rsquo;ann\u00e9e : le discours de Maurice Kamto qui fait trembler Etoudi, la peur a chang\u00e9 de camp"},"content":{"rendered":"<p><span style=\"color: #ff6600\"><strong>Africa-Press &#8211; Cameroun. <\/strong><\/span>Dans son discours de fin d&rsquo;anne\u0301e diffuse\u0301 en simultane\u0301 avec celui du pre\u0301sident Paul Biya, Maurice Kamto, pre\u0301sident du Mouvement pour la Renaissance du Cameroun (MRC), a lance\u0301 un appel fervent a\u0300 l&rsquo;unite\u0301 contre ce qu&rsquo;il qualifie de \u00ab\u00a0proble\u0300me du Cameroun\u00a0\u00bb &#8211; le re\u0301gime en place.<\/p>\n<p>Kamto a vivement critique\u0301 le gouvernement de Biya, soulignant les lacunes dans divers secteurs tels que l&rsquo;e\u0301conomie, les e\u0301quipements sociaux, la se\u0301curite\u0301, et la gouvernance. Le leader de l&rsquo;opposition a mis en avant les de\u0301fis majeurs du pays, dont la corruption persistante, la diminution des liberte\u0301s de la presse et des droits de l&rsquo;homme, ainsi que la de\u0301te\u0301rioration des conditions de vie marque\u0301e par une inflation des prix et des perturbations dans les services essentiels.<\/p>\n<p>Face a\u0300 ces enjeux, Kamto a appele\u0301 a\u0300 la formation d&rsquo;une coalition d&rsquo;opposition, le PAC, encourageant me\u0302me les membres du parti au pouvoir, le RDPC, a\u0300 rejoindre cette initiative s&rsquo;ils partagent la conviction que le re\u0301gime actuel ne peut plus servir les inte\u0301re\u0302ts du Cameroun.<\/p>\n<p>Cet appel intervient a\u0300 l&rsquo;approche des e\u0301lections de 2025, alors que le pre\u0301sident Biya, au pouvoir depuis 41 ans, suscite des interrogations quant a\u0300 sa volonte\u0301 de ce\u0301der le pouvoir malgre\u0301 son a\u0302ge avance\u0301. Les partisans du RDPC re\u0301clament sa candidature, soulignant leur confiance \u00ab\u00a0massive\u00a0\u00bb envers lui.<\/p>\n<p>Les perspectives divergentes entre le gouvernement actuel et l&rsquo;opposition, ainsi que la nette de\u0301marcation des proble\u0300mes persistants, pre\u0301parent le terrain a\u0300 une dynamique politique intense en vue des e\u0301lections cruciales. L&rsquo;appel de Kamto re\u0301sonne avec une population confronte\u0301e a\u0300 des de\u0301fis e\u0301conomiques, des proble\u0300mes infrastructurels, et les conse\u0301quences persistantes des conflits arme\u0301s.<\/p>\n<p><strong>Pour plus d&rsquo;informations et d&rsquo;analyses sur la <a href=\"https:\/\/www.africa-press.net\/cameroun\">Cameroun<\/a>, suivez <a href=\"https:\/\/www.africa-press.net\/\">Africa-Press<\/a><\/strong><\/p>\n","protected":false},"excerpt":{"rendered":"<p>Africa-Press &#8211; Cameroun. Dans son discours de fin d&rsquo;anne\u0301e diffuse\u0301 en simultane\u0301 avec celui du pre\u0301sident Paul Biya, Maurice Kamto, pre\u0301sident du Mouvement pour la Renaissance du Cameroun (MRC), a lance\u0301 un appel fervent a\u0300 l&rsquo;unite\u0301 contre ce qu&rsquo;il qualifie de \u00ab\u00a0proble\u0300me du Cameroun\u00a0\u00bb &#8211; le re\u0301gime en place. Kamto a vivement critique\u0301 le gouvernement [&hellip;]<\/p>\n","protected":false},"author":82,"featured_media":59651,"comment_status":"open","ping_status":"closed","sticky":false,"template":"","format":"standard","meta":{"footnotes":""},"categories":[2,10],"tags":[36,50,49],"class_list":["post-59652","post","type-post","status-publish","format-standard","has-post-thumbnail","hentry","category-politique","category-toutes-les-actualites","tag-africa-press","tag-africa-press-cameroun","tag-cameroun"],"yoast_head":"<!-- This site is optimized with the Yoast SEO Premium plugin v26.1 (Yoast SEO v27.0) - https:\/\/yoast.com\/product\/yoast-seo-premium-wordpress\/ -->\n<title>Fin d&#039;ann\u00e9e : le discours de Maurice Kamto qui fait trembler Etoudi, la peur a chang\u00e9 de camp - Cameroun<\/title>\n<meta name=\"description\" content=\"Dans son discours de fin d&#039;anne\u0301e diffuse\u0301 en simultane\u0301 avec celui du pre\u0301sident Paul Biya, Maurice Kamto, pre\u0301sident d ...\" \/>\n<meta name=\"robots\" content=\"index, follow, max-snippet:-1, max-image-preview:large, max-video-preview:-1\" \/>\n<link rel=\"canonical\" href=\"https:\/\/www.africa-press.net\/cameroun\/politique\/fin-dannee-le-discours-de-maurice-kamto-qui-fait-trembler-etoudi-la-peur-a-change-de-camp\" \/>\n<meta property=\"og:locale\" content=\"fr_FR\" \/>\n<meta property=\"og:type\" content=\"article\" \/>\n<meta property=\"og:title\" content=\"Fin d&#039;ann\u00e9e : le discours de Maurice Kamto qui fait trembler Etoudi, la peur a chang\u00e9 de camp\" \/>\n<meta property=\"og:description\" content=\"Dans son discours de fin d&#039;anne\u0301e diffuse\u0301 en simultane\u0301 avec celui du pre\u0301sident Paul Biya, Maurice Kamto, pre\u0301sident d ...\" \/>\n<meta property=\"og:url\" content=\"https:\/\/www.africa-press.net\/cameroun\/politique\/fin-dannee-le-discours-de-maurice-kamto-qui-fait-trembler-etoudi-la-peur-a-change-de-camp\" \/>\n<meta property=\"og:site_name\" content=\"Cameroun\" \/>\n<meta property=\"article:published_time\" content=\"2024-01-01T21:19:59+00:00\" \/>\n<meta property=\"article:modified_time\" content=\"2024-01-02T02:53:50+00:00\" \/>\n<meta property=\"og:image\" content=\"https:\/\/static.africa-press.net\/cameroun\/sites\/57\/2024\/01\/sm_1704151300.111403.jpg\" \/>\n\t<meta property=\"og:image:width\" content=\"720\" \/>\n\t<meta property=\"og:image:height\" content=\"404\" \/>\n\t<meta property=\"og:image:type\" content=\"image\/jpeg\" \/>\n<meta name=\"author\" content=\"cfeditorfr\" \/>\n<meta name=\"twitter:card\" content=\"summary_large_image\" \/>\n<meta name=\"twitter:label1\" content=\"\u00c9crit par\" \/>\n\t<meta name=\"twitter:data1\" content=\"cfeditorfr\" \/>\n\t<meta name=\"twitter:label2\" content=\"Dur\u00e9e de lecture estim\u00e9e\" \/>\n\t<meta name=\"twitter:data2\" content=\"2 minutes\" \/>\n<script type=\"application\/ld+json\" class=\"yoast-schema-graph\">{\"@context\":\"https:\/\/schema.org\",\"@graph\":[{\"@type\":\"Article\",\"@id\":\"https:\/\/www.africa-press.net\/cameroun\/politique\/fin-dannee-le-discours-de-maurice-kamto-qui-fait-trembler-etoudi-la-peur-a-change-de-camp#article\",\"isPartOf\":{\"@id\":\"https:\/\/www.africa-press.net\/cameroun\/politique\/fin-dannee-le-discours-de-maurice-kamto-qui-fait-trembler-etoudi-la-peur-a-change-de-camp\"},\"author\":{\"name\":\"cfeditorfr\",\"@id\":\"https:\/\/www.africa-press.net\/cameroun\/#\/schema\/person\/2b1cf3cd81a31e3cd26889ca66d677f1\"},\"headline\":\"Fin d&rsquo;ann\u00e9e : le discours de Maurice Kamto qui fait trembler Etoudi, la peur a chang\u00e9 de camp\",\"datePublished\":\"2024-01-01T21:19:59+00:00\",\"dateModified\":\"2024-01-02T02:53:50+00:00\",\"mainEntityOfPage\":{\"@id\":\"https:\/\/www.africa-press.net\/cameroun\/politique\/fin-dannee-le-discours-de-maurice-kamto-qui-fait-trembler-etoudi-la-peur-a-change-de-camp\"},\"wordCount\":342,\"commentCount\":0,\"image\":{\"@id\":\"https:\/\/www.africa-press.net\/cameroun\/politique\/fin-dannee-le-discours-de-maurice-kamto-qui-fait-trembler-etoudi-la-peur-a-change-de-camp#primaryimage\"},\"thumbnailUrl\":\"https:\/\/static.africa-press.net\/cameroun\/sites\/57\/2024\/01\/sm_1704151300.111403.jpg\",\"keywords\":[\"Africa Press\",\"Africa Press-Cameroun\",\"Cameroun\"],\"articleSection\":[\"Politique\",\"Toutes les actualit\u00e9s\"],\"inLanguage\":\"fr-FR\",\"potentialAction\":[{\"@type\":\"CommentAction\",\"name\":\"Comment\",\"target\":[\"https:\/\/www.africa-press.net\/cameroun\/politique\/fin-dannee-le-discours-de-maurice-kamto-qui-fait-trembler-etoudi-la-peur-a-change-de-camp#respond\"]}]},{\"@type\":\"WebPage\",\"@id\":\"https:\/\/www.africa-press.net\/cameroun\/politique\/fin-dannee-le-discours-de-maurice-kamto-qui-fait-trembler-etoudi-la-peur-a-change-de-camp\",\"url\":\"https:\/\/www.africa-press.net\/cameroun\/politique\/fin-dannee-le-discours-de-maurice-kamto-qui-fait-trembler-etoudi-la-peur-a-change-de-camp\",\"name\":\"Fin d'ann\u00e9e : le discours de Maurice Kamto qui fait trembler Etoudi, la peur a chang\u00e9 de camp - Cameroun\",\"isPartOf\":{\"@id\":\"https:\/\/www.africa-press.net\/cameroun\/#website\"},\"primaryImageOfPage\":{\"@id\":\"https:\/\/www.africa-press.net\/cameroun\/politique\/fin-dannee-le-discours-de-maurice-kamto-qui-fait-trembler-etoudi-la-peur-a-change-de-camp#primaryimage\"},\"image\":{\"@id\":\"https:\/\/www.africa-press.net\/cameroun\/politique\/fin-dannee-le-discours-de-maurice-kamto-qui-fait-trembler-etoudi-la-peur-a-change-de-camp#primaryimage\"},\"thumbnailUrl\":\"https:\/\/static.africa-press.net\/cameroun\/sites\/57\/2024\/01\/sm_1704151300.111403.jpg\",\"datePublished\":\"2024-01-01T21:19:59+00:00\",\"dateModified\":\"2024-01-02T02:53:50+00:00\",\"author\":{\"@id\":\"https:\/\/www.africa-press.net\/cameroun\/#\/schema\/person\/2b1cf3cd81a31e3cd26889ca66d677f1\"},\"description\":\"Dans son discours de fin d'anne\u0301e diffuse\u0301 en simultane\u0301 avec celui du pre\u0301sident Paul Biya, Maurice Kamto, pre\u0301sident d ...\",\"breadcrumb\":{\"@id\":\"https:\/\/www.africa-press.net\/cameroun\/politique\/fin-dannee-le-discours-de-maurice-kamto-qui-fait-trembler-etoudi-la-peur-a-change-de-camp#breadcrumb\"},\"inLanguage\":\"fr-FR\",\"potentialAction\":[{\"@type\":\"ReadAction\",\"target\":[\"https:\/\/www.africa-press.net\/cameroun\/politique\/fin-dannee-le-discours-de-maurice-kamto-qui-fait-trembler-etoudi-la-peur-a-change-de-camp\"]}]},{\"@type\":\"ImageObject\",\"inLanguage\":\"fr-FR\",\"@id\":\"https:\/\/www.africa-press.net\/cameroun\/politique\/fin-dannee-le-discours-de-maurice-kamto-qui-fait-trembler-etoudi-la-peur-a-change-de-camp#primaryimage\",\"url\":\"https:\/\/static.africa-press.net\/cameroun\/sites\/57\/2024\/01\/sm_1704151300.111403.jpg\",\"contentUrl\":\"https:\/\/static.africa-press.net\/cameroun\/sites\/57\/2024\/01\/sm_1704151300.111403.jpg\",\"width\":720,\"height\":404,\"caption\":\"Fin d'ann\u00e9e : le discours de Maurice Kamto qui fait trembler Etoudi, la peur a chang\u00e9 de camp\"},{\"@type\":\"BreadcrumbList\",\"@id\":\"https:\/\/www.africa-press.net\/cameroun\/politique\/fin-dannee-le-discours-de-maurice-kamto-qui-fait-trembler-etoudi-la-peur-a-change-de-camp#breadcrumb\",\"itemListElement\":[{\"@type\":\"ListItem\",\"position\":1,\"name\":\"Accueil\",\"item\":\"https:\/\/www.africa-press.net\/cameroun\/\"},{\"@type\":\"ListItem\",\"position\":2,\"name\":\"Fin d&#8217;ann\u00e9e : le discours de Maurice Kamto qui fait trembler Etoudi, la peur a chang\u00e9 de camp\"}]},{\"@type\":\"WebSite\",\"@id\":\"https:\/\/www.africa-press.net\/cameroun\/#website\",\"url\":\"https:\/\/www.africa-press.net\/cameroun\/\",\"name\":\"Cameroun\",\"description\":\"Just another Africa News Agency Sites site\",\"potentialAction\":[{\"@type\":\"SearchAction\",\"target\":{\"@type\":\"EntryPoint\",\"urlTemplate\":\"https:\/\/www.africa-press.net\/cameroun\/?s={search_term_string}\"},\"query-input\":{\"@type\":\"PropertyValueSpecification\",\"valueRequired\":true,\"valueName\":\"search_term_string\"}}],\"inLanguage\":\"fr-FR\"},{\"@type\":\"Person\",\"@id\":\"https:\/\/www.africa-press.net\/cameroun\/#\/schema\/person\/2b1cf3cd81a31e3cd26889ca66d677f1\",\"name\":\"cfeditorfr\"}]}<\/script>\n<!-- \/ Yoast SEO Premium plugin. -->","yoast_head_json":{"title":"Fin d'ann\u00e9e : le discours de Maurice Kamto qui fait trembler Etoudi, la peur a chang\u00e9 de camp - Cameroun","description":"Dans son discours de fin d'anne\u0301e diffuse\u0301 en simultane\u0301 avec celui du pre\u0301sident Paul Biya, Maurice Kamto, pre\u0301sident d ...","robots":{"index":"index","follow":"follow","max-snippet":"max-snippet:-1","max-image-preview":"max-image-preview:large","max-video-preview":"max-video-preview:-1"},"canonical":"https:\/\/www.africa-press.net\/cameroun\/politique\/fin-dannee-le-discours-de-maurice-kamto-qui-fait-trembler-etoudi-la-peur-a-change-de-camp","og_locale":"fr_FR","og_type":"article","og_title":"Fin d'ann\u00e9e : le discours de Maurice Kamto qui fait trembler Etoudi, la peur a chang\u00e9 de camp","og_description":"Dans son discours de fin d'anne\u0301e diffuse\u0301 en simultane\u0301 avec celui du pre\u0301sident Paul Biya, Maurice Kamto, pre\u0301sident d ...","og_url":"https:\/\/www.africa-press.net\/cameroun\/politique\/fin-dannee-le-discours-de-maurice-kamto-qui-fait-trembler-etoudi-la-peur-a-change-de-camp","og_site_name":"Cameroun","article_published_time":"2024-01-01T21:19:59+00:00","article_modified_time":"2024-01-02T02:53:50+00:00","og_image":[{"width":720,"height":404,"url":"https:\/\/static.africa-press.net\/cameroun\/sites\/57\/2024\/01\/sm_1704151300.111403.jpg","type":"image\/jpeg"}],"author":"cfeditorfr","twitter_card":"summary_large_image","twitter_misc":{"\u00c9crit par":"cfeditorfr","Dur\u00e9e de lecture estim\u00e9e":"2 minutes"},"schema":{"@context":"https:\/\/schema.org","@graph":[{"@type":"Article","@id":"https:\/\/www.africa-press.net\/cameroun\/politique\/fin-dannee-le-discours-de-maurice-kamto-qui-fait-trembler-etoudi-la-peur-a-change-de-camp#article","isPartOf":{"@id":"https:\/\/www.africa-press.net\/cameroun\/politique\/fin-dannee-le-discours-de-maurice-kamto-qui-fait-trembler-etoudi-la-peur-a-change-de-camp"},"author":{"name":"cfeditorfr","@id":"https:\/\/www.africa-press.net\/cameroun\/#\/schema\/person\/2b1cf3cd81a31e3cd26889ca66d677f1"},"headline":"Fin d&rsquo;ann\u00e9e : le discours de Maurice Kamto qui fait trembler Etoudi, la peur a chang\u00e9 de camp","datePublished":"2024-01-01T21:19:59+00:00","dateModified":"2024-01-02T02:53:50+00:00","mainEntityOfPage":{"@id":"https:\/\/www.africa-press.net\/cameroun\/politique\/fin-dannee-le-discours-de-maurice-kamto-qui-fait-trembler-etoudi-la-peur-a-change-de-camp"},"wordCount":342,"commentCount":0,"image":{"@id":"https:\/\/www.africa-press.net\/cameroun\/politique\/fin-dannee-le-discours-de-maurice-kamto-qui-fait-trembler-etoudi-la-peur-a-change-de-camp#primaryimage"},"thumbnailUrl":"https:\/\/static.africa-press.net\/cameroun\/sites\/57\/2024\/01\/sm_1704151300.111403.jpg","keywords":["Africa Press","Africa Press-Cameroun","Cameroun"],"articleSection":["Politique","Toutes les actualit\u00e9s"],"inLanguage":"fr-FR","potentialAction":[{"@type":"CommentAction","name":"Comment","target":["https:\/\/www.africa-press.net\/cameroun\/politique\/fin-dannee-le-discours-de-maurice-kamto-qui-fait-trembler-etoudi-la-peur-a-change-de-camp#respond"]}]},{"@type":"WebPage","@id":"https:\/\/www.africa-press.net\/cameroun\/politique\/fin-dannee-le-discours-de-maurice-kamto-qui-fait-trembler-etoudi-la-peur-a-change-de-camp","url":"https:\/\/www.africa-press.net\/cameroun\/politique\/fin-dannee-le-discours-de-maurice-kamto-qui-fait-trembler-etoudi-la-peur-a-change-de-camp","name":"Fin d'ann\u00e9e : le discours de Maurice Kamto qui fait trembler Etoudi, la peur a chang\u00e9 de camp - Cameroun","isPartOf":{"@id":"https:\/\/www.africa-press.net\/cameroun\/#website"},"primaryImageOfPage":{"@id":"https:\/\/www.africa-press.net\/cameroun\/politique\/fin-dannee-le-discours-de-maurice-kamto-qui-fait-trembler-etoudi-la-peur-a-change-de-camp#primaryimage"},"image":{"@id":"https:\/\/www.africa-press.net\/cameroun\/politique\/fin-dannee-le-discours-de-maurice-kamto-qui-fait-trembler-etoudi-la-peur-a-change-de-camp#primaryimage"},"thumbnailUrl":"https:\/\/static.africa-press.net\/cameroun\/sites\/57\/2024\/01\/sm_1704151300.111403.jpg","datePublished":"2024-01-01T21:19:59+00:00","dateModified":"2024-01-02T02:53:50+00:00","author":{"@id":"https:\/\/www.africa-press.net\/cameroun\/#\/schema\/person\/2b1cf3cd81a31e3cd26889ca66d677f1"},"description":"Dans son discours de fin d'anne\u0301e diffuse\u0301 en simultane\u0301 avec celui du pre\u0301sident Paul Biya, Maurice Kamto, pre\u0301sident d ...","breadcrumb":{"@id":"https:\/\/www.africa-press.net\/cameroun\/politique\/fin-dannee-le-discours-de-maurice-kamto-qui-fait-trembler-etoudi-la-peur-a-change-de-camp#breadcrumb"},"inLanguage":"fr-FR","potentialAction":[{"@type":"ReadAction","target":["https:\/\/www.africa-press.net\/cameroun\/politique\/fin-dannee-le-discours-de-maurice-kamto-qui-fait-trembler-etoudi-la-peur-a-change-de-camp"]}]},{"@type":"ImageObject","inLanguage":"fr-FR","@id":"https:\/\/www.africa-press.net\/cameroun\/politique\/fin-dannee-le-discours-de-maurice-kamto-qui-fait-trembler-etoudi-la-peur-a-change-de-camp#primaryimage","url":"https:\/\/static.africa-press.net\/cameroun\/sites\/57\/2024\/01\/sm_1704151300.111403.jpg","contentUrl":"https:\/\/static.africa-press.net\/cameroun\/sites\/57\/2024\/01\/sm_1704151300.111403.jpg","width":720,"height":404,"caption":"Fin d'ann\u00e9e : le discours de Maurice Kamto qui fait trembler Etoudi, la peur a chang\u00e9 de camp"},{"@type":"BreadcrumbList","@id":"https:\/\/www.africa-press.net\/cameroun\/politique\/fin-dannee-le-discours-de-maurice-kamto-qui-fait-trembler-etoudi-la-peur-a-change-de-camp#breadcrumb","itemListElement":[{"@type":"ListItem","position":1,"name":"Accueil","item":"https:\/\/www.africa-press.net\/cameroun\/"},{"@type":"ListItem","position":2,"name":"Fin d&#8217;ann\u00e9e : le discours de Maurice Kamto qui fait trembler Etoudi, la peur a chang\u00e9 de camp"}]},{"@type":"WebSite","@id":"https:\/\/www.africa-press.net\/cameroun\/#website","url":"https:\/\/www.africa-press.net\/cameroun\/","name":"Cameroun","description":"Just another Africa News Agency Sites site","potentialAction":[{"@type":"SearchAction","target":{"@type":"EntryPoint","urlTemplate":"https:\/\/www.africa-press.net\/cameroun\/?s={search_term_string}"},"query-input":{"@type":"PropertyValueSpecification","valueRequired":true,"valueName":"search_term_string"}}],"inLanguage":"fr-FR"},{"@type":"Person","@id":"https:\/\/www.africa-press.net\/cameroun\/#\/schema\/person\/2b1cf3cd81a31e3cd26889ca66d677f1","name":"cfeditorfr"}]}},"_links":{"self":[{"href":"https:\/\/www.africa-press.net\/cameroun\/wp-json\/wp\/v2\/posts\/59652","targetHints":{"allow":["GET"]}}],"collection":[{"href":"https:\/\/www.africa-press.net\/cameroun\/wp-json\/wp\/v2\/posts"}],"about":[{"href":"https:\/\/www.africa-press.net\/cameroun\/wp-json\/wp\/v2\/types\/post"}],"author":[{"embeddable":true,"href":"https:\/\/www.africa-press.net\/cameroun\/wp-json\/wp\/v2\/users\/82"}],"replies":[{"embeddable":true,"href":"https:\/\/www.africa-press.net\/cameroun\/wp-json\/wp\/v2\/comments?post=59652"}],"version-history":[{"count":0,"href":"https:\/\/www.africa-press.net\/cameroun\/wp-json\/wp\/v2\/posts\/59652\/revisions"}],"wp:featuredmedia":[{"embeddable":true,"href":"https:\/\/www.africa-press.net\/cameroun\/wp-json\/wp\/v2\/media\/59651"}],"wp:attachment":[{"href":"https:\/\/www.africa-press.net\/cameroun\/wp-json\/wp\/v2\/media?parent=59652"}],"wp:term":[{"taxonomy":"category","embeddable":true,"href":"https:\/\/www.africa-press.net\/cameroun\/wp-json\/wp\/v2\/categories?post=59652"},{"taxonomy":"post_tag","embeddable":true,"href":"https:\/\/www.africa-press.net\/cameroun\/wp-json\/wp\/v2\/tags?post=59652"}],"curies":[{"name":"wp","href":"https:\/\/api.w.org\/{rel}","templated":true}]}}