{"id":59678,"date":"2023-12-31T21:25:47","date_gmt":"2023-12-31T21:25:47","guid":{"rendered":"https:\/\/www.africa-press.net\/cameroun\/politique\/cameroun-greve-des-enseignants-paul-biya-frappe-du-poing-sur-la-table"},"modified":"2024-01-02T03:26:46","modified_gmt":"2024-01-02T03:26:46","slug":"cameroun-greve-des-enseignants-paul-biya-frappe-du-poing-sur-la-table","status":"publish","type":"post","link":"https:\/\/www.africa-press.net\/cameroun\/politique\/cameroun-greve-des-enseignants-paul-biya-frappe-du-poing-sur-la-table","title":{"rendered":"Cameroun-gr\u00e8ve des enseignants : Paul Biya frappe du poing sur la table"},"content":{"rendered":"<p><span style=\"color: #ff6600\"><strong>Africa-Press &#8211; Cameroun. <\/strong><\/span><b>Le chef de l\u2019Etat lors de son message de fin d\u2019anne\u0301e 2023 a\u0300 la Nation, met en garde \u00ab une frange d\u2019enseignants \u00bb qui prend \u00ab en otage l\u2019e\u0301ducation de nos enfants \u00bb.<\/b><\/p>\n<p>Un nouveau rebondissement dans la gre\u0300ve des enseignants au Cameroun. Le pre\u0301sident de la Re\u0301publique exprime son de\u0301saccord face a\u0300 la poursuite du de\u0301brayage dans les des e\u0301tablissements scolaires publics du secondaire. Cette action, \u00ab craie morte \u00bb ou \u00ab e\u0301cole morte \u00bb est mene\u0301e par des enseignants membres des mouvements OTS, OTA en s\u2019appuyant sur un mot d\u2019ordre e\u0301mis par le Syndicat des enseignants du Cameroun pour l\u2019Afrique (SECA). Malgre\u0301 le temps qui passe, ils ne de\u0301cole\u0300rent pas.<\/p>\n<p>\u00ab Pourtant, des efforts me\u0301ritoires ont, de l\u2019avis me\u0302me des concerne\u0301s, e\u0301te\u0301 consentis par le Gouvernement a\u0300 cet e\u0301gard. En dehors des nombreuses mesures de divers ordres qui ont e\u0301te\u0301 prises par les administrations concerne\u0301es, plus de 72 milliards de francs CFA ont e\u0301te\u0301 de\u0301bloque\u0301s en 2023 pour prendre en charge les de\u0301penses y affe\u0301rentes. Une provision comple\u0301mentaire de 102 milliards de francs CFA a e\u0301galement e\u0301te\u0301 constitue\u0301e dans le budget de l\u2019Etat, au titre de l\u2019exercice 2024, afin d\u2019apurer les de\u0301penses re\u0301siduelles. Il sera de\u0300s lors difficilement admissible que l\u2019e\u0301ducation de nos enfants continue d\u2019e\u0302tre prise en otage par une frange d\u2019enseignants, dont les motivations re\u0301elles semblent s\u2019e\u0301carter des objectifs affiche\u0301s. \u00bb, pre\u0301cise le chef de l\u2019Etat.<\/p>\n<p>Ainsi, le pre\u0301sident de la re\u0301publique manifeste son de\u0301saccord et met en garde ceux des enseignants qui vont persister dans cette activite\u0301. \u00ab Je voudrais e\u0302tre clair a\u0300 cet e\u0301gard. Autant je suis soucieux de voir les enseignants be\u0301ne\u0301ficier des conditions approprie\u0301es pour l\u2019exercice de leur noble me\u0301tier, autant je suis intransigeant pour le respect du droit a\u0300 l\u2019e\u0301ducation de notre jeunesse. Des mesures fermes vont a\u0300 cet e\u0301gard e\u0302tre prises pour veiller a\u0300 ce que nos enfants ne se retrouvent pas victimes d\u2019une e\u0301ducation au rabais \u00bb, pre\u0301vient S.E. Paul Biya qui ne suspend pas ne\u0301anmoins le dialogue avec des syndicats des enseignants reconnus. Avec ce ton pre\u0301sidentiel, s\u2019achemine-t-on vers la fin de la gre\u0300ve qui a de\u0301bute\u0301 en fe\u0301vrier 2022 ?<\/p>\n<p><strong>Pour plus d&rsquo;informations et d&rsquo;analyses sur la <a href=\"https:\/\/www.africa-press.net\/cameroun\">Cameroun<\/a>, suivez <a href=\"https:\/\/www.africa-press.net\/\">Africa-Press<\/a><\/strong><\/p>\n","protected":false},"excerpt":{"rendered":"<p>Africa-Press &#8211; Cameroun. Le chef de l\u2019Etat lors de son message de fin d\u2019anne\u0301e 2023 a\u0300 la Nation, met en garde \u00ab une frange d\u2019enseignants \u00bb qui prend \u00ab en otage l\u2019e\u0301ducation de nos enfants \u00bb. Un nouveau rebondissement dans la gre\u0300ve des enseignants au Cameroun. Le pre\u0301sident de la Re\u0301publique exprime son de\u0301saccord face [&hellip;]<\/p>\n","protected":false},"author":82,"featured_media":59676,"comment_status":"open","ping_status":"closed","sticky":false,"template":"","format":"standard","meta":{"footnotes":""},"categories":[2,20,10],"tags":[36,50,49],"class_list":["post-59678","post","type-post","status-publish","format-standard","has-post-thumbnail","hentry","category-politique","category-top-nouvelles","category-toutes-les-actualites","tag-africa-press","tag-africa-press-cameroun","tag-cameroun"],"yoast_head":"<!-- This site is optimized with the Yoast SEO Premium plugin v26.1 (Yoast SEO v27.0) - https:\/\/yoast.com\/product\/yoast-seo-premium-wordpress\/ -->\n<title>Cameroun-gr\u00e8ve des enseignants : Paul Biya frappe du poing sur la table - Cameroun<\/title>\n<meta name=\"description\" content=\"Le chef de l\u2019Etat lors de son message de fin d\u2019anne\u0301e 2023 a\u0300 la Nation, met en garde \u00ab une frange d\u2019enseignants \u00bb qu ...\" \/>\n<meta name=\"robots\" content=\"index, follow, max-snippet:-1, max-image-preview:large, max-video-preview:-1\" \/>\n<link rel=\"canonical\" href=\"https:\/\/www.africa-press.net\/cameroun\/politique\/cameroun-greve-des-enseignants-paul-biya-frappe-du-poing-sur-la-table\" \/>\n<meta property=\"og:locale\" content=\"fr_FR\" \/>\n<meta property=\"og:type\" content=\"article\" \/>\n<meta property=\"og:title\" content=\"Cameroun-gr\u00e8ve des enseignants : Paul Biya frappe du poing sur la table\" \/>\n<meta property=\"og:description\" content=\"Le chef de l\u2019Etat lors de son message de fin d\u2019anne\u0301e 2023 a\u0300 la Nation, met en garde \u00ab une frange d\u2019enseignants \u00bb qu ...\" \/>\n<meta property=\"og:url\" content=\"https:\/\/www.africa-press.net\/cameroun\/politique\/cameroun-greve-des-enseignants-paul-biya-frappe-du-poing-sur-la-table\" \/>\n<meta property=\"og:site_name\" content=\"Cameroun\" \/>\n<meta property=\"article:published_time\" content=\"2023-12-31T21:25:47+00:00\" \/>\n<meta property=\"article:modified_time\" content=\"2024-01-02T03:26:46+00:00\" \/>\n<meta property=\"og:image\" content=\"https:\/\/static.africa-press.net\/cameroun\/sites\/57\/2024\/01\/sm_1704153153.493549.jpg\" \/>\n\t<meta property=\"og:image:width\" content=\"780\" \/>\n\t<meta property=\"og:image:height\" content=\"440\" \/>\n\t<meta property=\"og:image:type\" content=\"image\/jpeg\" \/>\n<meta name=\"author\" content=\"cfeditorfr\" \/>\n<meta name=\"twitter:card\" content=\"summary_large_image\" \/>\n<meta name=\"twitter:label1\" content=\"\u00c9crit par\" \/>\n\t<meta name=\"twitter:data1\" content=\"cfeditorfr\" \/>\n\t<meta name=\"twitter:label2\" content=\"Dur\u00e9e de lecture estim\u00e9e\" \/>\n\t<meta name=\"twitter:data2\" content=\"3 minutes\" \/>\n<script type=\"application\/ld+json\" class=\"yoast-schema-graph\">{\"@context\":\"https:\/\/schema.org\",\"@graph\":[{\"@type\":\"Article\",\"@id\":\"https:\/\/www.africa-press.net\/cameroun\/politique\/cameroun-greve-des-enseignants-paul-biya-frappe-du-poing-sur-la-table#article\",\"isPartOf\":{\"@id\":\"https:\/\/www.africa-press.net\/cameroun\/politique\/cameroun-greve-des-enseignants-paul-biya-frappe-du-poing-sur-la-table\"},\"author\":{\"name\":\"cfeditorfr\",\"@id\":\"https:\/\/www.africa-press.net\/cameroun\/#\/schema\/person\/2b1cf3cd81a31e3cd26889ca66d677f1\"},\"headline\":\"Cameroun-gr\u00e8ve des enseignants : Paul Biya frappe du poing sur la table\",\"datePublished\":\"2023-12-31T21:25:47+00:00\",\"dateModified\":\"2024-01-02T03:26:46+00:00\",\"mainEntityOfPage\":{\"@id\":\"https:\/\/www.africa-press.net\/cameroun\/politique\/cameroun-greve-des-enseignants-paul-biya-frappe-du-poing-sur-la-table\"},\"wordCount\":439,\"commentCount\":0,\"image\":{\"@id\":\"https:\/\/www.africa-press.net\/cameroun\/politique\/cameroun-greve-des-enseignants-paul-biya-frappe-du-poing-sur-la-table#primaryimage\"},\"thumbnailUrl\":\"https:\/\/static.africa-press.net\/cameroun\/sites\/57\/2024\/01\/sm_1704153153.493549.jpg\",\"keywords\":[\"Africa Press\",\"Africa Press-Cameroun\",\"Cameroun\"],\"articleSection\":[\"Politique\",\"Top Nouvelles\",\"Toutes les actualit\u00e9s\"],\"inLanguage\":\"fr-FR\",\"potentialAction\":[{\"@type\":\"CommentAction\",\"name\":\"Comment\",\"target\":[\"https:\/\/www.africa-press.net\/cameroun\/politique\/cameroun-greve-des-enseignants-paul-biya-frappe-du-poing-sur-la-table#respond\"]}]},{\"@type\":\"WebPage\",\"@id\":\"https:\/\/www.africa-press.net\/cameroun\/politique\/cameroun-greve-des-enseignants-paul-biya-frappe-du-poing-sur-la-table\",\"url\":\"https:\/\/www.africa-press.net\/cameroun\/politique\/cameroun-greve-des-enseignants-paul-biya-frappe-du-poing-sur-la-table\",\"name\":\"Cameroun-gr\u00e8ve des enseignants : Paul Biya frappe du poing sur la table - Cameroun\",\"isPartOf\":{\"@id\":\"https:\/\/www.africa-press.net\/cameroun\/#website\"},\"primaryImageOfPage\":{\"@id\":\"https:\/\/www.africa-press.net\/cameroun\/politique\/cameroun-greve-des-enseignants-paul-biya-frappe-du-poing-sur-la-table#primaryimage\"},\"image\":{\"@id\":\"https:\/\/www.africa-press.net\/cameroun\/politique\/cameroun-greve-des-enseignants-paul-biya-frappe-du-poing-sur-la-table#primaryimage\"},\"thumbnailUrl\":\"https:\/\/static.africa-press.net\/cameroun\/sites\/57\/2024\/01\/sm_1704153153.493549.jpg\",\"datePublished\":\"2023-12-31T21:25:47+00:00\",\"dateModified\":\"2024-01-02T03:26:46+00:00\",\"author\":{\"@id\":\"https:\/\/www.africa-press.net\/cameroun\/#\/schema\/person\/2b1cf3cd81a31e3cd26889ca66d677f1\"},\"description\":\"Le chef de l\u2019Etat lors de son message de fin d\u2019anne\u0301e 2023 a\u0300 la Nation, met en garde \u00ab une frange d\u2019enseignants \u00bb qu ...\",\"breadcrumb\":{\"@id\":\"https:\/\/www.africa-press.net\/cameroun\/politique\/cameroun-greve-des-enseignants-paul-biya-frappe-du-poing-sur-la-table#breadcrumb\"},\"inLanguage\":\"fr-FR\",\"potentialAction\":[{\"@type\":\"ReadAction\",\"target\":[\"https:\/\/www.africa-press.net\/cameroun\/politique\/cameroun-greve-des-enseignants-paul-biya-frappe-du-poing-sur-la-table\"]}]},{\"@type\":\"ImageObject\",\"inLanguage\":\"fr-FR\",\"@id\":\"https:\/\/www.africa-press.net\/cameroun\/politique\/cameroun-greve-des-enseignants-paul-biya-frappe-du-poing-sur-la-table#primaryimage\",\"url\":\"https:\/\/static.africa-press.net\/cameroun\/sites\/57\/2024\/01\/sm_1704153153.493549.jpg\",\"contentUrl\":\"https:\/\/static.africa-press.net\/cameroun\/sites\/57\/2024\/01\/sm_1704153153.493549.jpg\",\"width\":780,\"height\":440,\"caption\":\"Cameroun-gr\u00e8ve des enseignants : Paul Biya frappe du poing sur la table\"},{\"@type\":\"BreadcrumbList\",\"@id\":\"https:\/\/www.africa-press.net\/cameroun\/politique\/cameroun-greve-des-enseignants-paul-biya-frappe-du-poing-sur-la-table#breadcrumb\",\"itemListElement\":[{\"@type\":\"ListItem\",\"position\":1,\"name\":\"Accueil\",\"item\":\"https:\/\/www.africa-press.net\/cameroun\/\"},{\"@type\":\"ListItem\",\"position\":2,\"name\":\"Cameroun-gr\u00e8ve des enseignants : Paul Biya frappe du poing sur la table\"}]},{\"@type\":\"WebSite\",\"@id\":\"https:\/\/www.africa-press.net\/cameroun\/#website\",\"url\":\"https:\/\/www.africa-press.net\/cameroun\/\",\"name\":\"Cameroun\",\"description\":\"Just another Africa News Agency Sites site\",\"potentialAction\":[{\"@type\":\"SearchAction\",\"target\":{\"@type\":\"EntryPoint\",\"urlTemplate\":\"https:\/\/www.africa-press.net\/cameroun\/?s={search_term_string}\"},\"query-input\":{\"@type\":\"PropertyValueSpecification\",\"valueRequired\":true,\"valueName\":\"search_term_string\"}}],\"inLanguage\":\"fr-FR\"},{\"@type\":\"Person\",\"@id\":\"https:\/\/www.africa-press.net\/cameroun\/#\/schema\/person\/2b1cf3cd81a31e3cd26889ca66d677f1\",\"name\":\"cfeditorfr\"}]}<\/script>\n<!-- \/ Yoast SEO Premium plugin. -->","yoast_head_json":{"title":"Cameroun-gr\u00e8ve des enseignants : Paul Biya frappe du poing sur la table - Cameroun","description":"Le chef de l\u2019Etat lors de son message de fin d\u2019anne\u0301e 2023 a\u0300 la Nation, met en garde \u00ab une frange d\u2019enseignants \u00bb qu ...","robots":{"index":"index","follow":"follow","max-snippet":"max-snippet:-1","max-image-preview":"max-image-preview:large","max-video-preview":"max-video-preview:-1"},"canonical":"https:\/\/www.africa-press.net\/cameroun\/politique\/cameroun-greve-des-enseignants-paul-biya-frappe-du-poing-sur-la-table","og_locale":"fr_FR","og_type":"article","og_title":"Cameroun-gr\u00e8ve des enseignants : Paul Biya frappe du poing sur la table","og_description":"Le chef de l\u2019Etat lors de son message de fin d\u2019anne\u0301e 2023 a\u0300 la Nation, met en garde \u00ab une frange d\u2019enseignants \u00bb qu ...","og_url":"https:\/\/www.africa-press.net\/cameroun\/politique\/cameroun-greve-des-enseignants-paul-biya-frappe-du-poing-sur-la-table","og_site_name":"Cameroun","article_published_time":"2023-12-31T21:25:47+00:00","article_modified_time":"2024-01-02T03:26:46+00:00","og_image":[{"width":780,"height":440,"url":"https:\/\/static.africa-press.net\/cameroun\/sites\/57\/2024\/01\/sm_1704153153.493549.jpg","type":"image\/jpeg"}],"author":"cfeditorfr","twitter_card":"summary_large_image","twitter_misc":{"\u00c9crit par":"cfeditorfr","Dur\u00e9e de lecture estim\u00e9e":"3 minutes"},"schema":{"@context":"https:\/\/schema.org","@graph":[{"@type":"Article","@id":"https:\/\/www.africa-press.net\/cameroun\/politique\/cameroun-greve-des-enseignants-paul-biya-frappe-du-poing-sur-la-table#article","isPartOf":{"@id":"https:\/\/www.africa-press.net\/cameroun\/politique\/cameroun-greve-des-enseignants-paul-biya-frappe-du-poing-sur-la-table"},"author":{"name":"cfeditorfr","@id":"https:\/\/www.africa-press.net\/cameroun\/#\/schema\/person\/2b1cf3cd81a31e3cd26889ca66d677f1"},"headline":"Cameroun-gr\u00e8ve des enseignants : Paul Biya frappe du poing sur la table","datePublished":"2023-12-31T21:25:47+00:00","dateModified":"2024-01-02T03:26:46+00:00","mainEntityOfPage":{"@id":"https:\/\/www.africa-press.net\/cameroun\/politique\/cameroun-greve-des-enseignants-paul-biya-frappe-du-poing-sur-la-table"},"wordCount":439,"commentCount":0,"image":{"@id":"https:\/\/www.africa-press.net\/cameroun\/politique\/cameroun-greve-des-enseignants-paul-biya-frappe-du-poing-sur-la-table#primaryimage"},"thumbnailUrl":"https:\/\/static.africa-press.net\/cameroun\/sites\/57\/2024\/01\/sm_1704153153.493549.jpg","keywords":["Africa Press","Africa Press-Cameroun","Cameroun"],"articleSection":["Politique","Top Nouvelles","Toutes les actualit\u00e9s"],"inLanguage":"fr-FR","potentialAction":[{"@type":"CommentAction","name":"Comment","target":["https:\/\/www.africa-press.net\/cameroun\/politique\/cameroun-greve-des-enseignants-paul-biya-frappe-du-poing-sur-la-table#respond"]}]},{"@type":"WebPage","@id":"https:\/\/www.africa-press.net\/cameroun\/politique\/cameroun-greve-des-enseignants-paul-biya-frappe-du-poing-sur-la-table","url":"https:\/\/www.africa-press.net\/cameroun\/politique\/cameroun-greve-des-enseignants-paul-biya-frappe-du-poing-sur-la-table","name":"Cameroun-gr\u00e8ve des enseignants : Paul Biya frappe du poing sur la table - Cameroun","isPartOf":{"@id":"https:\/\/www.africa-press.net\/cameroun\/#website"},"primaryImageOfPage":{"@id":"https:\/\/www.africa-press.net\/cameroun\/politique\/cameroun-greve-des-enseignants-paul-biya-frappe-du-poing-sur-la-table#primaryimage"},"image":{"@id":"https:\/\/www.africa-press.net\/cameroun\/politique\/cameroun-greve-des-enseignants-paul-biya-frappe-du-poing-sur-la-table#primaryimage"},"thumbnailUrl":"https:\/\/static.africa-press.net\/cameroun\/sites\/57\/2024\/01\/sm_1704153153.493549.jpg","datePublished":"2023-12-31T21:25:47+00:00","dateModified":"2024-01-02T03:26:46+00:00","author":{"@id":"https:\/\/www.africa-press.net\/cameroun\/#\/schema\/person\/2b1cf3cd81a31e3cd26889ca66d677f1"},"description":"Le chef de l\u2019Etat lors de son message de fin d\u2019anne\u0301e 2023 a\u0300 la Nation, met en garde \u00ab une frange d\u2019enseignants \u00bb qu ...","breadcrumb":{"@id":"https:\/\/www.africa-press.net\/cameroun\/politique\/cameroun-greve-des-enseignants-paul-biya-frappe-du-poing-sur-la-table#breadcrumb"},"inLanguage":"fr-FR","potentialAction":[{"@type":"ReadAction","target":["https:\/\/www.africa-press.net\/cameroun\/politique\/cameroun-greve-des-enseignants-paul-biya-frappe-du-poing-sur-la-table"]}]},{"@type":"ImageObject","inLanguage":"fr-FR","@id":"https:\/\/www.africa-press.net\/cameroun\/politique\/cameroun-greve-des-enseignants-paul-biya-frappe-du-poing-sur-la-table#primaryimage","url":"https:\/\/static.africa-press.net\/cameroun\/sites\/57\/2024\/01\/sm_1704153153.493549.jpg","contentUrl":"https:\/\/static.africa-press.net\/cameroun\/sites\/57\/2024\/01\/sm_1704153153.493549.jpg","width":780,"height":440,"caption":"Cameroun-gr\u00e8ve des enseignants : Paul Biya frappe du poing sur la table"},{"@type":"BreadcrumbList","@id":"https:\/\/www.africa-press.net\/cameroun\/politique\/cameroun-greve-des-enseignants-paul-biya-frappe-du-poing-sur-la-table#breadcrumb","itemListElement":[{"@type":"ListItem","position":1,"name":"Accueil","item":"https:\/\/www.africa-press.net\/cameroun\/"},{"@type":"ListItem","position":2,"name":"Cameroun-gr\u00e8ve des enseignants : Paul Biya frappe du poing sur la table"}]},{"@type":"WebSite","@id":"https:\/\/www.africa-press.net\/cameroun\/#website","url":"https:\/\/www.africa-press.net\/cameroun\/","name":"Cameroun","description":"Just another Africa News Agency Sites site","potentialAction":[{"@type":"SearchAction","target":{"@type":"EntryPoint","urlTemplate":"https:\/\/www.africa-press.net\/cameroun\/?s={search_term_string}"},"query-input":{"@type":"PropertyValueSpecification","valueRequired":true,"valueName":"search_term_string"}}],"inLanguage":"fr-FR"},{"@type":"Person","@id":"https:\/\/www.africa-press.net\/cameroun\/#\/schema\/person\/2b1cf3cd81a31e3cd26889ca66d677f1","name":"cfeditorfr"}]}},"_links":{"self":[{"href":"https:\/\/www.africa-press.net\/cameroun\/wp-json\/wp\/v2\/posts\/59678","targetHints":{"allow":["GET"]}}],"collection":[{"href":"https:\/\/www.africa-press.net\/cameroun\/wp-json\/wp\/v2\/posts"}],"about":[{"href":"https:\/\/www.africa-press.net\/cameroun\/wp-json\/wp\/v2\/types\/post"}],"author":[{"embeddable":true,"href":"https:\/\/www.africa-press.net\/cameroun\/wp-json\/wp\/v2\/users\/82"}],"replies":[{"embeddable":true,"href":"https:\/\/www.africa-press.net\/cameroun\/wp-json\/wp\/v2\/comments?post=59678"}],"version-history":[{"count":0,"href":"https:\/\/www.africa-press.net\/cameroun\/wp-json\/wp\/v2\/posts\/59678\/revisions"}],"wp:featuredmedia":[{"embeddable":true,"href":"https:\/\/www.africa-press.net\/cameroun\/wp-json\/wp\/v2\/media\/59676"}],"wp:attachment":[{"href":"https:\/\/www.africa-press.net\/cameroun\/wp-json\/wp\/v2\/media?parent=59678"}],"wp:term":[{"taxonomy":"category","embeddable":true,"href":"https:\/\/www.africa-press.net\/cameroun\/wp-json\/wp\/v2\/categories?post=59678"},{"taxonomy":"post_tag","embeddable":true,"href":"https:\/\/www.africa-press.net\/cameroun\/wp-json\/wp\/v2\/tags?post=59678"}],"curies":[{"name":"wp","href":"https:\/\/api.w.org\/{rel}","templated":true}]}}