{"id":60083,"date":"2024-01-08T21:14:43","date_gmt":"2024-01-08T21:14:43","guid":{"rendered":"https:\/\/www.africa-press.net\/cameroun\/politique\/cest-officiel-paul-biya-presente-la-candidature-du-cameroun"},"modified":"2024-01-08T21:31:20","modified_gmt":"2024-01-08T21:31:20","slug":"cest-officiel-paul-biya-presente-la-candidature-du-cameroun","status":"publish","type":"post","link":"https:\/\/www.africa-press.net\/cameroun\/politique\/cest-officiel-paul-biya-presente-la-candidature-du-cameroun","title":{"rendered":"C\u2019Est Officiel: Paul Biya Pre\u0301sente la Candidature du Cameroun"},"content":{"rendered":"<p><span style=\"color: #ff6600\"><strong>Africa-Press &#8211; Cameroun. <\/strong><\/span>Dans une de\u0301claration historique aux ambassadeurs pre\u0301sents ce vendredi 05 Janvier 2024, le Pre\u0301sident camerounais, Paul Biya, a officiellement lance\u0301 la campagne en faveur de la candidature du Cameroun a\u0300 la pre\u0301sidence de la 79e Assemble\u0301e Ge\u0301ne\u0301rale des Nations Unies pour la pe\u0301riode 2024-2025. Cette candidature est porte\u0301e par l&rsquo;ancien Premier ministre Phile\u0301mon Yang.<\/p>\n<p>Le chef de l&rsquo;E\u0301tat camerounais a invite\u0301 les ambassadeurs a\u0300 soutenir activement la candidature du Cameroun, soulignant l&rsquo;importance cruciale de l&rsquo;Organisation des Nations Unies dans le contexte mondial actuel. Malgre\u0301 les de\u0301fis et les tentatives visant a\u0300 affaiblir l&rsquo;ONU, Paul Biya est convaincu que cette institution peut jouer un ro\u0302le fondamental dans la promotion de la paix, de la se\u0301curite\u0301 et du de\u0301veloppement.<\/p>\n<p>\u00ab\u00a0C\u2019est le sens de la candidature du Cameroun a\u0300 la pre\u0301sidence de la 79e session de l\u2019Assemble\u0301e Ge\u0301ne\u0301rale des Nations Unies. Candidature pour laquelle je sollicite votre soutien a\u0300 tous\u00a0\u00bb, a de\u0301clare\u0301 le Pre\u0301sident Biya.<\/p>\n<p>Il a rappele\u0301 le pre\u0301ce\u0301dent succe\u0300s diplomatique du Cameroun en 2003, lorsque le pays a obtenu la pre\u0301sidence tournante du Conseil de se\u0301curite\u0301 des Nations Unies, marque\u0301 par la re\u0301solution du conflit frontalier de Bakassi gra\u0302ce a\u0300 la signature des accords de Grenthree aux E\u0301tats-Unis. Cette expe\u0301rience re\u0301ussie a renforce\u0301 la position internationale du Cameroun et de\u0301montre\u0301 la mai\u0302trise des grandes man\u0153uvres diplomatiques du Pre\u0301sident Biya.<\/p>\n<p>Le Pre\u0301sident a exhorte\u0301 la communaute\u0301 internationale a\u0300 se rallier derrie\u0300re la candidature de Phile\u0301mon Yang, soulignant que cette initiative est une occasion unique de renforcer l&rsquo;engagement du Cameroun envers la coope\u0301ration multilate\u0301rale et de contribuer de manie\u0300re significative aux efforts mondiaux pour relever les de\u0301fis auxquels l&rsquo;humanite\u0301 est confronte\u0301e.<\/p>\n<p>La campagne pour la pre\u0301sidence de l&rsquo;Assemble\u0301e des Nations Unies s&rsquo;annonce comme un nouveau chapitre dans l&rsquo;engagement diplomatique du Cameroun sur la sce\u0300ne mondiale, avec le soutien inde\u0301fectible du Pre\u0301sident Paul Biya. Tous les regards sont de\u0301sormais tourne\u0301s vers cette e\u0301lection cruciale, ou\u0300 le Cameroun espe\u0300re obtenir le ple\u0301biscite des nations du monde.<\/p>\n<p><strong>Pour plus d&rsquo;informations et d&rsquo;analyses sur la <a href=\"https:\/\/www.africa-press.net\/cameroun\">Cameroun<\/a>, suivez <a href=\"https:\/\/www.africa-press.net\/\">Africa-Press<\/a><\/strong><\/p>\n","protected":false},"excerpt":{"rendered":"<p>Africa-Press &#8211; Cameroun. Dans une de\u0301claration historique aux ambassadeurs pre\u0301sents ce vendredi 05 Janvier 2024, le Pre\u0301sident camerounais, Paul Biya, a officiellement lance\u0301 la campagne en faveur de la candidature du Cameroun a\u0300 la pre\u0301sidence de la 79e Assemble\u0301e Ge\u0301ne\u0301rale des Nations Unies pour la pe\u0301riode 2024-2025. Cette candidature est porte\u0301e par l&rsquo;ancien Premier ministre [&hellip;]<\/p>\n","protected":false},"author":82,"featured_media":60082,"comment_status":"open","ping_status":"closed","sticky":false,"template":"","format":"standard","meta":{"footnotes":""},"categories":[2,10],"tags":[36,50,49],"class_list":["post-60083","post","type-post","status-publish","format-standard","has-post-thumbnail","hentry","category-politique","category-toutes-les-actualites","tag-africa-press","tag-africa-press-cameroun","tag-cameroun"],"yoast_head":"<!-- This site is optimized with the Yoast SEO Premium plugin v26.1 (Yoast SEO v27.0) - https:\/\/yoast.com\/product\/yoast-seo-premium-wordpress\/ -->\n<title>C\u2019Est Officiel: Paul Biya Pre\u0301sente la Candidature du Cameroun - Cameroun<\/title>\n<meta name=\"description\" content=\"Dans une de\u0301claration historique aux ambassadeurs pre\u0301sents ce vendredi 05 Janvier 2024, le Pre\u0301sident camerounais, Paul ...\" \/>\n<meta name=\"robots\" content=\"index, follow, max-snippet:-1, max-image-preview:large, max-video-preview:-1\" \/>\n<link rel=\"canonical\" href=\"https:\/\/www.africa-press.net\/cameroun\/politique\/cest-officiel-paul-biya-presente-la-candidature-du-cameroun\" \/>\n<meta property=\"og:locale\" content=\"fr_FR\" \/>\n<meta property=\"og:type\" content=\"article\" \/>\n<meta property=\"og:title\" content=\"C\u2019Est Officiel: Paul Biya Pre\u0301sente la Candidature du Cameroun\" \/>\n<meta property=\"og:description\" content=\"Dans une de\u0301claration historique aux ambassadeurs pre\u0301sents ce vendredi 05 Janvier 2024, le Pre\u0301sident camerounais, Paul ...\" \/>\n<meta property=\"og:url\" content=\"https:\/\/www.africa-press.net\/cameroun\/politique\/cest-officiel-paul-biya-presente-la-candidature-du-cameroun\" \/>\n<meta property=\"og:site_name\" content=\"Cameroun\" \/>\n<meta property=\"article:published_time\" content=\"2024-01-08T21:14:43+00:00\" \/>\n<meta property=\"article:modified_time\" content=\"2024-01-08T21:31:20+00:00\" \/>\n<meta property=\"og:image\" content=\"https:\/\/static.africa-press.net\/cameroun\/sites\/57\/2024\/01\/sm_1704736734.415944.jpg\" \/>\n\t<meta property=\"og:image:width\" content=\"720\" \/>\n\t<meta property=\"og:image:height\" content=\"360\" \/>\n\t<meta property=\"og:image:type\" content=\"image\/jpeg\" \/>\n<meta name=\"author\" content=\"cfeditorfr\" \/>\n<meta name=\"twitter:card\" content=\"summary_large_image\" \/>\n<meta name=\"twitter:label1\" content=\"\u00c9crit par\" \/>\n\t<meta name=\"twitter:data1\" content=\"cfeditorfr\" \/>\n\t<meta name=\"twitter:label2\" content=\"Dur\u00e9e de lecture estim\u00e9e\" \/>\n\t<meta name=\"twitter:data2\" content=\"2 minutes\" \/>\n<script type=\"application\/ld+json\" class=\"yoast-schema-graph\">{\"@context\":\"https:\/\/schema.org\",\"@graph\":[{\"@type\":\"Article\",\"@id\":\"https:\/\/www.africa-press.net\/cameroun\/politique\/cest-officiel-paul-biya-presente-la-candidature-du-cameroun#article\",\"isPartOf\":{\"@id\":\"https:\/\/www.africa-press.net\/cameroun\/politique\/cest-officiel-paul-biya-presente-la-candidature-du-cameroun\"},\"author\":{\"name\":\"cfeditorfr\",\"@id\":\"https:\/\/www.africa-press.net\/cameroun\/#\/schema\/person\/2b1cf3cd81a31e3cd26889ca66d677f1\"},\"headline\":\"C\u2019Est Officiel: Paul Biya Pre\u0301sente la Candidature du Cameroun\",\"datePublished\":\"2024-01-08T21:14:43+00:00\",\"dateModified\":\"2024-01-08T21:31:20+00:00\",\"mainEntityOfPage\":{\"@id\":\"https:\/\/www.africa-press.net\/cameroun\/politique\/cest-officiel-paul-biya-presente-la-candidature-du-cameroun\"},\"wordCount\":409,\"commentCount\":0,\"image\":{\"@id\":\"https:\/\/www.africa-press.net\/cameroun\/politique\/cest-officiel-paul-biya-presente-la-candidature-du-cameroun#primaryimage\"},\"thumbnailUrl\":\"https:\/\/static.africa-press.net\/cameroun\/sites\/57\/2024\/01\/sm_1704736734.415944.jpg\",\"keywords\":[\"Africa Press\",\"Africa Press-Cameroun\",\"Cameroun\"],\"articleSection\":[\"Politique\",\"Toutes les actualit\u00e9s\"],\"inLanguage\":\"fr-FR\",\"potentialAction\":[{\"@type\":\"CommentAction\",\"name\":\"Comment\",\"target\":[\"https:\/\/www.africa-press.net\/cameroun\/politique\/cest-officiel-paul-biya-presente-la-candidature-du-cameroun#respond\"]}]},{\"@type\":\"WebPage\",\"@id\":\"https:\/\/www.africa-press.net\/cameroun\/politique\/cest-officiel-paul-biya-presente-la-candidature-du-cameroun\",\"url\":\"https:\/\/www.africa-press.net\/cameroun\/politique\/cest-officiel-paul-biya-presente-la-candidature-du-cameroun\",\"name\":\"C\u2019Est Officiel: Paul Biya Pre\u0301sente la Candidature du Cameroun - Cameroun\",\"isPartOf\":{\"@id\":\"https:\/\/www.africa-press.net\/cameroun\/#website\"},\"primaryImageOfPage\":{\"@id\":\"https:\/\/www.africa-press.net\/cameroun\/politique\/cest-officiel-paul-biya-presente-la-candidature-du-cameroun#primaryimage\"},\"image\":{\"@id\":\"https:\/\/www.africa-press.net\/cameroun\/politique\/cest-officiel-paul-biya-presente-la-candidature-du-cameroun#primaryimage\"},\"thumbnailUrl\":\"https:\/\/static.africa-press.net\/cameroun\/sites\/57\/2024\/01\/sm_1704736734.415944.jpg\",\"datePublished\":\"2024-01-08T21:14:43+00:00\",\"dateModified\":\"2024-01-08T21:31:20+00:00\",\"author\":{\"@id\":\"https:\/\/www.africa-press.net\/cameroun\/#\/schema\/person\/2b1cf3cd81a31e3cd26889ca66d677f1\"},\"description\":\"Dans une de\u0301claration historique aux ambassadeurs pre\u0301sents ce vendredi 05 Janvier 2024, le Pre\u0301sident camerounais, Paul ...\",\"breadcrumb\":{\"@id\":\"https:\/\/www.africa-press.net\/cameroun\/politique\/cest-officiel-paul-biya-presente-la-candidature-du-cameroun#breadcrumb\"},\"inLanguage\":\"fr-FR\",\"potentialAction\":[{\"@type\":\"ReadAction\",\"target\":[\"https:\/\/www.africa-press.net\/cameroun\/politique\/cest-officiel-paul-biya-presente-la-candidature-du-cameroun\"]}]},{\"@type\":\"ImageObject\",\"inLanguage\":\"fr-FR\",\"@id\":\"https:\/\/www.africa-press.net\/cameroun\/politique\/cest-officiel-paul-biya-presente-la-candidature-du-cameroun#primaryimage\",\"url\":\"https:\/\/static.africa-press.net\/cameroun\/sites\/57\/2024\/01\/sm_1704736734.415944.jpg\",\"contentUrl\":\"https:\/\/static.africa-press.net\/cameroun\/sites\/57\/2024\/01\/sm_1704736734.415944.jpg\",\"width\":720,\"height\":360,\"caption\":\"C\u2019Est Officiel: Paul Biya Pre\u0301sente la Candidature du Cameroun\"},{\"@type\":\"BreadcrumbList\",\"@id\":\"https:\/\/www.africa-press.net\/cameroun\/politique\/cest-officiel-paul-biya-presente-la-candidature-du-cameroun#breadcrumb\",\"itemListElement\":[{\"@type\":\"ListItem\",\"position\":1,\"name\":\"Accueil\",\"item\":\"https:\/\/www.africa-press.net\/cameroun\/\"},{\"@type\":\"ListItem\",\"position\":2,\"name\":\"C\u2019Est Officiel: Paul Biya Pre\u0301sente la Candidature du Cameroun\"}]},{\"@type\":\"WebSite\",\"@id\":\"https:\/\/www.africa-press.net\/cameroun\/#website\",\"url\":\"https:\/\/www.africa-press.net\/cameroun\/\",\"name\":\"Cameroun\",\"description\":\"Just another Africa News Agency Sites site\",\"potentialAction\":[{\"@type\":\"SearchAction\",\"target\":{\"@type\":\"EntryPoint\",\"urlTemplate\":\"https:\/\/www.africa-press.net\/cameroun\/?s={search_term_string}\"},\"query-input\":{\"@type\":\"PropertyValueSpecification\",\"valueRequired\":true,\"valueName\":\"search_term_string\"}}],\"inLanguage\":\"fr-FR\"},{\"@type\":\"Person\",\"@id\":\"https:\/\/www.africa-press.net\/cameroun\/#\/schema\/person\/2b1cf3cd81a31e3cd26889ca66d677f1\",\"name\":\"cfeditorfr\"}]}<\/script>\n<!-- \/ Yoast SEO Premium plugin. -->","yoast_head_json":{"title":"C\u2019Est Officiel: Paul Biya Pre\u0301sente la Candidature du Cameroun - Cameroun","description":"Dans une de\u0301claration historique aux ambassadeurs pre\u0301sents ce vendredi 05 Janvier 2024, le Pre\u0301sident camerounais, Paul ...","robots":{"index":"index","follow":"follow","max-snippet":"max-snippet:-1","max-image-preview":"max-image-preview:large","max-video-preview":"max-video-preview:-1"},"canonical":"https:\/\/www.africa-press.net\/cameroun\/politique\/cest-officiel-paul-biya-presente-la-candidature-du-cameroun","og_locale":"fr_FR","og_type":"article","og_title":"C\u2019Est Officiel: Paul Biya Pre\u0301sente la Candidature du Cameroun","og_description":"Dans une de\u0301claration historique aux ambassadeurs pre\u0301sents ce vendredi 05 Janvier 2024, le Pre\u0301sident camerounais, Paul ...","og_url":"https:\/\/www.africa-press.net\/cameroun\/politique\/cest-officiel-paul-biya-presente-la-candidature-du-cameroun","og_site_name":"Cameroun","article_published_time":"2024-01-08T21:14:43+00:00","article_modified_time":"2024-01-08T21:31:20+00:00","og_image":[{"width":720,"height":360,"url":"https:\/\/static.africa-press.net\/cameroun\/sites\/57\/2024\/01\/sm_1704736734.415944.jpg","type":"image\/jpeg"}],"author":"cfeditorfr","twitter_card":"summary_large_image","twitter_misc":{"\u00c9crit par":"cfeditorfr","Dur\u00e9e de lecture estim\u00e9e":"2 minutes"},"schema":{"@context":"https:\/\/schema.org","@graph":[{"@type":"Article","@id":"https:\/\/www.africa-press.net\/cameroun\/politique\/cest-officiel-paul-biya-presente-la-candidature-du-cameroun#article","isPartOf":{"@id":"https:\/\/www.africa-press.net\/cameroun\/politique\/cest-officiel-paul-biya-presente-la-candidature-du-cameroun"},"author":{"name":"cfeditorfr","@id":"https:\/\/www.africa-press.net\/cameroun\/#\/schema\/person\/2b1cf3cd81a31e3cd26889ca66d677f1"},"headline":"C\u2019Est Officiel: Paul Biya Pre\u0301sente la Candidature du Cameroun","datePublished":"2024-01-08T21:14:43+00:00","dateModified":"2024-01-08T21:31:20+00:00","mainEntityOfPage":{"@id":"https:\/\/www.africa-press.net\/cameroun\/politique\/cest-officiel-paul-biya-presente-la-candidature-du-cameroun"},"wordCount":409,"commentCount":0,"image":{"@id":"https:\/\/www.africa-press.net\/cameroun\/politique\/cest-officiel-paul-biya-presente-la-candidature-du-cameroun#primaryimage"},"thumbnailUrl":"https:\/\/static.africa-press.net\/cameroun\/sites\/57\/2024\/01\/sm_1704736734.415944.jpg","keywords":["Africa Press","Africa Press-Cameroun","Cameroun"],"articleSection":["Politique","Toutes les actualit\u00e9s"],"inLanguage":"fr-FR","potentialAction":[{"@type":"CommentAction","name":"Comment","target":["https:\/\/www.africa-press.net\/cameroun\/politique\/cest-officiel-paul-biya-presente-la-candidature-du-cameroun#respond"]}]},{"@type":"WebPage","@id":"https:\/\/www.africa-press.net\/cameroun\/politique\/cest-officiel-paul-biya-presente-la-candidature-du-cameroun","url":"https:\/\/www.africa-press.net\/cameroun\/politique\/cest-officiel-paul-biya-presente-la-candidature-du-cameroun","name":"C\u2019Est Officiel: Paul Biya Pre\u0301sente la Candidature du Cameroun - Cameroun","isPartOf":{"@id":"https:\/\/www.africa-press.net\/cameroun\/#website"},"primaryImageOfPage":{"@id":"https:\/\/www.africa-press.net\/cameroun\/politique\/cest-officiel-paul-biya-presente-la-candidature-du-cameroun#primaryimage"},"image":{"@id":"https:\/\/www.africa-press.net\/cameroun\/politique\/cest-officiel-paul-biya-presente-la-candidature-du-cameroun#primaryimage"},"thumbnailUrl":"https:\/\/static.africa-press.net\/cameroun\/sites\/57\/2024\/01\/sm_1704736734.415944.jpg","datePublished":"2024-01-08T21:14:43+00:00","dateModified":"2024-01-08T21:31:20+00:00","author":{"@id":"https:\/\/www.africa-press.net\/cameroun\/#\/schema\/person\/2b1cf3cd81a31e3cd26889ca66d677f1"},"description":"Dans une de\u0301claration historique aux ambassadeurs pre\u0301sents ce vendredi 05 Janvier 2024, le Pre\u0301sident camerounais, Paul ...","breadcrumb":{"@id":"https:\/\/www.africa-press.net\/cameroun\/politique\/cest-officiel-paul-biya-presente-la-candidature-du-cameroun#breadcrumb"},"inLanguage":"fr-FR","potentialAction":[{"@type":"ReadAction","target":["https:\/\/www.africa-press.net\/cameroun\/politique\/cest-officiel-paul-biya-presente-la-candidature-du-cameroun"]}]},{"@type":"ImageObject","inLanguage":"fr-FR","@id":"https:\/\/www.africa-press.net\/cameroun\/politique\/cest-officiel-paul-biya-presente-la-candidature-du-cameroun#primaryimage","url":"https:\/\/static.africa-press.net\/cameroun\/sites\/57\/2024\/01\/sm_1704736734.415944.jpg","contentUrl":"https:\/\/static.africa-press.net\/cameroun\/sites\/57\/2024\/01\/sm_1704736734.415944.jpg","width":720,"height":360,"caption":"C\u2019Est Officiel: Paul Biya Pre\u0301sente la Candidature du Cameroun"},{"@type":"BreadcrumbList","@id":"https:\/\/www.africa-press.net\/cameroun\/politique\/cest-officiel-paul-biya-presente-la-candidature-du-cameroun#breadcrumb","itemListElement":[{"@type":"ListItem","position":1,"name":"Accueil","item":"https:\/\/www.africa-press.net\/cameroun\/"},{"@type":"ListItem","position":2,"name":"C\u2019Est Officiel: Paul Biya Pre\u0301sente la Candidature du Cameroun"}]},{"@type":"WebSite","@id":"https:\/\/www.africa-press.net\/cameroun\/#website","url":"https:\/\/www.africa-press.net\/cameroun\/","name":"Cameroun","description":"Just another Africa News Agency Sites site","potentialAction":[{"@type":"SearchAction","target":{"@type":"EntryPoint","urlTemplate":"https:\/\/www.africa-press.net\/cameroun\/?s={search_term_string}"},"query-input":{"@type":"PropertyValueSpecification","valueRequired":true,"valueName":"search_term_string"}}],"inLanguage":"fr-FR"},{"@type":"Person","@id":"https:\/\/www.africa-press.net\/cameroun\/#\/schema\/person\/2b1cf3cd81a31e3cd26889ca66d677f1","name":"cfeditorfr"}]}},"_links":{"self":[{"href":"https:\/\/www.africa-press.net\/cameroun\/wp-json\/wp\/v2\/posts\/60083","targetHints":{"allow":["GET"]}}],"collection":[{"href":"https:\/\/www.africa-press.net\/cameroun\/wp-json\/wp\/v2\/posts"}],"about":[{"href":"https:\/\/www.africa-press.net\/cameroun\/wp-json\/wp\/v2\/types\/post"}],"author":[{"embeddable":true,"href":"https:\/\/www.africa-press.net\/cameroun\/wp-json\/wp\/v2\/users\/82"}],"replies":[{"embeddable":true,"href":"https:\/\/www.africa-press.net\/cameroun\/wp-json\/wp\/v2\/comments?post=60083"}],"version-history":[{"count":0,"href":"https:\/\/www.africa-press.net\/cameroun\/wp-json\/wp\/v2\/posts\/60083\/revisions"}],"wp:featuredmedia":[{"embeddable":true,"href":"https:\/\/www.africa-press.net\/cameroun\/wp-json\/wp\/v2\/media\/60082"}],"wp:attachment":[{"href":"https:\/\/www.africa-press.net\/cameroun\/wp-json\/wp\/v2\/media?parent=60083"}],"wp:term":[{"taxonomy":"category","embeddable":true,"href":"https:\/\/www.africa-press.net\/cameroun\/wp-json\/wp\/v2\/categories?post=60083"},{"taxonomy":"post_tag","embeddable":true,"href":"https:\/\/www.africa-press.net\/cameroun\/wp-json\/wp\/v2\/tags?post=60083"}],"curies":[{"name":"wp","href":"https:\/\/api.w.org\/{rel}","templated":true}]}}