{"id":60171,"date":"2024-01-10T21:54:50","date_gmt":"2024-01-10T21:54:50","guid":{"rendered":"https:\/\/www.africa-press.net\/cameroun\/politique\/necrologie-lemouvant-hommage-de-thomas-nkono-au-prof-owona"},"modified":"2024-01-10T22:17:31","modified_gmt":"2024-01-10T22:17:31","slug":"necrologie-lemouvant-hommage-de-thomas-nkono-au-prof-owona","status":"publish","type":"post","link":"https:\/\/www.africa-press.net\/cameroun\/sports\/necrologie-lemouvant-hommage-de-thomas-nkono-au-prof-owona","title":{"rendered":"Ne\u0301crologie: L\u2019e\u0301mouvant Hommage de Thomas Nkono au Prof Owona"},"content":{"rendered":"<p><span style=\"color: #ff6600\"><strong>Africa-Press &#8211; Cameroun. <\/strong><\/span>Le texte rend hommage au professeur Joseph Owona, de\u0301ce\u0301de\u0301 le 6 janvier 2024 a\u0300 Bordeaux, en France, selon Thomas Nkono, ancien footballeur camerounais. Nkono se reme\u0301more une rencontre avec le professeur Owona en tant que ministre de la Jeunesse et des sports lors d&rsquo;un se\u0301jour au Cameroun apre\u0300s sa retraite sportive en 1997. Lors d&rsquo;un di\u0302ner, le professeur Owona lui a sugge\u0301re\u0301 de jouer a\u0300 la Coupe du Monde 1998 en France, ce a\u0300 quoi Nkono a re\u0301pondu que, malgre\u0301 son inte\u0301re\u0302t, cela e\u0301tait impossible dans les conditions actuelles.<\/p>\n<p>Cependant, le professeur Owona, apre\u0300s une bre\u0300ve absence, revient avec l&rsquo;ide\u0301e de cre\u0301er officiellement le poste d&rsquo;entrai\u0302neur des gardiens de but pour Nkono au sein de l&rsquo;e\u0301quipe nationale camerounaise. Cette de\u0301cision visionnaire a permis a\u0300 Nkono de remporter des succe\u0300s notables, notamment la Coupe d&rsquo;Afrique des Nations en 2000 et 2002, ainsi que la me\u0301daille olympique en 2000 a\u0300 Sydney. Le texte se termine par une expression de gratitude de Nkono envers le professeur Owona et des v\u0153ux de repos e\u0301ternel pour son a\u0302me.<\/p>\n<p>Hommage de Thomas nkono au professeur Joseph Owona (le visionnaire) de\u0301ce\u0301de\u0301 le 06\/01\/2024 a\u0300 bordeaux en France.<\/p>\n<p>Apre\u0301s avoir raccroche\u0301 les crampons en 1997&#8230;<\/p>\n<p>Je me suis rendu dans mon cher pays le Cameroun pour des petites vacances, et j&rsquo;ai profite\u0301 durant mon se\u0301jour d&rsquo;aller rendre visite au Pr Joseph Owona dans son lieu de travail ,alors a\u0300 cette e\u0301poque ministre de la Jeunesse et des sports.<\/p>\n<p>Apre\u0300s conversation dans ses bureaux,il m\u2019invita di\u0302ner chez lui.<\/p>\n<p>Pendant le repas, entoure\u0301 de sa famille, il me dit textuellement thomy tu dois jouer ce mondial 1998 en France,je re\u0301pondu; Excellence si vous me l\u2019aviez propose\u0301 il y a six mois,j\u2019aurais fait un autre style de vie,une pre\u0301paration physique et phsychologique,Excellence dans ses conditions actuelles,impossible revenir.<\/p>\n<p>Avant le dessert,il se leva,et est parti dans la maison,et lorsqu\u2019il est revenu,il dit qu&rsquo;il viens d\u2019avoir une ide\u0301e ge\u0301niale,qu&rsquo;elle est cette ide\u0301e?lui ont demande\u0301 les membres de la famille?<\/p>\n<p>Je vais l\u2019emmener comme entrai\u0302neur des gardiens,car ce poste n\u2019existait pas encore a\u0300 l\u2019e\u0301poque a\u0300 l\u2019e\u0301quipe nationale.<\/p>\n<p>Ce fu\u0302t fait pour dire que son excellence dans ses ide\u0301es visionnaires cre\u0301a officiellement ce poste d\u2019entrai\u0302neur de gardiens de buts pour moi.<\/p>\n<p>\u300a Merci pour cette De\u0301cision \u300b<\/p>\n<p>Ce qui m&rsquo;a permis de faire des prouesses avec les gardiens talentueux que j&rsquo;avais et de glaner les victoires pour le Cameroun a la Can 2000 &#8211; 2002 ,la me\u0301daille olympique 2000 a\u0300 Sydney.<\/p>\n<p>Que ton a\u0302me repose en paix<\/p>\n<p>Thomas Nkono.<\/p>\n<p><strong>Pour plus d&rsquo;informations et d&rsquo;analyses sur la <a href=\"https:\/\/www.africa-press.net\/cameroun\">Cameroun<\/a>, suivez <a href=\"https:\/\/www.africa-press.net\/\">Africa-Press<\/a><\/strong><\/p>\n","protected":false},"excerpt":{"rendered":"<p>Africa-Press &#8211; Cameroun. Le texte rend hommage au professeur Joseph Owona, de\u0301ce\u0301de\u0301 le 6 janvier 2024 a\u0300 Bordeaux, en France, selon Thomas Nkono, ancien footballeur camerounais. Nkono se reme\u0301more une rencontre avec le professeur Owona en tant que ministre de la Jeunesse et des sports lors d&rsquo;un se\u0301jour au Cameroun apre\u0300s sa retraite sportive en [&hellip;]<\/p>\n","protected":false},"author":82,"featured_media":60170,"comment_status":"open","ping_status":"closed","sticky":false,"template":"","format":"standard","meta":{"footnotes":""},"categories":[6,10],"tags":[36,50,49],"class_list":["post-60171","post","type-post","status-publish","format-standard","has-post-thumbnail","hentry","category-sports","category-toutes-les-actualites","tag-africa-press","tag-africa-press-cameroun","tag-cameroun"],"yoast_head":"<!-- This site is optimized with the Yoast SEO Premium plugin v26.1 (Yoast SEO v27.0) - https:\/\/yoast.com\/product\/yoast-seo-premium-wordpress\/ -->\n<title>Ne\u0301crologie: L\u2019e\u0301mouvant Hommage de Thomas Nkono au Prof Owona - Cameroun<\/title>\n<meta name=\"description\" content=\"Le texte rend hommage au professeur Joseph Owona, de\u0301ce\u0301de\u0301 le 6 janvier 2024 a\u0300 Bordeaux, en France, selon Thomas Nkono ...\" \/>\n<meta name=\"robots\" content=\"index, follow, max-snippet:-1, max-image-preview:large, max-video-preview:-1\" \/>\n<link rel=\"canonical\" href=\"https:\/\/www.africa-press.net\/cameroun\/sports\/necrologie-lemouvant-hommage-de-thomas-nkono-au-prof-owona\" \/>\n<meta property=\"og:locale\" content=\"fr_FR\" \/>\n<meta property=\"og:type\" content=\"article\" \/>\n<meta property=\"og:title\" content=\"Ne\u0301crologie: L\u2019e\u0301mouvant Hommage de Thomas Nkono au Prof Owona\" \/>\n<meta property=\"og:description\" content=\"Le texte rend hommage au professeur Joseph Owona, de\u0301ce\u0301de\u0301 le 6 janvier 2024 a\u0300 Bordeaux, en France, selon Thomas Nkono ...\" \/>\n<meta property=\"og:url\" content=\"https:\/\/www.africa-press.net\/cameroun\/sports\/necrologie-lemouvant-hommage-de-thomas-nkono-au-prof-owona\" \/>\n<meta property=\"og:site_name\" content=\"Cameroun\" \/>\n<meta property=\"article:published_time\" content=\"2024-01-10T21:54:50+00:00\" \/>\n<meta property=\"article:modified_time\" content=\"2024-01-10T22:17:31+00:00\" \/>\n<meta property=\"og:image\" content=\"https:\/\/static.africa-press.net\/cameroun\/sites\/57\/2024\/01\/sm_1704912279.020257.jpg\" \/>\n\t<meta property=\"og:image:width\" content=\"1280\" \/>\n\t<meta property=\"og:image:height\" content=\"720\" \/>\n\t<meta property=\"og:image:type\" content=\"image\/jpeg\" \/>\n<meta name=\"author\" content=\"cfeditorfr\" \/>\n<meta name=\"twitter:card\" content=\"summary_large_image\" \/>\n<meta name=\"twitter:label1\" content=\"\u00c9crit par\" \/>\n\t<meta name=\"twitter:data1\" content=\"cfeditorfr\" \/>\n\t<meta name=\"twitter:label2\" content=\"Dur\u00e9e de lecture estim\u00e9e\" \/>\n\t<meta name=\"twitter:data2\" content=\"2 minutes\" \/>\n<script type=\"application\/ld+json\" class=\"yoast-schema-graph\">{\"@context\":\"https:\/\/schema.org\",\"@graph\":[{\"@type\":\"Article\",\"@id\":\"https:\/\/www.africa-press.net\/cameroun\/sports\/necrologie-lemouvant-hommage-de-thomas-nkono-au-prof-owona#article\",\"isPartOf\":{\"@id\":\"https:\/\/www.africa-press.net\/cameroun\/sports\/necrologie-lemouvant-hommage-de-thomas-nkono-au-prof-owona\"},\"author\":{\"name\":\"cfeditorfr\",\"@id\":\"https:\/\/www.africa-press.net\/cameroun\/#\/schema\/person\/2b1cf3cd81a31e3cd26889ca66d677f1\"},\"headline\":\"Ne\u0301crologie: L\u2019e\u0301mouvant Hommage de Thomas Nkono au Prof Owona\",\"datePublished\":\"2024-01-10T21:54:50+00:00\",\"dateModified\":\"2024-01-10T22:17:31+00:00\",\"mainEntityOfPage\":{\"@id\":\"https:\/\/www.africa-press.net\/cameroun\/sports\/necrologie-lemouvant-hommage-de-thomas-nkono-au-prof-owona\"},\"wordCount\":506,\"commentCount\":0,\"image\":{\"@id\":\"https:\/\/www.africa-press.net\/cameroun\/sports\/necrologie-lemouvant-hommage-de-thomas-nkono-au-prof-owona#primaryimage\"},\"thumbnailUrl\":\"https:\/\/static.africa-press.net\/cameroun\/sites\/57\/2024\/01\/sm_1704912279.020257.jpg\",\"keywords\":[\"Africa Press\",\"Africa Press-Cameroun\",\"Cameroun\"],\"articleSection\":[\"Sports\",\"Toutes les actualit\u00e9s\"],\"inLanguage\":\"fr-FR\",\"potentialAction\":[{\"@type\":\"CommentAction\",\"name\":\"Comment\",\"target\":[\"https:\/\/www.africa-press.net\/cameroun\/sports\/necrologie-lemouvant-hommage-de-thomas-nkono-au-prof-owona#respond\"]}]},{\"@type\":\"WebPage\",\"@id\":\"https:\/\/www.africa-press.net\/cameroun\/sports\/necrologie-lemouvant-hommage-de-thomas-nkono-au-prof-owona\",\"url\":\"https:\/\/www.africa-press.net\/cameroun\/sports\/necrologie-lemouvant-hommage-de-thomas-nkono-au-prof-owona\",\"name\":\"Ne\u0301crologie: L\u2019e\u0301mouvant Hommage de Thomas Nkono au Prof Owona - Cameroun\",\"isPartOf\":{\"@id\":\"https:\/\/www.africa-press.net\/cameroun\/#website\"},\"primaryImageOfPage\":{\"@id\":\"https:\/\/www.africa-press.net\/cameroun\/sports\/necrologie-lemouvant-hommage-de-thomas-nkono-au-prof-owona#primaryimage\"},\"image\":{\"@id\":\"https:\/\/www.africa-press.net\/cameroun\/sports\/necrologie-lemouvant-hommage-de-thomas-nkono-au-prof-owona#primaryimage\"},\"thumbnailUrl\":\"https:\/\/static.africa-press.net\/cameroun\/sites\/57\/2024\/01\/sm_1704912279.020257.jpg\",\"datePublished\":\"2024-01-10T21:54:50+00:00\",\"dateModified\":\"2024-01-10T22:17:31+00:00\",\"author\":{\"@id\":\"https:\/\/www.africa-press.net\/cameroun\/#\/schema\/person\/2b1cf3cd81a31e3cd26889ca66d677f1\"},\"description\":\"Le texte rend hommage au professeur Joseph Owona, de\u0301ce\u0301de\u0301 le 6 janvier 2024 a\u0300 Bordeaux, en France, selon Thomas Nkono ...\",\"breadcrumb\":{\"@id\":\"https:\/\/www.africa-press.net\/cameroun\/sports\/necrologie-lemouvant-hommage-de-thomas-nkono-au-prof-owona#breadcrumb\"},\"inLanguage\":\"fr-FR\",\"potentialAction\":[{\"@type\":\"ReadAction\",\"target\":[\"https:\/\/www.africa-press.net\/cameroun\/sports\/necrologie-lemouvant-hommage-de-thomas-nkono-au-prof-owona\"]}]},{\"@type\":\"ImageObject\",\"inLanguage\":\"fr-FR\",\"@id\":\"https:\/\/www.africa-press.net\/cameroun\/sports\/necrologie-lemouvant-hommage-de-thomas-nkono-au-prof-owona#primaryimage\",\"url\":\"https:\/\/static.africa-press.net\/cameroun\/sites\/57\/2024\/01\/sm_1704912279.020257.jpg\",\"contentUrl\":\"https:\/\/static.africa-press.net\/cameroun\/sites\/57\/2024\/01\/sm_1704912279.020257.jpg\",\"width\":1280,\"height\":720,\"caption\":\"Ne\u0301crologie: L\u2019e\u0301mouvant Hommage de Thomas Nkono au Prof Owona\"},{\"@type\":\"BreadcrumbList\",\"@id\":\"https:\/\/www.africa-press.net\/cameroun\/sports\/necrologie-lemouvant-hommage-de-thomas-nkono-au-prof-owona#breadcrumb\",\"itemListElement\":[{\"@type\":\"ListItem\",\"position\":1,\"name\":\"Accueil\",\"item\":\"https:\/\/www.africa-press.net\/cameroun\/\"},{\"@type\":\"ListItem\",\"position\":2,\"name\":\"Ne\u0301crologie: L\u2019e\u0301mouvant Hommage de Thomas Nkono au Prof Owona\"}]},{\"@type\":\"WebSite\",\"@id\":\"https:\/\/www.africa-press.net\/cameroun\/#website\",\"url\":\"https:\/\/www.africa-press.net\/cameroun\/\",\"name\":\"Cameroun\",\"description\":\"Just another Africa News Agency Sites site\",\"potentialAction\":[{\"@type\":\"SearchAction\",\"target\":{\"@type\":\"EntryPoint\",\"urlTemplate\":\"https:\/\/www.africa-press.net\/cameroun\/?s={search_term_string}\"},\"query-input\":{\"@type\":\"PropertyValueSpecification\",\"valueRequired\":true,\"valueName\":\"search_term_string\"}}],\"inLanguage\":\"fr-FR\"},{\"@type\":\"Person\",\"@id\":\"https:\/\/www.africa-press.net\/cameroun\/#\/schema\/person\/2b1cf3cd81a31e3cd26889ca66d677f1\",\"name\":\"cfeditorfr\"}]}<\/script>\n<!-- \/ Yoast SEO Premium plugin. -->","yoast_head_json":{"title":"Ne\u0301crologie: L\u2019e\u0301mouvant Hommage de Thomas Nkono au Prof Owona - Cameroun","description":"Le texte rend hommage au professeur Joseph Owona, de\u0301ce\u0301de\u0301 le 6 janvier 2024 a\u0300 Bordeaux, en France, selon Thomas Nkono ...","robots":{"index":"index","follow":"follow","max-snippet":"max-snippet:-1","max-image-preview":"max-image-preview:large","max-video-preview":"max-video-preview:-1"},"canonical":"https:\/\/www.africa-press.net\/cameroun\/sports\/necrologie-lemouvant-hommage-de-thomas-nkono-au-prof-owona","og_locale":"fr_FR","og_type":"article","og_title":"Ne\u0301crologie: L\u2019e\u0301mouvant Hommage de Thomas Nkono au Prof Owona","og_description":"Le texte rend hommage au professeur Joseph Owona, de\u0301ce\u0301de\u0301 le 6 janvier 2024 a\u0300 Bordeaux, en France, selon Thomas Nkono ...","og_url":"https:\/\/www.africa-press.net\/cameroun\/sports\/necrologie-lemouvant-hommage-de-thomas-nkono-au-prof-owona","og_site_name":"Cameroun","article_published_time":"2024-01-10T21:54:50+00:00","article_modified_time":"2024-01-10T22:17:31+00:00","og_image":[{"width":1280,"height":720,"url":"https:\/\/static.africa-press.net\/cameroun\/sites\/57\/2024\/01\/sm_1704912279.020257.jpg","type":"image\/jpeg"}],"author":"cfeditorfr","twitter_card":"summary_large_image","twitter_misc":{"\u00c9crit par":"cfeditorfr","Dur\u00e9e de lecture estim\u00e9e":"2 minutes"},"schema":{"@context":"https:\/\/schema.org","@graph":[{"@type":"Article","@id":"https:\/\/www.africa-press.net\/cameroun\/sports\/necrologie-lemouvant-hommage-de-thomas-nkono-au-prof-owona#article","isPartOf":{"@id":"https:\/\/www.africa-press.net\/cameroun\/sports\/necrologie-lemouvant-hommage-de-thomas-nkono-au-prof-owona"},"author":{"name":"cfeditorfr","@id":"https:\/\/www.africa-press.net\/cameroun\/#\/schema\/person\/2b1cf3cd81a31e3cd26889ca66d677f1"},"headline":"Ne\u0301crologie: L\u2019e\u0301mouvant Hommage de Thomas Nkono au Prof Owona","datePublished":"2024-01-10T21:54:50+00:00","dateModified":"2024-01-10T22:17:31+00:00","mainEntityOfPage":{"@id":"https:\/\/www.africa-press.net\/cameroun\/sports\/necrologie-lemouvant-hommage-de-thomas-nkono-au-prof-owona"},"wordCount":506,"commentCount":0,"image":{"@id":"https:\/\/www.africa-press.net\/cameroun\/sports\/necrologie-lemouvant-hommage-de-thomas-nkono-au-prof-owona#primaryimage"},"thumbnailUrl":"https:\/\/static.africa-press.net\/cameroun\/sites\/57\/2024\/01\/sm_1704912279.020257.jpg","keywords":["Africa Press","Africa Press-Cameroun","Cameroun"],"articleSection":["Sports","Toutes les actualit\u00e9s"],"inLanguage":"fr-FR","potentialAction":[{"@type":"CommentAction","name":"Comment","target":["https:\/\/www.africa-press.net\/cameroun\/sports\/necrologie-lemouvant-hommage-de-thomas-nkono-au-prof-owona#respond"]}]},{"@type":"WebPage","@id":"https:\/\/www.africa-press.net\/cameroun\/sports\/necrologie-lemouvant-hommage-de-thomas-nkono-au-prof-owona","url":"https:\/\/www.africa-press.net\/cameroun\/sports\/necrologie-lemouvant-hommage-de-thomas-nkono-au-prof-owona","name":"Ne\u0301crologie: L\u2019e\u0301mouvant Hommage de Thomas Nkono au Prof Owona - Cameroun","isPartOf":{"@id":"https:\/\/www.africa-press.net\/cameroun\/#website"},"primaryImageOfPage":{"@id":"https:\/\/www.africa-press.net\/cameroun\/sports\/necrologie-lemouvant-hommage-de-thomas-nkono-au-prof-owona#primaryimage"},"image":{"@id":"https:\/\/www.africa-press.net\/cameroun\/sports\/necrologie-lemouvant-hommage-de-thomas-nkono-au-prof-owona#primaryimage"},"thumbnailUrl":"https:\/\/static.africa-press.net\/cameroun\/sites\/57\/2024\/01\/sm_1704912279.020257.jpg","datePublished":"2024-01-10T21:54:50+00:00","dateModified":"2024-01-10T22:17:31+00:00","author":{"@id":"https:\/\/www.africa-press.net\/cameroun\/#\/schema\/person\/2b1cf3cd81a31e3cd26889ca66d677f1"},"description":"Le texte rend hommage au professeur Joseph Owona, de\u0301ce\u0301de\u0301 le 6 janvier 2024 a\u0300 Bordeaux, en France, selon Thomas Nkono ...","breadcrumb":{"@id":"https:\/\/www.africa-press.net\/cameroun\/sports\/necrologie-lemouvant-hommage-de-thomas-nkono-au-prof-owona#breadcrumb"},"inLanguage":"fr-FR","potentialAction":[{"@type":"ReadAction","target":["https:\/\/www.africa-press.net\/cameroun\/sports\/necrologie-lemouvant-hommage-de-thomas-nkono-au-prof-owona"]}]},{"@type":"ImageObject","inLanguage":"fr-FR","@id":"https:\/\/www.africa-press.net\/cameroun\/sports\/necrologie-lemouvant-hommage-de-thomas-nkono-au-prof-owona#primaryimage","url":"https:\/\/static.africa-press.net\/cameroun\/sites\/57\/2024\/01\/sm_1704912279.020257.jpg","contentUrl":"https:\/\/static.africa-press.net\/cameroun\/sites\/57\/2024\/01\/sm_1704912279.020257.jpg","width":1280,"height":720,"caption":"Ne\u0301crologie: L\u2019e\u0301mouvant Hommage de Thomas Nkono au Prof Owona"},{"@type":"BreadcrumbList","@id":"https:\/\/www.africa-press.net\/cameroun\/sports\/necrologie-lemouvant-hommage-de-thomas-nkono-au-prof-owona#breadcrumb","itemListElement":[{"@type":"ListItem","position":1,"name":"Accueil","item":"https:\/\/www.africa-press.net\/cameroun\/"},{"@type":"ListItem","position":2,"name":"Ne\u0301crologie: L\u2019e\u0301mouvant Hommage de Thomas Nkono au Prof Owona"}]},{"@type":"WebSite","@id":"https:\/\/www.africa-press.net\/cameroun\/#website","url":"https:\/\/www.africa-press.net\/cameroun\/","name":"Cameroun","description":"Just another Africa News Agency Sites site","potentialAction":[{"@type":"SearchAction","target":{"@type":"EntryPoint","urlTemplate":"https:\/\/www.africa-press.net\/cameroun\/?s={search_term_string}"},"query-input":{"@type":"PropertyValueSpecification","valueRequired":true,"valueName":"search_term_string"}}],"inLanguage":"fr-FR"},{"@type":"Person","@id":"https:\/\/www.africa-press.net\/cameroun\/#\/schema\/person\/2b1cf3cd81a31e3cd26889ca66d677f1","name":"cfeditorfr"}]}},"_links":{"self":[{"href":"https:\/\/www.africa-press.net\/cameroun\/wp-json\/wp\/v2\/posts\/60171","targetHints":{"allow":["GET"]}}],"collection":[{"href":"https:\/\/www.africa-press.net\/cameroun\/wp-json\/wp\/v2\/posts"}],"about":[{"href":"https:\/\/www.africa-press.net\/cameroun\/wp-json\/wp\/v2\/types\/post"}],"author":[{"embeddable":true,"href":"https:\/\/www.africa-press.net\/cameroun\/wp-json\/wp\/v2\/users\/82"}],"replies":[{"embeddable":true,"href":"https:\/\/www.africa-press.net\/cameroun\/wp-json\/wp\/v2\/comments?post=60171"}],"version-history":[{"count":0,"href":"https:\/\/www.africa-press.net\/cameroun\/wp-json\/wp\/v2\/posts\/60171\/revisions"}],"wp:featuredmedia":[{"embeddable":true,"href":"https:\/\/www.africa-press.net\/cameroun\/wp-json\/wp\/v2\/media\/60170"}],"wp:attachment":[{"href":"https:\/\/www.africa-press.net\/cameroun\/wp-json\/wp\/v2\/media?parent=60171"}],"wp:term":[{"taxonomy":"category","embeddable":true,"href":"https:\/\/www.africa-press.net\/cameroun\/wp-json\/wp\/v2\/categories?post=60171"},{"taxonomy":"post_tag","embeddable":true,"href":"https:\/\/www.africa-press.net\/cameroun\/wp-json\/wp\/v2\/tags?post=60171"}],"curies":[{"name":"wp","href":"https:\/\/api.w.org\/{rel}","templated":true}]}}