{"id":60197,"date":"2024-01-10T21:56:26","date_gmt":"2024-01-10T21:56:26","guid":{"rendered":"https:\/\/www.africa-press.net\/cameroun\/politique\/la-14eme-journee-de-la-mtn-elite-2-programmee-ce-10-janvier"},"modified":"2024-01-10T22:22:43","modified_gmt":"2024-01-10T22:22:43","slug":"la-14eme-journee-de-la-mtn-elite-2-programmee-ce-10-janvier","status":"publish","type":"post","link":"https:\/\/www.africa-press.net\/cameroun\/sports\/la-14eme-journee-de-la-mtn-elite-2-programmee-ce-10-janvier","title":{"rendered":"La 14E\u0300Me Journe\u0301e de la MTN Elite 2 Programme\u0301e ce 10 Janvier"},"content":{"rendered":"<p><span style=\"color: #ff6600\"><strong>Africa-Press &#8211; Cameroun. <\/strong><\/span><b>C\u2019est une note signe\u0301e par le secre\u0301taire ge\u0301ne\u0301ral du Conseil Transitoire du Football Professionnel (CFTP) qui pre\u0301sente les diffe\u0301rentes affiches.<\/b><\/p>\n<p>Un mercredi aux allures de football. C\u2019est ce qui attend les amateurs de football le 10 janvier au Cameroun. Le lever de rideau aura lieu a\u0300 13H avec la re\u0301ception par <b>Foncha street<\/b> au stade de Bambili de Racing FC de Bafoussam. Au me\u0302me moment, au Stade de la Re\u0301unification, <b>Aigle Royal du Moungo<\/b> affrontera <b>Tonnerre Kalara Club<\/b>, tandis qu\u2019a\u0300 Yaounde\u0301, a\u0300 13h30, FC Yaounde\u0301 II sera oppose\u0301 a\u0300 Renaissance de Ngoumou au Stade Annexe A d\u2019Olembe.<\/p>\n<p>Le Stade Annexe 1 de l\u2019Omnisport a\u0300 Yaounde\u0301 accueillera la rencontre Dragon de Yaounde\u0301 vs Djiko FC de Bandjoun (13h30) et Eding Sport FC vs Panthe\u0300re Sportive du Nde\u0301 (15h30). BAFMENG United recevra de son co\u0302te\u0301 Unisport du Haut Nkam, tandis que ISOHSA de Limbe se rendra sur les installations d\u2019AS FAP de Yaounde\u0301. Rangers de Bafut tentera d\u2019arracher les trois points de la journe\u0301e devant Le\u0301opard Sportif de Douala. Le match va se jouer a\u0300 au stade de Bambili a\u0300 Bamenda.<\/p>\n<p><strong>Pour plus d&rsquo;informations et d&rsquo;analyses sur la <a href=\"https:\/\/www.africa-press.net\/cameroun\">Cameroun<\/a>, suivez <a href=\"https:\/\/www.africa-press.net\/\">Africa-Press<\/a><\/strong><\/p>\n","protected":false},"excerpt":{"rendered":"<p>Africa-Press &#8211; Cameroun. C\u2019est une note signe\u0301e par le secre\u0301taire ge\u0301ne\u0301ral du Conseil Transitoire du Football Professionnel (CFTP) qui pre\u0301sente les diffe\u0301rentes affiches. Un mercredi aux allures de football. C\u2019est ce qui attend les amateurs de football le 10 janvier au Cameroun. Le lever de rideau aura lieu a\u0300 13H avec la re\u0301ception par Foncha [&hellip;]<\/p>\n","protected":false},"author":82,"featured_media":60196,"comment_status":"open","ping_status":"closed","sticky":false,"template":"","format":"standard","meta":{"footnotes":""},"categories":[6,10],"tags":[36,50,49],"class_list":["post-60197","post","type-post","status-publish","format-standard","has-post-thumbnail","hentry","category-sports","category-toutes-les-actualites","tag-africa-press","tag-africa-press-cameroun","tag-cameroun"],"yoast_head":"<!-- This site is optimized with the Yoast SEO Premium plugin v26.1 (Yoast SEO v27.0) - https:\/\/yoast.com\/product\/yoast-seo-premium-wordpress\/ -->\n<title>La 14E\u0300Me Journe\u0301e de la MTN Elite 2 Programme\u0301e ce 10 Janvier - Cameroun<\/title>\n<meta name=\"description\" content=\"C\u2019est une note signe\u0301e par le secre\u0301taire ge\u0301ne\u0301ral du Conseil Transitoire du Football Professionnel (CFTP) qui pre\u0301s ...\" \/>\n<meta name=\"robots\" content=\"index, follow, max-snippet:-1, max-image-preview:large, max-video-preview:-1\" \/>\n<link rel=\"canonical\" href=\"https:\/\/www.africa-press.net\/cameroun\/sports\/la-14eme-journee-de-la-mtn-elite-2-programmee-ce-10-janvier\" \/>\n<meta property=\"og:locale\" content=\"fr_FR\" \/>\n<meta property=\"og:type\" content=\"article\" \/>\n<meta property=\"og:title\" content=\"La 14E\u0300Me Journe\u0301e de la MTN Elite 2 Programme\u0301e ce 10 Janvier\" \/>\n<meta property=\"og:description\" content=\"C\u2019est une note signe\u0301e par le secre\u0301taire ge\u0301ne\u0301ral du Conseil Transitoire du Football Professionnel (CFTP) qui pre\u0301s ...\" \/>\n<meta property=\"og:url\" content=\"https:\/\/www.africa-press.net\/cameroun\/sports\/la-14eme-journee-de-la-mtn-elite-2-programmee-ce-10-janvier\" \/>\n<meta property=\"og:site_name\" content=\"Cameroun\" \/>\n<meta property=\"article:published_time\" content=\"2024-01-10T21:56:26+00:00\" \/>\n<meta property=\"article:modified_time\" content=\"2024-01-10T22:22:43+00:00\" \/>\n<meta property=\"og:image\" content=\"https:\/\/static.africa-press.net\/cameroun\/sites\/57\/2024\/01\/sm_1704912550.309981.jpg\" \/>\n\t<meta property=\"og:image:width\" content=\"780\" \/>\n\t<meta property=\"og:image:height\" content=\"440\" \/>\n\t<meta property=\"og:image:type\" content=\"image\/jpeg\" \/>\n<meta name=\"author\" content=\"cfeditorfr\" \/>\n<meta name=\"twitter:card\" content=\"summary_large_image\" \/>\n<meta name=\"twitter:label1\" content=\"\u00c9crit par\" \/>\n\t<meta name=\"twitter:data1\" content=\"cfeditorfr\" \/>\n\t<meta name=\"twitter:label2\" content=\"Dur\u00e9e de lecture estim\u00e9e\" \/>\n\t<meta name=\"twitter:data2\" content=\"1 minute\" \/>\n<script type=\"application\/ld+json\" class=\"yoast-schema-graph\">{\"@context\":\"https:\/\/schema.org\",\"@graph\":[{\"@type\":\"Article\",\"@id\":\"https:\/\/www.africa-press.net\/cameroun\/sports\/la-14eme-journee-de-la-mtn-elite-2-programmee-ce-10-janvier#article\",\"isPartOf\":{\"@id\":\"https:\/\/www.africa-press.net\/cameroun\/sports\/la-14eme-journee-de-la-mtn-elite-2-programmee-ce-10-janvier\"},\"author\":{\"name\":\"cfeditorfr\",\"@id\":\"https:\/\/www.africa-press.net\/cameroun\/#\/schema\/person\/2b1cf3cd81a31e3cd26889ca66d677f1\"},\"headline\":\"La 14E\u0300Me Journe\u0301e de la MTN Elite 2 Programme\u0301e ce 10 Janvier\",\"datePublished\":\"2024-01-10T21:56:26+00:00\",\"dateModified\":\"2024-01-10T22:22:43+00:00\",\"mainEntityOfPage\":{\"@id\":\"https:\/\/www.africa-press.net\/cameroun\/sports\/la-14eme-journee-de-la-mtn-elite-2-programmee-ce-10-janvier\"},\"wordCount\":225,\"commentCount\":0,\"image\":{\"@id\":\"https:\/\/www.africa-press.net\/cameroun\/sports\/la-14eme-journee-de-la-mtn-elite-2-programmee-ce-10-janvier#primaryimage\"},\"thumbnailUrl\":\"https:\/\/static.africa-press.net\/cameroun\/sites\/57\/2024\/01\/sm_1704912550.309981.jpg\",\"keywords\":[\"Africa Press\",\"Africa Press-Cameroun\",\"Cameroun\"],\"articleSection\":[\"Sports\",\"Toutes les actualit\u00e9s\"],\"inLanguage\":\"fr-FR\",\"potentialAction\":[{\"@type\":\"CommentAction\",\"name\":\"Comment\",\"target\":[\"https:\/\/www.africa-press.net\/cameroun\/sports\/la-14eme-journee-de-la-mtn-elite-2-programmee-ce-10-janvier#respond\"]}]},{\"@type\":\"WebPage\",\"@id\":\"https:\/\/www.africa-press.net\/cameroun\/sports\/la-14eme-journee-de-la-mtn-elite-2-programmee-ce-10-janvier\",\"url\":\"https:\/\/www.africa-press.net\/cameroun\/sports\/la-14eme-journee-de-la-mtn-elite-2-programmee-ce-10-janvier\",\"name\":\"La 14E\u0300Me Journe\u0301e de la MTN Elite 2 Programme\u0301e ce 10 Janvier - Cameroun\",\"isPartOf\":{\"@id\":\"https:\/\/www.africa-press.net\/cameroun\/#website\"},\"primaryImageOfPage\":{\"@id\":\"https:\/\/www.africa-press.net\/cameroun\/sports\/la-14eme-journee-de-la-mtn-elite-2-programmee-ce-10-janvier#primaryimage\"},\"image\":{\"@id\":\"https:\/\/www.africa-press.net\/cameroun\/sports\/la-14eme-journee-de-la-mtn-elite-2-programmee-ce-10-janvier#primaryimage\"},\"thumbnailUrl\":\"https:\/\/static.africa-press.net\/cameroun\/sites\/57\/2024\/01\/sm_1704912550.309981.jpg\",\"datePublished\":\"2024-01-10T21:56:26+00:00\",\"dateModified\":\"2024-01-10T22:22:43+00:00\",\"author\":{\"@id\":\"https:\/\/www.africa-press.net\/cameroun\/#\/schema\/person\/2b1cf3cd81a31e3cd26889ca66d677f1\"},\"description\":\"C\u2019est une note signe\u0301e par le secre\u0301taire ge\u0301ne\u0301ral du Conseil Transitoire du Football Professionnel (CFTP) qui pre\u0301s ...\",\"breadcrumb\":{\"@id\":\"https:\/\/www.africa-press.net\/cameroun\/sports\/la-14eme-journee-de-la-mtn-elite-2-programmee-ce-10-janvier#breadcrumb\"},\"inLanguage\":\"fr-FR\",\"potentialAction\":[{\"@type\":\"ReadAction\",\"target\":[\"https:\/\/www.africa-press.net\/cameroun\/sports\/la-14eme-journee-de-la-mtn-elite-2-programmee-ce-10-janvier\"]}]},{\"@type\":\"ImageObject\",\"inLanguage\":\"fr-FR\",\"@id\":\"https:\/\/www.africa-press.net\/cameroun\/sports\/la-14eme-journee-de-la-mtn-elite-2-programmee-ce-10-janvier#primaryimage\",\"url\":\"https:\/\/static.africa-press.net\/cameroun\/sites\/57\/2024\/01\/sm_1704912550.309981.jpg\",\"contentUrl\":\"https:\/\/static.africa-press.net\/cameroun\/sites\/57\/2024\/01\/sm_1704912550.309981.jpg\",\"width\":780,\"height\":440,\"caption\":\"La 14E\u0300Me Journe\u0301e de la MTN Elite 2 Programme\u0301e ce 10 Janvier\"},{\"@type\":\"BreadcrumbList\",\"@id\":\"https:\/\/www.africa-press.net\/cameroun\/sports\/la-14eme-journee-de-la-mtn-elite-2-programmee-ce-10-janvier#breadcrumb\",\"itemListElement\":[{\"@type\":\"ListItem\",\"position\":1,\"name\":\"Accueil\",\"item\":\"https:\/\/www.africa-press.net\/cameroun\/\"},{\"@type\":\"ListItem\",\"position\":2,\"name\":\"La 14E\u0300Me Journe\u0301e de la MTN Elite 2 Programme\u0301e ce 10 Janvier\"}]},{\"@type\":\"WebSite\",\"@id\":\"https:\/\/www.africa-press.net\/cameroun\/#website\",\"url\":\"https:\/\/www.africa-press.net\/cameroun\/\",\"name\":\"Cameroun\",\"description\":\"Just another Africa News Agency Sites site\",\"potentialAction\":[{\"@type\":\"SearchAction\",\"target\":{\"@type\":\"EntryPoint\",\"urlTemplate\":\"https:\/\/www.africa-press.net\/cameroun\/?s={search_term_string}\"},\"query-input\":{\"@type\":\"PropertyValueSpecification\",\"valueRequired\":true,\"valueName\":\"search_term_string\"}}],\"inLanguage\":\"fr-FR\"},{\"@type\":\"Person\",\"@id\":\"https:\/\/www.africa-press.net\/cameroun\/#\/schema\/person\/2b1cf3cd81a31e3cd26889ca66d677f1\",\"name\":\"cfeditorfr\"}]}<\/script>\n<!-- \/ Yoast SEO Premium plugin. -->","yoast_head_json":{"title":"La 14E\u0300Me Journe\u0301e de la MTN Elite 2 Programme\u0301e ce 10 Janvier - Cameroun","description":"C\u2019est une note signe\u0301e par le secre\u0301taire ge\u0301ne\u0301ral du Conseil Transitoire du Football Professionnel (CFTP) qui pre\u0301s ...","robots":{"index":"index","follow":"follow","max-snippet":"max-snippet:-1","max-image-preview":"max-image-preview:large","max-video-preview":"max-video-preview:-1"},"canonical":"https:\/\/www.africa-press.net\/cameroun\/sports\/la-14eme-journee-de-la-mtn-elite-2-programmee-ce-10-janvier","og_locale":"fr_FR","og_type":"article","og_title":"La 14E\u0300Me Journe\u0301e de la MTN Elite 2 Programme\u0301e ce 10 Janvier","og_description":"C\u2019est une note signe\u0301e par le secre\u0301taire ge\u0301ne\u0301ral du Conseil Transitoire du Football Professionnel (CFTP) qui pre\u0301s ...","og_url":"https:\/\/www.africa-press.net\/cameroun\/sports\/la-14eme-journee-de-la-mtn-elite-2-programmee-ce-10-janvier","og_site_name":"Cameroun","article_published_time":"2024-01-10T21:56:26+00:00","article_modified_time":"2024-01-10T22:22:43+00:00","og_image":[{"width":780,"height":440,"url":"https:\/\/static.africa-press.net\/cameroun\/sites\/57\/2024\/01\/sm_1704912550.309981.jpg","type":"image\/jpeg"}],"author":"cfeditorfr","twitter_card":"summary_large_image","twitter_misc":{"\u00c9crit par":"cfeditorfr","Dur\u00e9e de lecture estim\u00e9e":"1 minute"},"schema":{"@context":"https:\/\/schema.org","@graph":[{"@type":"Article","@id":"https:\/\/www.africa-press.net\/cameroun\/sports\/la-14eme-journee-de-la-mtn-elite-2-programmee-ce-10-janvier#article","isPartOf":{"@id":"https:\/\/www.africa-press.net\/cameroun\/sports\/la-14eme-journee-de-la-mtn-elite-2-programmee-ce-10-janvier"},"author":{"name":"cfeditorfr","@id":"https:\/\/www.africa-press.net\/cameroun\/#\/schema\/person\/2b1cf3cd81a31e3cd26889ca66d677f1"},"headline":"La 14E\u0300Me Journe\u0301e de la MTN Elite 2 Programme\u0301e ce 10 Janvier","datePublished":"2024-01-10T21:56:26+00:00","dateModified":"2024-01-10T22:22:43+00:00","mainEntityOfPage":{"@id":"https:\/\/www.africa-press.net\/cameroun\/sports\/la-14eme-journee-de-la-mtn-elite-2-programmee-ce-10-janvier"},"wordCount":225,"commentCount":0,"image":{"@id":"https:\/\/www.africa-press.net\/cameroun\/sports\/la-14eme-journee-de-la-mtn-elite-2-programmee-ce-10-janvier#primaryimage"},"thumbnailUrl":"https:\/\/static.africa-press.net\/cameroun\/sites\/57\/2024\/01\/sm_1704912550.309981.jpg","keywords":["Africa Press","Africa Press-Cameroun","Cameroun"],"articleSection":["Sports","Toutes les actualit\u00e9s"],"inLanguage":"fr-FR","potentialAction":[{"@type":"CommentAction","name":"Comment","target":["https:\/\/www.africa-press.net\/cameroun\/sports\/la-14eme-journee-de-la-mtn-elite-2-programmee-ce-10-janvier#respond"]}]},{"@type":"WebPage","@id":"https:\/\/www.africa-press.net\/cameroun\/sports\/la-14eme-journee-de-la-mtn-elite-2-programmee-ce-10-janvier","url":"https:\/\/www.africa-press.net\/cameroun\/sports\/la-14eme-journee-de-la-mtn-elite-2-programmee-ce-10-janvier","name":"La 14E\u0300Me Journe\u0301e de la MTN Elite 2 Programme\u0301e ce 10 Janvier - Cameroun","isPartOf":{"@id":"https:\/\/www.africa-press.net\/cameroun\/#website"},"primaryImageOfPage":{"@id":"https:\/\/www.africa-press.net\/cameroun\/sports\/la-14eme-journee-de-la-mtn-elite-2-programmee-ce-10-janvier#primaryimage"},"image":{"@id":"https:\/\/www.africa-press.net\/cameroun\/sports\/la-14eme-journee-de-la-mtn-elite-2-programmee-ce-10-janvier#primaryimage"},"thumbnailUrl":"https:\/\/static.africa-press.net\/cameroun\/sites\/57\/2024\/01\/sm_1704912550.309981.jpg","datePublished":"2024-01-10T21:56:26+00:00","dateModified":"2024-01-10T22:22:43+00:00","author":{"@id":"https:\/\/www.africa-press.net\/cameroun\/#\/schema\/person\/2b1cf3cd81a31e3cd26889ca66d677f1"},"description":"C\u2019est une note signe\u0301e par le secre\u0301taire ge\u0301ne\u0301ral du Conseil Transitoire du Football Professionnel (CFTP) qui pre\u0301s ...","breadcrumb":{"@id":"https:\/\/www.africa-press.net\/cameroun\/sports\/la-14eme-journee-de-la-mtn-elite-2-programmee-ce-10-janvier#breadcrumb"},"inLanguage":"fr-FR","potentialAction":[{"@type":"ReadAction","target":["https:\/\/www.africa-press.net\/cameroun\/sports\/la-14eme-journee-de-la-mtn-elite-2-programmee-ce-10-janvier"]}]},{"@type":"ImageObject","inLanguage":"fr-FR","@id":"https:\/\/www.africa-press.net\/cameroun\/sports\/la-14eme-journee-de-la-mtn-elite-2-programmee-ce-10-janvier#primaryimage","url":"https:\/\/static.africa-press.net\/cameroun\/sites\/57\/2024\/01\/sm_1704912550.309981.jpg","contentUrl":"https:\/\/static.africa-press.net\/cameroun\/sites\/57\/2024\/01\/sm_1704912550.309981.jpg","width":780,"height":440,"caption":"La 14E\u0300Me Journe\u0301e de la MTN Elite 2 Programme\u0301e ce 10 Janvier"},{"@type":"BreadcrumbList","@id":"https:\/\/www.africa-press.net\/cameroun\/sports\/la-14eme-journee-de-la-mtn-elite-2-programmee-ce-10-janvier#breadcrumb","itemListElement":[{"@type":"ListItem","position":1,"name":"Accueil","item":"https:\/\/www.africa-press.net\/cameroun\/"},{"@type":"ListItem","position":2,"name":"La 14E\u0300Me Journe\u0301e de la MTN Elite 2 Programme\u0301e ce 10 Janvier"}]},{"@type":"WebSite","@id":"https:\/\/www.africa-press.net\/cameroun\/#website","url":"https:\/\/www.africa-press.net\/cameroun\/","name":"Cameroun","description":"Just another Africa News Agency Sites site","potentialAction":[{"@type":"SearchAction","target":{"@type":"EntryPoint","urlTemplate":"https:\/\/www.africa-press.net\/cameroun\/?s={search_term_string}"},"query-input":{"@type":"PropertyValueSpecification","valueRequired":true,"valueName":"search_term_string"}}],"inLanguage":"fr-FR"},{"@type":"Person","@id":"https:\/\/www.africa-press.net\/cameroun\/#\/schema\/person\/2b1cf3cd81a31e3cd26889ca66d677f1","name":"cfeditorfr"}]}},"_links":{"self":[{"href":"https:\/\/www.africa-press.net\/cameroun\/wp-json\/wp\/v2\/posts\/60197","targetHints":{"allow":["GET"]}}],"collection":[{"href":"https:\/\/www.africa-press.net\/cameroun\/wp-json\/wp\/v2\/posts"}],"about":[{"href":"https:\/\/www.africa-press.net\/cameroun\/wp-json\/wp\/v2\/types\/post"}],"author":[{"embeddable":true,"href":"https:\/\/www.africa-press.net\/cameroun\/wp-json\/wp\/v2\/users\/82"}],"replies":[{"embeddable":true,"href":"https:\/\/www.africa-press.net\/cameroun\/wp-json\/wp\/v2\/comments?post=60197"}],"version-history":[{"count":0,"href":"https:\/\/www.africa-press.net\/cameroun\/wp-json\/wp\/v2\/posts\/60197\/revisions"}],"wp:featuredmedia":[{"embeddable":true,"href":"https:\/\/www.africa-press.net\/cameroun\/wp-json\/wp\/v2\/media\/60196"}],"wp:attachment":[{"href":"https:\/\/www.africa-press.net\/cameroun\/wp-json\/wp\/v2\/media?parent=60197"}],"wp:term":[{"taxonomy":"category","embeddable":true,"href":"https:\/\/www.africa-press.net\/cameroun\/wp-json\/wp\/v2\/categories?post=60197"},{"taxonomy":"post_tag","embeddable":true,"href":"https:\/\/www.africa-press.net\/cameroun\/wp-json\/wp\/v2\/tags?post=60197"}],"curies":[{"name":"wp","href":"https:\/\/api.w.org\/{rel}","templated":true}]}}