{"id":60203,"date":"2024-01-10T21:56:41","date_gmt":"2024-01-10T21:56:41","guid":{"rendered":"https:\/\/www.africa-press.net\/cameroun\/politique\/le-ministre-de-la-sante-publique-manaouda-malachie-exhorte-les-professionnels-de-la-sante-a-plus-defficacite"},"modified":"2024-01-10T22:24:32","modified_gmt":"2024-01-10T22:24:32","slug":"le-ministre-de-la-sante-publique-manaouda-malachie-exhorte-les-professionnels-de-la-sante-a-plus-defficacite","status":"publish","type":"post","link":"https:\/\/www.africa-press.net\/cameroun\/toutes-les-actualites\/le-ministre-de-la-sante-publique-manaouda-malachie-exhorte-les-professionnels-de-la-sante-a-plus-defficacite","title":{"rendered":"Le Ministre de la Sante\u0301 Publique Manaouda Malachie Exhorte les Professionnels de la Sante\u0301 A\u0300 Plus D\u2019efficacite\u0301"},"content":{"rendered":"<p><span style=\"color: #ff6600\"><strong>Africa-Press &#8211; Cameroun. <\/strong><\/span><b>Le ministre de la Sante\u0301 publique (Minsante\u0301) remercie les soldats de la sante\u0301 pour le travail abattu en 2023 et les exhorte a\u0300 plus d\u2019efficacite\u0301 en 2024.<\/b><\/p>\n<p>Bilan et perspectives, voila\u0300 ce qui ressort de la lettre du ministre de la Sante\u0301 publique adresse\u0301e aux professionnels et aux partenaires du secteur de la sante\u0301. Dans cette correspondance, Manaouda Malachie exprime sa satisfaction et sa gratitude a\u0300 l\u2019endroit des destinataires pour des de\u0301fis releve\u0301s en 2023. Le patron de la sante\u0301 leur prescrit des exigences en vue de l\u2019atteinte des objectifs de l\u2019anne\u0301e 2024.<\/p>\n<p>En effet, en regardant dans le re\u0301troviseur, le Minsante\u0301 dit avoir travaille\u0301 avec \u00ab plaisir \u00bb avec ces soldats pour ame\u0301liorer les conditions d\u2019accueil des usagers. Aussi pour la dispensation des soins de qualite\u0301. Il les remercie pour leur \u00ab professionnalisme \u00bb, leur \u00ab esprit de sacrifice \u00bb, leur \u00ab disponibilite\u0301 \u00bb et leurs \u00ab sollicitudes permanentes \u00bb, des qualite\u0301s qui ont permis d\u2019ame\u0301liorer le syste\u0300me de sante\u0301, selon le ministre.<\/p>\n<p>Par ailleurs, dans la me\u0302me lettre, le ministre engage ses troupes a\u0300 fournir plus d\u2019efforts pour ame\u0301liorer les performances. \u00ab Vous devez donc e\u0302tre re\u0301silients, pre\u0301sents a\u0300 vos postes de travail, efficace dans l\u2019accueil, l\u2019administration des soins et le suivi des malades, agir en tout temps en conformite\u0301 avec l\u2019e\u0301thique et la de\u0301ontologie (&#8230;) \u00bb, insiste le membre du gouvernement.<\/p>\n<p>Il appelle aussi pour cela l\u2019encadrement de l\u2019Ordre national des me\u0301decins du Cameroun. Manaouda Malachie rassure que le gouvernement veille a\u0300 l\u2019ame\u0301lioration des conditions de travail et prendra en compte leurs attentes. Mais, a\u0300 en croire le ministre, tout a e\u0301te\u0301 rose dans le syste\u0300me de sante\u0301 au Cameroun en 2023. Le membre du gouvernement aurait fait expre\u0300s de taire les flops observe\u0301s dans les formations sanitaires et a\u0300 l\u2019Ordre national des me\u0301decins au cours de l\u2019anne\u0301e qui vient de s\u2019achever.<\/p>\n<p><strong>Pour plus d&rsquo;informations et d&rsquo;analyses sur la <a href=\"https:\/\/www.africa-press.net\/cameroun\">Cameroun<\/a>, suivez <a href=\"https:\/\/www.africa-press.net\/\">Africa-Press<\/a><\/strong><\/p>\n","protected":false},"excerpt":{"rendered":"<p>Africa-Press &#8211; Cameroun. Le ministre de la Sante\u0301 publique (Minsante\u0301) remercie les soldats de la sante\u0301 pour le travail abattu en 2023 et les exhorte a\u0300 plus d\u2019efficacite\u0301 en 2024. Bilan et perspectives, voila\u0300 ce qui ressort de la lettre du ministre de la Sante\u0301 publique adresse\u0301e aux professionnels et aux partenaires du secteur de [&hellip;]<\/p>\n","protected":false},"author":82,"featured_media":60201,"comment_status":"open","ping_status":"closed","sticky":false,"template":"","format":"standard","meta":{"footnotes":""},"categories":[21,10],"tags":[36,50,49],"class_list":["post-60203","post","type-post","status-publish","format-standard","has-post-thumbnail","hentry","category-communaute","category-toutes-les-actualites","tag-africa-press","tag-africa-press-cameroun","tag-cameroun"],"yoast_head":"<!-- This site is optimized with the Yoast SEO Premium plugin v26.1 (Yoast SEO v27.0) - https:\/\/yoast.com\/product\/yoast-seo-premium-wordpress\/ -->\n<title>Le Ministre de la Sante\u0301 Publique Manaouda Malachie Exhorte les Professionnels de la Sante\u0301 A\u0300 Plus D\u2019efficacite\u0301 - Cameroun<\/title>\n<meta name=\"description\" content=\"Le ministre de la Sante\u0301 publique (Minsante\u0301) remercie les soldats de la sante\u0301 pour le travail abattu en 2023 et les ...\" \/>\n<meta name=\"robots\" content=\"index, follow, max-snippet:-1, max-image-preview:large, max-video-preview:-1\" \/>\n<link rel=\"canonical\" href=\"https:\/\/www.africa-press.net\/cameroun\/toutes-les-actualites\/le-ministre-de-la-sante-publique-manaouda-malachie-exhorte-les-professionnels-de-la-sante-a-plus-defficacite\" \/>\n<meta property=\"og:locale\" content=\"fr_FR\" \/>\n<meta property=\"og:type\" content=\"article\" \/>\n<meta property=\"og:title\" content=\"Le Ministre de la Sante\u0301 Publique Manaouda Malachie Exhorte les Professionnels de la Sante\u0301 A\u0300 Plus D\u2019efficacite\u0301\" \/>\n<meta property=\"og:description\" content=\"Le ministre de la Sante\u0301 publique (Minsante\u0301) remercie les soldats de la sante\u0301 pour le travail abattu en 2023 et les ...\" \/>\n<meta property=\"og:url\" content=\"https:\/\/www.africa-press.net\/cameroun\/toutes-les-actualites\/le-ministre-de-la-sante-publique-manaouda-malachie-exhorte-les-professionnels-de-la-sante-a-plus-defficacite\" \/>\n<meta property=\"og:site_name\" content=\"Cameroun\" \/>\n<meta property=\"article:published_time\" content=\"2024-01-10T21:56:41+00:00\" \/>\n<meta property=\"article:modified_time\" content=\"2024-01-10T22:24:32+00:00\" \/>\n<meta property=\"og:image\" content=\"https:\/\/static.africa-press.net\/cameroun\/sites\/57\/2024\/01\/sm_1704912609.710904.jpg\" \/>\n\t<meta property=\"og:image:width\" content=\"780\" \/>\n\t<meta property=\"og:image:height\" content=\"440\" \/>\n\t<meta property=\"og:image:type\" content=\"image\/jpeg\" \/>\n<meta name=\"author\" content=\"cfeditorfr\" \/>\n<meta name=\"twitter:card\" content=\"summary_large_image\" \/>\n<meta name=\"twitter:label1\" content=\"\u00c9crit par\" \/>\n\t<meta name=\"twitter:data1\" content=\"cfeditorfr\" \/>\n\t<meta name=\"twitter:label2\" content=\"Dur\u00e9e de lecture estim\u00e9e\" \/>\n\t<meta name=\"twitter:data2\" content=\"2 minutes\" \/>\n<script type=\"application\/ld+json\" class=\"yoast-schema-graph\">{\"@context\":\"https:\/\/schema.org\",\"@graph\":[{\"@type\":\"Article\",\"@id\":\"https:\/\/www.africa-press.net\/cameroun\/toutes-les-actualites\/le-ministre-de-la-sante-publique-manaouda-malachie-exhorte-les-professionnels-de-la-sante-a-plus-defficacite#article\",\"isPartOf\":{\"@id\":\"https:\/\/www.africa-press.net\/cameroun\/toutes-les-actualites\/le-ministre-de-la-sante-publique-manaouda-malachie-exhorte-les-professionnels-de-la-sante-a-plus-defficacite\"},\"author\":{\"name\":\"cfeditorfr\",\"@id\":\"https:\/\/www.africa-press.net\/cameroun\/#\/schema\/person\/2b1cf3cd81a31e3cd26889ca66d677f1\"},\"headline\":\"Le Ministre de la Sante\u0301 Publique Manaouda Malachie Exhorte les Professionnels de la Sante\u0301 A\u0300 Plus D\u2019efficacite\u0301\",\"datePublished\":\"2024-01-10T21:56:41+00:00\",\"dateModified\":\"2024-01-10T22:24:32+00:00\",\"mainEntityOfPage\":{\"@id\":\"https:\/\/www.africa-press.net\/cameroun\/toutes-les-actualites\/le-ministre-de-la-sante-publique-manaouda-malachie-exhorte-les-professionnels-de-la-sante-a-plus-defficacite\"},\"wordCount\":360,\"commentCount\":0,\"image\":{\"@id\":\"https:\/\/www.africa-press.net\/cameroun\/toutes-les-actualites\/le-ministre-de-la-sante-publique-manaouda-malachie-exhorte-les-professionnels-de-la-sante-a-plus-defficacite#primaryimage\"},\"thumbnailUrl\":\"https:\/\/static.africa-press.net\/cameroun\/sites\/57\/2024\/01\/sm_1704912609.710904.jpg\",\"keywords\":[\"Africa Press\",\"Africa Press-Cameroun\",\"Cameroun\"],\"articleSection\":[\"Communaut\u00e9\",\"Toutes les actualit\u00e9s\"],\"inLanguage\":\"fr-FR\",\"potentialAction\":[{\"@type\":\"CommentAction\",\"name\":\"Comment\",\"target\":[\"https:\/\/www.africa-press.net\/cameroun\/toutes-les-actualites\/le-ministre-de-la-sante-publique-manaouda-malachie-exhorte-les-professionnels-de-la-sante-a-plus-defficacite#respond\"]}]},{\"@type\":\"WebPage\",\"@id\":\"https:\/\/www.africa-press.net\/cameroun\/toutes-les-actualites\/le-ministre-de-la-sante-publique-manaouda-malachie-exhorte-les-professionnels-de-la-sante-a-plus-defficacite\",\"url\":\"https:\/\/www.africa-press.net\/cameroun\/toutes-les-actualites\/le-ministre-de-la-sante-publique-manaouda-malachie-exhorte-les-professionnels-de-la-sante-a-plus-defficacite\",\"name\":\"Le Ministre de la Sante\u0301 Publique Manaouda Malachie Exhorte les Professionnels de la Sante\u0301 A\u0300 Plus D\u2019efficacite\u0301 - Cameroun\",\"isPartOf\":{\"@id\":\"https:\/\/www.africa-press.net\/cameroun\/#website\"},\"primaryImageOfPage\":{\"@id\":\"https:\/\/www.africa-press.net\/cameroun\/toutes-les-actualites\/le-ministre-de-la-sante-publique-manaouda-malachie-exhorte-les-professionnels-de-la-sante-a-plus-defficacite#primaryimage\"},\"image\":{\"@id\":\"https:\/\/www.africa-press.net\/cameroun\/toutes-les-actualites\/le-ministre-de-la-sante-publique-manaouda-malachie-exhorte-les-professionnels-de-la-sante-a-plus-defficacite#primaryimage\"},\"thumbnailUrl\":\"https:\/\/static.africa-press.net\/cameroun\/sites\/57\/2024\/01\/sm_1704912609.710904.jpg\",\"datePublished\":\"2024-01-10T21:56:41+00:00\",\"dateModified\":\"2024-01-10T22:24:32+00:00\",\"author\":{\"@id\":\"https:\/\/www.africa-press.net\/cameroun\/#\/schema\/person\/2b1cf3cd81a31e3cd26889ca66d677f1\"},\"description\":\"Le ministre de la Sante\u0301 publique (Minsante\u0301) remercie les soldats de la sante\u0301 pour le travail abattu en 2023 et les ...\",\"breadcrumb\":{\"@id\":\"https:\/\/www.africa-press.net\/cameroun\/toutes-les-actualites\/le-ministre-de-la-sante-publique-manaouda-malachie-exhorte-les-professionnels-de-la-sante-a-plus-defficacite#breadcrumb\"},\"inLanguage\":\"fr-FR\",\"potentialAction\":[{\"@type\":\"ReadAction\",\"target\":[\"https:\/\/www.africa-press.net\/cameroun\/toutes-les-actualites\/le-ministre-de-la-sante-publique-manaouda-malachie-exhorte-les-professionnels-de-la-sante-a-plus-defficacite\"]}]},{\"@type\":\"ImageObject\",\"inLanguage\":\"fr-FR\",\"@id\":\"https:\/\/www.africa-press.net\/cameroun\/toutes-les-actualites\/le-ministre-de-la-sante-publique-manaouda-malachie-exhorte-les-professionnels-de-la-sante-a-plus-defficacite#primaryimage\",\"url\":\"https:\/\/static.africa-press.net\/cameroun\/sites\/57\/2024\/01\/sm_1704912609.710904.jpg\",\"contentUrl\":\"https:\/\/static.africa-press.net\/cameroun\/sites\/57\/2024\/01\/sm_1704912609.710904.jpg\",\"width\":780,\"height\":440,\"caption\":\"Le Ministre de la Sante\u0301 Publique Manaouda Malachie Exhorte les Professionnels de la Sante\u0301 A\u0300 Plus D\u2019efficacite\u0301\"},{\"@type\":\"BreadcrumbList\",\"@id\":\"https:\/\/www.africa-press.net\/cameroun\/toutes-les-actualites\/le-ministre-de-la-sante-publique-manaouda-malachie-exhorte-les-professionnels-de-la-sante-a-plus-defficacite#breadcrumb\",\"itemListElement\":[{\"@type\":\"ListItem\",\"position\":1,\"name\":\"Accueil\",\"item\":\"https:\/\/www.africa-press.net\/cameroun\/\"},{\"@type\":\"ListItem\",\"position\":2,\"name\":\"Le Ministre de la Sante\u0301 Publique Manaouda Malachie Exhorte les Professionnels de la Sante\u0301 A\u0300 Plus D\u2019efficacite\u0301\"}]},{\"@type\":\"WebSite\",\"@id\":\"https:\/\/www.africa-press.net\/cameroun\/#website\",\"url\":\"https:\/\/www.africa-press.net\/cameroun\/\",\"name\":\"Cameroun\",\"description\":\"Just another Africa News Agency Sites site\",\"potentialAction\":[{\"@type\":\"SearchAction\",\"target\":{\"@type\":\"EntryPoint\",\"urlTemplate\":\"https:\/\/www.africa-press.net\/cameroun\/?s={search_term_string}\"},\"query-input\":{\"@type\":\"PropertyValueSpecification\",\"valueRequired\":true,\"valueName\":\"search_term_string\"}}],\"inLanguage\":\"fr-FR\"},{\"@type\":\"Person\",\"@id\":\"https:\/\/www.africa-press.net\/cameroun\/#\/schema\/person\/2b1cf3cd81a31e3cd26889ca66d677f1\",\"name\":\"cfeditorfr\"}]}<\/script>\n<!-- \/ Yoast SEO Premium plugin. -->","yoast_head_json":{"title":"Le Ministre de la Sante\u0301 Publique Manaouda Malachie Exhorte les Professionnels de la Sante\u0301 A\u0300 Plus D\u2019efficacite\u0301 - Cameroun","description":"Le ministre de la Sante\u0301 publique (Minsante\u0301) remercie les soldats de la sante\u0301 pour le travail abattu en 2023 et les ...","robots":{"index":"index","follow":"follow","max-snippet":"max-snippet:-1","max-image-preview":"max-image-preview:large","max-video-preview":"max-video-preview:-1"},"canonical":"https:\/\/www.africa-press.net\/cameroun\/toutes-les-actualites\/le-ministre-de-la-sante-publique-manaouda-malachie-exhorte-les-professionnels-de-la-sante-a-plus-defficacite","og_locale":"fr_FR","og_type":"article","og_title":"Le Ministre de la Sante\u0301 Publique Manaouda Malachie Exhorte les Professionnels de la Sante\u0301 A\u0300 Plus D\u2019efficacite\u0301","og_description":"Le ministre de la Sante\u0301 publique (Minsante\u0301) remercie les soldats de la sante\u0301 pour le travail abattu en 2023 et les ...","og_url":"https:\/\/www.africa-press.net\/cameroun\/toutes-les-actualites\/le-ministre-de-la-sante-publique-manaouda-malachie-exhorte-les-professionnels-de-la-sante-a-plus-defficacite","og_site_name":"Cameroun","article_published_time":"2024-01-10T21:56:41+00:00","article_modified_time":"2024-01-10T22:24:32+00:00","og_image":[{"width":780,"height":440,"url":"https:\/\/static.africa-press.net\/cameroun\/sites\/57\/2024\/01\/sm_1704912609.710904.jpg","type":"image\/jpeg"}],"author":"cfeditorfr","twitter_card":"summary_large_image","twitter_misc":{"\u00c9crit par":"cfeditorfr","Dur\u00e9e de lecture estim\u00e9e":"2 minutes"},"schema":{"@context":"https:\/\/schema.org","@graph":[{"@type":"Article","@id":"https:\/\/www.africa-press.net\/cameroun\/toutes-les-actualites\/le-ministre-de-la-sante-publique-manaouda-malachie-exhorte-les-professionnels-de-la-sante-a-plus-defficacite#article","isPartOf":{"@id":"https:\/\/www.africa-press.net\/cameroun\/toutes-les-actualites\/le-ministre-de-la-sante-publique-manaouda-malachie-exhorte-les-professionnels-de-la-sante-a-plus-defficacite"},"author":{"name":"cfeditorfr","@id":"https:\/\/www.africa-press.net\/cameroun\/#\/schema\/person\/2b1cf3cd81a31e3cd26889ca66d677f1"},"headline":"Le Ministre de la Sante\u0301 Publique Manaouda Malachie Exhorte les Professionnels de la Sante\u0301 A\u0300 Plus D\u2019efficacite\u0301","datePublished":"2024-01-10T21:56:41+00:00","dateModified":"2024-01-10T22:24:32+00:00","mainEntityOfPage":{"@id":"https:\/\/www.africa-press.net\/cameroun\/toutes-les-actualites\/le-ministre-de-la-sante-publique-manaouda-malachie-exhorte-les-professionnels-de-la-sante-a-plus-defficacite"},"wordCount":360,"commentCount":0,"image":{"@id":"https:\/\/www.africa-press.net\/cameroun\/toutes-les-actualites\/le-ministre-de-la-sante-publique-manaouda-malachie-exhorte-les-professionnels-de-la-sante-a-plus-defficacite#primaryimage"},"thumbnailUrl":"https:\/\/static.africa-press.net\/cameroun\/sites\/57\/2024\/01\/sm_1704912609.710904.jpg","keywords":["Africa Press","Africa Press-Cameroun","Cameroun"],"articleSection":["Communaut\u00e9","Toutes les actualit\u00e9s"],"inLanguage":"fr-FR","potentialAction":[{"@type":"CommentAction","name":"Comment","target":["https:\/\/www.africa-press.net\/cameroun\/toutes-les-actualites\/le-ministre-de-la-sante-publique-manaouda-malachie-exhorte-les-professionnels-de-la-sante-a-plus-defficacite#respond"]}]},{"@type":"WebPage","@id":"https:\/\/www.africa-press.net\/cameroun\/toutes-les-actualites\/le-ministre-de-la-sante-publique-manaouda-malachie-exhorte-les-professionnels-de-la-sante-a-plus-defficacite","url":"https:\/\/www.africa-press.net\/cameroun\/toutes-les-actualites\/le-ministre-de-la-sante-publique-manaouda-malachie-exhorte-les-professionnels-de-la-sante-a-plus-defficacite","name":"Le Ministre de la Sante\u0301 Publique Manaouda Malachie Exhorte les Professionnels de la Sante\u0301 A\u0300 Plus D\u2019efficacite\u0301 - Cameroun","isPartOf":{"@id":"https:\/\/www.africa-press.net\/cameroun\/#website"},"primaryImageOfPage":{"@id":"https:\/\/www.africa-press.net\/cameroun\/toutes-les-actualites\/le-ministre-de-la-sante-publique-manaouda-malachie-exhorte-les-professionnels-de-la-sante-a-plus-defficacite#primaryimage"},"image":{"@id":"https:\/\/www.africa-press.net\/cameroun\/toutes-les-actualites\/le-ministre-de-la-sante-publique-manaouda-malachie-exhorte-les-professionnels-de-la-sante-a-plus-defficacite#primaryimage"},"thumbnailUrl":"https:\/\/static.africa-press.net\/cameroun\/sites\/57\/2024\/01\/sm_1704912609.710904.jpg","datePublished":"2024-01-10T21:56:41+00:00","dateModified":"2024-01-10T22:24:32+00:00","author":{"@id":"https:\/\/www.africa-press.net\/cameroun\/#\/schema\/person\/2b1cf3cd81a31e3cd26889ca66d677f1"},"description":"Le ministre de la Sante\u0301 publique (Minsante\u0301) remercie les soldats de la sante\u0301 pour le travail abattu en 2023 et les ...","breadcrumb":{"@id":"https:\/\/www.africa-press.net\/cameroun\/toutes-les-actualites\/le-ministre-de-la-sante-publique-manaouda-malachie-exhorte-les-professionnels-de-la-sante-a-plus-defficacite#breadcrumb"},"inLanguage":"fr-FR","potentialAction":[{"@type":"ReadAction","target":["https:\/\/www.africa-press.net\/cameroun\/toutes-les-actualites\/le-ministre-de-la-sante-publique-manaouda-malachie-exhorte-les-professionnels-de-la-sante-a-plus-defficacite"]}]},{"@type":"ImageObject","inLanguage":"fr-FR","@id":"https:\/\/www.africa-press.net\/cameroun\/toutes-les-actualites\/le-ministre-de-la-sante-publique-manaouda-malachie-exhorte-les-professionnels-de-la-sante-a-plus-defficacite#primaryimage","url":"https:\/\/static.africa-press.net\/cameroun\/sites\/57\/2024\/01\/sm_1704912609.710904.jpg","contentUrl":"https:\/\/static.africa-press.net\/cameroun\/sites\/57\/2024\/01\/sm_1704912609.710904.jpg","width":780,"height":440,"caption":"Le Ministre de la Sante\u0301 Publique Manaouda Malachie Exhorte les Professionnels de la Sante\u0301 A\u0300 Plus D\u2019efficacite\u0301"},{"@type":"BreadcrumbList","@id":"https:\/\/www.africa-press.net\/cameroun\/toutes-les-actualites\/le-ministre-de-la-sante-publique-manaouda-malachie-exhorte-les-professionnels-de-la-sante-a-plus-defficacite#breadcrumb","itemListElement":[{"@type":"ListItem","position":1,"name":"Accueil","item":"https:\/\/www.africa-press.net\/cameroun\/"},{"@type":"ListItem","position":2,"name":"Le Ministre de la Sante\u0301 Publique Manaouda Malachie Exhorte les Professionnels de la Sante\u0301 A\u0300 Plus D\u2019efficacite\u0301"}]},{"@type":"WebSite","@id":"https:\/\/www.africa-press.net\/cameroun\/#website","url":"https:\/\/www.africa-press.net\/cameroun\/","name":"Cameroun","description":"Just another Africa News Agency Sites site","potentialAction":[{"@type":"SearchAction","target":{"@type":"EntryPoint","urlTemplate":"https:\/\/www.africa-press.net\/cameroun\/?s={search_term_string}"},"query-input":{"@type":"PropertyValueSpecification","valueRequired":true,"valueName":"search_term_string"}}],"inLanguage":"fr-FR"},{"@type":"Person","@id":"https:\/\/www.africa-press.net\/cameroun\/#\/schema\/person\/2b1cf3cd81a31e3cd26889ca66d677f1","name":"cfeditorfr"}]}},"_links":{"self":[{"href":"https:\/\/www.africa-press.net\/cameroun\/wp-json\/wp\/v2\/posts\/60203","targetHints":{"allow":["GET"]}}],"collection":[{"href":"https:\/\/www.africa-press.net\/cameroun\/wp-json\/wp\/v2\/posts"}],"about":[{"href":"https:\/\/www.africa-press.net\/cameroun\/wp-json\/wp\/v2\/types\/post"}],"author":[{"embeddable":true,"href":"https:\/\/www.africa-press.net\/cameroun\/wp-json\/wp\/v2\/users\/82"}],"replies":[{"embeddable":true,"href":"https:\/\/www.africa-press.net\/cameroun\/wp-json\/wp\/v2\/comments?post=60203"}],"version-history":[{"count":0,"href":"https:\/\/www.africa-press.net\/cameroun\/wp-json\/wp\/v2\/posts\/60203\/revisions"}],"wp:featuredmedia":[{"embeddable":true,"href":"https:\/\/www.africa-press.net\/cameroun\/wp-json\/wp\/v2\/media\/60201"}],"wp:attachment":[{"href":"https:\/\/www.africa-press.net\/cameroun\/wp-json\/wp\/v2\/media?parent=60203"}],"wp:term":[{"taxonomy":"category","embeddable":true,"href":"https:\/\/www.africa-press.net\/cameroun\/wp-json\/wp\/v2\/categories?post=60203"},{"taxonomy":"post_tag","embeddable":true,"href":"https:\/\/www.africa-press.net\/cameroun\/wp-json\/wp\/v2\/tags?post=60203"}],"curies":[{"name":"wp","href":"https:\/\/api.w.org\/{rel}","templated":true}]}}