{"id":60211,"date":"2024-01-11T20:59:09","date_gmt":"2024-01-11T20:59:09","guid":{"rendered":"https:\/\/www.africa-press.net\/cameroun\/politique\/il-a-failli-devenir-president-ces-revelations-sur-ce-proche-qui-ne-plairont-pas-a-paul-biya"},"modified":"2024-01-11T21:14:30","modified_gmt":"2024-01-11T21:14:30","slug":"il-a-failli-devenir-president-ces-revelations-sur-ce-proche-qui-ne-plairont-pas-a-paul-biya","status":"publish","type":"post","link":"https:\/\/www.africa-press.net\/cameroun\/politique\/il-a-failli-devenir-president-ces-revelations-sur-ce-proche-qui-ne-plairont-pas-a-paul-biya","title":{"rendered":"Il A Failli Devenir Pre\u0301sident: ces Re\u0301ve\u0301lations sur ce Proche qui ne Plairont pas A\u0300 Paul Biya"},"content":{"rendered":"<p><span style=\"color: #ff6600\"><strong>Africa-Press &#8211; Cameroun. <\/strong><\/span>Jeune Afrique a re\u0301cemment de\u0301voile\u0301 des re\u0301ve\u0301lations sur la vie controverse\u0301e de Joseph Owona, mettant en lumie\u0300re son ro\u0302le pre\u0301ponde\u0301rant dans l&rsquo;appareil politique camerounais.<\/p>\n<p>Joseph Owona, de\u0301ce\u0301de\u0301 le 6 janvier dernier, reste une figure divise\u0301e au Cameroun, selon des re\u0301ve\u0301lations exclusives de Jeune Afrique. Ministre et secre\u0301taire ge\u0301ne\u0301ral de la pre\u0301sidence pendant une vingtaine d&rsquo;anne\u0301es, Owona s&rsquo;est autoproclame\u0301 \u00ab\u00a0pre\u0301sident en pointille\u0301s\u00a0\u00bb. Cette facette de sa vie alimente la le\u0301gende noire du disparu, conteste\u0301e par des personnalite\u0301s de la socie\u0301te\u0301 civile, dont le cine\u0301aste Jean Pierre Bekolo.<\/p>\n<p>Selon Jeune Afrique, Owona a e\u0301te\u0301 soutenu post mortem par Bekolo, qui pre\u0301conise la fin du tribalisme et promeut la \u00ab\u00a0Re\u0301publique culturelle\u00a0\u00bb. Cependant, cette position est critique\u0301e comme une tentative de de\u0301responsabiliser le groupe be\u0301ti auquel il appartient. Malgre\u0301 sa mort, Joseph Owona reste une figure clivante, et le gouvernement cherche a\u0300 e\u0301viter tout examen critique de son impact sur la pre\u0301sidence de Paul Biya et la longe\u0301vite\u0301 exceptionnelle du chef de l&rsquo;E\u0301tat.<\/p>\n<p>Le de\u0301bat houleux qui a suivi la mort de Joseph Owona soule\u0300ve des questions sur l&rsquo;atmosphe\u0300re politique au Cameroun a\u0300 la fin du re\u0300gne de Paul Biya. Les politiciens, me\u0302me s&rsquo;ils ont parfois utilise\u0301 le tribalisme a\u0300 des fins populistes, semblent redouter un re\u0300glement de comptes. Maurice Kamto, bien qu&rsquo;ayant e\u0301te\u0301 critique\u0301 par Owona, a adopte\u0301 une position apaisante dans son communique\u0301, soulignant me\u0302me les contributions positives du de\u0301funt, notamment ses propositions constitutionnelles dans les anne\u0301es 1990.<\/p>\n<p>Cette controverse autour de la vie de Joseph Owona, re\u0301ve\u0301le\u0301e par Jeune Afrique, pre\u0301figure-t-elle une pe\u0301riode de re\u0300glement de comptes redoute\u0301e par les Camerounais a\u0300 la fin du re\u0300gne de Paul Biya ? Les politiciens, malgre\u0301 leurs divergences, semblent anticiper les dangers potentiels. La position apaisante de Maurice Kamto refle\u0300te peut-e\u0302tre une volonte\u0301 de ne pas ce\u0301der a\u0300 la ranc\u0153ur et de privile\u0301gier une approche critique et constructive de l&rsquo;he\u0301ritage complexe de Joseph Owona.<\/p>\n<p><strong>Pour plus d&rsquo;informations et d&rsquo;analyses sur la <a href=\"https:\/\/www.africa-press.net\/cameroun\">Cameroun<\/a>, suivez <a href=\"https:\/\/www.africa-press.net\/\">Africa-Press<\/a><\/strong><\/p>\n","protected":false},"excerpt":{"rendered":"<p>Africa-Press &#8211; Cameroun. Jeune Afrique a re\u0301cemment de\u0301voile\u0301 des re\u0301ve\u0301lations sur la vie controverse\u0301e de Joseph Owona, mettant en lumie\u0300re son ro\u0302le pre\u0301ponde\u0301rant dans l&rsquo;appareil politique camerounais. Joseph Owona, de\u0301ce\u0301de\u0301 le 6 janvier dernier, reste une figure divise\u0301e au Cameroun, selon des re\u0301ve\u0301lations exclusives de Jeune Afrique. Ministre et secre\u0301taire ge\u0301ne\u0301ral de la pre\u0301sidence pendant [&hellip;]<\/p>\n","protected":false},"author":82,"featured_media":60210,"comment_status":"open","ping_status":"closed","sticky":false,"template":"","format":"standard","meta":{"footnotes":""},"categories":[2,10],"tags":[36,50,49],"class_list":["post-60211","post","type-post","status-publish","format-standard","has-post-thumbnail","hentry","category-politique","category-toutes-les-actualites","tag-africa-press","tag-africa-press-cameroun","tag-cameroun"],"yoast_head":"<!-- This site is optimized with the Yoast SEO Premium plugin v26.1 (Yoast SEO v27.0) - https:\/\/yoast.com\/product\/yoast-seo-premium-wordpress\/ -->\n<title>Il A Failli Devenir Pre\u0301sident: ces Re\u0301ve\u0301lations sur ce Proche qui ne Plairont pas A\u0300 Paul Biya - Cameroun<\/title>\n<meta name=\"description\" content=\"Jeune Afrique a re\u0301cemment de\u0301voile\u0301 des re\u0301ve\u0301lations sur la vie controverse\u0301e de Joseph Owona, mettant en lumie\u0300re son ...\" \/>\n<meta name=\"robots\" content=\"index, follow, max-snippet:-1, max-image-preview:large, max-video-preview:-1\" \/>\n<link rel=\"canonical\" href=\"https:\/\/www.africa-press.net\/cameroun\/politique\/il-a-failli-devenir-president-ces-revelations-sur-ce-proche-qui-ne-plairont-pas-a-paul-biya\" \/>\n<meta property=\"og:locale\" content=\"fr_FR\" \/>\n<meta property=\"og:type\" content=\"article\" \/>\n<meta property=\"og:title\" content=\"Il A Failli Devenir Pre\u0301sident: ces Re\u0301ve\u0301lations sur ce Proche qui ne Plairont pas A\u0300 Paul Biya\" \/>\n<meta property=\"og:description\" content=\"Jeune Afrique a re\u0301cemment de\u0301voile\u0301 des re\u0301ve\u0301lations sur la vie controverse\u0301e de Joseph Owona, mettant en lumie\u0300re son ...\" \/>\n<meta property=\"og:url\" content=\"https:\/\/www.africa-press.net\/cameroun\/politique\/il-a-failli-devenir-president-ces-revelations-sur-ce-proche-qui-ne-plairont-pas-a-paul-biya\" \/>\n<meta property=\"og:site_name\" content=\"Cameroun\" \/>\n<meta property=\"article:published_time\" content=\"2024-01-11T20:59:09+00:00\" \/>\n<meta property=\"article:modified_time\" content=\"2024-01-11T21:14:30+00:00\" \/>\n<meta property=\"og:image\" content=\"https:\/\/static.africa-press.net\/cameroun\/sites\/57\/2024\/01\/sm_1704994950.276525.jpg\" \/>\n\t<meta property=\"og:image:width\" content=\"720\" \/>\n\t<meta property=\"og:image:height\" content=\"388\" \/>\n\t<meta property=\"og:image:type\" content=\"image\/jpeg\" \/>\n<meta name=\"author\" content=\"cfeditorfr\" \/>\n<meta name=\"twitter:card\" content=\"summary_large_image\" \/>\n<meta name=\"twitter:label1\" content=\"\u00c9crit par\" \/>\n\t<meta name=\"twitter:data1\" content=\"cfeditorfr\" \/>\n\t<meta name=\"twitter:label2\" content=\"Dur\u00e9e de lecture estim\u00e9e\" \/>\n\t<meta name=\"twitter:data2\" content=\"2 minutes\" \/>\n<script type=\"application\/ld+json\" class=\"yoast-schema-graph\">{\"@context\":\"https:\/\/schema.org\",\"@graph\":[{\"@type\":\"Article\",\"@id\":\"https:\/\/www.africa-press.net\/cameroun\/politique\/il-a-failli-devenir-president-ces-revelations-sur-ce-proche-qui-ne-plairont-pas-a-paul-biya#article\",\"isPartOf\":{\"@id\":\"https:\/\/www.africa-press.net\/cameroun\/politique\/il-a-failli-devenir-president-ces-revelations-sur-ce-proche-qui-ne-plairont-pas-a-paul-biya\"},\"author\":{\"name\":\"cfeditorfr\",\"@id\":\"https:\/\/www.africa-press.net\/cameroun\/#\/schema\/person\/2b1cf3cd81a31e3cd26889ca66d677f1\"},\"headline\":\"Il A Failli Devenir Pre\u0301sident: ces Re\u0301ve\u0301lations sur ce Proche qui ne Plairont pas A\u0300 Paul Biya\",\"datePublished\":\"2024-01-11T20:59:09+00:00\",\"dateModified\":\"2024-01-11T21:14:30+00:00\",\"mainEntityOfPage\":{\"@id\":\"https:\/\/www.africa-press.net\/cameroun\/politique\/il-a-failli-devenir-president-ces-revelations-sur-ce-proche-qui-ne-plairont-pas-a-paul-biya\"},\"wordCount\":410,\"commentCount\":0,\"image\":{\"@id\":\"https:\/\/www.africa-press.net\/cameroun\/politique\/il-a-failli-devenir-president-ces-revelations-sur-ce-proche-qui-ne-plairont-pas-a-paul-biya#primaryimage\"},\"thumbnailUrl\":\"https:\/\/static.africa-press.net\/cameroun\/sites\/57\/2024\/01\/sm_1704994950.276525.jpg\",\"keywords\":[\"Africa Press\",\"Africa Press-Cameroun\",\"Cameroun\"],\"articleSection\":[\"Politique\",\"Toutes les actualit\u00e9s\"],\"inLanguage\":\"fr-FR\",\"potentialAction\":[{\"@type\":\"CommentAction\",\"name\":\"Comment\",\"target\":[\"https:\/\/www.africa-press.net\/cameroun\/politique\/il-a-failli-devenir-president-ces-revelations-sur-ce-proche-qui-ne-plairont-pas-a-paul-biya#respond\"]}]},{\"@type\":\"WebPage\",\"@id\":\"https:\/\/www.africa-press.net\/cameroun\/politique\/il-a-failli-devenir-president-ces-revelations-sur-ce-proche-qui-ne-plairont-pas-a-paul-biya\",\"url\":\"https:\/\/www.africa-press.net\/cameroun\/politique\/il-a-failli-devenir-president-ces-revelations-sur-ce-proche-qui-ne-plairont-pas-a-paul-biya\",\"name\":\"Il A Failli Devenir Pre\u0301sident: ces Re\u0301ve\u0301lations sur ce Proche qui ne Plairont pas A\u0300 Paul Biya - Cameroun\",\"isPartOf\":{\"@id\":\"https:\/\/www.africa-press.net\/cameroun\/#website\"},\"primaryImageOfPage\":{\"@id\":\"https:\/\/www.africa-press.net\/cameroun\/politique\/il-a-failli-devenir-president-ces-revelations-sur-ce-proche-qui-ne-plairont-pas-a-paul-biya#primaryimage\"},\"image\":{\"@id\":\"https:\/\/www.africa-press.net\/cameroun\/politique\/il-a-failli-devenir-president-ces-revelations-sur-ce-proche-qui-ne-plairont-pas-a-paul-biya#primaryimage\"},\"thumbnailUrl\":\"https:\/\/static.africa-press.net\/cameroun\/sites\/57\/2024\/01\/sm_1704994950.276525.jpg\",\"datePublished\":\"2024-01-11T20:59:09+00:00\",\"dateModified\":\"2024-01-11T21:14:30+00:00\",\"author\":{\"@id\":\"https:\/\/www.africa-press.net\/cameroun\/#\/schema\/person\/2b1cf3cd81a31e3cd26889ca66d677f1\"},\"description\":\"Jeune Afrique a re\u0301cemment de\u0301voile\u0301 des re\u0301ve\u0301lations sur la vie controverse\u0301e de Joseph Owona, mettant en lumie\u0300re son ...\",\"breadcrumb\":{\"@id\":\"https:\/\/www.africa-press.net\/cameroun\/politique\/il-a-failli-devenir-president-ces-revelations-sur-ce-proche-qui-ne-plairont-pas-a-paul-biya#breadcrumb\"},\"inLanguage\":\"fr-FR\",\"potentialAction\":[{\"@type\":\"ReadAction\",\"target\":[\"https:\/\/www.africa-press.net\/cameroun\/politique\/il-a-failli-devenir-president-ces-revelations-sur-ce-proche-qui-ne-plairont-pas-a-paul-biya\"]}]},{\"@type\":\"ImageObject\",\"inLanguage\":\"fr-FR\",\"@id\":\"https:\/\/www.africa-press.net\/cameroun\/politique\/il-a-failli-devenir-president-ces-revelations-sur-ce-proche-qui-ne-plairont-pas-a-paul-biya#primaryimage\",\"url\":\"https:\/\/static.africa-press.net\/cameroun\/sites\/57\/2024\/01\/sm_1704994950.276525.jpg\",\"contentUrl\":\"https:\/\/static.africa-press.net\/cameroun\/sites\/57\/2024\/01\/sm_1704994950.276525.jpg\",\"width\":720,\"height\":388,\"caption\":\"Il A Failli Devenir Pre\u0301sident: ces Re\u0301ve\u0301lations sur ce Proche qui ne Plairont pas A\u0300 Paul Biya\"},{\"@type\":\"BreadcrumbList\",\"@id\":\"https:\/\/www.africa-press.net\/cameroun\/politique\/il-a-failli-devenir-president-ces-revelations-sur-ce-proche-qui-ne-plairont-pas-a-paul-biya#breadcrumb\",\"itemListElement\":[{\"@type\":\"ListItem\",\"position\":1,\"name\":\"Accueil\",\"item\":\"https:\/\/www.africa-press.net\/cameroun\/\"},{\"@type\":\"ListItem\",\"position\":2,\"name\":\"Il A Failli Devenir Pre\u0301sident: ces Re\u0301ve\u0301lations sur ce Proche qui ne Plairont pas A\u0300 Paul Biya\"}]},{\"@type\":\"WebSite\",\"@id\":\"https:\/\/www.africa-press.net\/cameroun\/#website\",\"url\":\"https:\/\/www.africa-press.net\/cameroun\/\",\"name\":\"Cameroun\",\"description\":\"Just another Africa News Agency Sites site\",\"potentialAction\":[{\"@type\":\"SearchAction\",\"target\":{\"@type\":\"EntryPoint\",\"urlTemplate\":\"https:\/\/www.africa-press.net\/cameroun\/?s={search_term_string}\"},\"query-input\":{\"@type\":\"PropertyValueSpecification\",\"valueRequired\":true,\"valueName\":\"search_term_string\"}}],\"inLanguage\":\"fr-FR\"},{\"@type\":\"Person\",\"@id\":\"https:\/\/www.africa-press.net\/cameroun\/#\/schema\/person\/2b1cf3cd81a31e3cd26889ca66d677f1\",\"name\":\"cfeditorfr\"}]}<\/script>\n<!-- \/ Yoast SEO Premium plugin. -->","yoast_head_json":{"title":"Il A Failli Devenir Pre\u0301sident: ces Re\u0301ve\u0301lations sur ce Proche qui ne Plairont pas A\u0300 Paul Biya - Cameroun","description":"Jeune Afrique a re\u0301cemment de\u0301voile\u0301 des re\u0301ve\u0301lations sur la vie controverse\u0301e de Joseph Owona, mettant en lumie\u0300re son ...","robots":{"index":"index","follow":"follow","max-snippet":"max-snippet:-1","max-image-preview":"max-image-preview:large","max-video-preview":"max-video-preview:-1"},"canonical":"https:\/\/www.africa-press.net\/cameroun\/politique\/il-a-failli-devenir-president-ces-revelations-sur-ce-proche-qui-ne-plairont-pas-a-paul-biya","og_locale":"fr_FR","og_type":"article","og_title":"Il A Failli Devenir Pre\u0301sident: ces Re\u0301ve\u0301lations sur ce Proche qui ne Plairont pas A\u0300 Paul Biya","og_description":"Jeune Afrique a re\u0301cemment de\u0301voile\u0301 des re\u0301ve\u0301lations sur la vie controverse\u0301e de Joseph Owona, mettant en lumie\u0300re son ...","og_url":"https:\/\/www.africa-press.net\/cameroun\/politique\/il-a-failli-devenir-president-ces-revelations-sur-ce-proche-qui-ne-plairont-pas-a-paul-biya","og_site_name":"Cameroun","article_published_time":"2024-01-11T20:59:09+00:00","article_modified_time":"2024-01-11T21:14:30+00:00","og_image":[{"width":720,"height":388,"url":"https:\/\/static.africa-press.net\/cameroun\/sites\/57\/2024\/01\/sm_1704994950.276525.jpg","type":"image\/jpeg"}],"author":"cfeditorfr","twitter_card":"summary_large_image","twitter_misc":{"\u00c9crit par":"cfeditorfr","Dur\u00e9e de lecture estim\u00e9e":"2 minutes"},"schema":{"@context":"https:\/\/schema.org","@graph":[{"@type":"Article","@id":"https:\/\/www.africa-press.net\/cameroun\/politique\/il-a-failli-devenir-president-ces-revelations-sur-ce-proche-qui-ne-plairont-pas-a-paul-biya#article","isPartOf":{"@id":"https:\/\/www.africa-press.net\/cameroun\/politique\/il-a-failli-devenir-president-ces-revelations-sur-ce-proche-qui-ne-plairont-pas-a-paul-biya"},"author":{"name":"cfeditorfr","@id":"https:\/\/www.africa-press.net\/cameroun\/#\/schema\/person\/2b1cf3cd81a31e3cd26889ca66d677f1"},"headline":"Il A Failli Devenir Pre\u0301sident: ces Re\u0301ve\u0301lations sur ce Proche qui ne Plairont pas A\u0300 Paul Biya","datePublished":"2024-01-11T20:59:09+00:00","dateModified":"2024-01-11T21:14:30+00:00","mainEntityOfPage":{"@id":"https:\/\/www.africa-press.net\/cameroun\/politique\/il-a-failli-devenir-president-ces-revelations-sur-ce-proche-qui-ne-plairont-pas-a-paul-biya"},"wordCount":410,"commentCount":0,"image":{"@id":"https:\/\/www.africa-press.net\/cameroun\/politique\/il-a-failli-devenir-president-ces-revelations-sur-ce-proche-qui-ne-plairont-pas-a-paul-biya#primaryimage"},"thumbnailUrl":"https:\/\/static.africa-press.net\/cameroun\/sites\/57\/2024\/01\/sm_1704994950.276525.jpg","keywords":["Africa Press","Africa Press-Cameroun","Cameroun"],"articleSection":["Politique","Toutes les actualit\u00e9s"],"inLanguage":"fr-FR","potentialAction":[{"@type":"CommentAction","name":"Comment","target":["https:\/\/www.africa-press.net\/cameroun\/politique\/il-a-failli-devenir-president-ces-revelations-sur-ce-proche-qui-ne-plairont-pas-a-paul-biya#respond"]}]},{"@type":"WebPage","@id":"https:\/\/www.africa-press.net\/cameroun\/politique\/il-a-failli-devenir-president-ces-revelations-sur-ce-proche-qui-ne-plairont-pas-a-paul-biya","url":"https:\/\/www.africa-press.net\/cameroun\/politique\/il-a-failli-devenir-president-ces-revelations-sur-ce-proche-qui-ne-plairont-pas-a-paul-biya","name":"Il A Failli Devenir Pre\u0301sident: ces Re\u0301ve\u0301lations sur ce Proche qui ne Plairont pas A\u0300 Paul Biya - Cameroun","isPartOf":{"@id":"https:\/\/www.africa-press.net\/cameroun\/#website"},"primaryImageOfPage":{"@id":"https:\/\/www.africa-press.net\/cameroun\/politique\/il-a-failli-devenir-president-ces-revelations-sur-ce-proche-qui-ne-plairont-pas-a-paul-biya#primaryimage"},"image":{"@id":"https:\/\/www.africa-press.net\/cameroun\/politique\/il-a-failli-devenir-president-ces-revelations-sur-ce-proche-qui-ne-plairont-pas-a-paul-biya#primaryimage"},"thumbnailUrl":"https:\/\/static.africa-press.net\/cameroun\/sites\/57\/2024\/01\/sm_1704994950.276525.jpg","datePublished":"2024-01-11T20:59:09+00:00","dateModified":"2024-01-11T21:14:30+00:00","author":{"@id":"https:\/\/www.africa-press.net\/cameroun\/#\/schema\/person\/2b1cf3cd81a31e3cd26889ca66d677f1"},"description":"Jeune Afrique a re\u0301cemment de\u0301voile\u0301 des re\u0301ve\u0301lations sur la vie controverse\u0301e de Joseph Owona, mettant en lumie\u0300re son ...","breadcrumb":{"@id":"https:\/\/www.africa-press.net\/cameroun\/politique\/il-a-failli-devenir-president-ces-revelations-sur-ce-proche-qui-ne-plairont-pas-a-paul-biya#breadcrumb"},"inLanguage":"fr-FR","potentialAction":[{"@type":"ReadAction","target":["https:\/\/www.africa-press.net\/cameroun\/politique\/il-a-failli-devenir-president-ces-revelations-sur-ce-proche-qui-ne-plairont-pas-a-paul-biya"]}]},{"@type":"ImageObject","inLanguage":"fr-FR","@id":"https:\/\/www.africa-press.net\/cameroun\/politique\/il-a-failli-devenir-president-ces-revelations-sur-ce-proche-qui-ne-plairont-pas-a-paul-biya#primaryimage","url":"https:\/\/static.africa-press.net\/cameroun\/sites\/57\/2024\/01\/sm_1704994950.276525.jpg","contentUrl":"https:\/\/static.africa-press.net\/cameroun\/sites\/57\/2024\/01\/sm_1704994950.276525.jpg","width":720,"height":388,"caption":"Il A Failli Devenir Pre\u0301sident: ces Re\u0301ve\u0301lations sur ce Proche qui ne Plairont pas A\u0300 Paul Biya"},{"@type":"BreadcrumbList","@id":"https:\/\/www.africa-press.net\/cameroun\/politique\/il-a-failli-devenir-president-ces-revelations-sur-ce-proche-qui-ne-plairont-pas-a-paul-biya#breadcrumb","itemListElement":[{"@type":"ListItem","position":1,"name":"Accueil","item":"https:\/\/www.africa-press.net\/cameroun\/"},{"@type":"ListItem","position":2,"name":"Il A Failli Devenir Pre\u0301sident: ces Re\u0301ve\u0301lations sur ce Proche qui ne Plairont pas A\u0300 Paul Biya"}]},{"@type":"WebSite","@id":"https:\/\/www.africa-press.net\/cameroun\/#website","url":"https:\/\/www.africa-press.net\/cameroun\/","name":"Cameroun","description":"Just another Africa News Agency Sites site","potentialAction":[{"@type":"SearchAction","target":{"@type":"EntryPoint","urlTemplate":"https:\/\/www.africa-press.net\/cameroun\/?s={search_term_string}"},"query-input":{"@type":"PropertyValueSpecification","valueRequired":true,"valueName":"search_term_string"}}],"inLanguage":"fr-FR"},{"@type":"Person","@id":"https:\/\/www.africa-press.net\/cameroun\/#\/schema\/person\/2b1cf3cd81a31e3cd26889ca66d677f1","name":"cfeditorfr"}]}},"_links":{"self":[{"href":"https:\/\/www.africa-press.net\/cameroun\/wp-json\/wp\/v2\/posts\/60211","targetHints":{"allow":["GET"]}}],"collection":[{"href":"https:\/\/www.africa-press.net\/cameroun\/wp-json\/wp\/v2\/posts"}],"about":[{"href":"https:\/\/www.africa-press.net\/cameroun\/wp-json\/wp\/v2\/types\/post"}],"author":[{"embeddable":true,"href":"https:\/\/www.africa-press.net\/cameroun\/wp-json\/wp\/v2\/users\/82"}],"replies":[{"embeddable":true,"href":"https:\/\/www.africa-press.net\/cameroun\/wp-json\/wp\/v2\/comments?post=60211"}],"version-history":[{"count":0,"href":"https:\/\/www.africa-press.net\/cameroun\/wp-json\/wp\/v2\/posts\/60211\/revisions"}],"wp:featuredmedia":[{"embeddable":true,"href":"https:\/\/www.africa-press.net\/cameroun\/wp-json\/wp\/v2\/media\/60210"}],"wp:attachment":[{"href":"https:\/\/www.africa-press.net\/cameroun\/wp-json\/wp\/v2\/media?parent=60211"}],"wp:term":[{"taxonomy":"category","embeddable":true,"href":"https:\/\/www.africa-press.net\/cameroun\/wp-json\/wp\/v2\/categories?post=60211"},{"taxonomy":"post_tag","embeddable":true,"href":"https:\/\/www.africa-press.net\/cameroun\/wp-json\/wp\/v2\/tags?post=60211"}],"curies":[{"name":"wp","href":"https:\/\/api.w.org\/{rel}","templated":true}]}}