{"id":60215,"date":"2024-01-11T20:59:36","date_gmt":"2024-01-11T20:59:36","guid":{"rendered":"https:\/\/www.africa-press.net\/cameroun\/politique\/affaire-martinez-des-gendarmes-et-des-medecins-convoques-au-tribunal-militaire"},"modified":"2024-01-11T21:16:27","modified_gmt":"2024-01-11T21:16:27","slug":"affaire-martinez-des-gendarmes-et-des-medecins-convoques-au-tribunal-militaire","status":"publish","type":"post","link":"https:\/\/www.africa-press.net\/cameroun\/politique\/affaire-martinez-des-gendarmes-et-des-medecins-convoques-au-tribunal-militaire","title":{"rendered":"Affaire Martinez: des Gendarmes et des Me\u0301decins Convoque\u0301s au Tribunal Militaire"},"content":{"rendered":"<p><span style=\"color: #ff6600\"><strong>Africa-Press &#8211; Cameroun. <\/strong><\/span>Les Camerounais doivent s&rsquo;attendre a\u0300 de nouvelles arrestations dans le cadre de l&rsquo;assassinat de Martinez Zogo, dans les prochains jours.<\/p>\n<p>Mais avant l&rsquo;ordonnance de ces arrestations, le juge d&rsquo;instruction du Tribunal militaire de Yaounde\u0301 a proce\u0301de\u0301 a\u0300 l&rsquo;auditions de nouvelles personnes importantes dans l&rsquo;affaire Martinez.<\/p>\n<p>Il s&rsquo;agit entre autres des gendarmes qui assuraient la protection de Martinez Zogo et qui ont curieusement disparu quelques jours avant son enle\u0300vement et des me\u0301decins le\u0301gistes qui ont re\u0301alise\u0301 l&rsquo;autopsie du cadavre de l&rsquo;ancien DG de la radio Amplitude FM.<\/p>\n<p>\u00ab\u00a0Les trois &lsquo;gardes de corps&rsquo; de Martinez Zogo ont e\u0301te\u0301 auditionne\u0301s au tribunal militaire. Les me\u0301decins le\u0301gistes ont e\u0301te\u0301 convoque\u0301s par le juge d\u2019instruction Nzie Pierrot\u00a0\u00bb, de\u0301voile le tre\u0300s informe\u0301 journaliste lanceur d&rsquo;alertes, Boris Bertolt.<\/p>\n<p>Jusqu&rsquo;aux dernie\u0300res heures qui ont pre\u0301ce\u0301de\u0301 son enle\u0300vement, Martinez Zogo avait avec lui un talkie walkie de l&rsquo;arme\u0301e camerounaise. Sur l&rsquo;une des dernie\u0300res photos qu&rsquo;il a prises, le DG de radio Amplitude FM portait sur lui, cet gadget de communication de l&rsquo;arme\u0301e et ne s&rsquo;en se\u0301parait pas.<\/p>\n<p>Aux derniers instants de sa vie, Martinez avait e\u0301galement un e\u0301trange document a e\u0301te\u0301 vu avec deux e\u0301tranges personnes dont les identite\u0301s ne sont pas connues. Des militaires? des policiers,&#8230;l&rsquo;on ne sait pas vraiment.<\/p>\n<p>Ce que l&rsquo;on se demande surtout, c&rsquo;est pourquoi Martinez Zogo avait en sa possession un mate\u0301riel de l&rsquo;arme\u0301e camerounaise, alors qu&rsquo;il est connu comme journaliste de profession? Sentait-il qu&rsquo;il e\u0301tait en danger? Qui lui a remis ces e\u0301quipements? Autant de questions auxquelles les Camerounais aimeraient avoir des re\u0301ponses.<\/p>\n<p>Ce que l&rsquo;on sait, c&rsquo;est que Martinez Zogo a e\u0301te\u0301 retrouve\u0301 le 22 janvier 2023, dans la pe\u0301riphe\u0301rie de Yaounde\u0301, cinq jours apre\u0300s son enle\u0300vement.<\/p>\n<p>Le calvaire de Martinez Zogo a eu lieu apre\u0300s qu\u2019il ait re\u0301ve\u0301le\u0301 plusieurs affaires de corruption impliquant les plus hautes sphe\u0300res de l\u2019E\u0301tat.<\/p>\n<p><strong>Pour plus d&rsquo;informations et d&rsquo;analyses sur la <a href=\"https:\/\/www.africa-press.net\/cameroun\">Cameroun<\/a>, suivez <a href=\"https:\/\/www.africa-press.net\/\">Africa-Press<\/a><\/strong><\/p>\n","protected":false},"excerpt":{"rendered":"<p>Africa-Press &#8211; Cameroun. Les Camerounais doivent s&rsquo;attendre a\u0300 de nouvelles arrestations dans le cadre de l&rsquo;assassinat de Martinez Zogo, dans les prochains jours. Mais avant l&rsquo;ordonnance de ces arrestations, le juge d&rsquo;instruction du Tribunal militaire de Yaounde\u0301 a proce\u0301de\u0301 a\u0300 l&rsquo;auditions de nouvelles personnes importantes dans l&rsquo;affaire Martinez. Il s&rsquo;agit entre autres des gendarmes qui [&hellip;]<\/p>\n","protected":false},"author":82,"featured_media":60214,"comment_status":"open","ping_status":"closed","sticky":false,"template":"","format":"standard","meta":{"footnotes":""},"categories":[2,10],"tags":[36,50,49],"class_list":["post-60215","post","type-post","status-publish","format-standard","has-post-thumbnail","hentry","category-politique","category-toutes-les-actualites","tag-africa-press","tag-africa-press-cameroun","tag-cameroun"],"yoast_head":"<!-- This site is optimized with the Yoast SEO Premium plugin v26.1 (Yoast SEO v27.0) - https:\/\/yoast.com\/product\/yoast-seo-premium-wordpress\/ -->\n<title>Affaire Martinez: des Gendarmes et des Me\u0301decins Convoque\u0301s au Tribunal Militaire - Cameroun<\/title>\n<meta name=\"description\" content=\"Les Camerounais doivent s&#039;attendre a\u0300 de nouvelles arrestations dans le cadre de l&#039;assassinat de Martinez Zogo, dans les ...\" \/>\n<meta name=\"robots\" content=\"index, follow, max-snippet:-1, max-image-preview:large, max-video-preview:-1\" \/>\n<link rel=\"canonical\" href=\"https:\/\/www.africa-press.net\/cameroun\/politique\/affaire-martinez-des-gendarmes-et-des-medecins-convoques-au-tribunal-militaire\" \/>\n<meta property=\"og:locale\" content=\"fr_FR\" \/>\n<meta property=\"og:type\" content=\"article\" \/>\n<meta property=\"og:title\" content=\"Affaire Martinez: des Gendarmes et des Me\u0301decins Convoque\u0301s au Tribunal Militaire\" \/>\n<meta property=\"og:description\" content=\"Les Camerounais doivent s&#039;attendre a\u0300 de nouvelles arrestations dans le cadre de l&#039;assassinat de Martinez Zogo, dans les ...\" \/>\n<meta property=\"og:url\" content=\"https:\/\/www.africa-press.net\/cameroun\/politique\/affaire-martinez-des-gendarmes-et-des-medecins-convoques-au-tribunal-militaire\" \/>\n<meta property=\"og:site_name\" content=\"Cameroun\" \/>\n<meta property=\"article:published_time\" content=\"2024-01-11T20:59:36+00:00\" \/>\n<meta property=\"article:modified_time\" content=\"2024-01-11T21:16:27+00:00\" \/>\n<meta property=\"og:image\" content=\"https:\/\/static.africa-press.net\/cameroun\/sites\/57\/2024\/01\/sm_1704995026.053699.jpg\" \/>\n\t<meta property=\"og:image:width\" content=\"720\" \/>\n\t<meta property=\"og:image:height\" content=\"378\" \/>\n\t<meta property=\"og:image:type\" content=\"image\/jpeg\" \/>\n<meta name=\"author\" content=\"cfeditorfr\" \/>\n<meta name=\"twitter:card\" content=\"summary_large_image\" \/>\n<meta name=\"twitter:label1\" content=\"\u00c9crit par\" \/>\n\t<meta name=\"twitter:data1\" content=\"cfeditorfr\" \/>\n\t<meta name=\"twitter:label2\" content=\"Dur\u00e9e de lecture estim\u00e9e\" \/>\n\t<meta name=\"twitter:data2\" content=\"2 minutes\" \/>\n<script type=\"application\/ld+json\" class=\"yoast-schema-graph\">{\"@context\":\"https:\/\/schema.org\",\"@graph\":[{\"@type\":\"Article\",\"@id\":\"https:\/\/www.africa-press.net\/cameroun\/politique\/affaire-martinez-des-gendarmes-et-des-medecins-convoques-au-tribunal-militaire#article\",\"isPartOf\":{\"@id\":\"https:\/\/www.africa-press.net\/cameroun\/politique\/affaire-martinez-des-gendarmes-et-des-medecins-convoques-au-tribunal-militaire\"},\"author\":{\"name\":\"cfeditorfr\",\"@id\":\"https:\/\/www.africa-press.net\/cameroun\/#\/schema\/person\/2b1cf3cd81a31e3cd26889ca66d677f1\"},\"headline\":\"Affaire Martinez: des Gendarmes et des Me\u0301decins Convoque\u0301s au Tribunal Militaire\",\"datePublished\":\"2024-01-11T20:59:36+00:00\",\"dateModified\":\"2024-01-11T21:16:27+00:00\",\"mainEntityOfPage\":{\"@id\":\"https:\/\/www.africa-press.net\/cameroun\/politique\/affaire-martinez-des-gendarmes-et-des-medecins-convoques-au-tribunal-militaire\"},\"wordCount\":393,\"commentCount\":0,\"image\":{\"@id\":\"https:\/\/www.africa-press.net\/cameroun\/politique\/affaire-martinez-des-gendarmes-et-des-medecins-convoques-au-tribunal-militaire#primaryimage\"},\"thumbnailUrl\":\"https:\/\/static.africa-press.net\/cameroun\/sites\/57\/2024\/01\/sm_1704995026.053699.jpg\",\"keywords\":[\"Africa Press\",\"Africa Press-Cameroun\",\"Cameroun\"],\"articleSection\":[\"Politique\",\"Toutes les actualit\u00e9s\"],\"inLanguage\":\"fr-FR\",\"potentialAction\":[{\"@type\":\"CommentAction\",\"name\":\"Comment\",\"target\":[\"https:\/\/www.africa-press.net\/cameroun\/politique\/affaire-martinez-des-gendarmes-et-des-medecins-convoques-au-tribunal-militaire#respond\"]}]},{\"@type\":\"WebPage\",\"@id\":\"https:\/\/www.africa-press.net\/cameroun\/politique\/affaire-martinez-des-gendarmes-et-des-medecins-convoques-au-tribunal-militaire\",\"url\":\"https:\/\/www.africa-press.net\/cameroun\/politique\/affaire-martinez-des-gendarmes-et-des-medecins-convoques-au-tribunal-militaire\",\"name\":\"Affaire Martinez: des Gendarmes et des Me\u0301decins Convoque\u0301s au Tribunal Militaire - Cameroun\",\"isPartOf\":{\"@id\":\"https:\/\/www.africa-press.net\/cameroun\/#website\"},\"primaryImageOfPage\":{\"@id\":\"https:\/\/www.africa-press.net\/cameroun\/politique\/affaire-martinez-des-gendarmes-et-des-medecins-convoques-au-tribunal-militaire#primaryimage\"},\"image\":{\"@id\":\"https:\/\/www.africa-press.net\/cameroun\/politique\/affaire-martinez-des-gendarmes-et-des-medecins-convoques-au-tribunal-militaire#primaryimage\"},\"thumbnailUrl\":\"https:\/\/static.africa-press.net\/cameroun\/sites\/57\/2024\/01\/sm_1704995026.053699.jpg\",\"datePublished\":\"2024-01-11T20:59:36+00:00\",\"dateModified\":\"2024-01-11T21:16:27+00:00\",\"author\":{\"@id\":\"https:\/\/www.africa-press.net\/cameroun\/#\/schema\/person\/2b1cf3cd81a31e3cd26889ca66d677f1\"},\"description\":\"Les Camerounais doivent s'attendre a\u0300 de nouvelles arrestations dans le cadre de l'assassinat de Martinez Zogo, dans les ...\",\"breadcrumb\":{\"@id\":\"https:\/\/www.africa-press.net\/cameroun\/politique\/affaire-martinez-des-gendarmes-et-des-medecins-convoques-au-tribunal-militaire#breadcrumb\"},\"inLanguage\":\"fr-FR\",\"potentialAction\":[{\"@type\":\"ReadAction\",\"target\":[\"https:\/\/www.africa-press.net\/cameroun\/politique\/affaire-martinez-des-gendarmes-et-des-medecins-convoques-au-tribunal-militaire\"]}]},{\"@type\":\"ImageObject\",\"inLanguage\":\"fr-FR\",\"@id\":\"https:\/\/www.africa-press.net\/cameroun\/politique\/affaire-martinez-des-gendarmes-et-des-medecins-convoques-au-tribunal-militaire#primaryimage\",\"url\":\"https:\/\/static.africa-press.net\/cameroun\/sites\/57\/2024\/01\/sm_1704995026.053699.jpg\",\"contentUrl\":\"https:\/\/static.africa-press.net\/cameroun\/sites\/57\/2024\/01\/sm_1704995026.053699.jpg\",\"width\":720,\"height\":378,\"caption\":\"Affaire Martinez: des Gendarmes et des Me\u0301decins Convoque\u0301s au Tribunal Militaire\"},{\"@type\":\"BreadcrumbList\",\"@id\":\"https:\/\/www.africa-press.net\/cameroun\/politique\/affaire-martinez-des-gendarmes-et-des-medecins-convoques-au-tribunal-militaire#breadcrumb\",\"itemListElement\":[{\"@type\":\"ListItem\",\"position\":1,\"name\":\"Accueil\",\"item\":\"https:\/\/www.africa-press.net\/cameroun\/\"},{\"@type\":\"ListItem\",\"position\":2,\"name\":\"Affaire Martinez: des Gendarmes et des Me\u0301decins Convoque\u0301s au Tribunal Militaire\"}]},{\"@type\":\"WebSite\",\"@id\":\"https:\/\/www.africa-press.net\/cameroun\/#website\",\"url\":\"https:\/\/www.africa-press.net\/cameroun\/\",\"name\":\"Cameroun\",\"description\":\"Just another Africa News Agency Sites site\",\"potentialAction\":[{\"@type\":\"SearchAction\",\"target\":{\"@type\":\"EntryPoint\",\"urlTemplate\":\"https:\/\/www.africa-press.net\/cameroun\/?s={search_term_string}\"},\"query-input\":{\"@type\":\"PropertyValueSpecification\",\"valueRequired\":true,\"valueName\":\"search_term_string\"}}],\"inLanguage\":\"fr-FR\"},{\"@type\":\"Person\",\"@id\":\"https:\/\/www.africa-press.net\/cameroun\/#\/schema\/person\/2b1cf3cd81a31e3cd26889ca66d677f1\",\"name\":\"cfeditorfr\"}]}<\/script>\n<!-- \/ Yoast SEO Premium plugin. -->","yoast_head_json":{"title":"Affaire Martinez: des Gendarmes et des Me\u0301decins Convoque\u0301s au Tribunal Militaire - Cameroun","description":"Les Camerounais doivent s'attendre a\u0300 de nouvelles arrestations dans le cadre de l'assassinat de Martinez Zogo, dans les ...","robots":{"index":"index","follow":"follow","max-snippet":"max-snippet:-1","max-image-preview":"max-image-preview:large","max-video-preview":"max-video-preview:-1"},"canonical":"https:\/\/www.africa-press.net\/cameroun\/politique\/affaire-martinez-des-gendarmes-et-des-medecins-convoques-au-tribunal-militaire","og_locale":"fr_FR","og_type":"article","og_title":"Affaire Martinez: des Gendarmes et des Me\u0301decins Convoque\u0301s au Tribunal Militaire","og_description":"Les Camerounais doivent s'attendre a\u0300 de nouvelles arrestations dans le cadre de l'assassinat de Martinez Zogo, dans les ...","og_url":"https:\/\/www.africa-press.net\/cameroun\/politique\/affaire-martinez-des-gendarmes-et-des-medecins-convoques-au-tribunal-militaire","og_site_name":"Cameroun","article_published_time":"2024-01-11T20:59:36+00:00","article_modified_time":"2024-01-11T21:16:27+00:00","og_image":[{"width":720,"height":378,"url":"https:\/\/static.africa-press.net\/cameroun\/sites\/57\/2024\/01\/sm_1704995026.053699.jpg","type":"image\/jpeg"}],"author":"cfeditorfr","twitter_card":"summary_large_image","twitter_misc":{"\u00c9crit par":"cfeditorfr","Dur\u00e9e de lecture estim\u00e9e":"2 minutes"},"schema":{"@context":"https:\/\/schema.org","@graph":[{"@type":"Article","@id":"https:\/\/www.africa-press.net\/cameroun\/politique\/affaire-martinez-des-gendarmes-et-des-medecins-convoques-au-tribunal-militaire#article","isPartOf":{"@id":"https:\/\/www.africa-press.net\/cameroun\/politique\/affaire-martinez-des-gendarmes-et-des-medecins-convoques-au-tribunal-militaire"},"author":{"name":"cfeditorfr","@id":"https:\/\/www.africa-press.net\/cameroun\/#\/schema\/person\/2b1cf3cd81a31e3cd26889ca66d677f1"},"headline":"Affaire Martinez: des Gendarmes et des Me\u0301decins Convoque\u0301s au Tribunal Militaire","datePublished":"2024-01-11T20:59:36+00:00","dateModified":"2024-01-11T21:16:27+00:00","mainEntityOfPage":{"@id":"https:\/\/www.africa-press.net\/cameroun\/politique\/affaire-martinez-des-gendarmes-et-des-medecins-convoques-au-tribunal-militaire"},"wordCount":393,"commentCount":0,"image":{"@id":"https:\/\/www.africa-press.net\/cameroun\/politique\/affaire-martinez-des-gendarmes-et-des-medecins-convoques-au-tribunal-militaire#primaryimage"},"thumbnailUrl":"https:\/\/static.africa-press.net\/cameroun\/sites\/57\/2024\/01\/sm_1704995026.053699.jpg","keywords":["Africa Press","Africa Press-Cameroun","Cameroun"],"articleSection":["Politique","Toutes les actualit\u00e9s"],"inLanguage":"fr-FR","potentialAction":[{"@type":"CommentAction","name":"Comment","target":["https:\/\/www.africa-press.net\/cameroun\/politique\/affaire-martinez-des-gendarmes-et-des-medecins-convoques-au-tribunal-militaire#respond"]}]},{"@type":"WebPage","@id":"https:\/\/www.africa-press.net\/cameroun\/politique\/affaire-martinez-des-gendarmes-et-des-medecins-convoques-au-tribunal-militaire","url":"https:\/\/www.africa-press.net\/cameroun\/politique\/affaire-martinez-des-gendarmes-et-des-medecins-convoques-au-tribunal-militaire","name":"Affaire Martinez: des Gendarmes et des Me\u0301decins Convoque\u0301s au Tribunal Militaire - Cameroun","isPartOf":{"@id":"https:\/\/www.africa-press.net\/cameroun\/#website"},"primaryImageOfPage":{"@id":"https:\/\/www.africa-press.net\/cameroun\/politique\/affaire-martinez-des-gendarmes-et-des-medecins-convoques-au-tribunal-militaire#primaryimage"},"image":{"@id":"https:\/\/www.africa-press.net\/cameroun\/politique\/affaire-martinez-des-gendarmes-et-des-medecins-convoques-au-tribunal-militaire#primaryimage"},"thumbnailUrl":"https:\/\/static.africa-press.net\/cameroun\/sites\/57\/2024\/01\/sm_1704995026.053699.jpg","datePublished":"2024-01-11T20:59:36+00:00","dateModified":"2024-01-11T21:16:27+00:00","author":{"@id":"https:\/\/www.africa-press.net\/cameroun\/#\/schema\/person\/2b1cf3cd81a31e3cd26889ca66d677f1"},"description":"Les Camerounais doivent s'attendre a\u0300 de nouvelles arrestations dans le cadre de l'assassinat de Martinez Zogo, dans les ...","breadcrumb":{"@id":"https:\/\/www.africa-press.net\/cameroun\/politique\/affaire-martinez-des-gendarmes-et-des-medecins-convoques-au-tribunal-militaire#breadcrumb"},"inLanguage":"fr-FR","potentialAction":[{"@type":"ReadAction","target":["https:\/\/www.africa-press.net\/cameroun\/politique\/affaire-martinez-des-gendarmes-et-des-medecins-convoques-au-tribunal-militaire"]}]},{"@type":"ImageObject","inLanguage":"fr-FR","@id":"https:\/\/www.africa-press.net\/cameroun\/politique\/affaire-martinez-des-gendarmes-et-des-medecins-convoques-au-tribunal-militaire#primaryimage","url":"https:\/\/static.africa-press.net\/cameroun\/sites\/57\/2024\/01\/sm_1704995026.053699.jpg","contentUrl":"https:\/\/static.africa-press.net\/cameroun\/sites\/57\/2024\/01\/sm_1704995026.053699.jpg","width":720,"height":378,"caption":"Affaire Martinez: des Gendarmes et des Me\u0301decins Convoque\u0301s au Tribunal Militaire"},{"@type":"BreadcrumbList","@id":"https:\/\/www.africa-press.net\/cameroun\/politique\/affaire-martinez-des-gendarmes-et-des-medecins-convoques-au-tribunal-militaire#breadcrumb","itemListElement":[{"@type":"ListItem","position":1,"name":"Accueil","item":"https:\/\/www.africa-press.net\/cameroun\/"},{"@type":"ListItem","position":2,"name":"Affaire Martinez: des Gendarmes et des Me\u0301decins Convoque\u0301s au Tribunal Militaire"}]},{"@type":"WebSite","@id":"https:\/\/www.africa-press.net\/cameroun\/#website","url":"https:\/\/www.africa-press.net\/cameroun\/","name":"Cameroun","description":"Just another Africa News Agency Sites site","potentialAction":[{"@type":"SearchAction","target":{"@type":"EntryPoint","urlTemplate":"https:\/\/www.africa-press.net\/cameroun\/?s={search_term_string}"},"query-input":{"@type":"PropertyValueSpecification","valueRequired":true,"valueName":"search_term_string"}}],"inLanguage":"fr-FR"},{"@type":"Person","@id":"https:\/\/www.africa-press.net\/cameroun\/#\/schema\/person\/2b1cf3cd81a31e3cd26889ca66d677f1","name":"cfeditorfr"}]}},"_links":{"self":[{"href":"https:\/\/www.africa-press.net\/cameroun\/wp-json\/wp\/v2\/posts\/60215","targetHints":{"allow":["GET"]}}],"collection":[{"href":"https:\/\/www.africa-press.net\/cameroun\/wp-json\/wp\/v2\/posts"}],"about":[{"href":"https:\/\/www.africa-press.net\/cameroun\/wp-json\/wp\/v2\/types\/post"}],"author":[{"embeddable":true,"href":"https:\/\/www.africa-press.net\/cameroun\/wp-json\/wp\/v2\/users\/82"}],"replies":[{"embeddable":true,"href":"https:\/\/www.africa-press.net\/cameroun\/wp-json\/wp\/v2\/comments?post=60215"}],"version-history":[{"count":0,"href":"https:\/\/www.africa-press.net\/cameroun\/wp-json\/wp\/v2\/posts\/60215\/revisions"}],"wp:featuredmedia":[{"embeddable":true,"href":"https:\/\/www.africa-press.net\/cameroun\/wp-json\/wp\/v2\/media\/60214"}],"wp:attachment":[{"href":"https:\/\/www.africa-press.net\/cameroun\/wp-json\/wp\/v2\/media?parent=60215"}],"wp:term":[{"taxonomy":"category","embeddable":true,"href":"https:\/\/www.africa-press.net\/cameroun\/wp-json\/wp\/v2\/categories?post=60215"},{"taxonomy":"post_tag","embeddable":true,"href":"https:\/\/www.africa-press.net\/cameroun\/wp-json\/wp\/v2\/tags?post=60215"}],"curies":[{"name":"wp","href":"https:\/\/api.w.org\/{rel}","templated":true}]}}